{"id":9829,"date":"2019-03-12T14:50:09","date_gmt":"2019-03-12T13:50:09","guid":{"rendered":"https:\/\/kerste.de\/?p=9829"},"modified":"2019-03-12T14:50:12","modified_gmt":"2019-03-12T13:50:12","slug":"hurtigrute-tag-7-wendepunkt-kirkenes","status":"publish","type":"post","link":"https:\/\/kerste.de\/?p=9829","title":{"rendered":"Hurtigrute Tag 7: Wendepunkt Kirkenes"},"content":{"rendered":"\n<div class=\"wp-block-image\"><figure class=\"alignright\"><a href=\"https:\/\/kerste.de\/?attachment_id=9788\"><img loading=\"lazy\" decoding=\"async\" width=\"300\" height=\"225\" src=\"https:\/\/kerste.de\/wp-content\/uploads\/2019\/03\/20190311-09h-04m-IMG_8723-300x225.jpg\" alt=\"\" class=\"wp-image-9788\" srcset=\"https:\/\/kerste.de\/wp-content\/uploads\/2019\/03\/20190311-09h-04m-IMG_8723-300x225.jpg 300w, https:\/\/kerste.de\/wp-content\/uploads\/2019\/03\/20190311-09h-04m-IMG_8723-768x576.jpg 768w, https:\/\/kerste.de\/wp-content\/uploads\/2019\/03\/20190311-09h-04m-IMG_8723.jpg 1024w\" sizes=\"auto, (max-width: 300px) 100vw, 300px\" \/><\/a><figcaption>First Eis vor Kirkenes<\/figcaption><\/figure><\/div>\n\n\n\n<p>Es ist soweit: Heute Nacht haben wir mit Vard\u00f8 den \u00f6stlichsten Punkt der Route passiert, und Vads\u00f8 kurz vor 7 Uhr habe ich ebenso verschlafen. Als wir Kurs auf Kirkenes nehmen, bin ich dann auch irgendwann wach. Drau\u00dfen: Traumhaftes Wetter, rund -10\u00b0 auf dem Schiff (in Kirkenes sind es dann nur noch ein paar Grad unter Null, mit sch\u00f6ner, trockener K\u00e4lte) und Eis auf dem Wasser. So kommt Arktis-Feeling auf!<\/p>\n\n\n\n<p>In Kirkenes staut sich sich dann erst einmal alles vor der T\u00fcr: Die Ausfl\u00fcgler wollen ebenso raus wie die Passagiere, die in Kirkenes aussteigen. Und vorher wird noch das Gep\u00e4ck an Land gebracht \u2013 gut, dass ich es nicht eilig habe.<\/p>\n\n\n\n<ul class=\"wp-block-gallery columns-3 is-cropped wp-block-gallery-1 is-layout-flex wp-block-gallery-is-layout-flex\"><li class=\"blocks-gallery-item\"><figure><a href=\"https:\/\/kerste.de\/?attachment_id=9789\"><img loading=\"lazy\" decoding=\"async\" width=\"1024\" height=\"683\" src=\"https:\/\/kerste.de\/wp-content\/uploads\/2019\/03\/20190311-09h-05m-DSC_3930-1024x683.jpg\" alt=\"\" data-id=\"9789\" data-link=\"https:\/\/kerste.de\/?attachment_id=9789\" class=\"wp-image-9789\" srcset=\"https:\/\/kerste.de\/wp-content\/uploads\/2019\/03\/20190311-09h-05m-DSC_3930.jpg 1024w, https:\/\/kerste.de\/wp-content\/uploads\/2019\/03\/20190311-09h-05m-DSC_3930-300x200.jpg 300w, https:\/\/kerste.de\/wp-content\/uploads\/2019\/03\/20190311-09h-05m-DSC_3930-768x512.jpg 768w\" sizes=\"auto, (max-width: 1024px) 100vw, 1024px\" \/><\/a><figcaption>Kirkenes<\/figcaption><\/figure><\/li><li class=\"blocks-gallery-item\"><figure><a href=\"https:\/\/kerste.de\/?attachment_id=9791\"><img loading=\"lazy\" decoding=\"async\" width=\"1024\" height=\"768\" src=\"https:\/\/kerste.de\/wp-content\/uploads\/2019\/03\/20190311-09h-09m-IMG_8726-1024x768.jpg\" alt=\"\" data-id=\"9791\" data-link=\"https:\/\/kerste.de\/?attachment_id=9791\" class=\"wp-image-9791\" srcset=\"https:\/\/kerste.de\/wp-content\/uploads\/2019\/03\/20190311-09h-09m-IMG_8726.jpg 1024w, https:\/\/kerste.de\/wp-content\/uploads\/2019\/03\/20190311-09h-09m-IMG_8726-300x225.jpg 300w, https:\/\/kerste.de\/wp-content\/uploads\/2019\/03\/20190311-09h-09m-IMG_8726-768x576.jpg 768w\" sizes=\"auto, (max-width: 1024px) 100vw, 1024px\" \/><\/a><figcaption>Kirkenes<\/figcaption><\/figure><\/li><li class=\"blocks-gallery-item\"><figure><a href=\"https:\/\/kerste.de\/?attachment_id=9792\"><img loading=\"lazy\" decoding=\"async\" width=\"1024\" height=\"683\" src=\"https:\/\/kerste.de\/wp-content\/uploads\/2019\/03\/20190311-09h-10m-DSC_3938-1024x683.jpg\" alt=\"\" data-id=\"9792\" data-link=\"https:\/\/kerste.de\/?attachment_id=9792\" class=\"wp-image-9792\" srcset=\"https:\/\/kerste.de\/wp-content\/uploads\/2019\/03\/20190311-09h-10m-DSC_3938.jpg 1024w, https:\/\/kerste.de\/wp-content\/uploads\/2019\/03\/20190311-09h-10m-DSC_3938-300x200.jpg 300w, https:\/\/kerste.de\/wp-content\/uploads\/2019\/03\/20190311-09h-10m-DSC_3938-768x512.jpg 768w\" sizes=\"auto, (max-width: 1024px) 100vw, 1024px\" \/><\/a><figcaption>Die Ausflugsbusse warten<\/figcaption><\/figure><\/li><li class=\"blocks-gallery-item\"><figure><a href=\"https:\/\/kerste.de\/?attachment_id=9793\"><img loading=\"lazy\" decoding=\"async\" width=\"1024\" height=\"768\" src=\"https:\/\/kerste.de\/wp-content\/uploads\/2019\/03\/20190311-09h-50m-IMG_8728-1024x768.jpg\" alt=\"\" data-id=\"9793\" data-link=\"https:\/\/kerste.de\/?attachment_id=9793\" class=\"wp-image-9793\" srcset=\"https:\/\/kerste.de\/wp-content\/uploads\/2019\/03\/20190311-09h-50m-IMG_8728.jpg 1024w, https:\/\/kerste.de\/wp-content\/uploads\/2019\/03\/20190311-09h-50m-IMG_8728-300x225.jpg 300w, https:\/\/kerste.de\/wp-content\/uploads\/2019\/03\/20190311-09h-50m-IMG_8728-768x576.jpg 768w\" sizes=\"auto, (max-width: 1024px) 100vw, 1024px\" \/><\/a><figcaption>Die Nordnorge in Kirkenes<\/figcaption><\/figure><\/li><\/ul>\n\n\n\n<p>F\u00fcr alle Ausfl\u00fcge, von der Husky-Tour \u00fcber Snowmobile bis hin zur Fahrt an die russische Grenze (zu der auch ein Besuch der Anders-Grotte und der unr\u00fchmlichen deutschen Geschichte hier vor Ort geh\u00f6rt) ist es bestes Wetter. Ich entscheide mich f\u00fcr einen Spaziergang in den Ort, aber diesmal &#8220;falsch rum&#8221;: Zuerst zu dem Aussichtspunkt (einer Kurve \u00fcber der Stadt), dann kurz in den Ort rein, statt wie gewohnt \u00fcber die Andersgrotta direkt nach Kirkenes.<\/p>\n\n\n\n<figure class=\"wp-block-image\"><a href=\"https:\/\/kerste.de\/?attachment_id=9795\"><img loading=\"lazy\" decoding=\"async\" width=\"1024\" height=\"685\" src=\"https:\/\/kerste.de\/wp-content\/uploads\/2019\/03\/20190311-10h-18m-P1510429-1024x685.jpg\" alt=\"\" class=\"wp-image-9795\" srcset=\"https:\/\/kerste.de\/wp-content\/uploads\/2019\/03\/20190311-10h-18m-P1510429.jpg 1024w, https:\/\/kerste.de\/wp-content\/uploads\/2019\/03\/20190311-10h-18m-P1510429-300x201.jpg 300w, https:\/\/kerste.de\/wp-content\/uploads\/2019\/03\/20190311-10h-18m-P1510429-768x514.jpg 768w\" sizes=\"auto, (max-width: 1024px) 100vw, 1024px\" \/><\/a><figcaption>Blick auf Kirkenes vom Aussichtspunkt<\/figcaption><\/figure>\n\n\n\n<div class=\"wp-block-image\"><figure class=\"alignright\"><a href=\"https:\/\/kerste.de\/?attachment_id=9801\"><img loading=\"lazy\" decoding=\"async\" width=\"300\" height=\"201\" src=\"https:\/\/kerste.de\/wp-content\/uploads\/2019\/03\/20190311-10h-47m-P1510454-300x201.jpg\" alt=\"\" class=\"wp-image-9801\" srcset=\"https:\/\/kerste.de\/wp-content\/uploads\/2019\/03\/20190311-10h-47m-P1510454-300x201.jpg 300w, https:\/\/kerste.de\/wp-content\/uploads\/2019\/03\/20190311-10h-47m-P1510454-768x514.jpg 768w, https:\/\/kerste.de\/wp-content\/uploads\/2019\/03\/20190311-10h-47m-P1510454.jpg 1024w\" sizes=\"auto, (max-width: 300px) 100vw, 300px\" \/><\/a><figcaption>Chinatown?<\/figcaption><\/figure><\/div>\n\n\n\n<p>In Kirkenes hat sich seit meinem letzten Besuch nicht viel ver\u00e4ndert, au\u00dfer dass mehr Schnee liegt. Die zweite Uhr an der Kirche ist immer noch kaputt, daf\u00fcr steht ein chinesisches Tor vor ihr. Vielleicht erh\u00e4lt Kirkenes nun eine veritable Chinatown?<\/p>\n\n\n\n<div class=\"wp-block-image\"><figure class=\"alignleft\"><a href=\"https:\/\/kerste.de\/?attachment_id=9799\"><img loading=\"lazy\" decoding=\"async\" width=\"300\" height=\"201\" src=\"https:\/\/kerste.de\/wp-content\/uploads\/2019\/03\/20190311-10h-43m-P1510448-300x201.jpg\" alt=\"\" class=\"wp-image-9799\" srcset=\"https:\/\/kerste.de\/wp-content\/uploads\/2019\/03\/20190311-10h-43m-P1510448-300x201.jpg 300w, https:\/\/kerste.de\/wp-content\/uploads\/2019\/03\/20190311-10h-43m-P1510448-768x514.jpg 768w, https:\/\/kerste.de\/wp-content\/uploads\/2019\/03\/20190311-10h-43m-P1510448.jpg 1024w\" sizes=\"auto, (max-width: 300px) 100vw, 300px\" \/><\/a><figcaption>Schneeschippen f\u00fcr Profis<\/figcaption><\/figure><\/div>\n\n\n\n<p>Wie die meisten St\u00e4dte in der Finnmark profitiert auch Kirkenes davon, wenn Schnee liegt (zumindest rein optisch) \u2013 gerade bei so reinem Schnee und blauem Himmel wie heute. Den gro\u00dfen Baggern beim Schneer\u00e4umen zuschauen ist zumindest f\u00fcr Touristen reizvoll. Ansonsten halten sich die Sehensw\u00fcrdigkeiten in Grenzen. Einige Statuen und viele Holzh\u00e4user, die beim letzten kurzen Boom der Eisenerzmine renoviert wurden \u2013 es ist eine Stadt, die von Werft, Fischerei und gelegentlich Erzabbau lebt.<\/p>\n\n\n\n<ul class=\"wp-block-gallery columns-3 is-cropped wp-block-gallery-2 is-layout-flex wp-block-gallery-is-layout-flex\"><li class=\"blocks-gallery-item\"><figure><img loading=\"lazy\" decoding=\"async\" width=\"1024\" height=\"685\" src=\"https:\/\/kerste.de\/wp-content\/uploads\/2019\/03\/20190311-10h-06m-P1510420-1024x685.jpg\" alt=\"\" data-id=\"9794\" data-link=\"https:\/\/kerste.de\/?attachment_id=9794\" class=\"wp-image-9794\" srcset=\"https:\/\/kerste.de\/wp-content\/uploads\/2019\/03\/20190311-10h-06m-P1510420.jpg 1024w, https:\/\/kerste.de\/wp-content\/uploads\/2019\/03\/20190311-10h-06m-P1510420-300x201.jpg 300w, https:\/\/kerste.de\/wp-content\/uploads\/2019\/03\/20190311-10h-06m-P1510420-768x514.jpg 768w\" sizes=\"auto, (max-width: 1024px) 100vw, 1024px\" \/><figcaption>Schneer\u00e4umen f\u00fcr Profis<\/figcaption><\/figure><\/li><li class=\"blocks-gallery-item\"><figure><img loading=\"lazy\" decoding=\"async\" width=\"1024\" height=\"685\" src=\"https:\/\/kerste.de\/wp-content\/uploads\/2019\/03\/20190311-10h-44m-P1510450-1024x685.jpg\" alt=\"\" data-id=\"9800\" data-link=\"https:\/\/kerste.de\/?attachment_id=9800\" class=\"wp-image-9800\" srcset=\"https:\/\/kerste.de\/wp-content\/uploads\/2019\/03\/20190311-10h-44m-P1510450.jpg 1024w, https:\/\/kerste.de\/wp-content\/uploads\/2019\/03\/20190311-10h-44m-P1510450-300x201.jpg 300w, https:\/\/kerste.de\/wp-content\/uploads\/2019\/03\/20190311-10h-44m-P1510450-768x514.jpg 768w\" sizes=\"auto, (max-width: 1024px) 100vw, 1024px\" \/><figcaption>Kriegsdenkmal<\/figcaption><\/figure><\/li><li class=\"blocks-gallery-item\"><figure><img loading=\"lazy\" decoding=\"async\" width=\"1024\" height=\"685\" src=\"https:\/\/kerste.de\/wp-content\/uploads\/2019\/03\/20190311-11h-33m-P1510499-1024x685.jpg\" alt=\"\" data-id=\"9810\" data-link=\"https:\/\/kerste.de\/?attachment_id=9810\" class=\"wp-image-9810\" srcset=\"https:\/\/kerste.de\/wp-content\/uploads\/2019\/03\/20190311-11h-33m-P1510499.jpg 1024w, https:\/\/kerste.de\/wp-content\/uploads\/2019\/03\/20190311-11h-33m-P1510499-300x201.jpg 300w, https:\/\/kerste.de\/wp-content\/uploads\/2019\/03\/20190311-11h-33m-P1510499-768x514.jpg 768w\" sizes=\"auto, (max-width: 1024px) 100vw, 1024px\" \/><figcaption>Allzeit mobil<\/figcaption><\/figure><\/li><li class=\"blocks-gallery-item\"><figure><img loading=\"lazy\" decoding=\"async\" width=\"1024\" height=\"685\" src=\"https:\/\/kerste.de\/wp-content\/uploads\/2019\/03\/20190311-11h-30m-P1510494-1024x685.jpg\" alt=\"\" data-id=\"9809\" data-link=\"https:\/\/kerste.de\/?attachment_id=9809\" class=\"wp-image-9809\" srcset=\"https:\/\/kerste.de\/wp-content\/uploads\/2019\/03\/20190311-11h-30m-P1510494.jpg 1024w, https:\/\/kerste.de\/wp-content\/uploads\/2019\/03\/20190311-11h-30m-P1510494-300x201.jpg 300w, https:\/\/kerste.de\/wp-content\/uploads\/2019\/03\/20190311-11h-30m-P1510494-768x514.jpg 768w\" sizes=\"auto, (max-width: 1024px) 100vw, 1024px\" \/><figcaption>Krabbenk\u00e4fige<\/figcaption><\/figure><\/li><\/ul>\n\n\n\n<p>Auf dem Weg zum Hafen komme ich wieder an den meterhohen Krabbenk\u00e4figen vorbei, mit denen versucht wird, die K\u00f6nigskrabbenpopulation einzud\u00e4mmen \u2013 sie sind von Russland eingewandert (wo sie ausgesetzt wurden) und machen sich nun im Nordmeer breit. <\/p>\n\n\n\n<div class=\"wp-block-image\"><figure class=\"alignright\"><a href=\"https:\/\/kerste.de\/wp-content\/uploads\/2019\/03\/20190311-11h-10m-P1510471.jpg\"><img loading=\"lazy\" decoding=\"async\" width=\"300\" height=\"201\" src=\"https:\/\/kerste.de\/wp-content\/uploads\/2019\/03\/20190311-11h-10m-P1510471-300x201.jpg\" alt=\"\" class=\"wp-image-9804\" srcset=\"https:\/\/kerste.de\/wp-content\/uploads\/2019\/03\/20190311-11h-10m-P1510471-300x201.jpg 300w, https:\/\/kerste.de\/wp-content\/uploads\/2019\/03\/20190311-11h-10m-P1510471-768x514.jpg 768w, https:\/\/kerste.de\/wp-content\/uploads\/2019\/03\/20190311-11h-10m-P1510471.jpg 1024w\" sizes=\"auto, (max-width: 300px) 100vw, 300px\" \/><\/a><figcaption>Eisbrecherchen<\/figcaption><\/figure><\/div>\n\n\n\n<p>Im Hafen dreht ein kleiner Eisbrecher seine Runden, damit das Eis nicht zu dick wird: Immer wieder kommt das kleine orange-wei\u00dfe Eisbrecherchen vorbei, der Wellengang sorgt daf\u00fcr, dass sich keine geschlossene Eisdecke bildet. Auch ein netter Job, so kommen die gro\u00dfen Schiffe gut aus dem Hafen raus. Kirkenes liegt ja ein gutes St\u00fcck s\u00fcdlich des Golfstroms und ist vor dem warmen Wasser gesch\u00fctzt. <\/p>\n\n\n\n<p>Wir verlassen Kirkenes kurz nach halb eins mit Kurs nach Norden und sind jetzt die s\u00fcdgehende Hurtigrute. Das Wetter ist perfekt und die See glatt, sodass die \u00dcberfahrt nach Vard\u00f8 ereignislos verl\u00e4uft. Wir gehen Mittagessen und bieten dann vor dem Restaurant die Reiseleitersprechstunde an, bis ich um 15 Uhr meinen Vortrag \u00fcber Sternbilder und ihre Sagen halte. Irgendwann kriege ich das Buch dazu auch noch fertig&#8230; <\/p>\n\n\n\n<p>Normalerweise halte ich den Vortrag erst nach Vads\u00f8 um 17 Uhr, aber diesmal kollidiert das mit Norwegen Land &amp; Leute und den Vortr\u00e4gen anderer Reisegruppen (s\u00fcdgehend sind immer noch \u00fcber 300 Passagiere an Bord), daher gebe ich mir mit Bj\u00f6rn vom Expeditionsteam die Klinke in die Hand: Bis 15 Uhr belegt er den Vortragsraum mit der deutschsprachigen Einf\u00fchrungsveranstaltung f\u00fcr neue Passagiere, dann st\u00f6psle ich meinen Laptop ein, komplimentiere die Nicht-Gruppen-Mitglieder hinaus und mache meinen Streifzug durch die letzten Jahrtausende. <\/p>\n\n\n\n<div class=\"wp-block-image\"><figure class=\"alignright\"><a href=\"https:\/\/kerste.de\/?attachment_id=9812\"><img loading=\"lazy\" decoding=\"async\" width=\"300\" height=\"201\" src=\"https:\/\/kerste.de\/wp-content\/uploads\/2019\/03\/20190311-15h-57m-P1510503-300x201.jpg\" alt=\"\" class=\"wp-image-9812\" srcset=\"https:\/\/kerste.de\/wp-content\/uploads\/2019\/03\/20190311-15h-57m-P1510503-300x201.jpg 300w, https:\/\/kerste.de\/wp-content\/uploads\/2019\/03\/20190311-15h-57m-P1510503-768x514.jpg 768w, https:\/\/kerste.de\/wp-content\/uploads\/2019\/03\/20190311-15h-57m-P1510503.jpg 1024w\" sizes=\"auto, (max-width: 300px) 100vw, 300px\" \/><\/a><figcaption>Vard\u00f8 \u2013 wechselhaft<\/figcaption><\/figure><\/div>\n\n\n\n<p>Um 15:45 bin ich planm\u00e4\u00dfig fertig, dann sollte die Nordnorge auch in Vard\u00f8 anlegen. Angesagt wurde es sogar, aber selbst das \u00fcbliche 16 Uhr wird knapp. Damit bleibt genug Zeit f\u00fcr einen Blick an Deck: Die Barentssee bietet dunkle Wolken und blauen Himmel. Hm&#8230;<\/p>\n\n\n\n<div class=\"wp-block-image\"><figure class=\"alignleft\"><a href=\"https:\/\/kerste.de\/?attachment_id=9815\"><img loading=\"lazy\" decoding=\"async\" width=\"300\" height=\"201\" src=\"https:\/\/kerste.de\/wp-content\/uploads\/2019\/03\/20190311-16h-06m-P1510534-300x201.jpg\" alt=\"\" class=\"wp-image-9815\" srcset=\"https:\/\/kerste.de\/wp-content\/uploads\/2019\/03\/20190311-16h-06m-P1510534-300x201.jpg 300w, https:\/\/kerste.de\/wp-content\/uploads\/2019\/03\/20190311-16h-06m-P1510534-768x514.jpg 768w, https:\/\/kerste.de\/wp-content\/uploads\/2019\/03\/20190311-16h-06m-P1510534.jpg 1024w\" sizes=\"auto, (max-width: 300px) 100vw, 300px\" \/><\/a><figcaption>Vard\u00f8 im Schneesturm<\/figcaption><\/figure><\/div>\n\n\n\n<p>Ein paar Minuten sp\u00e4ter hat Vard\u00f8 sich dann f\u00fcr &#8220;Schneesturm&#8221; entschieden: Vom Hafen ist nicht viel zu sehen, und ich \u00fcberlege, ob es sich \u00fcberhaupt lohnt, zur Festung r\u00fcberzugehen. Das Hexendenkmal habe ich aufgegeben \u2013 erst um 16:15 \u00f6ffnet sich die Gangway, und wir k\u00f6nnen das Schiff verlassen. Die meisten schauen beim Eismeerbaden zu, ein paar Mutige sprinten kurz zur Festung Vard\u00f8hus und schie\u00dfen ein paar Fotos. Vor der Festung wird der Schnee gerade in Rechtecke aufgeteilt&#8230; Ich habe irgendwas im Hinterkopf, dass Vard\u00f8 Schauplatz von einem Schneeballschlacht-Festival w\u00e4re. Was meint Google zu dem Thema? <br>Es gibt die Seite <a rel=\"noreferrer noopener\" href=\"https:\/\/www.visitvardo.com\/calendar\" target=\"_blank\">VisitVardo.com<\/a>, die zuerst einmal empfiehlt: <em>&#8220;Experiencing a true Arctic storm should be on everyone&#8217;s &#8220;bucket list&#8221;.&#8221;<\/em> Okay, aber daf\u00fcr braucht man keinen Turnierplatz. Es ist wohl entweder &#8220;Yukigassen &#8211; the European championship in snowball fighting&#8221; oder eher die &#8220;Fortress Games&#8221;<\/p>\n\n\n\n<ul class=\"wp-block-gallery columns-3 is-cropped wp-block-gallery-3 is-layout-flex wp-block-gallery-is-layout-flex\"><li class=\"blocks-gallery-item\"><figure><a href=\"https:\/\/kerste.de\/?attachment_id=9816\"><img loading=\"lazy\" decoding=\"async\" width=\"1024\" height=\"685\" src=\"https:\/\/kerste.de\/wp-content\/uploads\/2019\/03\/20190311-16h-19m-P1510536-1024x685.jpg\" alt=\"\" data-id=\"9816\" data-link=\"https:\/\/kerste.de\/?attachment_id=9816\" class=\"wp-image-9816\" srcset=\"https:\/\/kerste.de\/wp-content\/uploads\/2019\/03\/20190311-16h-19m-P1510536.jpg 1024w, https:\/\/kerste.de\/wp-content\/uploads\/2019\/03\/20190311-16h-19m-P1510536-300x201.jpg 300w, https:\/\/kerste.de\/wp-content\/uploads\/2019\/03\/20190311-16h-19m-P1510536-768x514.jpg 768w\" sizes=\"auto, (max-width: 1024px) 100vw, 1024px\" \/><\/a><figcaption>Festung Vard\u00f8hus<\/figcaption><\/figure><\/li><li class=\"blocks-gallery-item\"><figure><a href=\"https:\/\/kerste.de\/?attachment_id=9818\"><img loading=\"lazy\" decoding=\"async\" width=\"1024\" height=\"685\" src=\"https:\/\/kerste.de\/wp-content\/uploads\/2019\/03\/20190311-16h-24m-P1510551-1024x685.jpg\" alt=\"\" data-id=\"9818\" data-link=\"https:\/\/kerste.de\/?attachment_id=9818\" class=\"wp-image-9818\" srcset=\"https:\/\/kerste.de\/wp-content\/uploads\/2019\/03\/20190311-16h-24m-P1510551.jpg 1024w, https:\/\/kerste.de\/wp-content\/uploads\/2019\/03\/20190311-16h-24m-P1510551-300x201.jpg 300w, https:\/\/kerste.de\/wp-content\/uploads\/2019\/03\/20190311-16h-24m-P1510551-768x514.jpg 768w\" sizes=\"auto, (max-width: 1024px) 100vw, 1024px\" \/><\/a><figcaption>Festung Vard\u00f8hus<\/figcaption><\/figure><\/li><li class=\"blocks-gallery-item\"><figure><a href=\"https:\/\/kerste.de\/?attachment_id=9821\"><img loading=\"lazy\" decoding=\"async\" width=\"1024\" height=\"685\" src=\"https:\/\/kerste.de\/wp-content\/uploads\/2019\/03\/20190311-16h-28m-P1510567-1024x685.jpg\" alt=\"\" data-id=\"9821\" data-link=\"https:\/\/kerste.de\/?attachment_id=9821\" class=\"wp-image-9821\" srcset=\"https:\/\/kerste.de\/wp-content\/uploads\/2019\/03\/20190311-16h-28m-P1510567.jpg 1024w, https:\/\/kerste.de\/wp-content\/uploads\/2019\/03\/20190311-16h-28m-P1510567-300x201.jpg 300w, https:\/\/kerste.de\/wp-content\/uploads\/2019\/03\/20190311-16h-28m-P1510567-768x514.jpg 768w\" sizes=\"auto, (max-width: 1024px) 100vw, 1024px\" \/><\/a><figcaption>Festung Vard\u00f8hus<\/figcaption><\/figure><\/li><li class=\"blocks-gallery-item\"><figure><a href=\"https:\/\/kerste.de\/?attachment_id=9820\"><img loading=\"lazy\" decoding=\"async\" width=\"1024\" height=\"685\" src=\"https:\/\/kerste.de\/wp-content\/uploads\/2019\/03\/20190311-16h-28m-P1510565-1024x685.jpg\" alt=\"\" data-id=\"9820\" data-link=\"https:\/\/kerste.de\/?attachment_id=9820\" class=\"wp-image-9820\" srcset=\"https:\/\/kerste.de\/wp-content\/uploads\/2019\/03\/20190311-16h-28m-P1510565.jpg 1024w, https:\/\/kerste.de\/wp-content\/uploads\/2019\/03\/20190311-16h-28m-P1510565-300x201.jpg 300w, https:\/\/kerste.de\/wp-content\/uploads\/2019\/03\/20190311-16h-28m-P1510565-768x514.jpg 768w\" sizes=\"auto, (max-width: 1024px) 100vw, 1024px\" \/><\/a><figcaption>Festvorbereitungen<\/figcaption><\/figure><\/li><\/ul>\n\n\n\n<div class=\"wp-block-image\"><figure class=\"alignright\"><a href=\"https:\/\/kerste.de\/?attachment_id=9826\"><img loading=\"lazy\" decoding=\"async\" width=\"300\" height=\"200\" src=\"https:\/\/kerste.de\/wp-content\/uploads\/2019\/03\/20190311-16h-41m-DSC_3973-300x200.jpg\" alt=\"\" class=\"wp-image-9826\" srcset=\"https:\/\/kerste.de\/wp-content\/uploads\/2019\/03\/20190311-16h-41m-DSC_3973-300x200.jpg 300w, https:\/\/kerste.de\/wp-content\/uploads\/2019\/03\/20190311-16h-41m-DSC_3973-768x512.jpg 768w, https:\/\/kerste.de\/wp-content\/uploads\/2019\/03\/20190311-16h-41m-DSC_3973.jpg 1024w\" sizes=\"auto, (max-width: 300px) 100vw, 300px\" \/><\/a><figcaption>Vard\u00f8<\/figcaption><\/figure><\/div>\n\n\n\n<p>Es bleibt bei einer halben Stunde leider kaum Zeit f\u00fcr Vard\u00f8hus, aber immerhin ist der Schneesturm vorbei, sodass ein paar Bilder m\u00f6glich waren. Als ich zum Schiff zur\u00fcckspurte, kommen die Teilnehmer des Eismeerbadens auch schon zur\u00fcck. Von Deck 7 aus kann ich noch ein paar Bilder der Stadt schie\u00dfen. Die zahlreichen Grafitti sind weniger geworden: Vor ein paar Jahren gab es einen Wettbewerb, bei dem abbruchreife H\u00e4user mit Grafitti verziert wurden, die zum Teil sehr gut aussahen, so langsam verschwinden die H\u00e4user wohl Daf\u00fcr stehen noch ein paar Ruinen ohne Schmuck am Hafen.<\/p>\n\n\n\n<div class=\"wp-block-image\"><figure class=\"alignleft\"><a href=\"https:\/\/kerste.de\/?attachment_id=9825\"><img loading=\"lazy\" decoding=\"async\" width=\"300\" height=\"200\" src=\"https:\/\/kerste.de\/wp-content\/uploads\/2019\/03\/20190311-16h-41m-DSC_3972-300x200.jpg\" alt=\"\" class=\"wp-image-9825\" srcset=\"https:\/\/kerste.de\/wp-content\/uploads\/2019\/03\/20190311-16h-41m-DSC_3972-300x200.jpg 300w, https:\/\/kerste.de\/wp-content\/uploads\/2019\/03\/20190311-16h-41m-DSC_3972-768x512.jpg 768w, https:\/\/kerste.de\/wp-content\/uploads\/2019\/03\/20190311-16h-41m-DSC_3972.jpg 1024w\" sizes=\"auto, (max-width: 300px) 100vw, 300px\" \/><\/a><figcaption>Links Eismeerbaden, rechts Schiffs-Whirlpool<\/figcaption><\/figure><\/div>\n\n\n\n<p>Vom Heck aus bietet sich noch ein Blick auf zwei Schwimmbecken: Einerseits der Whirlpool vom Schiff, andererseits das Becken im Hafen f\u00fcr das Eismeerbaden. Ich wei\u00df, was mir da verlockender erscheint&#8230;<\/p>\n\n\n\n<p>Anschlie\u00dfend geht es auf die Barentssee, und unser gutes Wetter scheint erstmal vorbei zu sein: Bei (laut windy.com) drei Meter hohen Wellen ist doch gut Bewegung im Schiff, das Restaurant ist weniger gut besucht als bislang. <\/p>\n\n\n\n<div class=\"wp-block-image\"><figure class=\"alignleft\"><img loading=\"lazy\" decoding=\"async\" width=\"300\" height=\"201\" src=\"https:\/\/kerste.de\/wp-content\/uploads\/2019\/03\/20190311-20h-08m-P1520004-300x201.jpg\" alt=\"\" class=\"wp-image-9835\" srcset=\"https:\/\/kerste.de\/wp-content\/uploads\/2019\/03\/20190311-20h-08m-P1520004-300x201.jpg 300w, https:\/\/kerste.de\/wp-content\/uploads\/2019\/03\/20190311-20h-08m-P1520004-768x514.jpg 768w, https:\/\/kerste.de\/wp-content\/uploads\/2019\/03\/20190311-20h-08m-P1520004.jpg 1024w\" sizes=\"auto, (max-width: 300px) 100vw, 300px\" \/><figcaption>B\u00e5tsfjord<\/figcaption><\/figure><\/div>\n\n\n\n<p>B\u00e5tsfjord (angeblich 39% Bew\u00f6lkung) erreichen wir mit etwas Versp\u00e4tung und in einem Schneeschauer, aber immer wieder blitzt der Mond durch. Haben wir vielleicht sp\u00e4ter Gl\u00fcck? <\/p>\n\n\n\n<p>Vorerst sieht es nicht so aus, auch wenn bei der Abfahrt aus B\u00e5tsfjord ein Hauch von Gr\u00fcn auf der Kamera zu sehen ist. Abwarten \u2013 alle Prognosen sind gerade pessimistisch, die Polung des Magnetfelds stimmt einfach nicht.<\/p>\n\n\n\n<figure class=\"wp-block-image\"><a href=\"https:\/\/kerste.de\/?attachment_id=9836\"><img loading=\"lazy\" decoding=\"async\" width=\"1024\" height=\"683\" src=\"https:\/\/kerste.de\/wp-content\/uploads\/2019\/03\/20190311-20h-43m-DSC_3988-1024x683.jpg\" alt=\"\" class=\"wp-image-9836\" srcset=\"https:\/\/kerste.de\/wp-content\/uploads\/2019\/03\/20190311-20h-43m-DSC_3988.jpg 1024w, https:\/\/kerste.de\/wp-content\/uploads\/2019\/03\/20190311-20h-43m-DSC_3988-300x200.jpg 300w, https:\/\/kerste.de\/wp-content\/uploads\/2019\/03\/20190311-20h-43m-DSC_3988-768x512.jpg 768w\" sizes=\"auto, (max-width: 1024px) 100vw, 1024px\" \/><\/a><figcaption>Abfahrt aus B\u00e5tsfjord mit einem Hauch von Gr\u00fcn (rechts)<\/figcaption><\/figure>\n\n\n\n<p>Das Geschaukel sorgt daf\u00fcr, dass es im Schiff ruhiger wird, den Rest erledigen die Musiker, die mitreisen und im Multe auf Deck 7 mit Geige und Harfe aufspielen. Hans und ich h\u00f6ren uns das einige Zeit an, bevor wir die Flucht ergreifen. Ich suche Ruhe und Frieden im Panoramasalon, wo die Bewegung des Schiffs deutlicher wird. Nicht jeder vertr\u00e4gt das gut&#8230; wir haben Gegenwind, sodass auch relativ geringer Seegang sich gut bemerkbar macht.<\/p>\n\n\n\n<div class=\"wp-block-image\"><figure class=\"alignleft\"><a href=\"https:\/\/kerste.de\/?attachment_id=9837\"><img loading=\"lazy\" decoding=\"async\" width=\"300\" height=\"200\" src=\"https:\/\/kerste.de\/wp-content\/uploads\/2019\/03\/20190311-22h-37m-DSC_4007-300x200.jpg\" alt=\"\" class=\"wp-image-9837\" srcset=\"https:\/\/kerste.de\/wp-content\/uploads\/2019\/03\/20190311-22h-37m-DSC_4007-300x200.jpg 300w, https:\/\/kerste.de\/wp-content\/uploads\/2019\/03\/20190311-22h-37m-DSC_4007-768x512.jpg 768w, https:\/\/kerste.de\/wp-content\/uploads\/2019\/03\/20190311-22h-37m-DSC_4007.jpg 1024w\" sizes=\"auto, (max-width: 300px) 100vw, 300px\" \/><\/a><figcaption>Berlev\u00e5g<\/figcaption><\/figure><\/div>\n\n\n\n<p>In Berlev\u00e5g, das wir ebenfalls mit einiger Versp\u00e4tung erreichen, sieht es schlecht aus. Daf\u00fcr kann man dem Gabelstapler zuschauen, Fracht wird gel\u00f6scht und aufgenommen. Mehr als ein Hauch von Polarlicht ist nicht zu erahnen.<\/p>\n\n\n\n<p>Feierabend? So ziemlich. Ein bisschen Polarlichtbogen ist zu sehen, aber sobald wir aus dem sch\u00fctzenden Fjord raus sind, nimmt das Geschaukel wieder zu, und ich mache Feierabend.<\/p>\n\n\n\n<div class=\"wp-block-image\"><figure class=\"alignright\"><a href=\"https:\/\/kerste.de\/?attachment_id=9842\"><img loading=\"lazy\" decoding=\"async\" width=\"225\" height=\"300\" src=\"https:\/\/kerste.de\/wp-content\/uploads\/2019\/03\/20190311-22h-15m-IMG_8754-225x300.jpg\" alt=\"\" class=\"wp-image-9842\" srcset=\"https:\/\/kerste.de\/wp-content\/uploads\/2019\/03\/20190311-22h-15m-IMG_8754-225x300.jpg 225w, https:\/\/kerste.de\/wp-content\/uploads\/2019\/03\/20190311-22h-15m-IMG_8754.jpg 768w\" sizes=\"auto, (max-width: 225px) 100vw, 225px\" \/><\/a><figcaption>Sturmsicherung<\/figcaption><\/figure><\/div>\n\n\n\n<p>Dann kommt kurz nach 23 Uhr die Durchsage, dass wir am Bug etwas Nordlicht haben&#8230; Also Kamera packen und ab an den Bug \u2013 gute G\u00fcte. Bei dem Seegang h\u00e4tte ich keine Durchsage gemacht, das ist schon sportlich. Die einzige T\u00fcre auf Deck 5, bei der die automatische \u00d6ffnung noch funktioniert, ist auch gesperrt, die anderen sind noch offen. Das Polarlicht ist nett, aber noch nicht die ganz gro\u00dfe Show. Dazu kommen immer wieder Wolken, Wolken, Wolken&#8230; Nach einer Viertelstunde und einem kurzen Zeitraffer gebe ich auf, gehe ins Warme, Bilder kopieren, und bis Mitternacht immer wieder mal rausschauen. Bleibt wohl so.<\/p>\n\n\n\n<ul class=\"wp-block-gallery columns-3 is-cropped wp-block-gallery-4 is-layout-flex wp-block-gallery-is-layout-flex\"><li class=\"blocks-gallery-item\"><figure><img loading=\"lazy\" decoding=\"async\" width=\"1024\" height=\"683\" src=\"https:\/\/kerste.de\/wp-content\/uploads\/2019\/03\/20190311-23h-21m-DSC_4014-1024x683.jpg\" alt=\"\" data-id=\"9843\" data-link=\"https:\/\/kerste.de\/?attachment_id=9843\" class=\"wp-image-9843\" srcset=\"https:\/\/kerste.de\/wp-content\/uploads\/2019\/03\/20190311-23h-21m-DSC_4014.jpg 1024w, https:\/\/kerste.de\/wp-content\/uploads\/2019\/03\/20190311-23h-21m-DSC_4014-300x200.jpg 300w, https:\/\/kerste.de\/wp-content\/uploads\/2019\/03\/20190311-23h-21m-DSC_4014-768x512.jpg 768w\" sizes=\"auto, (max-width: 1024px) 100vw, 1024px\" \/><\/figure><\/li><li class=\"blocks-gallery-item\"><figure><img loading=\"lazy\" decoding=\"async\" width=\"1024\" height=\"683\" src=\"https:\/\/kerste.de\/wp-content\/uploads\/2019\/03\/20190311-23h-22m-DSC_4034-1024x683.jpg\" alt=\"\" data-id=\"9845\" data-link=\"https:\/\/kerste.de\/?attachment_id=9845\" class=\"wp-image-9845\" srcset=\"https:\/\/kerste.de\/wp-content\/uploads\/2019\/03\/20190311-23h-22m-DSC_4034.jpg 1024w, https:\/\/kerste.de\/wp-content\/uploads\/2019\/03\/20190311-23h-22m-DSC_4034-300x200.jpg 300w, https:\/\/kerste.de\/wp-content\/uploads\/2019\/03\/20190311-23h-22m-DSC_4034-768x512.jpg 768w\" sizes=\"auto, (max-width: 1024px) 100vw, 1024px\" \/><\/figure><\/li><li class=\"blocks-gallery-item\"><figure><img loading=\"lazy\" decoding=\"async\" width=\"1024\" height=\"683\" src=\"https:\/\/kerste.de\/wp-content\/uploads\/2019\/03\/20190311-23h-24m-DSC_4055-1024x683.jpg\" alt=\"\" data-id=\"9846\" data-link=\"https:\/\/kerste.de\/?attachment_id=9846\" class=\"wp-image-9846\" srcset=\"https:\/\/kerste.de\/wp-content\/uploads\/2019\/03\/20190311-23h-24m-DSC_4055.jpg 1024w, https:\/\/kerste.de\/wp-content\/uploads\/2019\/03\/20190311-23h-24m-DSC_4055-300x200.jpg 300w, https:\/\/kerste.de\/wp-content\/uploads\/2019\/03\/20190311-23h-24m-DSC_4055-768x512.jpg 768w\" sizes=\"auto, (max-width: 1024px) 100vw, 1024px\" \/><\/figure><\/li><li class=\"blocks-gallery-item\"><figure><img loading=\"lazy\" decoding=\"async\" width=\"1024\" height=\"683\" src=\"https:\/\/kerste.de\/wp-content\/uploads\/2019\/03\/20190311-23h-27m-DSC_4131-1024x683.jpg\" alt=\"\" data-id=\"9850\" data-link=\"https:\/\/kerste.de\/?attachment_id=9850\" class=\"wp-image-9850\" srcset=\"https:\/\/kerste.de\/wp-content\/uploads\/2019\/03\/20190311-23h-27m-DSC_4131.jpg 1024w, https:\/\/kerste.de\/wp-content\/uploads\/2019\/03\/20190311-23h-27m-DSC_4131-300x200.jpg 300w, https:\/\/kerste.de\/wp-content\/uploads\/2019\/03\/20190311-23h-27m-DSC_4131-768x512.jpg 768w\" sizes=\"auto, (max-width: 1024px) 100vw, 1024px\" \/><figcaption>Polarlicht und Wolken vor Mitternacht<\/figcaption><\/figure><\/li><\/ul>\n\n\n\n<p>Die Strecke von Berlev\u00e5g bis Mehamn schaukelt gut, liegt aber auch sch\u00f6n im Polarlichtoval. Als kurz nach Mitternacht die n\u00e4chste Durchsage kommt, bin ich bereit. Mittlerweile sind alle T\u00fcren auf der linken Seite verschlossen, aber ich finde den Weg zum Bug, befestige meine Kamera und werde mit rund 20 Minuten guter Show belohnt: Es gibt zwar nicht die ganz kr\u00e4ftigen Farben (was auch an dem Gischtschleier liegen kann, der vom Bug hochweht), aber ein paar Minuten lang sch\u00f6ne Bewegung: Das Nordlicht tanzt! Sehr chic. Und \u00fcber die T\u00fcren am Heck komme ich sogar wieder in das Innere des Schiffs zur\u00fcck, uff.<\/p>\n\n\n\n<ul class=\"wp-block-gallery columns-3 is-cropped wp-block-gallery-5 is-layout-flex wp-block-gallery-is-layout-flex\"><li class=\"blocks-gallery-item\"><figure><img loading=\"lazy\" decoding=\"async\" width=\"1024\" height=\"683\" src=\"https:\/\/kerste.de\/wp-content\/uploads\/2019\/03\/20190312-00h-10m-DSC_4198-1024x683.jpg\" alt=\"\" data-id=\"9851\" data-link=\"https:\/\/kerste.de\/?attachment_id=9851\" class=\"wp-image-9851\" srcset=\"https:\/\/kerste.de\/wp-content\/uploads\/2019\/03\/20190312-00h-10m-DSC_4198.jpg 1024w, https:\/\/kerste.de\/wp-content\/uploads\/2019\/03\/20190312-00h-10m-DSC_4198-300x200.jpg 300w, https:\/\/kerste.de\/wp-content\/uploads\/2019\/03\/20190312-00h-10m-DSC_4198-768x512.jpg 768w\" sizes=\"auto, (max-width: 1024px) 100vw, 1024px\" \/><figcaption>Nach Mitternacht<\/figcaption><\/figure><\/li><li class=\"blocks-gallery-item\"><figure><img loading=\"lazy\" decoding=\"async\" width=\"1024\" height=\"683\" src=\"https:\/\/kerste.de\/wp-content\/uploads\/2019\/03\/20190312-00h-21m-DSC_4417-1024x683.jpg\" alt=\"\" data-id=\"9853\" data-link=\"https:\/\/kerste.de\/?attachment_id=9853\" class=\"wp-image-9853\" srcset=\"https:\/\/kerste.de\/wp-content\/uploads\/2019\/03\/20190312-00h-21m-DSC_4417.jpg 1024w, https:\/\/kerste.de\/wp-content\/uploads\/2019\/03\/20190312-00h-21m-DSC_4417-300x200.jpg 300w, https:\/\/kerste.de\/wp-content\/uploads\/2019\/03\/20190312-00h-21m-DSC_4417-768x512.jpg 768w\" sizes=\"auto, (max-width: 1024px) 100vw, 1024px\" \/><\/figure><\/li><li class=\"blocks-gallery-item\"><figure><img loading=\"lazy\" decoding=\"async\" width=\"1024\" height=\"683\" src=\"https:\/\/kerste.de\/wp-content\/uploads\/2019\/03\/20190312-00h-24m-DSC_4469-1024x683.jpg\" alt=\"\" data-id=\"9855\" data-link=\"https:\/\/kerste.de\/?attachment_id=9855\" class=\"wp-image-9855\" srcset=\"https:\/\/kerste.de\/wp-content\/uploads\/2019\/03\/20190312-00h-24m-DSC_4469.jpg 1024w, https:\/\/kerste.de\/wp-content\/uploads\/2019\/03\/20190312-00h-24m-DSC_4469-300x200.jpg 300w, https:\/\/kerste.de\/wp-content\/uploads\/2019\/03\/20190312-00h-24m-DSC_4469-768x512.jpg 768w\" sizes=\"auto, (max-width: 1024px) 100vw, 1024px\" \/><\/figure><\/li><li class=\"blocks-gallery-item\"><figure><img loading=\"lazy\" decoding=\"async\" width=\"1024\" height=\"683\" src=\"https:\/\/kerste.de\/wp-content\/uploads\/2019\/03\/20190312-00h-25m-DSC_4482-1024x683.jpg\" alt=\"\" data-id=\"9857\" data-link=\"https:\/\/kerste.de\/?attachment_id=9857\" class=\"wp-image-9857\" srcset=\"https:\/\/kerste.de\/wp-content\/uploads\/2019\/03\/20190312-00h-25m-DSC_4482.jpg 1024w, https:\/\/kerste.de\/wp-content\/uploads\/2019\/03\/20190312-00h-25m-DSC_4482-300x200.jpg 300w, https:\/\/kerste.de\/wp-content\/uploads\/2019\/03\/20190312-00h-25m-DSC_4482-768x512.jpg 768w\" sizes=\"auto, (max-width: 1024px) 100vw, 1024px\" \/><\/figure><\/li><li class=\"blocks-gallery-item\"><figure><img loading=\"lazy\" decoding=\"async\" width=\"1024\" height=\"683\" src=\"https:\/\/kerste.de\/wp-content\/uploads\/2019\/03\/20190312-00h-27m-DSC_4536-1024x683.jpg\" alt=\"\" data-id=\"9863\" data-link=\"https:\/\/kerste.de\/?attachment_id=9863\" class=\"wp-image-9863\" srcset=\"https:\/\/kerste.de\/wp-content\/uploads\/2019\/03\/20190312-00h-27m-DSC_4536.jpg 1024w, https:\/\/kerste.de\/wp-content\/uploads\/2019\/03\/20190312-00h-27m-DSC_4536-300x200.jpg 300w, https:\/\/kerste.de\/wp-content\/uploads\/2019\/03\/20190312-00h-27m-DSC_4536-768x512.jpg 768w\" sizes=\"auto, (max-width: 1024px) 100vw, 1024px\" \/><\/figure><\/li><li class=\"blocks-gallery-item\"><figure><img loading=\"lazy\" decoding=\"async\" width=\"1024\" height=\"683\" src=\"https:\/\/kerste.de\/wp-content\/uploads\/2019\/03\/20190312-00h-29m-DSC_4578-1024x683.jpg\" alt=\"\" data-id=\"9867\" data-link=\"https:\/\/kerste.de\/?attachment_id=9867\" class=\"wp-image-9867\" srcset=\"https:\/\/kerste.de\/wp-content\/uploads\/2019\/03\/20190312-00h-29m-DSC_4578.jpg 1024w, https:\/\/kerste.de\/wp-content\/uploads\/2019\/03\/20190312-00h-29m-DSC_4578-300x200.jpg 300w, https:\/\/kerste.de\/wp-content\/uploads\/2019\/03\/20190312-00h-29m-DSC_4578-768x512.jpg 768w\" sizes=\"auto, (max-width: 1024px) 100vw, 1024px\" \/><\/figure><\/li><li class=\"blocks-gallery-item\"><figure><img loading=\"lazy\" decoding=\"async\" width=\"1024\" height=\"683\" src=\"https:\/\/kerste.de\/wp-content\/uploads\/2019\/03\/20190312-00h-31m-DSC_4611-1024x683.jpg\" alt=\"\" data-id=\"9869\" data-link=\"https:\/\/kerste.de\/?attachment_id=9869\" class=\"wp-image-9869\" srcset=\"https:\/\/kerste.de\/wp-content\/uploads\/2019\/03\/20190312-00h-31m-DSC_4611.jpg 1024w, https:\/\/kerste.de\/wp-content\/uploads\/2019\/03\/20190312-00h-31m-DSC_4611-300x200.jpg 300w, https:\/\/kerste.de\/wp-content\/uploads\/2019\/03\/20190312-00h-31m-DSC_4611-768x512.jpg 768w\" sizes=\"auto, (max-width: 1024px) 100vw, 1024px\" \/><\/figure><\/li><li class=\"blocks-gallery-item\"><figure><img loading=\"lazy\" decoding=\"async\" width=\"1024\" height=\"683\" src=\"https:\/\/kerste.de\/wp-content\/uploads\/2019\/03\/20190312-00h-31m-DSC_4613-1024x683.jpg\" alt=\"\" data-id=\"9871\" data-link=\"https:\/\/kerste.de\/?attachment_id=9871\" class=\"wp-image-9871\" srcset=\"https:\/\/kerste.de\/wp-content\/uploads\/2019\/03\/20190312-00h-31m-DSC_4613.jpg 1024w, https:\/\/kerste.de\/wp-content\/uploads\/2019\/03\/20190312-00h-31m-DSC_4613-300x200.jpg 300w, https:\/\/kerste.de\/wp-content\/uploads\/2019\/03\/20190312-00h-31m-DSC_4613-768x512.jpg 768w\" sizes=\"auto, (max-width: 1024px) 100vw, 1024px\" \/><\/figure><\/li><li class=\"blocks-gallery-item\"><figure><img loading=\"lazy\" decoding=\"async\" width=\"1024\" height=\"683\" src=\"https:\/\/kerste.de\/wp-content\/uploads\/2019\/03\/20190312-00h-32m-DSC_4621-1024x683.jpg\" alt=\"\" data-id=\"9873\" data-link=\"https:\/\/kerste.de\/?attachment_id=9873\" class=\"wp-image-9873\" srcset=\"https:\/\/kerste.de\/wp-content\/uploads\/2019\/03\/20190312-00h-32m-DSC_4621.jpg 1024w, https:\/\/kerste.de\/wp-content\/uploads\/2019\/03\/20190312-00h-32m-DSC_4621-300x200.jpg 300w, https:\/\/kerste.de\/wp-content\/uploads\/2019\/03\/20190312-00h-32m-DSC_4621-768x512.jpg 768w\" sizes=\"auto, (max-width: 1024px) 100vw, 1024px\" \/><\/figure><\/li><li class=\"blocks-gallery-item\"><figure><img loading=\"lazy\" decoding=\"async\" width=\"1024\" height=\"683\" src=\"https:\/\/kerste.de\/wp-content\/uploads\/2019\/03\/20190312-00h-32m-DSC_4634-1024x683.jpg\" alt=\"\" data-id=\"9875\" data-link=\"https:\/\/kerste.de\/?attachment_id=9875\" class=\"wp-image-9875\" srcset=\"https:\/\/kerste.de\/wp-content\/uploads\/2019\/03\/20190312-00h-32m-DSC_4634.jpg 1024w, https:\/\/kerste.de\/wp-content\/uploads\/2019\/03\/20190312-00h-32m-DSC_4634-300x200.jpg 300w, https:\/\/kerste.de\/wp-content\/uploads\/2019\/03\/20190312-00h-32m-DSC_4634-768x512.jpg 768w\" sizes=\"auto, (max-width: 1024px) 100vw, 1024px\" \/><\/figure><\/li><\/ul>\n\n\n\n<p>Nach nicht ganz einer halben Stunde ist der Spuk vorbei, und da wir bald in Mehamn ankommen, mache ich endg\u00fcltig Schluss f\u00fcr diese Nacht. Jetzt dar der Rechner dran. Das Ergebnis: Doch ein netter kleiner Zeitraffer:<\/p>\n\n\n\n<figure class=\"wp-block-video\"><video height=\"480\" style=\"aspect-ratio: 640 \/ 480;\" width=\"640\" controls poster=\"https:\/\/kerste.de\/wp-content\/uploads\/2019\/03\/20190312-00h-31m-DSC_4612.jpg\" src=\"https:\/\/kerste.de\/wp-content\/uploads\/2019\/03\/GRP116-Tag7-Berlevag-Mehamn-Web.mp4\"><\/video><figcaption>Das Polarlicht von <del>Tag<\/del> Nacht 7<\/figcaption><\/figure>\n<div class=\"shariff shariff-align-left shariff-widget-align-left\"><ul class=\"shariff-buttons theme-white orientation-horizontal buttonsize-small\"><li class=\"shariff-button twitter shariff-nocustomcolor\" style=\"background-color:#595959\"><a href=\"https:\/\/twitter.com\/share?url=https%3A%2F%2Fkerste.de%2F%3Fp%3D9829&text=Hurtigrute%20Tag%207%3A%20Wendepunkt%20Kirkenes\" title=\"Bei X teilen\" aria-label=\"Bei X teilen\" role=\"button\" rel=\"noopener nofollow\" class=\"shariff-link\" style=\"; background-color:#000; color:#000\" target=\"_blank\"><span class=\"shariff-icon\" style=\"fill:#000\"><svg width=\"32px\" height=\"20px\" xmlns=\"http:\/\/www.w3.org\/2000\/svg\" viewBox=\"0 0 24 24\"><path fill=\"#000\" d=\"M14.258 10.152L23.176 0h-2.113l-7.747 8.813L7.133 0H0l9.352 13.328L0 23.973h2.113l8.176-9.309 6.531 9.309h7.133zm-2.895 3.293l-.949-1.328L2.875 1.56h3.246l6.086 8.523.945 1.328 7.91 11.078h-3.246zm0 0\"\/><\/svg><\/span><span class=\"shariff-text\" style=\"color:#000\">teilen<\/span>&nbsp;<\/a><\/li><li class=\"shariff-button facebook shariff-nocustomcolor\" style=\"background-color:#4273c8\"><a href=\"https:\/\/www.facebook.com\/sharer\/sharer.php?u=https%3A%2F%2Fkerste.de%2F%3Fp%3D9829\" title=\"Bei Facebook teilen\" aria-label=\"Bei Facebook teilen\" role=\"button\" rel=\"nofollow\" class=\"shariff-link\" style=\"; background-color:#3b5998; color:#3b5998\" target=\"_blank\"><span class=\"shariff-icon\" style=\"fill:#3b5998\"><svg width=\"32px\" height=\"20px\" xmlns=\"http:\/\/www.w3.org\/2000\/svg\" viewBox=\"0 0 18 32\"><path fill=\"#3b5998\" d=\"M17.1 0.2v4.7h-2.8q-1.5 0-2.1 0.6t-0.5 1.9v3.4h5.2l-0.7 5.3h-4.5v13.6h-5.5v-13.6h-4.5v-5.3h4.5v-3.9q0-3.3 1.9-5.2t5-1.8q2.6 0 4.1 0.2z\"\/><\/svg><\/span><span class=\"shariff-text\" style=\"color:#3b5998\">teilen<\/span>&nbsp;<\/a><\/li><li class=\"shariff-button tumblr shariff-nocustomcolor\" style=\"background-color:#529ecc\"><a href=\"https:\/\/www.tumblr.com\/widgets\/share\/tool?posttype=link&canonicalUrl=https%3A%2F%2Fkerste.de%2F%3Fp%3D9829&tags=kerste.de\" title=\"Bei tumblr teilen\" aria-label=\"Bei tumblr teilen\" role=\"button\" rel=\"noopener nofollow\" class=\"shariff-link\" style=\"; background-color:#36465d; color:#36465d\" target=\"_blank\"><span class=\"shariff-icon\" style=\"fill:#36465d\"><svg width=\"32px\" height=\"20px\" xmlns=\"http:\/\/www.w3.org\/2000\/svg\" viewBox=\"0 0 32 32\"><path fill=\"#36465d\" d=\"M18 14l0 7.3c0 1.9 0 2.9 0.2 3.5 0.2 0.5 0.7 1.1 1.2 1.4 0.7 0.4 1.5 0.6 2.4 0.6 1.6 0 2.6-0.2 4.2-1.3v4.8c-1.4 0.6-2.6 1-3.7 1.3-1.1 0.3-2.3 0.4-3.6 0.4-1.5 0-2.3-0.2-3.4-0.6-1.1-0.4-2.1-0.9-2.9-1.6-0.8-0.7-1.3-1.4-1.7-2.2s-0.5-1.9-0.5-3.4v-11.2h-4.3v-4.5c1.3-0.4 2.7-1 3.6-1.8 0.9-0.8 1.6-1.7 2.2-2.7 0.5-1.1 0.9-2.4 1.1-4.1h5.2l0 8h8v6h-8z\"\/><\/svg><\/span><span class=\"shariff-text\" style=\"color:#36465d\">teilen<\/span>&nbsp;<\/a><\/li><li class=\"shariff-button info shariff-nocustomcolor\" style=\"background-color:#a8a8a8\"><a href=\"http:\/\/ct.de\/-2467514\" title=\"Weitere Informationen\" aria-label=\"Weitere Informationen\" role=\"button\" rel=\"noopener \" class=\"shariff-link\" style=\"; background-color:#999; color:#999\" target=\"_blank\"><span class=\"shariff-icon\" style=\"fill:#999\"><svg width=\"32px\" height=\"20px\" xmlns=\"http:\/\/www.w3.org\/2000\/svg\" viewBox=\"0 0 11 32\"><path fill=\"#999\" d=\"M11.4 24v2.3q0 0.5-0.3 0.8t-0.8 0.4h-9.1q-0.5 0-0.8-0.4t-0.4-0.8v-2.3q0-0.5 0.4-0.8t0.8-0.4h1.1v-6.8h-1.1q-0.5 0-0.8-0.4t-0.4-0.8v-2.3q0-0.5 0.4-0.8t0.8-0.4h6.8q0.5 0 0.8 0.4t0.4 0.8v10.3h1.1q0.5 0 0.8 0.4t0.3 0.8zM9.2 3.4v3.4q0 0.5-0.4 0.8t-0.8 0.4h-4.6q-0.4 0-0.8-0.4t-0.4-0.8v-3.4q0-0.4 0.4-0.8t0.8-0.4h4.6q0.5 0 0.8 0.4t0.4 0.8z\"\/><\/svg><\/span><\/a><\/li><\/ul><\/div>","protected":false},"excerpt":{"rendered":"<p>Es ist soweit: Heute Nacht haben wir mit Vard\u00f8 den \u00f6stlichsten Punkt der Route passiert, und Vads\u00f8 kurz vor 7 Uhr habe ich ebenso verschlafen. Als wir Kurs auf Kirkenes nehmen, bin ich dann auch irgendwann wach. Drau\u00dfen: Traumhaftes Wetter, rund -10\u00b0 auf dem Schiff (in Kirkenes sind es dann nur noch ein paar Grad [&hellip;]<\/p>\n","protected":false},"author":1,"featured_media":0,"comment_status":"open","ping_status":"open","sticky":false,"template":"","format":"standard","meta":{"footnotes":""},"categories":[394],"tags":[69,264],"class_list":["post-9829","post","type-post","status-publish","format-standard","hentry","category-hurtigruten-2019-grp-116","tag-kirkenes","tag-polarlichtvideo"],"_links":{"self":[{"href":"https:\/\/kerste.de\/index.php?rest_route=\/wp\/v2\/posts\/9829","targetHints":{"allow":["GET"]}}],"collection":[{"href":"https:\/\/kerste.de\/index.php?rest_route=\/wp\/v2\/posts"}],"about":[{"href":"https:\/\/kerste.de\/index.php?rest_route=\/wp\/v2\/types\/post"}],"author":[{"embeddable":true,"href":"https:\/\/kerste.de\/index.php?rest_route=\/wp\/v2\/users\/1"}],"replies":[{"embeddable":true,"href":"https:\/\/kerste.de\/index.php?rest_route=%2Fwp%2Fv2%2Fcomments&post=9829"}],"version-history":[{"count":12,"href":"https:\/\/kerste.de\/index.php?rest_route=\/wp\/v2\/posts\/9829\/revisions"}],"predecessor-version":[{"id":9887,"href":"https:\/\/kerste.de\/index.php?rest_route=\/wp\/v2\/posts\/9829\/revisions\/9887"}],"wp:attachment":[{"href":"https:\/\/kerste.de\/index.php?rest_route=%2Fwp%2Fv2%2Fmedia&parent=9829"}],"wp:term":[{"taxonomy":"category","embeddable":true,"href":"https:\/\/kerste.de\/index.php?rest_route=%2Fwp%2Fv2%2Fcategories&post=9829"},{"taxonomy":"post_tag","embeddable":true,"href":"https:\/\/kerste.de\/index.php?rest_route=%2Fwp%2Fv2%2Ftags&post=9829"}],"curies":[{"name":"wp","href":"https:\/\/api.w.org\/{rel}","templated":true}]}}