{"id":9775,"date":"2019-03-11T00:28:35","date_gmt":"2019-03-10T23:28:35","guid":{"rendered":"https:\/\/kerste.de\/?p=9775"},"modified":"2019-03-11T00:28:37","modified_gmt":"2019-03-10T23:28:37","slug":"hurtigrute-tag-6-honningsvag-3","status":"publish","type":"post","link":"https:\/\/kerste.de\/?p=9775","title":{"rendered":"Hurtigrute Tag 6: Honningsv\u00e5g"},"content":{"rendered":"\n<p>Diese Reise ist schlecht f\u00fcr meinen Tagesrhythmus: Der Wecker steht auf kurz nach acht, und ich wache bereits um halb acht auf. Obwohl es gestern wieder sp\u00e4t war, dem Nordlichtalarm um Mitternacht sei Dank. Damit bleibt mir genug Zeit, um nicht nur Hav\u00f8ysund zu sehen, sondern auch die s\u00fcdgehende MS Lofoten.<\/p>\n\n\n\n<ul class=\"wp-block-gallery columns-3 is-cropped wp-block-gallery-1 is-layout-flex wp-block-gallery-is-layout-flex\"><li class=\"blocks-gallery-item\"><figure><a href=\"https:\/\/kerste.de\/?attachment_id=9730#main\"><img loading=\"lazy\" decoding=\"async\" width=\"1024\" height=\"683\" src=\"https:\/\/kerste.de\/wp-content\/uploads\/2019\/03\/20190310-08h-30m-DSC_3593-1024x683.jpg\" alt=\"\" data-id=\"9730\" data-link=\"https:\/\/kerste.de\/?attachment_id=9730#main\" class=\"wp-image-9730\" srcset=\"https:\/\/kerste.de\/wp-content\/uploads\/2019\/03\/20190310-08h-30m-DSC_3593.jpg 1024w, https:\/\/kerste.de\/wp-content\/uploads\/2019\/03\/20190310-08h-30m-DSC_3593-300x200.jpg 300w, https:\/\/kerste.de\/wp-content\/uploads\/2019\/03\/20190310-08h-30m-DSC_3593-768x512.jpg 768w\" sizes=\"auto, (max-width: 1024px) 100vw, 1024px\" \/><\/a><figcaption>MS Lofoten<\/figcaption><\/figure><\/li><li class=\"blocks-gallery-item\"><figure><a href=\"https:\/\/kerste.de\/?attachment_id=9729#main\"><img loading=\"lazy\" decoding=\"async\" width=\"1024\" height=\"683\" src=\"https:\/\/kerste.de\/wp-content\/uploads\/2019\/03\/20190310-08h-29m-DSC_3589-1024x683.jpg\" alt=\"\" data-id=\"9729\" data-link=\"https:\/\/kerste.de\/?attachment_id=9729#main\" class=\"wp-image-9729\" srcset=\"https:\/\/kerste.de\/wp-content\/uploads\/2019\/03\/20190310-08h-29m-DSC_3589.jpg 1024w, https:\/\/kerste.de\/wp-content\/uploads\/2019\/03\/20190310-08h-29m-DSC_3589-300x200.jpg 300w, https:\/\/kerste.de\/wp-content\/uploads\/2019\/03\/20190310-08h-29m-DSC_3589-768x512.jpg 768w\" sizes=\"auto, (max-width: 1024px) 100vw, 1024px\" \/><\/a><figcaption>MS Lofoten<\/figcaption><\/figure><\/li><li class=\"blocks-gallery-item\"><figure><a href=\"https:\/\/kerste.de\/?attachment_id=9732#main\"><img loading=\"lazy\" decoding=\"async\" width=\"1024\" height=\"683\" src=\"https:\/\/kerste.de\/wp-content\/uploads\/2019\/03\/20190310-08h-30m-DSC_3606-1024x683.jpg\" alt=\"\" data-id=\"9732\" data-link=\"https:\/\/kerste.de\/?attachment_id=9732#main\" class=\"wp-image-9732\" srcset=\"https:\/\/kerste.de\/wp-content\/uploads\/2019\/03\/20190310-08h-30m-DSC_3606.jpg 1024w, https:\/\/kerste.de\/wp-content\/uploads\/2019\/03\/20190310-08h-30m-DSC_3606-300x200.jpg 300w, https:\/\/kerste.de\/wp-content\/uploads\/2019\/03\/20190310-08h-30m-DSC_3606-768x512.jpg 768w\" sizes=\"auto, (max-width: 1024px) 100vw, 1024px\" \/><\/a><figcaption>MS Lofoten<\/figcaption><\/figure><\/li><li class=\"blocks-gallery-item\"><figure><a href=\"https:\/\/kerste.de\/?attachment_id=9733#main\"><img loading=\"lazy\" decoding=\"async\" width=\"1024\" height=\"683\" src=\"https:\/\/kerste.de\/wp-content\/uploads\/2019\/03\/20190310-08h-30m-DSC_3609-1024x683.jpg\" alt=\"\" data-id=\"9733\" data-link=\"https:\/\/kerste.de\/?attachment_id=9733#main\" class=\"wp-image-9733\" srcset=\"https:\/\/kerste.de\/wp-content\/uploads\/2019\/03\/20190310-08h-30m-DSC_3609.jpg 1024w, https:\/\/kerste.de\/wp-content\/uploads\/2019\/03\/20190310-08h-30m-DSC_3609-300x200.jpg 300w, https:\/\/kerste.de\/wp-content\/uploads\/2019\/03\/20190310-08h-30m-DSC_3609-768x512.jpg 768w\" sizes=\"auto, (max-width: 1024px) 100vw, 1024px\" \/><\/a><figcaption>MS Lofoten<\/figcaption><\/figure><\/li><li class=\"blocks-gallery-item\"><figure><a href=\"https:\/\/kerste.de\/?attachment_id=9735#main\"><img loading=\"lazy\" decoding=\"async\" width=\"1024\" height=\"683\" src=\"https:\/\/kerste.de\/wp-content\/uploads\/2019\/03\/20190310-08h-31m-DSC_3619-1024x683.jpg\" alt=\"\" data-id=\"9735\" data-link=\"https:\/\/kerste.de\/?attachment_id=9735#main\" class=\"wp-image-9735\" srcset=\"https:\/\/kerste.de\/wp-content\/uploads\/2019\/03\/20190310-08h-31m-DSC_3619.jpg 1024w, https:\/\/kerste.de\/wp-content\/uploads\/2019\/03\/20190310-08h-31m-DSC_3619-300x200.jpg 300w, https:\/\/kerste.de\/wp-content\/uploads\/2019\/03\/20190310-08h-31m-DSC_3619-768x512.jpg 768w\" sizes=\"auto, (max-width: 1024px) 100vw, 1024px\" \/><\/a><figcaption>MS Lofoten<\/figcaption><\/figure><\/li><\/ul>\n\n\n\n<p>Sie ist das \u00e4lteste Schiff, dass noch auf der Hurtigrute f\u00e4hrt. N\u00e4chstes Jahr, wenn der neue Staatsvertrag gilt und neben Hurtigruten AS auch Haviland die Kystruten (wie die Strecke jetzt hei\u00dft, weil die Namensrechte an der Hurtigrute mit der Reederei verkauft wurden) bef\u00e4hrt, wird sie aus dem Liniendienst gehen. Die &#8220;alte Dame&#8221;, die seit 1964 im Dienst ist, erf\u00fcllt die neuen Bestimmungen bez\u00fcglich Behindertengerechtigkeit nicht, und dank Denkmalschutz darf sie auch nicht umgebaut werden. Wahrscheinlich wird sie dann \u00e4hnlich wie die <a rel=\"noreferrer noopener\" aria-label=\"Nordstjernen (\u00f6ffnet in neuem Tab)\" href=\"http:\/\/nostalgische-postschiffreisen.de\/ms-nordstjernen.html\" target=\"_blank\">Nordstjernen<\/a> eigene Touren betreiben \u2013 ob entlang der K\u00fcste oder nach Spitzbergen, wird sich zeigen. So sch\u00f6n wie heute habe ich sie jedenfalls selten gesehen. \u00dcberhaupt sind das gute Wetter und die ruhige See fast unheimlich. <\/p>\n\n\n\n<ul class=\"wp-block-gallery columns-3 is-cropped wp-block-gallery-2 is-layout-flex wp-block-gallery-is-layout-flex\"><li class=\"blocks-gallery-item\"><figure><a href=\"https:\/\/kerste.de\/?attachment_id=9737#main\"><img loading=\"lazy\" decoding=\"async\" width=\"1024\" height=\"683\" src=\"https:\/\/kerste.de\/wp-content\/uploads\/2019\/03\/20190310-09h-17m-DSC_3636-1024x683.jpg\" alt=\"\" data-id=\"9737\" data-link=\"https:\/\/kerste.de\/?attachment_id=9737#main\" class=\"wp-image-9737\" srcset=\"https:\/\/kerste.de\/wp-content\/uploads\/2019\/03\/20190310-09h-17m-DSC_3636.jpg 1024w, https:\/\/kerste.de\/wp-content\/uploads\/2019\/03\/20190310-09h-17m-DSC_3636-300x200.jpg 300w, https:\/\/kerste.de\/wp-content\/uploads\/2019\/03\/20190310-09h-17m-DSC_3636-768x512.jpg 768w\" sizes=\"auto, (max-width: 1024px) 100vw, 1024px\" \/><\/a><figcaption>Hav\u00f8ysund<\/figcaption><\/figure><\/li><li class=\"blocks-gallery-item\"><figure><a href=\"https:\/\/kerste.de\/?attachment_id=9738#main\"><img loading=\"lazy\" decoding=\"async\" width=\"1024\" height=\"683\" src=\"https:\/\/kerste.de\/wp-content\/uploads\/2019\/03\/20190310-09h-19m-DSC_3638-1024x683.jpg\" alt=\"\" data-id=\"9738\" data-link=\"https:\/\/kerste.de\/?attachment_id=9738#main\" class=\"wp-image-9738\" srcset=\"https:\/\/kerste.de\/wp-content\/uploads\/2019\/03\/20190310-09h-19m-DSC_3638.jpg 1024w, https:\/\/kerste.de\/wp-content\/uploads\/2019\/03\/20190310-09h-19m-DSC_3638-300x200.jpg 300w, https:\/\/kerste.de\/wp-content\/uploads\/2019\/03\/20190310-09h-19m-DSC_3638-768x512.jpg 768w\" sizes=\"auto, (max-width: 1024px) 100vw, 1024px\" \/><\/a><figcaption>Der Anleger in Hav\u00f8ysund<\/figcaption><\/figure><\/li><li class=\"blocks-gallery-item\"><figure><a href=\"https:\/\/kerste.de\/?attachment_id=9739#main\"><img loading=\"lazy\" decoding=\"async\" width=\"1024\" height=\"683\" src=\"https:\/\/kerste.de\/wp-content\/uploads\/2019\/03\/20190310-09h-22m-DSC_3644-1024x683.jpg\" alt=\"\" data-id=\"9739\" data-link=\"https:\/\/kerste.de\/?attachment_id=9739#main\" class=\"wp-image-9739\" srcset=\"https:\/\/kerste.de\/wp-content\/uploads\/2019\/03\/20190310-09h-22m-DSC_3644.jpg 1024w, https:\/\/kerste.de\/wp-content\/uploads\/2019\/03\/20190310-09h-22m-DSC_3644-300x200.jpg 300w, https:\/\/kerste.de\/wp-content\/uploads\/2019\/03\/20190310-09h-22m-DSC_3644-768x512.jpg 768w\" sizes=\"auto, (max-width: 1024px) 100vw, 1024px\" \/><\/a><figcaption>Die Kirche von Hav\u00f8ysund<\/figcaption><\/figure><\/li><\/ul>\n\n\n\n<p>Hav\u00f8ysund als erster Hafen des Tages pr\u00e4sentiert sich sch\u00f6n in der Morgensonne, und zum ersten Mal wird mir bewusst, wie sehr die Kirche einer Stabkirche \u00e4hnelt. Nett. Wir erreichen den Hafen mit etwas Verz\u00f6gerung, was sich \u00fcber den gesamten Tag hindurchzieht. Hav\u00f8ysund f\u00e4llt f\u00fcr mich daher mit dem Fr\u00fchst\u00fcck zusammen. <\/p>\n\n\n\n<div class=\"wp-block-image\"><figure class=\"alignright\"><a href=\"https:\/\/kerste.de\/?attachment_id=9741#main\"><img loading=\"lazy\" decoding=\"async\" width=\"300\" height=\"200\" src=\"https:\/\/kerste.de\/wp-content\/uploads\/2019\/03\/20190310-10h-48m-DSC_3668-300x200.jpg\" alt=\"\" class=\"wp-image-9741\" srcset=\"https:\/\/kerste.de\/wp-content\/uploads\/2019\/03\/20190310-10h-48m-DSC_3668-300x200.jpg 300w, https:\/\/kerste.de\/wp-content\/uploads\/2019\/03\/20190310-10h-48m-DSC_3668-768x512.jpg 768w, https:\/\/kerste.de\/wp-content\/uploads\/2019\/03\/20190310-10h-48m-DSC_3668.jpg 1024w\" sizes=\"auto, (max-width: 300px) 100vw, 300px\" \/><\/a><figcaption>Wolkenspiele vor Honningsv\u00e5g<\/figcaption><\/figure><\/div>\n\n\n\n<p>Den Point of Interest zur Mager\u00f8ya-Stra\u00dfe schenke ich mir: Die Zeit verbringe ich teils auf Deck 5, teils in der Reiseleitersprechstunde und teils bei den Bordreiseleitern, meine Videos zur Verf\u00fcgung stellen. Den Text des Point of Interests d\u00fcrfte ich kennen: Der mautfinanzierte Tunnel zur Insel, den wir gerade \u00fcberqueren, die Rentiere, die den Mager\u00f8yasund entweder schwimmend oder auf F\u00e4hren des Milit\u00e4rs \u00fcberqueren, das Nordkapp auf der Insel Mager\u00f8ya, das somit weder auf dem Festland liegt noch der n\u00f6rdlichste Punkt der Insel ist \u2013 alles interessant, aber ich muss es nicht jedesmal h\u00f6ren. Lieber das tun, was man auf dieser ereignisreichen Reise ohnehin viel zu selten macht: Einfach mal an Deck stehen und Norwegen genie\u00dfen!<\/p>\n\n\n\n<ul class=\"wp-block-gallery columns-3 is-cropped wp-block-gallery-3 is-layout-flex wp-block-gallery-is-layout-flex\"><li class=\"blocks-gallery-item\"><figure><a href=\"https:\/\/kerste.de\/?attachment_id=9742#main\"><img loading=\"lazy\" decoding=\"async\" width=\"1024\" height=\"683\" src=\"https:\/\/kerste.de\/wp-content\/uploads\/2019\/03\/20190310-11h-00m-DSC_3688-1024x683.jpg\" alt=\"\" data-id=\"9742\" data-link=\"https:\/\/kerste.de\/?attachment_id=9742#main\" class=\"wp-image-9742\" srcset=\"https:\/\/kerste.de\/wp-content\/uploads\/2019\/03\/20190310-11h-00m-DSC_3688.jpg 1024w, https:\/\/kerste.de\/wp-content\/uploads\/2019\/03\/20190310-11h-00m-DSC_3688-300x200.jpg 300w, https:\/\/kerste.de\/wp-content\/uploads\/2019\/03\/20190310-11h-00m-DSC_3688-768x512.jpg 768w\" sizes=\"auto, (max-width: 1024px) 100vw, 1024px\" \/><\/a><figcaption>Wolkenspiele vor Honningsv\u00e5g<\/figcaption><\/figure><\/li><li class=\"blocks-gallery-item\"><figure><a href=\"https:\/\/kerste.de\/?attachment_id=9743#main\"><img loading=\"lazy\" decoding=\"async\" width=\"1024\" height=\"683\" src=\"https:\/\/kerste.de\/wp-content\/uploads\/2019\/03\/20190310-11h-11m-DSC_3693-1024x683.jpg\" alt=\"\" data-id=\"9743\" data-link=\"https:\/\/kerste.de\/?attachment_id=9743#main\" class=\"wp-image-9743\" srcset=\"https:\/\/kerste.de\/wp-content\/uploads\/2019\/03\/20190310-11h-11m-DSC_3693.jpg 1024w, https:\/\/kerste.de\/wp-content\/uploads\/2019\/03\/20190310-11h-11m-DSC_3693-300x200.jpg 300w, https:\/\/kerste.de\/wp-content\/uploads\/2019\/03\/20190310-11h-11m-DSC_3693-768x512.jpg 768w\" sizes=\"auto, (max-width: 1024px) 100vw, 1024px\" \/><\/a><figcaption>Das Wetter schl\u00e4gt um&#8230;<\/figcaption><\/figure><\/li><li class=\"blocks-gallery-item\"><figure><a href=\"https:\/\/kerste.de\/?attachment_id=9744#main\"><img loading=\"lazy\" decoding=\"async\" width=\"1024\" height=\"683\" src=\"https:\/\/kerste.de\/wp-content\/uploads\/2019\/03\/20190310-11h-23m-DSC_3695-1024x683.jpg\" alt=\"\" data-id=\"9744\" data-link=\"https:\/\/kerste.de\/?attachment_id=9744#main\" class=\"wp-image-9744\" srcset=\"https:\/\/kerste.de\/wp-content\/uploads\/2019\/03\/20190310-11h-23m-DSC_3695.jpg 1024w, https:\/\/kerste.de\/wp-content\/uploads\/2019\/03\/20190310-11h-23m-DSC_3695-300x200.jpg 300w, https:\/\/kerste.de\/wp-content\/uploads\/2019\/03\/20190310-11h-23m-DSC_3695-768x512.jpg 768w\" sizes=\"auto, (max-width: 1024px) 100vw, 1024px\" \/><\/a><figcaption>&#8230;aber nur kurz<\/figcaption><\/figure><\/li><\/ul>\n\n\n\n<p>Kurz vor Honningsv\u00e5g taucht eine dunkle Wolkenwand auf und wir fahren durch einen Schneeschauer \u2013 schlechte Aussichten f\u00fcr das Nordkap? Nach f\u00fcnf Minuten endet der Spuk zum Gl\u00fcck, und wir haben wieder bestes Wetter. Wer den Nordkap-Ausflug gebucht hat oder ihn mit einem der lokalen Anbieter, die am Kai stehen, auf eigene Faust macht, wird mit Sonnenschein und Windstille belohnt. Da ich den Ausflug selbst zahlen m\u00fcsste, verzichte ich wieder (vielleicht auf der n\u00e4chsten Tour, mal sehen) und erst\u00fcrme mit Hans und Stefan den Aussichtspunkt \u00fcber dem Ort. <\/p>\n\n\n\n<ul class=\"wp-block-gallery columns-3 is-cropped wp-block-gallery-4 is-layout-flex wp-block-gallery-is-layout-flex\"><li class=\"blocks-gallery-item\"><figure><a href=\"https:\/\/kerste.de\/?attachment_id=9745#main\"><img loading=\"lazy\" decoding=\"async\" width=\"1024\" height=\"683\" src=\"https:\/\/kerste.de\/wp-content\/uploads\/2019\/03\/20190310-11h-39m-DSC_3712-1024x683.jpg\" alt=\"\" data-id=\"9745\" data-link=\"https:\/\/kerste.de\/?attachment_id=9745#main\" class=\"wp-image-9745\" srcset=\"https:\/\/kerste.de\/wp-content\/uploads\/2019\/03\/20190310-11h-39m-DSC_3712.jpg 1024w, https:\/\/kerste.de\/wp-content\/uploads\/2019\/03\/20190310-11h-39m-DSC_3712-300x200.jpg 300w, https:\/\/kerste.de\/wp-content\/uploads\/2019\/03\/20190310-11h-39m-DSC_3712-768x512.jpg 768w\" sizes=\"auto, (max-width: 1024px) 100vw, 1024px\" \/><\/a><figcaption>Honningsv\u00e5g<\/figcaption><\/figure><\/li><li class=\"blocks-gallery-item\"><figure><a href=\"https:\/\/kerste.de\/?attachment_id=9746#main\"><img loading=\"lazy\" decoding=\"async\" width=\"683\" height=\"1024\" src=\"https:\/\/kerste.de\/wp-content\/uploads\/2019\/03\/20190310-11h-45m-DSC_3723-683x1024.jpg\" alt=\"\" data-id=\"9746\" data-link=\"https:\/\/kerste.de\/?attachment_id=9746#main\" class=\"wp-image-9746\" srcset=\"https:\/\/kerste.de\/wp-content\/uploads\/2019\/03\/20190310-11h-45m-DSC_3723.jpg 683w, https:\/\/kerste.de\/wp-content\/uploads\/2019\/03\/20190310-11h-45m-DSC_3723-200x300.jpg 200w\" sizes=\"auto, (max-width: 683px) 100vw, 683px\" \/><\/a><figcaption>Honningsv\u00e5g<\/figcaption><\/figure><\/li><li class=\"blocks-gallery-item\"><figure><a href=\"https:\/\/kerste.de\/?attachment_id=9747#main\"><img loading=\"lazy\" decoding=\"async\" width=\"1024\" height=\"683\" src=\"https:\/\/kerste.de\/wp-content\/uploads\/2019\/03\/20190310-11h-47m-DSC_3726-1024x683.jpg\" alt=\"\" data-id=\"9747\" data-link=\"https:\/\/kerste.de\/?attachment_id=9747#main\" class=\"wp-image-9747\" srcset=\"https:\/\/kerste.de\/wp-content\/uploads\/2019\/03\/20190310-11h-47m-DSC_3726.jpg 1024w, https:\/\/kerste.de\/wp-content\/uploads\/2019\/03\/20190310-11h-47m-DSC_3726-300x200.jpg 300w, https:\/\/kerste.de\/wp-content\/uploads\/2019\/03\/20190310-11h-47m-DSC_3726-768x512.jpg 768w\" sizes=\"auto, (max-width: 1024px) 100vw, 1024px\" \/><\/a><figcaption>Honningsv\u00e5g Kirke<\/figcaption><\/figure><\/li><li class=\"blocks-gallery-item\"><figure><a href=\"https:\/\/kerste.de\/?attachment_id=9748#main\"><img loading=\"lazy\" decoding=\"async\" width=\"1024\" height=\"683\" src=\"https:\/\/kerste.de\/wp-content\/uploads\/2019\/03\/20190310-12h-01m-DSC_3733-1024x683.jpg\" alt=\"\" data-id=\"9748\" data-link=\"https:\/\/kerste.de\/?attachment_id=9748#main\" class=\"wp-image-9748\" srcset=\"https:\/\/kerste.de\/wp-content\/uploads\/2019\/03\/20190310-12h-01m-DSC_3733.jpg 1024w, https:\/\/kerste.de\/wp-content\/uploads\/2019\/03\/20190310-12h-01m-DSC_3733-300x200.jpg 300w, https:\/\/kerste.de\/wp-content\/uploads\/2019\/03\/20190310-12h-01m-DSC_3733-768x512.jpg 768w\" sizes=\"auto, (max-width: 1024px) 100vw, 1024px\" \/><\/a><figcaption>Tiefschnee auf dem Berg<\/figcaption><\/figure><\/li><li class=\"blocks-gallery-item\"><figure><a href=\"https:\/\/kerste.de\/?attachment_id=9750#main\"><img loading=\"lazy\" decoding=\"async\" width=\"1024\" height=\"683\" src=\"https:\/\/kerste.de\/wp-content\/uploads\/2019\/03\/20190310-12h-15m-DSC_3747-1024x683.jpg\" alt=\"\" data-id=\"9750\" data-link=\"https:\/\/kerste.de\/?attachment_id=9750#main\" class=\"wp-image-9750\" srcset=\"https:\/\/kerste.de\/wp-content\/uploads\/2019\/03\/20190310-12h-15m-DSC_3747.jpg 1024w, https:\/\/kerste.de\/wp-content\/uploads\/2019\/03\/20190310-12h-15m-DSC_3747-300x200.jpg 300w, https:\/\/kerste.de\/wp-content\/uploads\/2019\/03\/20190310-12h-15m-DSC_3747-768x512.jpg 768w\" sizes=\"auto, (max-width: 1024px) 100vw, 1024px\" \/><\/a><figcaption>Nordnorge in Honningsv\u00e5g<\/figcaption><\/figure><\/li><li class=\"blocks-gallery-item\"><figure><a href=\"https:\/\/kerste.de\/?attachment_id=9751#main\"><img loading=\"lazy\" decoding=\"async\" width=\"1024\" height=\"683\" src=\"https:\/\/kerste.de\/wp-content\/uploads\/2019\/03\/20190310-12h-18m-DSC_3754-1024x683.jpg\" alt=\"\" data-id=\"9751\" data-link=\"https:\/\/kerste.de\/?attachment_id=9751#main\" class=\"wp-image-9751\" srcset=\"https:\/\/kerste.de\/wp-content\/uploads\/2019\/03\/20190310-12h-18m-DSC_3754.jpg 1024w, https:\/\/kerste.de\/wp-content\/uploads\/2019\/03\/20190310-12h-18m-DSC_3754-300x200.jpg 300w, https:\/\/kerste.de\/wp-content\/uploads\/2019\/03\/20190310-12h-18m-DSC_3754-768x512.jpg 768w\" sizes=\"auto, (max-width: 1024px) 100vw, 1024px\" \/><\/a><figcaption>Blick vom Berg<\/figcaption><\/figure><\/li><li class=\"blocks-gallery-item\"><figure><a href=\"https:\/\/kerste.de\/?attachment_id=9752#main\"><img loading=\"lazy\" decoding=\"async\" width=\"1024\" height=\"683\" src=\"https:\/\/kerste.de\/wp-content\/uploads\/2019\/03\/20190310-12h-29m-DSC_3763-1024x683.jpg\" alt=\"\" data-id=\"9752\" data-link=\"https:\/\/kerste.de\/?attachment_id=9752#main\" class=\"wp-image-9752\" srcset=\"https:\/\/kerste.de\/wp-content\/uploads\/2019\/03\/20190310-12h-29m-DSC_3763.jpg 1024w, https:\/\/kerste.de\/wp-content\/uploads\/2019\/03\/20190310-12h-29m-DSC_3763-300x200.jpg 300w, https:\/\/kerste.de\/wp-content\/uploads\/2019\/03\/20190310-12h-29m-DSC_3763-768x512.jpg 768w\" sizes=\"auto, (max-width: 1024px) 100vw, 1024px\" \/><\/a><figcaption>Hike mit dem Expedition Team<\/figcaption><\/figure><\/li><\/ul>\n\n\n\n<p>Honningsv\u00e5g ist wunderbar verschneit, auch wenn das den Aufstieg etwas m\u00fchsam macht. Durch fast kniehohen Tiefschnee zu stapfen macht nur bedingt Spa\u00df, lohnt sich aber: der Ausblick auf den Ort von hier oben ist immer wieder sch\u00f6n. Beim R\u00fcckweg sehen wir das Expeditionsteam beim Schneeschuhhike und h\u00f6ren, wie die Teilnehmer aufgefordert werden, es langsam angehen zu lassen \u2013 &#8220;without snowshoes, it would be impossible&#8221;. Unser Gel\u00e4chter wird mit einem &#8220;It&#8217;s easier where you are&#8221; kommentiert:-)<\/p>\n\n\n\n<p>Naja, stapfen wir halt den leichten Weg zur\u00fcck \u2013 um zwanzig vor eins sind wir wieder im Ort, etwas zu sp\u00e4t, um rechtzeitig zum Mittagessen wieder an Bord zu sein. Wegen der Sicherheits\u00fcbung gibt es heute nur bis 13 Uhr Essen, normalerweise langt es mir. Egal \u2013 ich habe noch einen Apfel und &#8220;Sjokoladeterapie&#8221; auf der Kabine, also g\u00f6nne ich mir noch den Umweg zur Fischereischule auf der anderen Hafenseite, um unser Schiffchen zu knipsen. Sind ja perfekte Bedingungen daf\u00fcr&#8230;<\/p>\n\n\n\n<ul class=\"wp-block-gallery columns-2 is-cropped wp-block-gallery-5 is-layout-flex wp-block-gallery-is-layout-flex\"><li class=\"blocks-gallery-item\"><figure><a href=\"https:\/\/kerste.de\/?attachment_id=9754#main\"><img loading=\"lazy\" decoding=\"async\" width=\"1024\" height=\"683\" src=\"https:\/\/kerste.de\/wp-content\/uploads\/2019\/03\/20190310-12h-57m-DSC_3784-1024x683.jpg\" alt=\"\" data-id=\"9754\" data-link=\"https:\/\/kerste.de\/?attachment_id=9754#main\" class=\"wp-image-9754\" srcset=\"https:\/\/kerste.de\/wp-content\/uploads\/2019\/03\/20190310-12h-57m-DSC_3784.jpg 1024w, https:\/\/kerste.de\/wp-content\/uploads\/2019\/03\/20190310-12h-57m-DSC_3784-300x200.jpg 300w, https:\/\/kerste.de\/wp-content\/uploads\/2019\/03\/20190310-12h-57m-DSC_3784-768x512.jpg 768w\" sizes=\"auto, (max-width: 1024px) 100vw, 1024px\" \/><\/a><figcaption>Nordnorge in Honningsv\u00e5g<\/figcaption><\/figure><\/li><li class=\"blocks-gallery-item\"><figure><a href=\"https:\/\/kerste.de\/?attachment_id=9757#main\"><img loading=\"lazy\" decoding=\"async\" width=\"1024\" height=\"683\" src=\"https:\/\/kerste.de\/wp-content\/uploads\/2019\/03\/20190310-13h-02m-DSC_3807-1024x683.jpg\" alt=\"\" data-id=\"9757\" data-link=\"https:\/\/kerste.de\/?attachment_id=9757#main\" class=\"wp-image-9757\" srcset=\"https:\/\/kerste.de\/wp-content\/uploads\/2019\/03\/20190310-13h-02m-DSC_3807.jpg 1024w, https:\/\/kerste.de\/wp-content\/uploads\/2019\/03\/20190310-13h-02m-DSC_3807-300x200.jpg 300w, https:\/\/kerste.de\/wp-content\/uploads\/2019\/03\/20190310-13h-02m-DSC_3807-768x512.jpg 768w\" sizes=\"auto, (max-width: 1024px) 100vw, 1024px\" \/><\/a><figcaption>Nordnorge in Honningsv\u00e5g<\/figcaption><\/figure><\/li><li class=\"blocks-gallery-item\"><figure><a href=\"https:\/\/kerste.de\/?attachment_id=9755#main\"><img loading=\"lazy\" decoding=\"async\" width=\"1024\" height=\"683\" src=\"https:\/\/kerste.de\/wp-content\/uploads\/2019\/03\/20190310-12h-58m-DSC_3787-1024x683.jpg\" alt=\"\" data-id=\"9755\" data-link=\"https:\/\/kerste.de\/?attachment_id=9755#main\" class=\"wp-image-9755\" srcset=\"https:\/\/kerste.de\/wp-content\/uploads\/2019\/03\/20190310-12h-58m-DSC_3787.jpg 1024w, https:\/\/kerste.de\/wp-content\/uploads\/2019\/03\/20190310-12h-58m-DSC_3787-300x200.jpg 300w, https:\/\/kerste.de\/wp-content\/uploads\/2019\/03\/20190310-12h-58m-DSC_3787-768x512.jpg 768w\" sizes=\"auto, (max-width: 1024px) 100vw, 1024px\" \/><\/a><figcaption>Nordnorge in Honningsv\u00e5g<\/figcaption><\/figure><\/li><\/ul>\n\n\n\n<p>Anschlie\u00dfend noch ein paar Bildchen vom Ort und zur\u00fcck zum Schiff \u2013 trotz Bilderbuchwetter wird es langsam etwas frisch.<\/p>\n\n\n\n<ul class=\"wp-block-gallery columns-3 is-cropped wp-block-gallery-6 is-layout-flex wp-block-gallery-is-layout-flex\"><li class=\"blocks-gallery-item\"><figure><img loading=\"lazy\" decoding=\"async\" width=\"1024\" height=\"683\" src=\"https:\/\/kerste.de\/wp-content\/uploads\/2019\/03\/20190310-13h-22m-DSC_3823-1024x683.jpg\" alt=\"\" data-id=\"9759\" data-link=\"https:\/\/kerste.de\/?attachment_id=9759#main\" class=\"wp-image-9759\" srcset=\"https:\/\/kerste.de\/wp-content\/uploads\/2019\/03\/20190310-13h-22m-DSC_3823.jpg 1024w, https:\/\/kerste.de\/wp-content\/uploads\/2019\/03\/20190310-13h-22m-DSC_3823-300x200.jpg 300w, https:\/\/kerste.de\/wp-content\/uploads\/2019\/03\/20190310-13h-22m-DSC_3823-768x512.jpg 768w\" sizes=\"auto, (max-width: 1024px) 100vw, 1024px\" \/><figcaption>Honningsv\u00e5g<\/figcaption><\/figure><\/li><li class=\"blocks-gallery-item\"><figure><img loading=\"lazy\" decoding=\"async\" width=\"1024\" height=\"683\" src=\"https:\/\/kerste.de\/wp-content\/uploads\/2019\/03\/20190310-13h-35m-DSC_3831-1024x683.jpg\" alt=\"\" data-id=\"9760\" data-link=\"https:\/\/kerste.de\/?attachment_id=9760#main\" class=\"wp-image-9760\" srcset=\"https:\/\/kerste.de\/wp-content\/uploads\/2019\/03\/20190310-13h-35m-DSC_3831.jpg 1024w, https:\/\/kerste.de\/wp-content\/uploads\/2019\/03\/20190310-13h-35m-DSC_3831-300x200.jpg 300w, https:\/\/kerste.de\/wp-content\/uploads\/2019\/03\/20190310-13h-35m-DSC_3831-768x512.jpg 768w\" sizes=\"auto, (max-width: 1024px) 100vw, 1024px\" \/><figcaption>Trash Art<\/figcaption><\/figure><\/li><li class=\"blocks-gallery-item\"><figure><img loading=\"lazy\" decoding=\"async\" width=\"1024\" height=\"683\" src=\"https:\/\/kerste.de\/wp-content\/uploads\/2019\/03\/20190310-12h-42m-DSC_3773-1024x683.jpg\" alt=\"\" data-id=\"9753\" data-link=\"https:\/\/kerste.de\/?attachment_id=9753#main\" class=\"wp-image-9753\" srcset=\"https:\/\/kerste.de\/wp-content\/uploads\/2019\/03\/20190310-12h-42m-DSC_3773.jpg 1024w, https:\/\/kerste.de\/wp-content\/uploads\/2019\/03\/20190310-12h-42m-DSC_3773-300x200.jpg 300w, https:\/\/kerste.de\/wp-content\/uploads\/2019\/03\/20190310-12h-42m-DSC_3773-768x512.jpg 768w\" sizes=\"auto, (max-width: 1024px) 100vw, 1024px\" \/><figcaption>Honningsv\u00e5g<\/figcaption><\/figure><\/li><\/ul>\n\n\n\n<div class=\"wp-block-image\"><figure class=\"alignright\"><a href=\"https:\/\/kerste.de\/?attachment_id=9762#main\"><img loading=\"lazy\" decoding=\"async\" width=\"300\" height=\"200\" src=\"https:\/\/kerste.de\/wp-content\/uploads\/2019\/03\/20190310-16h-33m-DSC_3845-300x200.jpg\" alt=\"\" class=\"wp-image-9762\" srcset=\"https:\/\/kerste.de\/wp-content\/uploads\/2019\/03\/20190310-16h-33m-DSC_3845-300x200.jpg 300w, https:\/\/kerste.de\/wp-content\/uploads\/2019\/03\/20190310-16h-33m-DSC_3845-768x512.jpg 768w, https:\/\/kerste.de\/wp-content\/uploads\/2019\/03\/20190310-16h-33m-DSC_3845.jpg 1024w\" sizes=\"auto, (max-width: 300px) 100vw, 300px\" \/><\/a><figcaption>Ein kitschiger Sonnenuntergang<\/figcaption><\/figure><\/div>\n\n\n\n<p>Honningsv\u00e5g verlassen wir mit einer leichten Versp\u00e4tung, dann kommt \u00dcberfahrt nach Kj\u00f8llefjord. Die Barentssee zeigt sich als echter Ententeich, und gegen 17 Uhr kommt die Finnkirche in Sicht. Statt einem Point of Interest an Deck gibt es jetzt vom Expeditionsteam Norwegen Land &amp; Leute mit dem Tagesr\u00fcckblick. Wer schw\u00e4nzt, kann nicht nur die Finnkirche sehen, sondern auch einen wunderbar kitschigen Sonnenuntergang.<\/p>\n\n\n\n<div class=\"wp-block-image\"><figure class=\"alignleft\"><a href=\"https:\/\/kerste.de\/?attachment_id=9765#main\"><img loading=\"lazy\" decoding=\"async\" width=\"300\" height=\"200\" src=\"https:\/\/kerste.de\/wp-content\/uploads\/2019\/03\/20190310-16h-53m-DSC_3867-300x200.jpg\" alt=\"\" class=\"wp-image-9765\" srcset=\"https:\/\/kerste.de\/wp-content\/uploads\/2019\/03\/20190310-16h-53m-DSC_3867-300x200.jpg 300w, https:\/\/kerste.de\/wp-content\/uploads\/2019\/03\/20190310-16h-53m-DSC_3867-768x512.jpg 768w, https:\/\/kerste.de\/wp-content\/uploads\/2019\/03\/20190310-16h-53m-DSC_3867.jpg 1024w\" sizes=\"auto, (max-width: 300px) 100vw, 300px\" \/><\/a><figcaption>Vor Kj\u00f8llefjord<\/figcaption><\/figure><\/div>\n\n\n\n<p>Fr\u00fcher wurde die Felsformation beleuchtet und beschallt, heute wird der ehemalige samische Opferplatz ignoriert \u2013 ob aus Respekt oder wegen Streiterein dar\u00fcber, wer den Betrieb der Lichtanlage bezahlt, ist unklar. Auch der Krabbenfischer, der in Kj\u00f8llefjord fr\u00fcher an Bord kam, ist Geschichte. Die Firma ist wohl bankrott, und mit dem Fischer kam kein neuer Vertrag zustande.<\/p>\n\n\n\n<ul class=\"wp-block-gallery columns-3 is-cropped wp-block-gallery-7 is-layout-flex wp-block-gallery-is-layout-flex\"><li class=\"blocks-gallery-item\"><figure><a href=\"https:\/\/kerste.de\/?attachment_id=9766#main\"><img loading=\"lazy\" decoding=\"async\" width=\"1024\" height=\"683\" src=\"https:\/\/kerste.de\/wp-content\/uploads\/2019\/03\/20190310-16h-54m-DSC_3874-1024x683.jpg\" alt=\"\" data-id=\"9766\" data-link=\"https:\/\/kerste.de\/?attachment_id=9766#main\" class=\"wp-image-9766\" srcset=\"https:\/\/kerste.de\/wp-content\/uploads\/2019\/03\/20190310-16h-54m-DSC_3874.jpg 1024w, https:\/\/kerste.de\/wp-content\/uploads\/2019\/03\/20190310-16h-54m-DSC_3874-300x200.jpg 300w, https:\/\/kerste.de\/wp-content\/uploads\/2019\/03\/20190310-16h-54m-DSC_3874-768x512.jpg 768w\" sizes=\"auto, (max-width: 1024px) 100vw, 1024px\" \/><\/a><figcaption>Finnkirke<\/figcaption><\/figure><\/li><li class=\"blocks-gallery-item\"><figure><a href=\"https:\/\/kerste.de\/?attachment_id=9767#main\"><img loading=\"lazy\" decoding=\"async\" width=\"1024\" height=\"683\" src=\"https:\/\/kerste.de\/wp-content\/uploads\/2019\/03\/20190310-16h-54m-DSC_3877-1024x683.jpg\" alt=\"\" data-id=\"9767\" data-link=\"https:\/\/kerste.de\/?attachment_id=9767#main\" class=\"wp-image-9767\" srcset=\"https:\/\/kerste.de\/wp-content\/uploads\/2019\/03\/20190310-16h-54m-DSC_3877.jpg 1024w, https:\/\/kerste.de\/wp-content\/uploads\/2019\/03\/20190310-16h-54m-DSC_3877-300x200.jpg 300w, https:\/\/kerste.de\/wp-content\/uploads\/2019\/03\/20190310-16h-54m-DSC_3877-768x512.jpg 768w\" sizes=\"auto, (max-width: 1024px) 100vw, 1024px\" \/><\/a><figcaption>Finnkirke<\/figcaption><\/figure><\/li><li class=\"blocks-gallery-item\"><figure><a href=\"https:\/\/kerste.de\/?attachment_id=9768#main\"><img loading=\"lazy\" decoding=\"async\" width=\"1024\" height=\"683\" src=\"https:\/\/kerste.de\/wp-content\/uploads\/2019\/03\/20190310-16h-55m-DSC_3887-1024x683.jpg\" alt=\"\" data-id=\"9768\" data-link=\"https:\/\/kerste.de\/?attachment_id=9768#main\" class=\"wp-image-9768\" srcset=\"https:\/\/kerste.de\/wp-content\/uploads\/2019\/03\/20190310-16h-55m-DSC_3887.jpg 1024w, https:\/\/kerste.de\/wp-content\/uploads\/2019\/03\/20190310-16h-55m-DSC_3887-300x200.jpg 300w, https:\/\/kerste.de\/wp-content\/uploads\/2019\/03\/20190310-16h-55m-DSC_3887-768x512.jpg 768w\" sizes=\"auto, (max-width: 1024px) 100vw, 1024px\" \/><\/a><figcaption>Finnkirke (mit M\u00f6ndchen)<\/figcaption><\/figure><\/li><li class=\"blocks-gallery-item\"><figure><a href=\"https:\/\/kerste.de\/?attachment_id=9769#main\"><img loading=\"lazy\" decoding=\"async\" width=\"1024\" height=\"683\" src=\"https:\/\/kerste.de\/wp-content\/uploads\/2019\/03\/20190310-16h-59m-DSC_3905-1024x683.jpg\" alt=\"\" data-id=\"9769\" data-link=\"https:\/\/kerste.de\/?attachment_id=9769#main\" class=\"wp-image-9769\" srcset=\"https:\/\/kerste.de\/wp-content\/uploads\/2019\/03\/20190310-16h-59m-DSC_3905.jpg 1024w, https:\/\/kerste.de\/wp-content\/uploads\/2019\/03\/20190310-16h-59m-DSC_3905-300x200.jpg 300w, https:\/\/kerste.de\/wp-content\/uploads\/2019\/03\/20190310-16h-59m-DSC_3905-768x512.jpg 768w\" sizes=\"auto, (max-width: 1024px) 100vw, 1024px\" \/><\/a><figcaption>Finnkirke<\/figcaption><\/figure><\/li><\/ul>\n\n\n\n<p>Daher sehen nur eine handvoll Leute die Felsformation, die bei Tageslicht wirklich an eine Kirche erinnert: Ein hoher Turm, an den das flache Kirchenschiff anschlie\u00dft. Im <a href=\"https:\/\/kerste.de\/?p=3917\">Januar 2016<\/a> hatte ich sie mal beleuchtet und mit Mond erlebt \u2013 das war richtig mystisch, heute im Sonnenschein ist die schmale Mondsichel \u00fcber ihr lediglich nett anzuschauen.<\/p>\n\n\n\n<div class=\"wp-block-image\"><figure class=\"alignleft\"><a href=\"https:\/\/kerste.de\/?attachment_id=9770#main\"><img loading=\"lazy\" decoding=\"async\" width=\"300\" height=\"200\" src=\"https:\/\/kerste.de\/wp-content\/uploads\/2019\/03\/20190310-17h-07m-DSC_3909-300x200.jpg\" alt=\"\" class=\"wp-image-9770\" srcset=\"https:\/\/kerste.de\/wp-content\/uploads\/2019\/03\/20190310-17h-07m-DSC_3909-300x200.jpg 300w, https:\/\/kerste.de\/wp-content\/uploads\/2019\/03\/20190310-17h-07m-DSC_3909-768x512.jpg 768w, https:\/\/kerste.de\/wp-content\/uploads\/2019\/03\/20190310-17h-07m-DSC_3909.jpg 1024w\" sizes=\"auto, (max-width: 300px) 100vw, 300px\" \/><\/a><figcaption>Kj\u00f8llefjord<\/figcaption><\/figure><\/div>\n\n\n\n<p>Im h\u00fcbsch verschneiten Kj\u00f8llefjord machen wir nur kurz Halt, bevor es bei sch\u00f6nstem Wetter weiter geht. F\u00fcr uns hei\u00dft das Abendessenzeit, jetzt ist das Nordkap-Buffet auf dem Programm. Also feste Sitze, aber freie Essenswahl. Es mag sein, dass ich mich am Rentiergeschnetzelten leicht \u00fcberfressen habe, aber ich hatte ja auch kein richtiges Mittagessen&#8230;<br><\/p>\n\n\n\n<ul class=\"wp-block-gallery columns-3 is-cropped wp-block-gallery-8 is-layout-flex wp-block-gallery-is-layout-flex\"><li class=\"blocks-gallery-item\"><figure><a href=\"https:\/\/kerste.de\/?attachment_id=9778\"><img loading=\"lazy\" decoding=\"async\" width=\"1024\" height=\"768\" src=\"https:\/\/kerste.de\/wp-content\/uploads\/2019\/03\/20190310-18h-02m-IMG_8709-1024x768.jpg\" alt=\"\" data-id=\"9778\" data-link=\"https:\/\/kerste.de\/?attachment_id=9778\" class=\"wp-image-9778\" srcset=\"https:\/\/kerste.de\/wp-content\/uploads\/2019\/03\/20190310-18h-02m-IMG_8709.jpg 1024w, https:\/\/kerste.de\/wp-content\/uploads\/2019\/03\/20190310-18h-02m-IMG_8709-300x225.jpg 300w, https:\/\/kerste.de\/wp-content\/uploads\/2019\/03\/20190310-18h-02m-IMG_8709-768x576.jpg 768w\" sizes=\"auto, (max-width: 1024px) 100vw, 1024px\" \/><\/a><figcaption>Nordkap-Buffett<\/figcaption><\/figure><\/li><li class=\"blocks-gallery-item\"><figure><a href=\"https:\/\/kerste.de\/?attachment_id=9779\"><img loading=\"lazy\" decoding=\"async\" width=\"1024\" height=\"768\" src=\"https:\/\/kerste.de\/wp-content\/uploads\/2019\/03\/20190310-18h-02m-IMG_8710-1024x768.jpg\" alt=\"\" data-id=\"9779\" data-link=\"https:\/\/kerste.de\/?attachment_id=9779\" class=\"wp-image-9779\" srcset=\"https:\/\/kerste.de\/wp-content\/uploads\/2019\/03\/20190310-18h-02m-IMG_8710.jpg 1024w, https:\/\/kerste.de\/wp-content\/uploads\/2019\/03\/20190310-18h-02m-IMG_8710-300x225.jpg 300w, https:\/\/kerste.de\/wp-content\/uploads\/2019\/03\/20190310-18h-02m-IMG_8710-768x576.jpg 768w\" sizes=\"auto, (max-width: 1024px) 100vw, 1024px\" \/><\/a><figcaption>Nordkap-Buffett<\/figcaption><\/figure><\/li><li class=\"blocks-gallery-item\"><figure><a href=\"https:\/\/kerste.de\/?attachment_id=9780\"><img loading=\"lazy\" decoding=\"async\" width=\"1024\" height=\"768\" src=\"https:\/\/kerste.de\/wp-content\/uploads\/2019\/03\/20190310-18h-02m-IMG_8711-1024x768.jpg\" alt=\"\" data-id=\"9780\" data-link=\"https:\/\/kerste.de\/?attachment_id=9780\" class=\"wp-image-9780\" srcset=\"https:\/\/kerste.de\/wp-content\/uploads\/2019\/03\/20190310-18h-02m-IMG_8711.jpg 1024w, https:\/\/kerste.de\/wp-content\/uploads\/2019\/03\/20190310-18h-02m-IMG_8711-300x225.jpg 300w, https:\/\/kerste.de\/wp-content\/uploads\/2019\/03\/20190310-18h-02m-IMG_8711-768x576.jpg 768w\" sizes=\"auto, (max-width: 1024px) 100vw, 1024px\" \/><\/a><figcaption>Nordkap-Buffett<\/figcaption><\/figure><\/li><li class=\"blocks-gallery-item\"><figure><a href=\"https:\/\/kerste.de\/?attachment_id=9781\"><img loading=\"lazy\" decoding=\"async\" width=\"1024\" height=\"768\" src=\"https:\/\/kerste.de\/wp-content\/uploads\/2019\/03\/20190310-18h-02m-IMG_8712-1024x768.jpg\" alt=\"\" data-id=\"9781\" data-link=\"https:\/\/kerste.de\/?attachment_id=9781\" class=\"wp-image-9781\" srcset=\"https:\/\/kerste.de\/wp-content\/uploads\/2019\/03\/20190310-18h-02m-IMG_8712.jpg 1024w, https:\/\/kerste.de\/wp-content\/uploads\/2019\/03\/20190310-18h-02m-IMG_8712-300x225.jpg 300w, https:\/\/kerste.de\/wp-content\/uploads\/2019\/03\/20190310-18h-02m-IMG_8712-768x576.jpg 768w\" sizes=\"auto, (max-width: 1024px) 100vw, 1024px\" \/><\/a><figcaption>Nordkap-Buffett<\/figcaption><\/figure><\/li><li class=\"blocks-gallery-item\"><figure><a href=\"https:\/\/kerste.de\/?attachment_id=9782\"><img loading=\"lazy\" decoding=\"async\" width=\"1024\" height=\"768\" src=\"https:\/\/kerste.de\/wp-content\/uploads\/2019\/03\/20190310-18h-03m-IMG_8713-1024x768.jpg\" alt=\"\" data-id=\"9782\" data-link=\"https:\/\/kerste.de\/?attachment_id=9782\" class=\"wp-image-9782\" srcset=\"https:\/\/kerste.de\/wp-content\/uploads\/2019\/03\/20190310-18h-03m-IMG_8713.jpg 1024w, https:\/\/kerste.de\/wp-content\/uploads\/2019\/03\/20190310-18h-03m-IMG_8713-300x225.jpg 300w, https:\/\/kerste.de\/wp-content\/uploads\/2019\/03\/20190310-18h-03m-IMG_8713-768x576.jpg 768w\" sizes=\"auto, (max-width: 1024px) 100vw, 1024px\" \/><\/a><figcaption>Nordkap-Buffett<\/figcaption><\/figure><\/li><li class=\"blocks-gallery-item\"><figure><a href=\"https:\/\/kerste.de\/?attachment_id=9783\"><img loading=\"lazy\" decoding=\"async\" width=\"1024\" height=\"768\" src=\"https:\/\/kerste.de\/wp-content\/uploads\/2019\/03\/20190310-18h-03m-IMG_8714-1024x768.jpg\" alt=\"\" data-id=\"9783\" data-link=\"https:\/\/kerste.de\/?attachment_id=9783\" class=\"wp-image-9783\" srcset=\"https:\/\/kerste.de\/wp-content\/uploads\/2019\/03\/20190310-18h-03m-IMG_8714.jpg 1024w, https:\/\/kerste.de\/wp-content\/uploads\/2019\/03\/20190310-18h-03m-IMG_8714-300x225.jpg 300w, https:\/\/kerste.de\/wp-content\/uploads\/2019\/03\/20190310-18h-03m-IMG_8714-768x576.jpg 768w\" sizes=\"auto, (max-width: 1024px) 100vw, 1024px\" \/><\/a><figcaption>Nordkap-Buffett<\/figcaption><\/figure><\/li><li class=\"blocks-gallery-item\"><figure><a href=\"https:\/\/kerste.de\/?attachment_id=9784\"><img loading=\"lazy\" decoding=\"async\" width=\"1024\" height=\"768\" src=\"https:\/\/kerste.de\/wp-content\/uploads\/2019\/03\/20190310-18h-03m-IMG_8715-1024x768.jpg\" alt=\"\" data-id=\"9784\" data-link=\"https:\/\/kerste.de\/?attachment_id=9784\" class=\"wp-image-9784\" srcset=\"https:\/\/kerste.de\/wp-content\/uploads\/2019\/03\/20190310-18h-03m-IMG_8715.jpg 1024w, https:\/\/kerste.de\/wp-content\/uploads\/2019\/03\/20190310-18h-03m-IMG_8715-300x225.jpg 300w, https:\/\/kerste.de\/wp-content\/uploads\/2019\/03\/20190310-18h-03m-IMG_8715-768x576.jpg 768w\" sizes=\"auto, (max-width: 1024px) 100vw, 1024px\" \/><\/a><figcaption>Nordkap-Buffett<\/figcaption><\/figure><\/li><\/ul>\n\n\n\n<p>Anschlie\u00dfend hei\u00dft es abwarten. Bislang hatten wir ja bestes Wetter, Nordkap mit Sonne und ohne Wind ist sehr selten. Aber zumindest das Weltraumwetter k\u00f6nnte mal etwas unruhiger werden. Wir haben sternklaren Himmel, ruhige See und nur acht Grad unter null \u2013 aber bestenfalls ein Hauch von einer Ahnung von Polarlicht. Die Hoffnung stirbt zuletzt, aber sie stirbt \u2013 gegen Mitternacht gebe ich auf. Immerhin ist f\u00fcr morgen auch klarer Himmel angesagt. Wir werden sehen.<\/p>\n\n\n\n<p>Einziger Lichtblick: Ich bin mit meinem Blog auf dem aktuellen Stand.<\/p>\n<div class=\"shariff shariff-align-left shariff-widget-align-left\"><ul class=\"shariff-buttons theme-white orientation-horizontal buttonsize-small\"><li class=\"shariff-button twitter shariff-nocustomcolor\" style=\"background-color:#595959\"><a href=\"https:\/\/twitter.com\/share?url=https%3A%2F%2Fkerste.de%2F%3Fp%3D9775&text=Hurtigrute%20Tag%206%3A%20Honningsv%C3%A5g\" title=\"Bei X teilen\" aria-label=\"Bei X teilen\" role=\"button\" rel=\"noopener nofollow\" class=\"shariff-link\" style=\"; background-color:#000; color:#000\" target=\"_blank\"><span class=\"shariff-icon\" style=\"fill:#000\"><svg width=\"32px\" height=\"20px\" xmlns=\"http:\/\/www.w3.org\/2000\/svg\" viewBox=\"0 0 24 24\"><path fill=\"#000\" d=\"M14.258 10.152L23.176 0h-2.113l-7.747 8.813L7.133 0H0l9.352 13.328L0 23.973h2.113l8.176-9.309 6.531 9.309h7.133zm-2.895 3.293l-.949-1.328L2.875 1.56h3.246l6.086 8.523.945 1.328 7.91 11.078h-3.246zm0 0\"\/><\/svg><\/span><span class=\"shariff-text\" style=\"color:#000\">teilen<\/span>&nbsp;<\/a><\/li><li class=\"shariff-button facebook shariff-nocustomcolor\" style=\"background-color:#4273c8\"><a href=\"https:\/\/www.facebook.com\/sharer\/sharer.php?u=https%3A%2F%2Fkerste.de%2F%3Fp%3D9775\" title=\"Bei Facebook teilen\" aria-label=\"Bei Facebook teilen\" role=\"button\" rel=\"nofollow\" class=\"shariff-link\" style=\"; background-color:#3b5998; color:#3b5998\" target=\"_blank\"><span class=\"shariff-icon\" style=\"fill:#3b5998\"><svg width=\"32px\" height=\"20px\" xmlns=\"http:\/\/www.w3.org\/2000\/svg\" viewBox=\"0 0 18 32\"><path fill=\"#3b5998\" d=\"M17.1 0.2v4.7h-2.8q-1.5 0-2.1 0.6t-0.5 1.9v3.4h5.2l-0.7 5.3h-4.5v13.6h-5.5v-13.6h-4.5v-5.3h4.5v-3.9q0-3.3 1.9-5.2t5-1.8q2.6 0 4.1 0.2z\"\/><\/svg><\/span><span class=\"shariff-text\" style=\"color:#3b5998\">teilen<\/span>&nbsp;<\/a><\/li><li class=\"shariff-button tumblr shariff-nocustomcolor\" style=\"background-color:#529ecc\"><a href=\"https:\/\/www.tumblr.com\/widgets\/share\/tool?posttype=link&canonicalUrl=https%3A%2F%2Fkerste.de%2F%3Fp%3D9775&tags=kerste.de\" title=\"Bei tumblr teilen\" aria-label=\"Bei tumblr teilen\" role=\"button\" rel=\"noopener nofollow\" class=\"shariff-link\" style=\"; background-color:#36465d; color:#36465d\" target=\"_blank\"><span class=\"shariff-icon\" style=\"fill:#36465d\"><svg width=\"32px\" height=\"20px\" xmlns=\"http:\/\/www.w3.org\/2000\/svg\" viewBox=\"0 0 32 32\"><path fill=\"#36465d\" d=\"M18 14l0 7.3c0 1.9 0 2.9 0.2 3.5 0.2 0.5 0.7 1.1 1.2 1.4 0.7 0.4 1.5 0.6 2.4 0.6 1.6 0 2.6-0.2 4.2-1.3v4.8c-1.4 0.6-2.6 1-3.7 1.3-1.1 0.3-2.3 0.4-3.6 0.4-1.5 0-2.3-0.2-3.4-0.6-1.1-0.4-2.1-0.9-2.9-1.6-0.8-0.7-1.3-1.4-1.7-2.2s-0.5-1.9-0.5-3.4v-11.2h-4.3v-4.5c1.3-0.4 2.7-1 3.6-1.8 0.9-0.8 1.6-1.7 2.2-2.7 0.5-1.1 0.9-2.4 1.1-4.1h5.2l0 8h8v6h-8z\"\/><\/svg><\/span><span class=\"shariff-text\" style=\"color:#36465d\">teilen<\/span>&nbsp;<\/a><\/li><li class=\"shariff-button info shariff-nocustomcolor\" style=\"background-color:#a8a8a8\"><a href=\"http:\/\/ct.de\/-2467514\" title=\"Weitere Informationen\" aria-label=\"Weitere Informationen\" role=\"button\" rel=\"noopener \" class=\"shariff-link\" style=\"; background-color:#999; color:#999\" target=\"_blank\"><span class=\"shariff-icon\" style=\"fill:#999\"><svg width=\"32px\" height=\"20px\" xmlns=\"http:\/\/www.w3.org\/2000\/svg\" viewBox=\"0 0 11 32\"><path fill=\"#999\" d=\"M11.4 24v2.3q0 0.5-0.3 0.8t-0.8 0.4h-9.1q-0.5 0-0.8-0.4t-0.4-0.8v-2.3q0-0.5 0.4-0.8t0.8-0.4h1.1v-6.8h-1.1q-0.5 0-0.8-0.4t-0.4-0.8v-2.3q0-0.5 0.4-0.8t0.8-0.4h6.8q0.5 0 0.8 0.4t0.4 0.8v10.3h1.1q0.5 0 0.8 0.4t0.3 0.8zM9.2 3.4v3.4q0 0.5-0.4 0.8t-0.8 0.4h-4.6q-0.4 0-0.8-0.4t-0.4-0.8v-3.4q0-0.4 0.4-0.8t0.8-0.4h4.6q0.5 0 0.8 0.4t0.4 0.8z\"\/><\/svg><\/span><\/a><\/li><\/ul><\/div>","protected":false},"excerpt":{"rendered":"<p>Diese Reise ist schlecht f\u00fcr meinen Tagesrhythmus: Der Wecker steht auf kurz nach acht, und ich wache bereits um halb acht auf. Obwohl es gestern wieder sp\u00e4t war, dem Nordlichtalarm um Mitternacht sei Dank. Damit bleibt mir genug Zeit, um nicht nur Hav\u00f8ysund zu sehen, sondern auch die s\u00fcdgehende MS Lofoten. Sie ist das \u00e4lteste [&hellip;]<\/p>\n","protected":false},"author":1,"featured_media":0,"comment_status":"open","ping_status":"open","sticky":false,"template":"","format":"standard","meta":{"footnotes":""},"categories":[394],"tags":[398,179,397],"class_list":["post-9775","post","type-post","status-publish","format-standard","hentry","category-hurtigruten-2019-grp-116","tag-buffett","tag-honningsvag","tag-lofoten"],"_links":{"self":[{"href":"https:\/\/kerste.de\/index.php?rest_route=\/wp\/v2\/posts\/9775","targetHints":{"allow":["GET"]}}],"collection":[{"href":"https:\/\/kerste.de\/index.php?rest_route=\/wp\/v2\/posts"}],"about":[{"href":"https:\/\/kerste.de\/index.php?rest_route=\/wp\/v2\/types\/post"}],"author":[{"embeddable":true,"href":"https:\/\/kerste.de\/index.php?rest_route=\/wp\/v2\/users\/1"}],"replies":[{"embeddable":true,"href":"https:\/\/kerste.de\/index.php?rest_route=%2Fwp%2Fv2%2Fcomments&post=9775"}],"version-history":[{"count":4,"href":"https:\/\/kerste.de\/index.php?rest_route=\/wp\/v2\/posts\/9775\/revisions"}],"predecessor-version":[{"id":9787,"href":"https:\/\/kerste.de\/index.php?rest_route=\/wp\/v2\/posts\/9775\/revisions\/9787"}],"wp:attachment":[{"href":"https:\/\/kerste.de\/index.php?rest_route=%2Fwp%2Fv2%2Fmedia&parent=9775"}],"wp:term":[{"taxonomy":"category","embeddable":true,"href":"https:\/\/kerste.de\/index.php?rest_route=%2Fwp%2Fv2%2Fcategories&post=9775"},{"taxonomy":"post_tag","embeddable":true,"href":"https:\/\/kerste.de\/index.php?rest_route=%2Fwp%2Fv2%2Ftags&post=9775"}],"curies":[{"name":"wp","href":"https:\/\/api.w.org\/{rel}","templated":true}]}}