{"id":8895,"date":"2018-12-04T00:54:27","date_gmt":"2018-12-03T22:54:27","guid":{"rendered":"https:\/\/kerste.de\/?p=8895"},"modified":"2018-12-04T00:54:27","modified_gmt":"2018-12-03T22:54:27","slug":"hurtigrute-tag-2-alesund","status":"publish","type":"post","link":"https:\/\/kerste.de\/?p=8895","title":{"rendered":"Hurtigrute Tag 2: \u00c5lesund"},"content":{"rendered":"<p>Heute ist \u00c5lesund-Tag, und da die Begr\u00fc\u00dfungsveranstaltung f\u00fcr unsere Gruppe erst um 15 Uhr ist, wenn wir \u00c5lesund bereits verlassen haben, ist es f\u00fcr mich ein ruhiger Tag. Ich mache den ersten Vortrag ja gerne schon heute, weil die Fotogesch\u00e4fte im Norden gelinde gesagt sp\u00e4rlich sind, aber der Halt in Bod\u00f8 muss ausreichen, damit jeder sein Equipment vervollst\u00e4ndigen kann.<\/p>\n<div id=\"attachment_8879\" style=\"width: 310px\" class=\"wp-caption alignright\"><a href=\"https:\/\/kerste.de\/wp-content\/uploads\/2018\/12\/20181203-08h-34m-P1490240.jpg\"><img loading=\"lazy\" decoding=\"async\" aria-describedby=\"caption-attachment-8879\" class=\"wp-image-8879 size-medium\" src=\"https:\/\/kerste.de\/wp-content\/uploads\/2018\/12\/20181203-08h-34m-P1490240-300x201.jpg\" alt=\"\" width=\"300\" height=\"201\" srcset=\"https:\/\/kerste.de\/wp-content\/uploads\/2018\/12\/20181203-08h-34m-P1490240-300x201.jpg 300w, https:\/\/kerste.de\/wp-content\/uploads\/2018\/12\/20181203-08h-34m-P1490240-768x514.jpg 768w, https:\/\/kerste.de\/wp-content\/uploads\/2018\/12\/20181203-08h-34m-P1490240.jpg 1024w\" sizes=\"auto, (max-width: 300px) 100vw, 300px\" \/><\/a><p id=\"caption-attachment-8879\" class=\"wp-caption-text\">Stad und Westkap<\/p><\/div>\n<p>Daf\u00fcr bietet der d\u00fcstere Morgen ein ganz ordentliches Geschaukel \u00fcber die Stad und rund um das Westkap. Eigentlich war dazu f\u00fcr halb acht ein Point of Interest in der Morgend\u00e4mmerung an Deck angesetzt, aber der wird auf ruhigeres Fahrwasser verschoben (genau wie meine Morgendusche). Nach ein paar Fotos der rauen Gegend geht&#8217;s zum Fr\u00fchst\u00fcck, sodass ich die erste Veranstaltung des Expeditionsteams verpasse. Schade, aber was soll&#8217;s.<\/p>\n<div id=\"attachment_8881\" style=\"width: 310px\" class=\"wp-caption alignleft\"><a href=\"https:\/\/kerste.de\/wp-content\/uploads\/2018\/12\/20181203-10h-18m-P1490247.jpg\"><img loading=\"lazy\" decoding=\"async\" aria-describedby=\"caption-attachment-8881\" class=\"size-medium wp-image-8881\" src=\"https:\/\/kerste.de\/wp-content\/uploads\/2018\/12\/20181203-10h-18m-P1490247-300x169.jpg\" alt=\"\" width=\"300\" height=\"169\" srcset=\"https:\/\/kerste.de\/wp-content\/uploads\/2018\/12\/20181203-10h-18m-P1490247-300x169.jpg 300w, https:\/\/kerste.de\/wp-content\/uploads\/2018\/12\/20181203-10h-18m-P1490247-768x432.jpg 768w, https:\/\/kerste.de\/wp-content\/uploads\/2018\/12\/20181203-10h-18m-P1490247.jpg 1024w\" sizes=\"auto, (max-width: 300px) 100vw, 300px\" \/><\/a><p id=\"caption-attachment-8881\" class=\"wp-caption-text\">Ruhiges Wasser bei Torvik<\/p><\/div>\n<p>Ohne einen Termin am fr\u00fchen Morgen kann ich mir auch mal die Anfahrt auf Torvik anschauen, unseren 10-Uhr-30-Hafen. Wir sind auf beiden Seiten nur wenige Meter vom Ufer entfernt \u2013 so geh\u00f6rt sich die Hurtigrute. Torvik ist ein kleines Kaff, aber auf der gegen\u00fcberliegenden Seite des Sunds liegt Ulsteinvik, mit \u00fcber 5000 Einwohnern eine richtige Metropole. Hier liegt auch die Kleven-Werft, die f\u00fcr Hurtigruten t\u00e4tig war und schlie\u00dflich von der Reederei aufgekauft wurde. Torvik ist vor allem f\u00fcr die beiden gelben Versorgungsschiffe bekannt, von denen ich glaube, dass sie mittlerweile am Kai festgerostet sind. Die <a href=\"http:\/\/www.wwsgroup.no\/fleet.html\" target=\"_blank\" rel=\"noopener\">World Opal<\/a> und ihr Schwesterschiff sind wohl Baujahr 2013, und mindestens seit 2016 liegen sie dort.<\/p>\n<div id=\"attachment_8884\" style=\"width: 310px\" class=\"wp-caption alignright\"><a href=\"https:\/\/kerste.de\/wp-content\/uploads\/2018\/12\/20181203-10h-31m-P1490265.jpg\"><img loading=\"lazy\" decoding=\"async\" aria-describedby=\"caption-attachment-8884\" class=\"size-medium wp-image-8884\" src=\"https:\/\/kerste.de\/wp-content\/uploads\/2018\/12\/20181203-10h-31m-P1490265-300x201.jpg\" alt=\"\" width=\"300\" height=\"201\" srcset=\"https:\/\/kerste.de\/wp-content\/uploads\/2018\/12\/20181203-10h-31m-P1490265-300x201.jpg 300w, https:\/\/kerste.de\/wp-content\/uploads\/2018\/12\/20181203-10h-31m-P1490265-768x514.jpg 768w, https:\/\/kerste.de\/wp-content\/uploads\/2018\/12\/20181203-10h-31m-P1490265.jpg 1024w\" sizes=\"auto, (max-width: 300px) 100vw, 300px\" \/><\/a><p id=\"caption-attachment-8884\" class=\"wp-caption-text\">Torvik mit World Opal und World Peridot<\/p><\/div>\n<p>Wenn ich das richtig lese, kann man sie <a href=\"https:\/\/www.dn.no\/shipping\/offshore\/world-wide-supply\/aage-figenschou\/-vi-fikk-et-skambud-pa-fem-millioner-kroner\/2-1-18594\" target=\"_blank\" rel=\"noopener\">wohl kaufen<\/a>, aber das sprengt mein Budget doch. Da hat Norwegen doch handlichere Souvenirs zu bieten. (Wobei die Hurtigrutenpins, die ich vor drei Wochen f\u00fcr 360 NOK gekauft hatte, jetzt f\u00fcr 110 NOK zu haben sind. Mist.) Der Vormittag geht f\u00fcr die Reiseleitersprechstunde drauf, zu der ich mich dazu geselle (Mal eine neue Taktik: Kari ist auf Deck 4 und Bruno auf Deck 7), bevor wir und \u00c5lesund n\u00e4hern und damit das Mittagessen ansteht.<\/p>\n<p>\u00c5lesund ist f\u00fcr seine Jugendstilh\u00e4user bekannt und bei mir vor allem f\u00fcr den Hausberg Aksla; bei regnerischem Wetter verzichte ich diesmal auf den Aufstieg und gehe ein St\u00fcck weit in die Stadt. Zum ersten Mal bemerke ich ein paar Kanonen oberhalb vom Kremmergarden, die den Weg zum \u00c5lesund Museum weisen. Nach diesem Abstecher gehe ich einkaufen. Mal sehen, ob ich alles heil zur\u00fcck nach Deutschland bringe&#8230;<\/p>\n\n\t\t<style type=\"text\/css\">\n\t\t\t#gallery-1 {\n\t\t\t\tmargin: auto;\n\t\t\t}\n\t\t\t#gallery-1 .gallery-item {\n\t\t\t\tfloat: left;\n\t\t\t\tmargin-top: 10px;\n\t\t\t\ttext-align: center;\n\t\t\t\twidth: 25%;\n\t\t\t}\n\t\t\t#gallery-1 img {\n\t\t\t\tborder: 2px solid #cfcfcf;\n\t\t\t}\n\t\t\t#gallery-1 .gallery-caption {\n\t\t\t\tmargin-left: 0;\n\t\t\t}\n\t\t\t\/* see gallery_shortcode() in wp-includes\/media.php *\/\n\t\t<\/style>\n\t\t<div id='gallery-1' class='gallery galleryid-8895 gallery-columns-4 gallery-size-thumbnail'><dl class='gallery-item'>\n\t\t\t<dt class='gallery-icon landscape'>\n\t\t\t\t<a href='https:\/\/kerste.de\/?attachment_id=8886#main'><img loading=\"lazy\" decoding=\"async\" width=\"150\" height=\"150\" src=\"https:\/\/kerste.de\/wp-content\/uploads\/2018\/12\/20181203-13h-01m-P1490271-150x150.jpg\" class=\"attachment-thumbnail size-thumbnail\" alt=\"\" aria-describedby=\"gallery-1-8886\" \/><\/a>\n\t\t\t<\/dt>\n\t\t\t\t<dd class='wp-caption-text gallery-caption' id='gallery-1-8886'>\n\t\t\t\t\u00c5lesund\n\t\t\t\t<\/dd><\/dl><dl class='gallery-item'>\n\t\t\t<dt class='gallery-icon landscape'>\n\t\t\t\t<a href='https:\/\/kerste.de\/?attachment_id=8889#main'><img loading=\"lazy\" decoding=\"async\" width=\"150\" height=\"150\" src=\"https:\/\/kerste.de\/wp-content\/uploads\/2018\/12\/20181203-13h-14m-P1490291-150x150.jpg\" class=\"attachment-thumbnail size-thumbnail\" alt=\"\" aria-describedby=\"gallery-1-8889\" \/><\/a>\n\t\t\t<\/dt>\n\t\t\t\t<dd class='wp-caption-text gallery-caption' id='gallery-1-8889'>\n\t\t\t\t\u00c5lesund\n\t\t\t\t<\/dd><\/dl><dl class='gallery-item'>\n\t\t\t<dt class='gallery-icon landscape'>\n\t\t\t\t<a href='https:\/\/kerste.de\/?attachment_id=8890#main'><img loading=\"lazy\" decoding=\"async\" width=\"150\" height=\"150\" src=\"https:\/\/kerste.de\/wp-content\/uploads\/2018\/12\/20181203-14h-00m-P1490300-150x150.jpg\" class=\"attachment-thumbnail size-thumbnail\" alt=\"\" aria-describedby=\"gallery-1-8890\" \/><\/a>\n\t\t\t<\/dt>\n\t\t\t\t<dd class='wp-caption-text gallery-caption' id='gallery-1-8890'>\n\t\t\t\t\u00c5lesund Museum\n\t\t\t\t<\/dd><\/dl><dl class='gallery-item'>\n\t\t\t<dt class='gallery-icon landscape'>\n\t\t\t\t<a href='https:\/\/kerste.de\/?attachment_id=8891#main'><img loading=\"lazy\" decoding=\"async\" width=\"150\" height=\"150\" src=\"https:\/\/kerste.de\/wp-content\/uploads\/2018\/12\/20181203-14h-06m-IMG_7592-150x150.jpg\" class=\"attachment-thumbnail size-thumbnail\" alt=\"\" aria-describedby=\"gallery-1-8891\" \/><\/a>\n\t\t\t<\/dt>\n\t\t\t\t<dd class='wp-caption-text gallery-caption' id='gallery-1-8891'>\n\t\t\t\tAuch Statuen wird kalt\n\t\t\t\t<\/dd><\/dl><br style=\"clear: both\" \/>\n\t\t<\/div>\n\n<p>\u00c5lesund hat jede Menge Statuen zu bieten, und typisch f\u00fcr Norwegen werden hier gerne Schals verteilt \u2013 nicht nur die Denkm\u00e4ler f\u00fcr ber\u00fchmte Menschen. Immer wieder nett. Um 15 Uhr verlassen wir \u00c5lesund, was auch etwa mit dem Sonnenuntergang zusammenf\u00e4llt \u2013 die Polarnacht l\u00e4sst gr\u00fc\u00dfen.<\/p>\n<p>Zur\u00fcck auf dem Schiff haben wir dann um 15 Uhr unseren Welcome-Cocktail, bei dem wir uns kurz vorstellen, bevor Kari und Bruno das wichtigste zur Tour erz\u00e4hlen. Bei diesen Gruppenreisen jagen wir ja niemandem hinterher, aber wer will, kann uns jederzeit um Beratung bitten.<\/p>\n<p>Anschlie\u00dfend hat das Schiff eine Infoveranstaltung, auch wenn das nicht leicht zu finden ist: Die Tagesprogramme gibt es nur auf Wunsch in gedruckter Form, ansonsten wird auf die Monitore verwiesen, und die M\u00f6glichkeit, das Programm dort abzufotografieren. In gewisser Weise ist das nat\u00fcrlich sch\u00f6n f\u00fcr die Umwelt, aber auch die beste M\u00f6glichkeit, nichts vom Schiffsprogramm mitzubekommen&#8230; A propos, noch eine Eigenheit der Nordkapp: Die Wasserkaraffen stehen nicht auf dem Tisch, stattdessen muss man beim Kellner nach dem kostenlosen Tap-Water fragen. Etwas umst\u00e4ndlich.<\/p>\n<div id=\"attachment_8892\" style=\"width: 310px\" class=\"wp-caption alignleft\"><a href=\"https:\/\/kerste.de\/wp-content\/uploads\/2018\/12\/20181203-17h-59m-IMG_7595.jpg\"><img loading=\"lazy\" decoding=\"async\" aria-describedby=\"caption-attachment-8892\" class=\"size-medium wp-image-8892\" src=\"https:\/\/kerste.de\/wp-content\/uploads\/2018\/12\/20181203-17h-59m-IMG_7595-300x225.jpg\" alt=\"\" width=\"300\" height=\"225\" srcset=\"https:\/\/kerste.de\/wp-content\/uploads\/2018\/12\/20181203-17h-59m-IMG_7595-300x225.jpg 300w, https:\/\/kerste.de\/wp-content\/uploads\/2018\/12\/20181203-17h-59m-IMG_7595-768x576.jpg 768w, https:\/\/kerste.de\/wp-content\/uploads\/2018\/12\/20181203-17h-59m-IMG_7595.jpg 1024w\" sizes=\"auto, (max-width: 300px) 100vw, 300px\" \/><\/a><p id=\"caption-attachment-8892\" class=\"wp-caption-text\">Molde<\/p><\/div>\n<p>P\u00fcnktlich zum Abendessen um 18 Uhr sind wir dann in Molde, mittlerweile hat es sich auch eingeregnet. Die Begegnung mit der Polarlys etwas sp\u00e4ter kommt etwas \u00fcberraschend, die \u00dcbersicht mit den Schiffsbegegnungen fehlt auf dem Fahrplan, und Durchsage gab es auch keine. Daf\u00fcr fuhren beide Schiffe sch\u00f6n nah aneinander vorbei, was wir aus dem Panoramasalon verfolgten.<\/p>\n<p>Um 21:30 gab es als Abendprogramm f\u00fcr die deutschen G\u00e4ste noch einen Film \u00fcber das Polarlicht, bevor wir um 22:15 Kristiansund erreichen. Laut Schiffsfahrplan sind wir p\u00fcnktlich, auf \u00e4lteren Pl\u00e4nen stand 22:00 als Ankunftszeit. Bei nur 45 Minuten Aufenthalt und Regen spare ich mir einen kurzen Landgang&#8230;<\/p>\n<div id=\"attachment_8893\" style=\"width: 310px\" class=\"wp-caption alignright\"><a href=\"https:\/\/kerste.de\/wp-content\/uploads\/2018\/12\/20181203-22h-31m-P1490306.jpg\"><img loading=\"lazy\" decoding=\"async\" aria-describedby=\"caption-attachment-8893\" class=\"size-medium wp-image-8893\" src=\"https:\/\/kerste.de\/wp-content\/uploads\/2018\/12\/20181203-22h-31m-P1490306-300x201.jpg\" alt=\"\" width=\"300\" height=\"201\" srcset=\"https:\/\/kerste.de\/wp-content\/uploads\/2018\/12\/20181203-22h-31m-P1490306-300x201.jpg 300w, https:\/\/kerste.de\/wp-content\/uploads\/2018\/12\/20181203-22h-31m-P1490306-768x514.jpg 768w, https:\/\/kerste.de\/wp-content\/uploads\/2018\/12\/20181203-22h-31m-P1490306.jpg 1024w\" sizes=\"auto, (max-width: 300px) 100vw, 300px\" \/><\/a><p id=\"caption-attachment-8893\" class=\"wp-caption-text\">Kristiansund<\/p><\/div>\n<p>Damit hat sich der Tag auch erledigt. Noch kurz Bilder sortieren, Adobe und Google verfluchen (Google hat mal wieder die API f\u00fcr Google Maps ge\u00e4ndert, und Adobe unterst\u00fctzt mein vor einem halben Jahr gekauftes Lightroom nicht mehr, sodass keine Geodaten mehr angezeigt werden) und das Blog auf den aktuellen Stand bringen, dann war es das auch schon f\u00fcr heute. Zum Tagesabschluss ist es ganz nett, mit dem Schiff mitten durch Kristiansund zu fahren. Weniger nett ist die Wetterprognose, die f\u00fcr morgen in Trondheim Regen vorhersagt, und nicht gerade wenig. Aber wenn es weiter im Norden trocken und wird und Wolkenl\u00fccken hat, will ich gar nicht meckern. Mal sehen, was das Wetter hergibt.<\/p>\n<div class=\"shariff shariff-align-left shariff-widget-align-left\"><ul class=\"shariff-buttons theme-white orientation-horizontal buttonsize-small\"><li class=\"shariff-button twitter shariff-nocustomcolor\" style=\"background-color:#595959\"><a href=\"https:\/\/twitter.com\/share?url=https%3A%2F%2Fkerste.de%2F%3Fp%3D8895&text=Hurtigrute%20Tag%202%3A%20%C3%85lesund\" title=\"Bei X teilen\" aria-label=\"Bei X teilen\" role=\"button\" rel=\"noopener nofollow\" class=\"shariff-link\" style=\"; background-color:#000; color:#000\" target=\"_blank\"><span class=\"shariff-icon\" style=\"fill:#000\"><svg width=\"32px\" height=\"20px\" xmlns=\"http:\/\/www.w3.org\/2000\/svg\" viewBox=\"0 0 24 24\"><path fill=\"#000\" d=\"M14.258 10.152L23.176 0h-2.113l-7.747 8.813L7.133 0H0l9.352 13.328L0 23.973h2.113l8.176-9.309 6.531 9.309h7.133zm-2.895 3.293l-.949-1.328L2.875 1.56h3.246l6.086 8.523.945 1.328 7.91 11.078h-3.246zm0 0\"\/><\/svg><\/span><span class=\"shariff-text\" style=\"color:#000\">teilen<\/span>&nbsp;<\/a><\/li><li class=\"shariff-button facebook shariff-nocustomcolor\" style=\"background-color:#4273c8\"><a href=\"https:\/\/www.facebook.com\/sharer\/sharer.php?u=https%3A%2F%2Fkerste.de%2F%3Fp%3D8895\" title=\"Bei Facebook teilen\" aria-label=\"Bei Facebook teilen\" role=\"button\" rel=\"nofollow\" class=\"shariff-link\" style=\"; background-color:#3b5998; color:#3b5998\" target=\"_blank\"><span class=\"shariff-icon\" style=\"fill:#3b5998\"><svg width=\"32px\" height=\"20px\" xmlns=\"http:\/\/www.w3.org\/2000\/svg\" viewBox=\"0 0 18 32\"><path fill=\"#3b5998\" d=\"M17.1 0.2v4.7h-2.8q-1.5 0-2.1 0.6t-0.5 1.9v3.4h5.2l-0.7 5.3h-4.5v13.6h-5.5v-13.6h-4.5v-5.3h4.5v-3.9q0-3.3 1.9-5.2t5-1.8q2.6 0 4.1 0.2z\"\/><\/svg><\/span><span class=\"shariff-text\" style=\"color:#3b5998\">teilen<\/span>&nbsp;<\/a><\/li><li class=\"shariff-button tumblr shariff-nocustomcolor\" style=\"background-color:#529ecc\"><a href=\"https:\/\/www.tumblr.com\/widgets\/share\/tool?posttype=link&canonicalUrl=https%3A%2F%2Fkerste.de%2F%3Fp%3D8895&tags=kerste.de\" title=\"Bei tumblr teilen\" aria-label=\"Bei tumblr teilen\" role=\"button\" rel=\"noopener nofollow\" class=\"shariff-link\" style=\"; background-color:#36465d; color:#36465d\" target=\"_blank\"><span class=\"shariff-icon\" style=\"fill:#36465d\"><svg width=\"32px\" height=\"20px\" xmlns=\"http:\/\/www.w3.org\/2000\/svg\" viewBox=\"0 0 32 32\"><path fill=\"#36465d\" d=\"M18 14l0 7.3c0 1.9 0 2.9 0.2 3.5 0.2 0.5 0.7 1.1 1.2 1.4 0.7 0.4 1.5 0.6 2.4 0.6 1.6 0 2.6-0.2 4.2-1.3v4.8c-1.4 0.6-2.6 1-3.7 1.3-1.1 0.3-2.3 0.4-3.6 0.4-1.5 0-2.3-0.2-3.4-0.6-1.1-0.4-2.1-0.9-2.9-1.6-0.8-0.7-1.3-1.4-1.7-2.2s-0.5-1.9-0.5-3.4v-11.2h-4.3v-4.5c1.3-0.4 2.7-1 3.6-1.8 0.9-0.8 1.6-1.7 2.2-2.7 0.5-1.1 0.9-2.4 1.1-4.1h5.2l0 8h8v6h-8z\"\/><\/svg><\/span><span class=\"shariff-text\" style=\"color:#36465d\">teilen<\/span>&nbsp;<\/a><\/li><li class=\"shariff-button info shariff-nocustomcolor\" style=\"background-color:#a8a8a8\"><a href=\"http:\/\/ct.de\/-2467514\" title=\"Weitere Informationen\" aria-label=\"Weitere Informationen\" role=\"button\" rel=\"noopener \" class=\"shariff-link\" style=\"; background-color:#999; color:#999\" target=\"_blank\"><span class=\"shariff-icon\" style=\"fill:#999\"><svg width=\"32px\" height=\"20px\" xmlns=\"http:\/\/www.w3.org\/2000\/svg\" viewBox=\"0 0 11 32\"><path fill=\"#999\" d=\"M11.4 24v2.3q0 0.5-0.3 0.8t-0.8 0.4h-9.1q-0.5 0-0.8-0.4t-0.4-0.8v-2.3q0-0.5 0.4-0.8t0.8-0.4h1.1v-6.8h-1.1q-0.5 0-0.8-0.4t-0.4-0.8v-2.3q0-0.5 0.4-0.8t0.8-0.4h6.8q0.5 0 0.8 0.4t0.4 0.8v10.3h1.1q0.5 0 0.8 0.4t0.3 0.8zM9.2 3.4v3.4q0 0.5-0.4 0.8t-0.8 0.4h-4.6q-0.4 0-0.8-0.4t-0.4-0.8v-3.4q0-0.4 0.4-0.8t0.8-0.4h4.6q0.5 0 0.8 0.4t0.4 0.8z\"\/><\/svg><\/span><\/a><\/li><\/ul><\/div>","protected":false},"excerpt":{"rendered":"<p>Heute ist \u00c5lesund-Tag, und da die Begr\u00fc\u00dfungsveranstaltung f\u00fcr unsere Gruppe erst um 15 Uhr ist, wenn wir \u00c5lesund bereits verlassen haben, ist es f\u00fcr mich ein ruhiger Tag. Ich mache den ersten Vortrag ja gerne schon heute, weil die Fotogesch\u00e4fte im Norden gelinde gesagt sp\u00e4rlich sind, aber der Halt in Bod\u00f8 muss ausreichen, damit jeder [&hellip;]<\/p>\n","protected":false},"author":1,"featured_media":0,"comment_status":"open","ping_status":"open","sticky":false,"template":"","format":"standard","meta":{"footnotes":""},"categories":[386],"tags":[387,388],"class_list":["post-8895","post","type-post","status-publish","format-standard","hentry","category-hurtigruten-2018-grp113","tag-torvik","tag-world-opal"],"_links":{"self":[{"href":"https:\/\/kerste.de\/index.php?rest_route=\/wp\/v2\/posts\/8895","targetHints":{"allow":["GET"]}}],"collection":[{"href":"https:\/\/kerste.de\/index.php?rest_route=\/wp\/v2\/posts"}],"about":[{"href":"https:\/\/kerste.de\/index.php?rest_route=\/wp\/v2\/types\/post"}],"author":[{"embeddable":true,"href":"https:\/\/kerste.de\/index.php?rest_route=\/wp\/v2\/users\/1"}],"replies":[{"embeddable":true,"href":"https:\/\/kerste.de\/index.php?rest_route=%2Fwp%2Fv2%2Fcomments&post=8895"}],"version-history":[{"count":2,"href":"https:\/\/kerste.de\/index.php?rest_route=\/wp\/v2\/posts\/8895\/revisions"}],"predecessor-version":[{"id":8898,"href":"https:\/\/kerste.de\/index.php?rest_route=\/wp\/v2\/posts\/8895\/revisions\/8898"}],"wp:attachment":[{"href":"https:\/\/kerste.de\/index.php?rest_route=%2Fwp%2Fv2%2Fmedia&parent=8895"}],"wp:term":[{"taxonomy":"category","embeddable":true,"href":"https:\/\/kerste.de\/index.php?rest_route=%2Fwp%2Fv2%2Fcategories&post=8895"},{"taxonomy":"post_tag","embeddable":true,"href":"https:\/\/kerste.de\/index.php?rest_route=%2Fwp%2Fv2%2Ftags&post=8895"}],"curies":[{"name":"wp","href":"https:\/\/api.w.org\/{rel}","templated":true}]}}