{"id":7966,"date":"2017-10-24T01:18:32","date_gmt":"2017-10-23T23:18:32","guid":{"rendered":"http:\/\/kerste.de\/?p=7966"},"modified":"2017-10-24T10:07:31","modified_gmt":"2017-10-24T08:07:31","slug":"hurtigrute-tag-8-hammerfest","status":"publish","type":"post","link":"https:\/\/kerste.de\/?p=7966","title":{"rendered":"Hurtigrute Tag 8: Von Hammerfest nach Troms\u00f8"},"content":{"rendered":"<div id=\"attachment_8040\" style=\"width: 310px\" class=\"wp-caption alignright\"><a href=\"http:\/\/kerste.de\/wp-content\/uploads\/2017\/10\/20171023-09h-00m-P1410355.jpg\"><img loading=\"lazy\" decoding=\"async\" aria-describedby=\"caption-attachment-8040\" class=\"size-medium wp-image-8040\" src=\"https:\/\/kerste.de\/wp-content\/uploads\/2017\/10\/20171023-09h-00m-P1410355-300x169.jpg\" alt=\"\" width=\"300\" height=\"169\" srcset=\"https:\/\/kerste.de\/wp-content\/uploads\/2017\/10\/20171023-09h-00m-P1410355-300x169.jpg 300w, https:\/\/kerste.de\/wp-content\/uploads\/2017\/10\/20171023-09h-00m-P1410355-768x432.jpg 768w, https:\/\/kerste.de\/wp-content\/uploads\/2017\/10\/20171023-09h-00m-P1410355.jpg 1024w\" sizes=\"auto, (max-width: 300px) 100vw, 300px\" \/><\/a><p id=\"caption-attachment-8040\" class=\"wp-caption-text\">Ein Bilderbuch-Sonnenaufgang<\/p><\/div>\n<p>Ein ruhiger Tag auf einer ruhigen Reise: Wir haben in der Nacht die Barentssee verlassen und als ersten Hafen nach dem Fr\u00fchst\u00fcck Hammerfest auf dem Programm \u2013 auf Hav\u00f8ysund um 7:45 verzichte ich. Daf\u00fcr gibt es gegen 9:00 Uhr einen wundersch\u00f6nen Sonnenaufgang zu sehen. Der Tag verspricht \u00e4hnlich sch\u00f6n zu werden (die Wetter-Apps \u00fcbrigens auch). Die See ist ruhig, damit d\u00fcrften wir auf dieser Fahrt von den Herbstst\u00fcrmen verschont bleiben. Was jetzt noch an offenen Seestrecken kommt, ist ohnehin bei Nacht.<\/p>\n<div id=\"attachment_8042\" style=\"width: 310px\" class=\"wp-caption alignleft\"><a href=\"http:\/\/kerste.de\/wp-content\/uploads\/2017\/10\/20171023-10h-29m-P1410393.jpg\"><img loading=\"lazy\" decoding=\"async\" aria-describedby=\"caption-attachment-8042\" class=\"size-medium wp-image-8042\" src=\"https:\/\/kerste.de\/wp-content\/uploads\/2017\/10\/20171023-10h-29m-P1410393-300x169.jpg\" alt=\"\" width=\"300\" height=\"169\" srcset=\"https:\/\/kerste.de\/wp-content\/uploads\/2017\/10\/20171023-10h-29m-P1410393-300x169.jpg 300w, https:\/\/kerste.de\/wp-content\/uploads\/2017\/10\/20171023-10h-29m-P1410393-768x432.jpg 768w, https:\/\/kerste.de\/wp-content\/uploads\/2017\/10\/20171023-10h-29m-P1410393.jpg 1024w\" sizes=\"auto, (max-width: 300px) 100vw, 300px\" \/><\/a><p id=\"caption-attachment-8042\" class=\"wp-caption-text\">Melk\u00f8ya<\/p><\/div>\n<p>Vor Hammerfest kommt immer Malk\u00f8ya, die Fl\u00fcssiggasanlage, zu der Magnus etwas auf Deck 9 erz\u00e4hlt. Ich lasse mich bei der parallel stattfindenden Reiseleitersprechstunde blicken und komme daher zu sp\u00e4t um zu sehen, ob es diesmal auch wieder den leckeren Energiekaffee gibt. Daf\u00fcr komme ich in Hammerfest rechtzeitig von Bord, um Moni f\u00fcr mein Standard-Foto auf der Bank beim Musikpavillon zu requirieren. Vorher geht es am Hafen entlang zur Gamle M\u00e5r\u00f8y (einer alten F\u00e4hre aus der Mitte des 20. Jahrhunderts) und dann zum Marktplatz. Der ist gerade ebenfalls eine Baustelle: Er wird neu gestaltet und erh\u00e4lt bei der Gelegenheit gleich eine Fu\u00dfbodenheizung. Offensichtlich wird mit Wasser statt mit Strom geheizt, w\u00e4re das auch gekl\u00e4rt. Zu den Eisb\u00e4ren vor dem Rathaus kommt man zwar, aber freien Blick auf sie hat man nicht. Schade.<\/p>\n\n\t\t<style type=\"text\/css\">\n\t\t\t#gallery-1 {\n\t\t\t\tmargin: auto;\n\t\t\t}\n\t\t\t#gallery-1 .gallery-item {\n\t\t\t\tfloat: left;\n\t\t\t\tmargin-top: 10px;\n\t\t\t\ttext-align: center;\n\t\t\t\twidth: 25%;\n\t\t\t}\n\t\t\t#gallery-1 img {\n\t\t\t\tborder: 2px solid #cfcfcf;\n\t\t\t}\n\t\t\t#gallery-1 .gallery-caption {\n\t\t\t\tmargin-left: 0;\n\t\t\t}\n\t\t\t\/* see gallery_shortcode() in wp-includes\/media.php *\/\n\t\t<\/style>\n\t\t<div id='gallery-1' class='gallery galleryid-7966 gallery-columns-4 gallery-size-thumbnail'><dl class='gallery-item'>\n\t\t\t<dt class='gallery-icon landscape'>\n\t\t\t\t<a href='https:\/\/kerste.de\/?attachment_id=8044#main'><img loading=\"lazy\" decoding=\"async\" width=\"150\" height=\"150\" src=\"https:\/\/kerste.de\/wp-content\/uploads\/2017\/10\/20171023-10h-49m-P1410416-150x150.jpg\" class=\"attachment-thumbnail size-thumbnail\" alt=\"\" aria-describedby=\"gallery-1-8044\" \/><\/a>\n\t\t\t<\/dt>\n\t\t\t\t<dd class='wp-caption-text gallery-caption' id='gallery-1-8044'>\n\t\t\t\tDie Gamle M\u00e5r\u00f8y\n\t\t\t\t<\/dd><\/dl><dl class='gallery-item'>\n\t\t\t<dt class='gallery-icon landscape'>\n\t\t\t\t<a href='https:\/\/kerste.de\/?attachment_id=8045#main'><img loading=\"lazy\" decoding=\"async\" width=\"150\" height=\"150\" src=\"https:\/\/kerste.de\/wp-content\/uploads\/2017\/10\/20171023-10h-51m-P1410418-150x150.jpg\" class=\"attachment-thumbnail size-thumbnail\" alt=\"\" aria-describedby=\"gallery-1-8045\" \/><\/a>\n\t\t\t<\/dt>\n\t\t\t\t<dd class='wp-caption-text gallery-caption' id='gallery-1-8045'>\n\t\t\t\tBauarbeiten am Marktplatz\n\t\t\t\t<\/dd><\/dl><dl class='gallery-item'>\n\t\t\t<dt class='gallery-icon portrait'>\n\t\t\t\t<a href='https:\/\/kerste.de\/?attachment_id=8048#main'><img loading=\"lazy\" decoding=\"async\" width=\"150\" height=\"150\" src=\"https:\/\/kerste.de\/wp-content\/uploads\/2017\/10\/20171023-10h-59m-P1410438-150x150.jpg\" class=\"attachment-thumbnail size-thumbnail\" alt=\"\" aria-describedby=\"gallery-1-8048\" \/><\/a>\n\t\t\t<\/dt>\n\t\t\t\t<dd class='wp-caption-text gallery-caption' id='gallery-1-8048'>\n\t\t\t\tMein B\u00e4nkle\n\t\t\t\t<\/dd><\/dl><dl class='gallery-item'>\n\t\t\t<dt class='gallery-icon portrait'>\n\t\t\t\t<a href='https:\/\/kerste.de\/?attachment_id=8053#main'><img loading=\"lazy\" decoding=\"async\" width=\"150\" height=\"150\" src=\"https:\/\/kerste.de\/wp-content\/uploads\/2017\/10\/20171023-11h-16m-P1410454-150x150.jpg\" class=\"attachment-thumbnail size-thumbnail\" alt=\"\" aria-describedby=\"gallery-1-8053\" \/><\/a>\n\t\t\t<\/dt>\n\t\t\t\t<dd class='wp-caption-text gallery-caption' id='gallery-1-8053'>\n\t\t\t\tDer Zickzack-Weg\n\t\t\t\t<\/dd><\/dl><br style=\"clear: both\" \/>\n\t\t<\/div>\n\n<p>Anschlie\u00dfend geht es kurz auf den Berg, der Zickzack-Weg ist diesmal frei \u2013 viel Schnee war auf dieser Reise noch nicht zu sehen. So weit wir auch im Norden sind: Es ist Herbst, und der Golfstrom funktioniert. Also bietet sich vom Berg aus ein sch\u00f6ner Blick auf den Hafen samt der Insel (oder Stein, je nachdem, wen man fragt) H\u00e5ya. Am Aussichtspunkt steht auch ein Fernglas, das ich bislang immer ignoriert hatte. Aber obwohl in Norwegen nichts umsonst ist, kostet das tats\u00e4chlich kein Geld, und ich kann mir erstmals Struves Meridians\u00e4ule anschauen. Sie markiert einen der Messpunkte, mit denen sich Norwegen ab 1845 an einem internationalen Projekt zur Vermessung der Form der Erde beteiligte. F\u00fcr einen normalen Besuch ist sie recht abseits (au\u00dfer, man leiht ein Fahrrad), aber so ist doch ein Blick darauf m\u00f6glich \u2013 und mit dem Handy auch ein Foto.<\/p>\n\n\t\t<style type=\"text\/css\">\n\t\t\t#gallery-2 {\n\t\t\t\tmargin: auto;\n\t\t\t}\n\t\t\t#gallery-2 .gallery-item {\n\t\t\t\tfloat: left;\n\t\t\t\tmargin-top: 10px;\n\t\t\t\ttext-align: center;\n\t\t\t\twidth: 25%;\n\t\t\t}\n\t\t\t#gallery-2 img {\n\t\t\t\tborder: 2px solid #cfcfcf;\n\t\t\t}\n\t\t\t#gallery-2 .gallery-caption {\n\t\t\t\tmargin-left: 0;\n\t\t\t}\n\t\t\t\/* see gallery_shortcode() in wp-includes\/media.php *\/\n\t\t<\/style>\n\t\t<div id='gallery-2' class='gallery galleryid-7966 gallery-columns-4 gallery-size-thumbnail'><dl class='gallery-item'>\n\t\t\t<dt class='gallery-icon portrait'>\n\t\t\t\t<a href='https:\/\/kerste.de\/?attachment_id=8051#main'><img loading=\"lazy\" decoding=\"async\" width=\"150\" height=\"150\" src=\"https:\/\/kerste.de\/wp-content\/uploads\/2017\/10\/20171023-11h-12m-P1410447-150x150.jpg\" class=\"attachment-thumbnail size-thumbnail\" alt=\"\" aria-describedby=\"gallery-2-8051\" \/><\/a>\n\t\t\t<\/dt>\n\t\t\t\t<dd class='wp-caption-text gallery-caption' id='gallery-2-8051'>\n\t\t\t\tBlick vom Berg\n\t\t\t\t<\/dd><\/dl><dl class='gallery-item'>\n\t\t\t<dt class='gallery-icon portrait'>\n\t\t\t\t<a href='https:\/\/kerste.de\/?attachment_id=8070#main'><img loading=\"lazy\" decoding=\"async\" width=\"150\" height=\"150\" src=\"https:\/\/kerste.de\/wp-content\/uploads\/2017\/10\/Meridiansaeule_IMG_5778-150x150.jpg\" class=\"attachment-thumbnail size-thumbnail\" alt=\"\" aria-describedby=\"gallery-2-8070\" \/><\/a>\n\t\t\t<\/dt>\n\t\t\t\t<dd class='wp-caption-text gallery-caption' id='gallery-2-8070'>\n\t\t\t\tDie Struve Meridians\u00e4ule\n\t\t\t\t<\/dd><\/dl><dl class='gallery-item'>\n\t\t\t<dt class='gallery-icon landscape'>\n\t\t\t\t<a href='https:\/\/kerste.de\/?attachment_id=8050#main'><img loading=\"lazy\" decoding=\"async\" width=\"150\" height=\"150\" src=\"https:\/\/kerste.de\/wp-content\/uploads\/2017\/10\/20171023-11h-07m-P1410443-150x150.jpg\" class=\"attachment-thumbnail size-thumbnail\" alt=\"\" aria-describedby=\"gallery-2-8050\" \/><\/a>\n\t\t\t<\/dt>\n\t\t\t\t<dd class='wp-caption-text gallery-caption' id='gallery-2-8050'>\n\t\t\t\tDer Hafen\n\t\t\t\t<\/dd><\/dl><dl class='gallery-item'>\n\t\t\t<dt class='gallery-icon landscape'>\n\t\t\t\t<a href='https:\/\/kerste.de\/?attachment_id=8054#main'><img loading=\"lazy\" decoding=\"async\" width=\"150\" height=\"150\" src=\"https:\/\/kerste.de\/wp-content\/uploads\/2017\/10\/20171023-11h-46m-P1410470-150x150.jpg\" class=\"attachment-thumbnail size-thumbnail\" alt=\"\" aria-describedby=\"gallery-2-8054\" \/><\/a>\n\t\t\t<\/dt>\n\t\t\t\t<dd class='wp-caption-text gallery-caption' id='gallery-2-8054'>\n\t\t\t\tDie Grabkapelle\n\t\t\t\t<\/dd><\/dl><br style=\"clear: both\" \/>\n\t\t<\/div>\n\n<p>Nach dem Hausberg bleibt genug Zeit f\u00fcr einen kleinen Stadtrundgang an Grabkapelle und Kirche vorbei sowie einen Abstecher in den Eisb\u00e4renclub. Zur\u00fcck auf dem Schiff steht nach dem Mittagessen Monis zweiter Vortrag an: Die Planeten des Sonnensystems um 14:00 Uhr. Da um 15:00 im Rahmen der Kulturreise der n\u00e4chste Vortrag ansteht (Magnus erz\u00e4hlt \u00fcber From Fish to Oil), gibt es eine fixe Deadline. Ich bin mit Vortrag \u00fcbermorgen dran, wobei wir schon morgen unsere Abschlussveranstaltung machen m\u00fcssen \u2013 freie Vortragsr\u00e4ume sind gerade Mangelware.<\/p>\n<div id=\"attachment_8058\" style=\"width: 310px\" class=\"wp-caption alignright\"><a href=\"http:\/\/kerste.de\/wp-content\/uploads\/2017\/10\/20171023-15h-28m-P1410503.jpg\"><img loading=\"lazy\" decoding=\"async\" aria-describedby=\"caption-attachment-8058\" class=\"size-medium wp-image-8058\" src=\"https:\/\/kerste.de\/wp-content\/uploads\/2017\/10\/20171023-15h-28m-P1410503-300x201.jpg\" alt=\"\" width=\"300\" height=\"201\" srcset=\"https:\/\/kerste.de\/wp-content\/uploads\/2017\/10\/20171023-15h-28m-P1410503-300x201.jpg 300w, https:\/\/kerste.de\/wp-content\/uploads\/2017\/10\/20171023-15h-28m-P1410503-768x514.jpg 768w, https:\/\/kerste.de\/wp-content\/uploads\/2017\/10\/20171023-15h-28m-P1410503.jpg 1024w\" sizes=\"auto, (max-width: 300px) 100vw, 300px\" \/><\/a><p id=\"caption-attachment-8058\" class=\"wp-caption-text\">\u00d8ksfjord<\/p><\/div>\n<p>Durch den etwas fr\u00fcheren Vortragstermin bleibt immerhin ausreichend Zeit, um das Einlaufen in \u00d8ksfjord anzuschauen. Mit \u00d8rnes geh\u00f6rt er zu den idyllischsten H\u00e4fen, wundersch\u00f6n eingebettet zwischen hohe, bereits teils schneebedeckte Berge. Chic.<\/p>\n<p>Bis zum Sonnenuntergang bleibt nicht viel zu tun: Es verspricht eine sch\u00f6ne, klare und klirrend kalte Nacht zu werden. Muss nur noch das Polarlicht mitspielen \u2013 die Strecke von Skjerv\u00f8y nach Troms\u00f8 ist ja ideal: windgesch\u00fctzt und mitten im Polarlichtoval. Das dummerweise sehr dezent ist. Adi ist ja der Meinung, Skjerv\u00f8y geht immer, ich sage das selbe \u00fcber Troms\u00f8. Aber heute?<\/p>\n<div id=\"attachment_8059\" style=\"width: 310px\" class=\"wp-caption alignleft\"><a href=\"http:\/\/kerste.de\/wp-content\/uploads\/2017\/10\/20171023-17h-05m-P1410528.jpg\"><img loading=\"lazy\" decoding=\"async\" aria-describedby=\"caption-attachment-8059\" class=\"size-medium wp-image-8059\" src=\"https:\/\/kerste.de\/wp-content\/uploads\/2017\/10\/20171023-17h-05m-P1410528-300x201.jpg\" alt=\"\" width=\"300\" height=\"201\" srcset=\"https:\/\/kerste.de\/wp-content\/uploads\/2017\/10\/20171023-17h-05m-P1410528-300x201.jpg 300w, https:\/\/kerste.de\/wp-content\/uploads\/2017\/10\/20171023-17h-05m-P1410528-768x514.jpg 768w, https:\/\/kerste.de\/wp-content\/uploads\/2017\/10\/20171023-17h-05m-P1410528.jpg 1024w\" sizes=\"auto, (max-width: 300px) 100vw, 300px\" \/><\/a><p id=\"caption-attachment-8059\" class=\"wp-caption-text\">Ein Bilderbuch-Sonnenuntergang<\/p><\/div>\n<p>In Skjerv\u00f8y ist keinerlei Gr\u00fcn am Himmel zu sehen, trotzdem baue ich meine Kamera am Bug auf. Vielleicht klappt es ja, und kurz nach Ablegen taucht das erste zarte Licht an steuerbord auf. Viel mehr wird es auf der Fahrt aber auch nicht.<\/p>\n<p>Nach einer Dreiviertelstunde wechsle ich ans Heck, um wenigstens etwas Aktivit\u00e4t einzufangen, aber die Ausbeute ist mager. Troms\u00f8 scheint wieder mal kaputt zu sein.<\/p>\n<p>Und dann, als wir schon kurz vor Troms\u00f8 sind und das Ufer von H\u00e4usern erleuchtet ist, gibt es doch eine nette Aktivit\u00e4t. Wenn&#8217;s keiner mehr brauchen kann&#8230;<\/p>\n<p>Daher lasse ich die Kamera bis in den Hafen durchlaufen, bevor ich sie abbaue. W\u00e4hrend die meisten sich zum Konzert in der Eismeerkathedrale aufmachen, baue ich die Kamera wieder auf: \u00dcber besagter Kathedrale (und dem Schiff) gibt die Aurora sich doch noch M\u00fche und zeigt eine nette Show, die sich sogar gegen die Lichter der Stadt durchsetzen kann.<\/p>\n\n\t\t<style type=\"text\/css\">\n\t\t\t#gallery-3 {\n\t\t\t\tmargin: auto;\n\t\t\t}\n\t\t\t#gallery-3 .gallery-item {\n\t\t\t\tfloat: left;\n\t\t\t\tmargin-top: 10px;\n\t\t\t\ttext-align: center;\n\t\t\t\twidth: 25%;\n\t\t\t}\n\t\t\t#gallery-3 img {\n\t\t\t\tborder: 2px solid #cfcfcf;\n\t\t\t}\n\t\t\t#gallery-3 .gallery-caption {\n\t\t\t\tmargin-left: 0;\n\t\t\t}\n\t\t\t\/* see gallery_shortcode() in wp-includes\/media.php *\/\n\t\t<\/style>\n\t\t<div id='gallery-3' class='gallery galleryid-7966 gallery-columns-4 gallery-size-thumbnail'><dl class='gallery-item'>\n\t\t\t<dt class='gallery-icon landscape'>\n\t\t\t\t<a href='https:\/\/kerste.de\/?attachment_id=8061#main'><img loading=\"lazy\" decoding=\"async\" width=\"150\" height=\"150\" src=\"https:\/\/kerste.de\/wp-content\/uploads\/2017\/10\/20171023-23h-34m-DSC_3818-150x150.jpg\" class=\"attachment-thumbnail size-thumbnail\" alt=\"\" aria-describedby=\"gallery-3-8061\" \/><\/a>\n\t\t\t<\/dt>\n\t\t\t\t<dd class='wp-caption-text gallery-caption' id='gallery-3-8061'>\n\t\t\t\tPolarlicht \u00fcber Troms\u00f8\n\t\t\t\t<\/dd><\/dl><dl class='gallery-item'>\n\t\t\t<dt class='gallery-icon landscape'>\n\t\t\t\t<a href='https:\/\/kerste.de\/?attachment_id=8063#main'><img loading=\"lazy\" decoding=\"async\" width=\"150\" height=\"150\" src=\"https:\/\/kerste.de\/wp-content\/uploads\/2017\/10\/20171023-23h-37m-DSC_3868-150x150.jpg\" class=\"attachment-thumbnail size-thumbnail\" alt=\"\" \/><\/a>\n\t\t\t<\/dt><\/dl><dl class='gallery-item'>\n\t\t\t<dt class='gallery-icon landscape'>\n\t\t\t\t<a href='https:\/\/kerste.de\/?attachment_id=8065#main'><img loading=\"lazy\" decoding=\"async\" width=\"150\" height=\"150\" src=\"https:\/\/kerste.de\/wp-content\/uploads\/2017\/10\/20171023-23h-40m-DSC_3925-150x150.jpg\" class=\"attachment-thumbnail size-thumbnail\" alt=\"\" \/><\/a>\n\t\t\t<\/dt><\/dl><dl class='gallery-item'>\n\t\t\t<dt class='gallery-icon landscape'>\n\t\t\t\t<a href='https:\/\/kerste.de\/?attachment_id=8069#main'><img loading=\"lazy\" decoding=\"async\" width=\"150\" height=\"150\" src=\"https:\/\/kerste.de\/wp-content\/uploads\/2017\/10\/20171023-23h-46m-DSC_4125-150x150.jpg\" class=\"attachment-thumbnail size-thumbnail\" alt=\"\" \/><\/a>\n\t\t\t<\/dt><\/dl><br style=\"clear: both\" \/>\n\t\t<\/div>\n\n<p>Troms\u00f8 funktioniert also doch noch. Aber bis ich die Bilder verarbeitet habe, wird es morgen Abend werden \u2013 eine 128-Gig-Karte ist in den vier Stunden voll geworden.<\/p>\n<p>Mal sehen, was der morgige Abend noch bietet, wenn wir Svolv\u00e6r verlassen.<\/p>\n<p>&#8212;<br \/>\nUpdate: Das erste Video vom Polarlicht \u00fcber der Eismeerkathedrale ist fertig gerendert:<\/p>\n<blockquote class=\"twitter-video\" data-lang=\"de\">\n<p dir=\"ltr\" lang=\"de\">Gestern Nacht mussten wir lange warten, bis es kurz vor Troms\u00f8 endlich doch <a href=\"https:\/\/twitter.com\/hashtag\/Polarlicht?src=hash&amp;ref_src=twsrc%5Etfw\">#Polarlicht<\/a> gab. Die Show im Hafen \u00fcber der Eismeerkathedrale: <a href=\"https:\/\/t.co\/uVUCahOrzm\">pic.twitter.com\/uVUCahOrzm<\/a><\/p>\n<p>\u2014 Alexander Kerste (@AlexKerste) <a href=\"https:\/\/twitter.com\/AlexKerste\/status\/922734453088309248?ref_src=twsrc%5Etfw\">24. Oktober 2017<\/a><\/p><\/blockquote>\n<p><script async src=\"\/\/platform.twitter.com\/widgets.js\" charset=\"utf-8\"><\/script><\/p>\n<div class=\"shariff shariff-align-left shariff-widget-align-left\"><ul class=\"shariff-buttons theme-white orientation-horizontal buttonsize-small\"><li class=\"shariff-button twitter shariff-nocustomcolor\" style=\"background-color:#595959\"><a href=\"https:\/\/twitter.com\/share?url=https%3A%2F%2Fkerste.de%2F%3Fp%3D7966&text=Hurtigrute%20Tag%208%3A%20Von%20Hammerfest%20nach%20Troms%C3%B8\" title=\"Bei X teilen\" aria-label=\"Bei X teilen\" role=\"button\" rel=\"noopener nofollow\" class=\"shariff-link\" style=\"; background-color:#000; color:#000\" target=\"_blank\"><span class=\"shariff-icon\" style=\"fill:#000\"><svg width=\"32px\" height=\"20px\" xmlns=\"http:\/\/www.w3.org\/2000\/svg\" viewBox=\"0 0 24 24\"><path fill=\"#000\" d=\"M14.258 10.152L23.176 0h-2.113l-7.747 8.813L7.133 0H0l9.352 13.328L0 23.973h2.113l8.176-9.309 6.531 9.309h7.133zm-2.895 3.293l-.949-1.328L2.875 1.56h3.246l6.086 8.523.945 1.328 7.91 11.078h-3.246zm0 0\"\/><\/svg><\/span><span class=\"shariff-text\" style=\"color:#000\">teilen<\/span>&nbsp;<\/a><\/li><li class=\"shariff-button facebook shariff-nocustomcolor\" style=\"background-color:#4273c8\"><a href=\"https:\/\/www.facebook.com\/sharer\/sharer.php?u=https%3A%2F%2Fkerste.de%2F%3Fp%3D7966\" title=\"Bei Facebook teilen\" aria-label=\"Bei Facebook teilen\" role=\"button\" rel=\"nofollow\" class=\"shariff-link\" style=\"; background-color:#3b5998; color:#3b5998\" target=\"_blank\"><span class=\"shariff-icon\" style=\"fill:#3b5998\"><svg width=\"32px\" height=\"20px\" xmlns=\"http:\/\/www.w3.org\/2000\/svg\" viewBox=\"0 0 18 32\"><path fill=\"#3b5998\" d=\"M17.1 0.2v4.7h-2.8q-1.5 0-2.1 0.6t-0.5 1.9v3.4h5.2l-0.7 5.3h-4.5v13.6h-5.5v-13.6h-4.5v-5.3h4.5v-3.9q0-3.3 1.9-5.2t5-1.8q2.6 0 4.1 0.2z\"\/><\/svg><\/span><span class=\"shariff-text\" style=\"color:#3b5998\">teilen<\/span>&nbsp;<\/a><\/li><li class=\"shariff-button tumblr shariff-nocustomcolor\" style=\"background-color:#529ecc\"><a href=\"https:\/\/www.tumblr.com\/widgets\/share\/tool?posttype=link&canonicalUrl=https%3A%2F%2Fkerste.de%2F%3Fp%3D7966&tags=kerste.de\" title=\"Bei tumblr teilen\" aria-label=\"Bei tumblr teilen\" role=\"button\" rel=\"noopener nofollow\" class=\"shariff-link\" style=\"; background-color:#36465d; color:#36465d\" target=\"_blank\"><span class=\"shariff-icon\" style=\"fill:#36465d\"><svg width=\"32px\" height=\"20px\" xmlns=\"http:\/\/www.w3.org\/2000\/svg\" viewBox=\"0 0 32 32\"><path fill=\"#36465d\" d=\"M18 14l0 7.3c0 1.9 0 2.9 0.2 3.5 0.2 0.5 0.7 1.1 1.2 1.4 0.7 0.4 1.5 0.6 2.4 0.6 1.6 0 2.6-0.2 4.2-1.3v4.8c-1.4 0.6-2.6 1-3.7 1.3-1.1 0.3-2.3 0.4-3.6 0.4-1.5 0-2.3-0.2-3.4-0.6-1.1-0.4-2.1-0.9-2.9-1.6-0.8-0.7-1.3-1.4-1.7-2.2s-0.5-1.9-0.5-3.4v-11.2h-4.3v-4.5c1.3-0.4 2.7-1 3.6-1.8 0.9-0.8 1.6-1.7 2.2-2.7 0.5-1.1 0.9-2.4 1.1-4.1h5.2l0 8h8v6h-8z\"\/><\/svg><\/span><span class=\"shariff-text\" style=\"color:#36465d\">teilen<\/span>&nbsp;<\/a><\/li><li class=\"shariff-button info shariff-nocustomcolor\" style=\"background-color:#a8a8a8\"><a href=\"http:\/\/ct.de\/-2467514\" title=\"Weitere Informationen\" aria-label=\"Weitere Informationen\" role=\"button\" rel=\"noopener \" class=\"shariff-link\" style=\"; background-color:#999; color:#999\" target=\"_blank\"><span class=\"shariff-icon\" style=\"fill:#999\"><svg width=\"32px\" height=\"20px\" xmlns=\"http:\/\/www.w3.org\/2000\/svg\" viewBox=\"0 0 11 32\"><path fill=\"#999\" d=\"M11.4 24v2.3q0 0.5-0.3 0.8t-0.8 0.4h-9.1q-0.5 0-0.8-0.4t-0.4-0.8v-2.3q0-0.5 0.4-0.8t0.8-0.4h1.1v-6.8h-1.1q-0.5 0-0.8-0.4t-0.4-0.8v-2.3q0-0.5 0.4-0.8t0.8-0.4h6.8q0.5 0 0.8 0.4t0.4 0.8v10.3h1.1q0.5 0 0.8 0.4t0.3 0.8zM9.2 3.4v3.4q0 0.5-0.4 0.8t-0.8 0.4h-4.6q-0.4 0-0.8-0.4t-0.4-0.8v-3.4q0-0.4 0.4-0.8t0.8-0.4h4.6q0.5 0 0.8 0.4t0.4 0.8z\"\/><\/svg><\/span><\/a><\/li><\/ul><\/div>","protected":false},"excerpt":{"rendered":"<p>Ein ruhiger Tag auf einer ruhigen Reise: Wir haben in der Nacht die Barentssee verlassen und als ersten Hafen nach dem Fr\u00fchst\u00fcck Hammerfest auf dem Programm \u2013 auf Hav\u00f8ysund um 7:45 verzichte ich. Daf\u00fcr gibt es gegen 9:00 Uhr einen wundersch\u00f6nen Sonnenaufgang zu sehen. Der Tag verspricht \u00e4hnlich sch\u00f6n zu werden (die Wetter-Apps \u00fcbrigens auch). [&hellip;]<\/p>\n","protected":false},"author":1,"featured_media":0,"comment_status":"open","ping_status":"open","sticky":false,"template":"","format":"standard","meta":{"footnotes":""},"categories":[375],"tags":[],"class_list":["post-7966","post","type-post","status-publish","format-standard","hentry","category-hurtigruten-2017-grp-108"],"_links":{"self":[{"href":"https:\/\/kerste.de\/index.php?rest_route=\/wp\/v2\/posts\/7966","targetHints":{"allow":["GET"]}}],"collection":[{"href":"https:\/\/kerste.de\/index.php?rest_route=\/wp\/v2\/posts"}],"about":[{"href":"https:\/\/kerste.de\/index.php?rest_route=\/wp\/v2\/types\/post"}],"author":[{"embeddable":true,"href":"https:\/\/kerste.de\/index.php?rest_route=\/wp\/v2\/users\/1"}],"replies":[{"embeddable":true,"href":"https:\/\/kerste.de\/index.php?rest_route=%2Fwp%2Fv2%2Fcomments&post=7966"}],"version-history":[{"count":7,"href":"https:\/\/kerste.de\/index.php?rest_route=\/wp\/v2\/posts\/7966\/revisions"}],"predecessor-version":[{"id":8074,"href":"https:\/\/kerste.de\/index.php?rest_route=\/wp\/v2\/posts\/7966\/revisions\/8074"}],"wp:attachment":[{"href":"https:\/\/kerste.de\/index.php?rest_route=%2Fwp%2Fv2%2Fmedia&parent=7966"}],"wp:term":[{"taxonomy":"category","embeddable":true,"href":"https:\/\/kerste.de\/index.php?rest_route=%2Fwp%2Fv2%2Fcategories&post=7966"},{"taxonomy":"post_tag","embeddable":true,"href":"https:\/\/kerste.de\/index.php?rest_route=%2Fwp%2Fv2%2Ftags&post=7966"}],"curies":[{"name":"wp","href":"https:\/\/api.w.org\/{rel}","templated":true}]}}