{"id":6968,"date":"2016-12-20T18:39:44","date_gmt":"2016-12-20T16:39:44","guid":{"rendered":"http:\/\/kerste.de\/?p=6968"},"modified":"2016-12-20T01:47:34","modified_gmt":"2016-12-19T23:47:34","slug":"island-im-dezember-vom-golden-circle-bis-kirkjufell","status":"publish","type":"post","link":"https:\/\/kerste.de\/?p=6968","title":{"rendered":"Island im Dezember: Vom Golden Circle bis Kirkjufell"},"content":{"rendered":"<p>Time to move on: Heute (10. Dezember 2016) hei\u00dft es, Selfoss adieu zu sagen. Der Golden Circle ist das Zwischenziel (quasi Island in a Nutshell mit den wichtigsten Sehensw\u00fcrdigkeiten, obwohl die Insel noch viel mehr zu bieten hat), und danach Grundarfj\u00f6r\u00f0ur auf der Halbinsel Sn\u00e6fellsness. Vorher steht nat\u00fcrlich noch ein Besuch in der B\u00e4ckerei neben dem Hotel auf dem Plan, Proviant bunkern.<\/p>\n<div id=\"attachment_6969\" style=\"width: 310px\" class=\"wp-caption alignright\"><a href=\"http:\/\/kerste.de\/?attachment_id=6969#main\" rel=\"attachment wp-att-6969\"><img loading=\"lazy\" decoding=\"async\" aria-describedby=\"caption-attachment-6969\" class=\"size-medium wp-image-6969\" src=\"https:\/\/kerste.de\/wp-content\/uploads\/2016\/12\/20161210-09h-28m-P1280457-300x201.jpg\" alt=\"\" width=\"300\" height=\"201\" srcset=\"https:\/\/kerste.de\/wp-content\/uploads\/2016\/12\/20161210-09h-28m-P1280457-300x201.jpg 300w, https:\/\/kerste.de\/wp-content\/uploads\/2016\/12\/20161210-09h-28m-P1280457-768x514.jpg 768w, https:\/\/kerste.de\/wp-content\/uploads\/2016\/12\/20161210-09h-28m-P1280457.jpg 1024w\" sizes=\"auto, (max-width: 300px) 100vw, 300px\" \/><\/a><p id=\"caption-attachment-6969\" class=\"wp-caption-text\">Keri\u00f0<\/p><\/div>\n<p>Der erste Halt ist der gut 200 Meter gro\u00dfe und 7-14 Meter tiefe Kratersee Keri\u00f0. Wir erreichen ihn um halb zehn; Sonnenaufgang ist in rund einer Stunde \u2013 alles andere als ideale Fotobedingungen. Das Bild rechts wurde 10 Sekunden bei Blende 3,2 und 200 ISO (wegen wenig Rauschen und Stativ) belichtet, den Rest hat Lightroom gemacht. <a href=\"http:\/\/kerste.de\/?attachment_id=5533#main\">Im Mai<\/a> war er leichter zu knipsen&#8230; und auch zu einer Wanderung hinab zum Kratersee reizen die Lichtverh\u00e4ltnisse eher wenig. Daf\u00fcr ist das Kassenh\u00e4uschen noch unbesetzt.<\/p>\n<p>Eine halbe Stunde steht der n\u00e4chste Halt auf dem Plan: Gew\u00e4chsh\u00e4user. In Heilbronn w\u00fcrde ich wohl nie auf die Idee kommen, beim Pflanzen-K\u00f6lle einen Foto-Stopp zu machen, aber das ist Island.<\/p>\n<div id=\"attachment_6970\" style=\"width: 310px\" class=\"wp-caption alignleft\"><a href=\"http:\/\/kerste.de\/?attachment_id=6970#main\" rel=\"attachment wp-att-6970\"><img loading=\"lazy\" decoding=\"async\" aria-describedby=\"caption-attachment-6970\" class=\"size-medium wp-image-6970\" src=\"https:\/\/kerste.de\/wp-content\/uploads\/2016\/12\/20161210-09h-55m-P1280465-300x201.jpg\" alt=\"\" width=\"300\" height=\"201\" srcset=\"https:\/\/kerste.de\/wp-content\/uploads\/2016\/12\/20161210-09h-55m-P1280465-300x201.jpg 300w, https:\/\/kerste.de\/wp-content\/uploads\/2016\/12\/20161210-09h-55m-P1280465-768x514.jpg 768w, https:\/\/kerste.de\/wp-content\/uploads\/2016\/12\/20161210-09h-55m-P1280465.jpg 1024w\" sizes=\"auto, (max-width: 300px) 100vw, 300px\" \/><\/a><p id=\"caption-attachment-6970\" class=\"wp-caption-text\">Gew\u00e4chsh\u00e4user in Reykholt<\/p><\/div>\n<p>Also nichts wie raus aus dem Auto und in Reykholt den Gurken beim Wachsen zuschauen. Kurz vor zehn ist von der Sonne auch noch nichts zu sehen, aber Strom scheint wie in Norwegen billig zu sein: Die Gew\u00e4chsh\u00e4user sind taghell beleuchtet.<\/p>\n<p>Nach Reykholt treffen wir dann auch die ersten Kleinbusse, die unseren Mini-Konvoi aus zwei SUVs splitten. Es ist nicht ganz einfach, den Bus zu \u00fcberholen, der sich am Kreisverkehr in Reykholt zwischen uns gesetzt hat. Auch wenn in Island wenig Verkehr ist, gibt es sportlichere Fahrzeuge als ein vollbeladenes SsangYong-SUV. Irgendwann klappt es, und wir sind vor der Bus-Tour am Faxafoss Wasserfall.<\/p>\n<div id=\"attachment_6971\" style=\"width: 310px\" class=\"wp-caption alignright\"><a href=\"http:\/\/kerste.de\/?attachment_id=6971#main\" rel=\"attachment wp-att-6971\"><img loading=\"lazy\" decoding=\"async\" aria-describedby=\"caption-attachment-6971\" class=\"size-medium wp-image-6971\" src=\"https:\/\/kerste.de\/wp-content\/uploads\/2016\/12\/20161210-10h-14m-P1280477-300x201.jpg\" alt=\"\" width=\"300\" height=\"201\" srcset=\"https:\/\/kerste.de\/wp-content\/uploads\/2016\/12\/20161210-10h-14m-P1280477-300x201.jpg 300w, https:\/\/kerste.de\/wp-content\/uploads\/2016\/12\/20161210-10h-14m-P1280477-768x514.jpg 768w, https:\/\/kerste.de\/wp-content\/uploads\/2016\/12\/20161210-10h-14m-P1280477.jpg 1024w\" sizes=\"auto, (max-width: 300px) 100vw, 300px\" \/><\/a><p id=\"caption-attachment-6971\" class=\"wp-caption-text\">Faxafoss<\/p><\/div>\n<p>Der Faxafoss oder Faxi wird wird gelegentlich schon dem Gullni hringurinn oder Golden Circle zugeschlagen, einen Besuch wert ist er allemal. Kurz nach uns kommen auch der \u00fcberholte Sprinter an, dann ein paar Landrover und ein zum Bus aufgemotzter, hochgelegter Pickup.<\/p>\n<p>Es ist also Zeit, weiterzuziehen, auch wenn sich kurz nach zehn Uhr die D\u00e4mmerung schon bemerkbar macht. Mit dem n\u00e4chsten Halt sind wir definitiv auf dem Golden Circle: Die Geysire rund um den Namensgeber Geysir erwarten uns.<\/p>\n<p>Der eigentliche Geysir ist ja schon lange eher zur\u00fcckhaltend und bricht nur sporadisch aus, aber auch der wesentlich aktivere Strokkur entt\u00e4uscht diesmal: Nur sehr selten spuckt er eine beeindruckende Wasserfontaine aus, die meisten sind nur wenige Meter hoch. Da ging schon mehr&#8230;<\/p>\n\n\t\t<style type=\"text\/css\">\n\t\t\t#gallery-1 {\n\t\t\t\tmargin: auto;\n\t\t\t}\n\t\t\t#gallery-1 .gallery-item {\n\t\t\t\tfloat: left;\n\t\t\t\tmargin-top: 10px;\n\t\t\t\ttext-align: center;\n\t\t\t\twidth: 25%;\n\t\t\t}\n\t\t\t#gallery-1 img {\n\t\t\t\tborder: 2px solid #cfcfcf;\n\t\t\t}\n\t\t\t#gallery-1 .gallery-caption {\n\t\t\t\tmargin-left: 0;\n\t\t\t}\n\t\t\t\/* see gallery_shortcode() in wp-includes\/media.php *\/\n\t\t<\/style>\n\t\t<div id='gallery-1' class='gallery galleryid-6968 gallery-columns-4 gallery-size-thumbnail'><dl class='gallery-item'>\n\t\t\t<dt class='gallery-icon portrait'>\n\t\t\t\t<a href='https:\/\/kerste.de\/?attachment_id=6972#main'><img loading=\"lazy\" decoding=\"async\" width=\"150\" height=\"150\" src=\"https:\/\/kerste.de\/wp-content\/uploads\/2016\/12\/20161210-10h-57m-P1280599-150x150.jpg\" class=\"attachment-thumbnail size-thumbnail\" alt=\"\" aria-describedby=\"gallery-1-6972\" \/><\/a>\n\t\t\t<\/dt>\n\t\t\t\t<dd class='wp-caption-text gallery-caption' id='gallery-1-6972'>\n\t\t\t\tEin Ausbruch bahnt sich an\n\t\t\t\t<\/dd><\/dl><dl class='gallery-item'>\n\t\t\t<dt class='gallery-icon portrait'>\n\t\t\t\t<a href='https:\/\/kerste.de\/?attachment_id=6973#main'><img loading=\"lazy\" decoding=\"async\" width=\"150\" height=\"150\" src=\"https:\/\/kerste.de\/wp-content\/uploads\/2016\/12\/20161210-10h-57m-P1280609-150x150.jpg\" class=\"attachment-thumbnail size-thumbnail\" alt=\"\" aria-describedby=\"gallery-1-6973\" \/><\/a>\n\t\t\t<\/dt>\n\t\t\t\t<dd class='wp-caption-text gallery-caption' id='gallery-1-6973'>\n\t\t\t\tNa immerhin&#8230;\n\t\t\t\t<\/dd><\/dl><dl class='gallery-item'>\n\t\t\t<dt class='gallery-icon landscape'>\n\t\t\t\t<a href='https:\/\/kerste.de\/?attachment_id=6974#main'><img loading=\"lazy\" decoding=\"async\" width=\"150\" height=\"150\" src=\"https:\/\/kerste.de\/wp-content\/uploads\/2016\/12\/20161210-11h-01m-P1280635-150x150.jpg\" class=\"attachment-thumbnail size-thumbnail\" alt=\"\" aria-describedby=\"gallery-1-6974\" \/><\/a>\n\t\t\t<\/dt>\n\t\t\t\t<dd class='wp-caption-text gallery-caption' id='gallery-1-6974'>\n\t\t\t\tDas blaue Wasser von Blesi\n\t\t\t\t<\/dd><\/dl><dl class='gallery-item'>\n\t\t\t<dt class='gallery-icon landscape'>\n\t\t\t\t<a href='https:\/\/kerste.de\/?attachment_id=6975#main'><img loading=\"lazy\" decoding=\"async\" width=\"150\" height=\"150\" src=\"https:\/\/kerste.de\/wp-content\/uploads\/2016\/12\/20161210-11h-09m-P1280660-150x150.jpg\" class=\"attachment-thumbnail size-thumbnail\" alt=\"\" aria-describedby=\"gallery-1-6975\" \/><\/a>\n\t\t\t<\/dt>\n\t\t\t\t<dd class='wp-caption-text gallery-caption' id='gallery-1-6975'>\n\t\t\t\tStrokkur geht doch noch\n\t\t\t\t<\/dd><\/dl><br style=\"clear: both\" \/>\n\t\t<\/div>\n\n<p>Meine kleine Panasonic LX-100 beherrscht zum Gl\u00fcck auch im RAW-Modus die Dauerfeuer-Funktion, aber der Strokkur macht es uns nicht leicht. Erst, als wir bei den blauen, mineralienreichen Blesi-T\u00fcmpeln sind, gibt er sich wieder etwas M\u00fche und mach seinem Ruf als aktiver Geysir wieder Ehre. Endlich eine sch\u00f6n hohe Wasserfontaine. Sowas fehlt in Heilbronn noch (wobei, so wenig Schnee wie hier als liegt, m\u00fcsste es unter Heilbronn eigentlich warm genug sein&#8230;)<\/p>\n<p>Die H\u00e4nge oberhalb des Haukadalur-Gebiets sind gesperrt, auch wenn man noch keine Spikes br\u00e4uchte, um sie zu erklimmen. Also ziehen wir weiter zum n\u00e4chsten Stopp: Dem Gullfoss. \u00dcber 100 m<sup>3<\/sup>\/s Wasser st\u00fcrzen seine beiden Fallstufen hinab. Vom Parkplatz oberhalb des Wasserfalls f\u00fchrt die Treppe hinab in die Gischt; erst n\u00e4her am Wasserfall gibt es die M\u00f6glichkeit zu Fotografieren, ohne alle paar Sekunden das Objektiv trockenlegen zu m\u00fcssen. Selbst f\u00fcr Dezember ist hier noch viel los; wir sind bei weitem nicht die einzigen Besucher des imposanten Wasserfalls.<\/p>\n\n\t\t<style type=\"text\/css\">\n\t\t\t#gallery-2 {\n\t\t\t\tmargin: auto;\n\t\t\t}\n\t\t\t#gallery-2 .gallery-item {\n\t\t\t\tfloat: left;\n\t\t\t\tmargin-top: 10px;\n\t\t\t\ttext-align: center;\n\t\t\t\twidth: 20%;\n\t\t\t}\n\t\t\t#gallery-2 img {\n\t\t\t\tborder: 2px solid #cfcfcf;\n\t\t\t}\n\t\t\t#gallery-2 .gallery-caption {\n\t\t\t\tmargin-left: 0;\n\t\t\t}\n\t\t\t\/* see gallery_shortcode() in wp-includes\/media.php *\/\n\t\t<\/style>\n\t\t<div id='gallery-2' class='gallery galleryid-6968 gallery-columns-5 gallery-size-thumbnail'><dl class='gallery-item'>\n\t\t\t<dt class='gallery-icon landscape'>\n\t\t\t\t<a href='https:\/\/kerste.de\/?attachment_id=6976#main'><img loading=\"lazy\" decoding=\"async\" width=\"150\" height=\"150\" src=\"https:\/\/kerste.de\/wp-content\/uploads\/2016\/12\/20161210-12h-19m-P1280713-150x150.jpg\" class=\"attachment-thumbnail size-thumbnail\" alt=\"\" aria-describedby=\"gallery-2-6976\" \/><\/a>\n\t\t\t<\/dt>\n\t\t\t\t<dd class='wp-caption-text gallery-caption' id='gallery-2-6976'>\n\t\t\t\tDas Standard-Foto: Der Gullfoss\n\t\t\t\t<\/dd><\/dl><dl class='gallery-item'>\n\t\t\t<dt class='gallery-icon landscape'>\n\t\t\t\t<a href='https:\/\/kerste.de\/?attachment_id=6977#main'><img loading=\"lazy\" decoding=\"async\" width=\"150\" height=\"150\" src=\"https:\/\/kerste.de\/wp-content\/uploads\/2016\/12\/20161210-12h-41m-P1280736-150x150.jpg\" class=\"attachment-thumbnail size-thumbnail\" alt=\"\" aria-describedby=\"gallery-2-6977\" \/><\/a>\n\t\t\t<\/dt>\n\t\t\t\t<dd class='wp-caption-text gallery-caption' id='gallery-2-6977'>\n\t\t\t\tDer Gullfoss aus trockeneren Regionen\n\t\t\t\t<\/dd><\/dl><dl class='gallery-item'>\n\t\t\t<dt class='gallery-icon landscape'>\n\t\t\t\t<a href='https:\/\/kerste.de\/?attachment_id=6978#main'><img loading=\"lazy\" decoding=\"async\" width=\"150\" height=\"150\" src=\"https:\/\/kerste.de\/wp-content\/uploads\/2016\/12\/20161210-12h-44m-P1280741-150x150.jpg\" class=\"attachment-thumbnail size-thumbnail\" alt=\"\" aria-describedby=\"gallery-2-6978\" \/><\/a>\n\t\t\t<\/dt>\n\t\t\t\t<dd class='wp-caption-text gallery-caption' id='gallery-2-6978'>\n\t\t\t\tKlarer Himmel am Horizont?\n\t\t\t\t<\/dd><\/dl><dl class='gallery-item'>\n\t\t\t<dt class='gallery-icon landscape'>\n\t\t\t\t<a href='https:\/\/kerste.de\/?attachment_id=6979#main'><img loading=\"lazy\" decoding=\"async\" width=\"150\" height=\"150\" src=\"https:\/\/kerste.de\/wp-content\/uploads\/2016\/12\/20161210-12h-50m-P1280745-150x150.jpg\" class=\"attachment-thumbnail size-thumbnail\" alt=\"\" aria-describedby=\"gallery-2-6979\" \/><\/a>\n\t\t\t<\/dt>\n\t\t\t\t<dd class='wp-caption-text gallery-caption' id='gallery-2-6979'>\n\t\t\t\tGullfoss in ganzer Pracht\n\t\t\t\t<\/dd><\/dl><dl class='gallery-item'>\n\t\t\t<dt class='gallery-icon landscape'>\n\t\t\t\t<a href='https:\/\/kerste.de\/?attachment_id=6980#main'><img loading=\"lazy\" decoding=\"async\" width=\"150\" height=\"150\" src=\"https:\/\/kerste.de\/wp-content\/uploads\/2016\/12\/20161210-12h-57m-P1280755-150x150.jpg\" class=\"attachment-thumbnail size-thumbnail\" alt=\"\" aria-describedby=\"gallery-2-6980\" \/><\/a>\n\t\t\t<\/dt>\n\t\t\t\t<dd class='wp-caption-text gallery-caption' id='gallery-2-6980'>\n\t\t\t\tReady for Adventure&#8230;\n\t\t\t\t<\/dd><\/dl><br style=\"clear: both\" \/>\n\t\t<\/div>\n\n<p>Auch wenn der Sonnenuntergang schon bedrohlich nah ist, haben wir diesmal etwas mehr Zeit und k\u00f6nnen nicht nur zum Gullfoss selbst gehen, sondern auch vom Parkplatz ebenerdig ein St\u00fcck flussaufw\u00e4rts. Der klare Himmel am Horizont ist fast noch sehenswerter als der Wasserfall&#8230; Nur f\u00fcr unsere Kameradrohne ist es zu windig; einzelne B\u00f6en kratzen arg an den 20-25 m\/s (Windst\u00e4rke 5), mit denen die Drohne noch zurecht kommt. Im Vergleich zur Black Beach gestern ist das zwar nichts, aber wir wollen die DJI Phantom doch auch wieder nach Hause mitnehmen&#8230; Schade eigentlich. Aber wenn ich mir manchen Bus auf dem Parkplatz anschaue, ist das wohl noch gar nichts. Hier wurden eindeutig alte Armee-Best\u00e4nde f\u00fcr den Tourismus zweckentfremdet.<\/p>\n<div id=\"attachment_6981\" style=\"width: 211px\" class=\"wp-caption alignright\"><a href=\"http:\/\/kerste.de\/?attachment_id=6981#main\" rel=\"attachment wp-att-6981\"><img loading=\"lazy\" decoding=\"async\" aria-describedby=\"caption-attachment-6981\" class=\"size-medium wp-image-6981\" src=\"https:\/\/kerste.de\/wp-content\/uploads\/2016\/12\/20161210-14h-00m-P1280802-201x300.jpg\" alt=\"\" width=\"201\" height=\"300\" srcset=\"https:\/\/kerste.de\/wp-content\/uploads\/2016\/12\/20161210-14h-00m-P1280802-201x300.jpg 201w, https:\/\/kerste.de\/wp-content\/uploads\/2016\/12\/20161210-14h-00m-P1280802.jpg 685w\" sizes=\"auto, (max-width: 201px) 100vw, 201px\" \/><\/a><p id=\"caption-attachment-6981\" class=\"wp-caption-text\">Auf zum Bruarfoss<\/p><\/div>\n<p>Sei&#8217;s drum, wir haben noch ein paar Kilometer vor uns. Der Bruarfoss ist unser n\u00e4chstes Ziel. Auch er stand schon im Mai auf dem Programm; diesmal ist der Weg zu ihm die reinste Schlammschlacht. Ich habe ja die Schuhe gewechselt und die neuen, wasserdichten Rockport an, die ich ich w\u00e4hrend des l\u00e4ngeren Zwangsaufenthalts der Finnmarken Ende Oktober in Trondheim gekauft habe. Die Schuhe halten zwar, was sie versprechen, aber es sind doch nur Halbschuhe&#8230;<\/p>\n<p>Das Bild rechts gibt nur einen vagen Eindruck von dem Moor, das wir durchwaten mussten. Trotzdem hat es sich gelohnt: Der Bruarfoss brilliert mit blauem Wasser, und es blieb genug Zeit, um auch einmal zu ihm herab zu steigen und Nahaufnahmen zu machen. Noch sehenswerter waren aber die anderen Touris, die blau\u00e4ugig mit wei\u00dfen Stiefeln den Weg in Angriff nahmen&#8230;<\/p>\n\n\t\t<style type=\"text\/css\">\n\t\t\t#gallery-3 {\n\t\t\t\tmargin: auto;\n\t\t\t}\n\t\t\t#gallery-3 .gallery-item {\n\t\t\t\tfloat: left;\n\t\t\t\tmargin-top: 10px;\n\t\t\t\ttext-align: center;\n\t\t\t\twidth: 33%;\n\t\t\t}\n\t\t\t#gallery-3 img {\n\t\t\t\tborder: 2px solid #cfcfcf;\n\t\t\t}\n\t\t\t#gallery-3 .gallery-caption {\n\t\t\t\tmargin-left: 0;\n\t\t\t}\n\t\t\t\/* see gallery_shortcode() in wp-includes\/media.php *\/\n\t\t<\/style>\n\t\t<div id='gallery-3' class='gallery galleryid-6968 gallery-columns-3 gallery-size-thumbnail'><dl class='gallery-item'>\n\t\t\t<dt class='gallery-icon landscape'>\n\t\t\t\t<a href='https:\/\/kerste.de\/?attachment_id=6984#main'><img loading=\"lazy\" decoding=\"async\" width=\"150\" height=\"150\" src=\"https:\/\/kerste.de\/wp-content\/uploads\/2016\/12\/20161210-14h-08m-P1280805-150x150.jpg\" class=\"attachment-thumbnail size-thumbnail\" alt=\"\" aria-describedby=\"gallery-3-6984\" \/><\/a>\n\t\t\t<\/dt>\n\t\t\t\t<dd class='wp-caption-text gallery-caption' id='gallery-3-6984'>\n\t\t\t\tDer Weg wirkt nur harmlos.\n\t\t\t\t<\/dd><\/dl><dl class='gallery-item'>\n\t\t\t<dt class='gallery-icon landscape'>\n\t\t\t\t<a href='https:\/\/kerste.de\/?attachment_id=6983#main'><img loading=\"lazy\" decoding=\"async\" width=\"150\" height=\"150\" src=\"https:\/\/kerste.de\/wp-content\/uploads\/2016\/12\/20161210-13h-45m-P1280780-150x150.jpg\" class=\"attachment-thumbnail size-thumbnail\" alt=\"\" aria-describedby=\"gallery-3-6983\" \/><\/a>\n\t\t\t<\/dt>\n\t\t\t\t<dd class='wp-caption-text gallery-caption' id='gallery-3-6983'>\n\t\t\t\tBruarfoss mit kurzen&#8230;\n\t\t\t\t<\/dd><\/dl><dl class='gallery-item'>\n\t\t\t<dt class='gallery-icon landscape'>\n\t\t\t\t<a href='https:\/\/kerste.de\/?attachment_id=6982#main'><img loading=\"lazy\" decoding=\"async\" width=\"150\" height=\"150\" src=\"https:\/\/kerste.de\/wp-content\/uploads\/2016\/12\/20161210-13h-42m-P1280772-150x150.jpg\" class=\"attachment-thumbnail size-thumbnail\" alt=\"\" aria-describedby=\"gallery-3-6982\" \/><\/a>\n\t\t\t<\/dt>\n\t\t\t\t<dd class='wp-caption-text gallery-caption' id='gallery-3-6982'>\n\t\t\t\t&#8230; und langen Belichtungszeiten\n\t\t\t\t<\/dd><\/dl><br style=\"clear: both\" \/>\n\t\t<\/div>\n\n<p>Der R\u00fcckweg ist eine \u00e4hnliche Schlammschlacht durch das Geb\u00fcsch. Gut, dass wir Mietw\u00e4gen haben \u2013 in mein Auto w\u00fcrde ich so niemanden einsteigen lassen&#8230;<\/p>\n<div id=\"attachment_6985\" style=\"width: 310px\" class=\"wp-caption alignright\"><a href=\"http:\/\/kerste.de\/?attachment_id=6985#main\" rel=\"attachment wp-att-6985\"><img loading=\"lazy\" decoding=\"async\" aria-describedby=\"caption-attachment-6985\" class=\"size-medium wp-image-6985\" src=\"https:\/\/kerste.de\/wp-content\/uploads\/2016\/12\/20161210-14h-41m-P1280807-300x201.jpg\" alt=\"\" width=\"300\" height=\"201\" srcset=\"https:\/\/kerste.de\/wp-content\/uploads\/2016\/12\/20161210-14h-41m-P1280807-300x201.jpg 300w, https:\/\/kerste.de\/wp-content\/uploads\/2016\/12\/20161210-14h-41m-P1280807-768x514.jpg 768w, https:\/\/kerste.de\/wp-content\/uploads\/2016\/12\/20161210-14h-41m-P1280807.jpg 1024w\" sizes=\"auto, (max-width: 300px) 100vw, 300px\" \/><\/a><p id=\"caption-attachment-6985\" class=\"wp-caption-text\">Moos\u00fcberwucherte Lava<\/p><\/div>\n<p>Anschlie\u00dfend geht es weiter Richtung \u00deingvellir. Am Ufer des \u00deingvallavatn laden moos\u00fcberwucherte Lavafelder zu einem Fotostopp ein, bevor es p\u00fcnktlich zum Sonnenuntergang zum eigentlichen \u00deingvellir geht. Ab 930 war er Gerichtsort (M\u00e4nner wurden hier gek\u00f6pft, und Frauen ertr\u00e4nkt), auch heute beeindruckt die Gegend noch. Die steilen Basaltklippen lassen eine Riesenfestung vermuten, auch wenn sich hinter ihnen &#8220;nur&#8221; eine Hochebene verbirgt. Es liegt an einer Grabenbruchzone, die die eurasische von der amerikanischen Kontinentalplatte trennt. Der Fluss \u00d6x\u00e1ra mit dem Wasserfall \u00d6x\u00e1rarfoss flie\u00dft an den steilen Klippen entlang. Als wir da sind, taucht der Sonnenuntergang den Himmel in ein blutrotes Licht \u2013 Wahnsinn.<\/p>\n\n\t\t<style type=\"text\/css\">\n\t\t\t#gallery-4 {\n\t\t\t\tmargin: auto;\n\t\t\t}\n\t\t\t#gallery-4 .gallery-item {\n\t\t\t\tfloat: left;\n\t\t\t\tmargin-top: 10px;\n\t\t\t\ttext-align: center;\n\t\t\t\twidth: 25%;\n\t\t\t}\n\t\t\t#gallery-4 img {\n\t\t\t\tborder: 2px solid #cfcfcf;\n\t\t\t}\n\t\t\t#gallery-4 .gallery-caption {\n\t\t\t\tmargin-left: 0;\n\t\t\t}\n\t\t\t\/* see gallery_shortcode() in wp-includes\/media.php *\/\n\t\t<\/style>\n\t\t<div id='gallery-4' class='gallery galleryid-6968 gallery-columns-4 gallery-size-thumbnail'><dl class='gallery-item'>\n\t\t\t<dt class='gallery-icon landscape'>\n\t\t\t\t<a href='https:\/\/kerste.de\/?attachment_id=6986#main'><img loading=\"lazy\" decoding=\"async\" width=\"150\" height=\"150\" src=\"https:\/\/kerste.de\/wp-content\/uploads\/2016\/12\/20161210-15h-14m-P1280843-150x150.jpg\" class=\"attachment-thumbnail size-thumbnail\" alt=\"\" aria-describedby=\"gallery-4-6986\" \/><\/a>\n\t\t\t<\/dt>\n\t\t\t\t<dd class='wp-caption-text gallery-caption' id='gallery-4-6986'>\n\t\t\t\t\u00deingvellir ist zu Recht eine Sehensw\u00fcrdigkeit\n\t\t\t\t<\/dd><\/dl><dl class='gallery-item'>\n\t\t\t<dt class='gallery-icon landscape'>\n\t\t\t\t<a href='https:\/\/kerste.de\/?attachment_id=6987#main'><img loading=\"lazy\" decoding=\"async\" width=\"150\" height=\"150\" src=\"https:\/\/kerste.de\/wp-content\/uploads\/2016\/12\/20161210-15h-25m-P1280856-150x150.jpg\" class=\"attachment-thumbnail size-thumbnail\" alt=\"\" aria-describedby=\"gallery-4-6987\" \/><\/a>\n\t\t\t<\/dt>\n\t\t\t\t<dd class='wp-caption-text gallery-caption' id='gallery-4-6987'>\n\t\t\t\tGrandiose Abendstimmung am \u00deingvellir\n\t\t\t\t<\/dd><\/dl><dl class='gallery-item'>\n\t\t\t<dt class='gallery-icon landscape'>\n\t\t\t\t<a href='https:\/\/kerste.de\/?attachment_id=6988#main'><img loading=\"lazy\" decoding=\"async\" width=\"150\" height=\"150\" src=\"https:\/\/kerste.de\/wp-content\/uploads\/2016\/12\/20161210-15h-39m-P1280870-150x150.jpg\" class=\"attachment-thumbnail size-thumbnail\" alt=\"\" aria-describedby=\"gallery-4-6988\" \/><\/a>\n\t\t\t<\/dt>\n\t\t\t\t<dd class='wp-caption-text gallery-caption' id='gallery-4-6988'>\n\t\t\t\tDer \u00d6xar\u00e1foss\n\t\t\t\t<\/dd><\/dl><dl class='gallery-item'>\n\t\t\t<dt class='gallery-icon landscape'>\n\t\t\t\t<a href='https:\/\/kerste.de\/?attachment_id=6989#main'><img loading=\"lazy\" decoding=\"async\" width=\"150\" height=\"150\" src=\"https:\/\/kerste.de\/wp-content\/uploads\/2016\/12\/20161210-16h-13m-P1280901-150x150.jpg\" class=\"attachment-thumbnail size-thumbnail\" alt=\"\" aria-describedby=\"gallery-4-6989\" \/><\/a>\n\t\t\t<\/dt>\n\t\t\t\t<dd class='wp-caption-text gallery-caption' id='gallery-4-6989'>\n\t\t\t\tDie Almannagj\u00e1-Schlucht\n\t\t\t\t<\/dd><\/dl><br style=\"clear: both\" \/>\n\t\t<\/div>\n\n<p>Durch die Allm\u00e4nnerschlucht f\u00fchrt der Weg hinauf zum Busparkplatz samt Souvenirshop und Toiletten. Diese bieten nicht nur einen sch\u00f6nen Ausblick (auch die Isl\u00e4nder bauen recht luftig), sondern kosten auch Eintritt \u2013 der f\u00fcr uns ungewohnt ganz unkompliziert per Kreditkarte bezahlt werden kann&#8230;<\/p>\n<p>Mit dem \u00deingvellir endet unser Besuch am Golden Circle auch schon. Der n\u00e4chste geplante Halt ist das Hotel in Grundarfj\u00f6r\u00f0ur, mit der Option, in Borgarnes zu Abend zu Essen. Da gibt es nur ein Problem: Die Aurora boealis&#8230;<\/p>\n<p>Schon kurz vor Borgarnes zeigt sie sich am Himmel, also fahren wir durch und halten kurz nach der Stadt an, um die Kameras aufzubauen. Die Prognose &#8220;alle halbe Stunde ein Auto&#8221; bewahrheitet sich zwar nicht, aber auf der anderen Stra\u00dfenseite gibt es eine Art Feldweg, auf dem die Kameras einigerma\u00dfen lichtgesch\u00fctzt aufgebaut werden k\u00f6nnen. Etwa von 18:20 bis 18:40 k\u00f6nnen wir das Nordlicht als Bogen \u00fcber dem Nordhorizont beobachten. Nicht ganz &#8220;the greatest show in heaven, hell and earth&#8221;, aber schon ganz nett. Auf alle F\u00e4lle die Chance f\u00fcr Beweisfotos, w\u00e4hrend im S\u00fcden der fast volle Mond die Wolken beleuchtet.<\/p>\n\n\t\t<style type=\"text\/css\">\n\t\t\t#gallery-5 {\n\t\t\t\tmargin: auto;\n\t\t\t}\n\t\t\t#gallery-5 .gallery-item {\n\t\t\t\tfloat: left;\n\t\t\t\tmargin-top: 10px;\n\t\t\t\ttext-align: center;\n\t\t\t\twidth: 25%;\n\t\t\t}\n\t\t\t#gallery-5 img {\n\t\t\t\tborder: 2px solid #cfcfcf;\n\t\t\t}\n\t\t\t#gallery-5 .gallery-caption {\n\t\t\t\tmargin-left: 0;\n\t\t\t}\n\t\t\t\/* see gallery_shortcode() in wp-includes\/media.php *\/\n\t\t<\/style>\n\t\t<div id='gallery-5' class='gallery galleryid-6968 gallery-columns-4 gallery-size-thumbnail'><dl class='gallery-item'>\n\t\t\t<dt class='gallery-icon landscape'>\n\t\t\t\t<a href='https:\/\/kerste.de\/?attachment_id=6991#main'><img loading=\"lazy\" decoding=\"async\" width=\"150\" height=\"150\" src=\"https:\/\/kerste.de\/wp-content\/uploads\/2016\/12\/20161210-18h-22m-DSC_9449-150x150.jpg\" class=\"attachment-thumbnail size-thumbnail\" alt=\"\" aria-describedby=\"gallery-5-6991\" \/><\/a>\n\t\t\t<\/dt>\n\t\t\t\t<dd class='wp-caption-text gallery-caption' id='gallery-5-6991'>\n\t\t\t\tPolarlicht bei Borgarnes\n\t\t\t\t<\/dd><\/dl><dl class='gallery-item'>\n\t\t\t<dt class='gallery-icon landscape'>\n\t\t\t\t<a href='https:\/\/kerste.de\/?attachment_id=6992#main'><img loading=\"lazy\" decoding=\"async\" width=\"150\" height=\"150\" src=\"https:\/\/kerste.de\/wp-content\/uploads\/2016\/12\/20161210-18h-22m-DSC_9449-1-150x150.jpg\" class=\"attachment-thumbnail size-thumbnail\" alt=\"\" \/><\/a>\n\t\t\t<\/dt><\/dl><dl class='gallery-item'>\n\t\t\t<dt class='gallery-icon landscape'>\n\t\t\t\t<a href='https:\/\/kerste.de\/?attachment_id=6993#main'><img loading=\"lazy\" decoding=\"async\" width=\"150\" height=\"150\" src=\"https:\/\/kerste.de\/wp-content\/uploads\/2016\/12\/20161210-18h-35m-P1280953-150x150.jpg\" class=\"attachment-thumbnail size-thumbnail\" alt=\"\" \/><\/a>\n\t\t\t<\/dt><\/dl><dl class='gallery-item'>\n\t\t\t<dt class='gallery-icon landscape'>\n\t\t\t\t<a href='https:\/\/kerste.de\/?attachment_id=6994#main'><img loading=\"lazy\" decoding=\"async\" width=\"150\" height=\"150\" src=\"https:\/\/kerste.de\/wp-content\/uploads\/2016\/12\/20161210-18h-40m-P1280961-150x150.jpg\" class=\"attachment-thumbnail size-thumbnail\" alt=\"\" aria-describedby=\"gallery-5-6994\" \/><\/a>\n\t\t\t<\/dt>\n\t\t\t\t<dd class='wp-caption-text gallery-caption' id='gallery-5-6994'>\n\t\t\t\tDer Mond beleuchtet unsere Nemesis, die Wolken\n\t\t\t\t<\/dd><\/dl><br style=\"clear: both\" \/>\n\t\t<\/div>\n\n<p>Tja, Licht ist Licht&#8230; immerhin f\u00fcr einen netten Zeitraffer hat es gelangt:<\/p>\n<blockquote class=\"twitter-tweet\" data-lang=\"de\">\n<p dir=\"ltr\" lang=\"de\">Das beste <a href=\"https:\/\/twitter.com\/hashtag\/Polarlicht?src=hash\">#Polarlicht<\/a> meiner <a href=\"https:\/\/twitter.com\/hashtag\/Island?src=hash\">#Island<\/a>-Tour: 20 Minuten <a href=\"https:\/\/twitter.com\/hashtag\/Aurora?src=hash\">#Aurora<\/a> am 10.12.2016 auf dem Weg nach <a href=\"https:\/\/twitter.com\/hashtag\/Borgarnes?src=hash\">#Borgarnes<\/a>. Scheues <a href=\"https:\/\/twitter.com\/hashtag\/Nordlicht?src=hash\">#Nordlicht<\/a> &#8230; <a href=\"https:\/\/t.co\/Ih4Kgzjzkz\">pic.twitter.com\/Ih4Kgzjzkz<\/a><\/p>\n<p>\u2014 Alexander Kerste (@AlexKerste) <a href=\"https:\/\/twitter.com\/AlexKerste\/status\/810579559846465536\">18. Dezember 2016<\/a><\/p><\/blockquote>\n<p><script async src=\"\/\/platform.twitter.com\/widgets.js\" charset=\"utf-8\"><\/script><\/p>\n<p>Wichtige Erkenntnis: Auch rote Stirnlampen sind auf den Fotos deutlich zu sehen. Rot ist zwar gut f\u00fcr Dunkeladaption vom Auge, aber die Kamera sieht das anders. Das gilt \u00fcbrigens auch f\u00fcr Deep-Sky-Astrofotografen: Die ganzen Wasserstoffnebel im All leuchten auch rot, da sind rote Lampen kontraproduktiv&#8230;<\/p>\n<p>Nachdem uns die Wolken eingeholt haben, geht die Fahrt weiter durch das Niemandsland, genauer gesagt bis nach Grundarfj\u00f6r\u00f0ur auf der Halbinsel Sn\u00e6fellsness. Lange Strecken ohne Besiedelung erwarten uns. Irgendwann gegen 20 Uhr erreichen wir das Framnes-Hotel, um es gleich wieder zu verlassen. Schlie\u00dflich gibt es noch ein paar Wolkenl\u00fccken und Polarlicht, also nichts wie los zum Kirkjufell.<\/p>\n<div id=\"attachment_6996\" style=\"width: 310px\" class=\"wp-caption alignright\"><a href=\"http:\/\/kerste.de\/?attachment_id=6996#main\" rel=\"attachment wp-att-6996\"><img loading=\"lazy\" decoding=\"async\" aria-describedby=\"caption-attachment-6996\" class=\"size-medium wp-image-6996\" src=\"https:\/\/kerste.de\/wp-content\/uploads\/2016\/12\/20161210-20h-30m-P1280970-300x201.jpg\" alt=\"\" width=\"300\" height=\"201\" srcset=\"https:\/\/kerste.de\/wp-content\/uploads\/2016\/12\/20161210-20h-30m-P1280970-300x201.jpg 300w, https:\/\/kerste.de\/wp-content\/uploads\/2016\/12\/20161210-20h-30m-P1280970-768x514.jpg 768w, https:\/\/kerste.de\/wp-content\/uploads\/2016\/12\/20161210-20h-30m-P1280970.jpg 1024w\" sizes=\"auto, (max-width: 300px) 100vw, 300px\" \/><\/a><p id=\"caption-attachment-6996\" class=\"wp-caption-text\">Kirkjufell<\/p><\/div>\n<p>Der\u00a0Kirkjufell ist wohl einer der markantesten isl\u00e4ndischen Berge und wirklich fotogen. Marcus und ich gehen bis auf die andere Seite des Wasserfalls, wo ich mein Fotostativ verfluche: Der Kugelkopf hat eine sch\u00f6ne Arretierung, mit der er auch geklemmt noch beweglich sein sollte, stattdessen blockiert er komplett. Zum Gl\u00fcck habe ich das Taschenmesser wieder griffbereit, das dank Sicherheitskontrollen am Flughafen im Gep\u00e4ck war, und kann ihn wieder l\u00f6sen. Immerhin ein paar Aufnahmen mit Berg, Wasserfall und Polarlicht sind dann noch m\u00f6glich. Am selben Ort sind noch ein lokaler Guide mit einer Gruppe, er gibt Fototipps \u2013 aber \u00fcber das Stadium sind wir hinaus.<\/p>\n<p>Aber dann holen uns die Wolken ein \u2013 Zeit, aufzubrechen und sich auf die Suche nach Nahrung zu begeben. Das erste Restaurant in Grundarfj\u00f6r\u00f0ur hat wegen Weihnachtsfeier geschlossen (&#8220;Don&#8217;t even think about it&#8221;), das zweite wegen Feierabend, und das war&#8217;s auch schon. Im Hotel k\u00f6nnen wir das Restaurant gerne benutzen, wenn wir eigenes Essen haben&#8230; willkommen im winterlichen Nordost-Island. Bei Keksen &amp; Co klingt der Abend somit in der Hotel-Lobby aus. Morgen steht dann die Sn\u00e6fellsnes-Halbinsel auf dem Programm. Dank des sp\u00e4ten Sonnenaufgangs m\u00fcssen wir nicht allzu fr\u00fch aufstehen. Island im Winter hat seine Vorteile \u2013 auch wenn im Lauf der Nacht der Regen anf\u00e4ngt, gegen die Fenster zu klopfen.<\/p>\n<div class=\"shariff shariff-align-left shariff-widget-align-left\"><ul class=\"shariff-buttons theme-white orientation-horizontal buttonsize-small\"><li class=\"shariff-button twitter shariff-nocustomcolor\" style=\"background-color:#595959\"><a href=\"https:\/\/twitter.com\/share?url=https%3A%2F%2Fkerste.de%2F%3Fp%3D6968&text=Island%20im%20Dezember%3A%20Vom%20Golden%20Circle%20bis%20Kirkjufell\" title=\"Bei X teilen\" aria-label=\"Bei X teilen\" role=\"button\" rel=\"noopener nofollow\" class=\"shariff-link\" style=\"; background-color:#000; color:#000\" target=\"_blank\"><span class=\"shariff-icon\" style=\"fill:#000\"><svg width=\"32px\" height=\"20px\" xmlns=\"http:\/\/www.w3.org\/2000\/svg\" viewBox=\"0 0 24 24\"><path fill=\"#000\" d=\"M14.258 10.152L23.176 0h-2.113l-7.747 8.813L7.133 0H0l9.352 13.328L0 23.973h2.113l8.176-9.309 6.531 9.309h7.133zm-2.895 3.293l-.949-1.328L2.875 1.56h3.246l6.086 8.523.945 1.328 7.91 11.078h-3.246zm0 0\"\/><\/svg><\/span><span class=\"shariff-text\" style=\"color:#000\">teilen<\/span>&nbsp;<\/a><\/li><li class=\"shariff-button facebook shariff-nocustomcolor\" style=\"background-color:#4273c8\"><a href=\"https:\/\/www.facebook.com\/sharer\/sharer.php?u=https%3A%2F%2Fkerste.de%2F%3Fp%3D6968\" title=\"Bei Facebook teilen\" aria-label=\"Bei Facebook teilen\" role=\"button\" rel=\"nofollow\" class=\"shariff-link\" style=\"; background-color:#3b5998; color:#3b5998\" target=\"_blank\"><span class=\"shariff-icon\" style=\"fill:#3b5998\"><svg width=\"32px\" height=\"20px\" xmlns=\"http:\/\/www.w3.org\/2000\/svg\" viewBox=\"0 0 18 32\"><path fill=\"#3b5998\" d=\"M17.1 0.2v4.7h-2.8q-1.5 0-2.1 0.6t-0.5 1.9v3.4h5.2l-0.7 5.3h-4.5v13.6h-5.5v-13.6h-4.5v-5.3h4.5v-3.9q0-3.3 1.9-5.2t5-1.8q2.6 0 4.1 0.2z\"\/><\/svg><\/span><span class=\"shariff-text\" style=\"color:#3b5998\">teilen<\/span>&nbsp;<\/a><\/li><li class=\"shariff-button tumblr shariff-nocustomcolor\" style=\"background-color:#529ecc\"><a href=\"https:\/\/www.tumblr.com\/widgets\/share\/tool?posttype=link&canonicalUrl=https%3A%2F%2Fkerste.de%2F%3Fp%3D6968&tags=kerste.de\" title=\"Bei tumblr teilen\" aria-label=\"Bei tumblr teilen\" role=\"button\" rel=\"noopener nofollow\" class=\"shariff-link\" style=\"; background-color:#36465d; color:#36465d\" target=\"_blank\"><span class=\"shariff-icon\" style=\"fill:#36465d\"><svg width=\"32px\" height=\"20px\" xmlns=\"http:\/\/www.w3.org\/2000\/svg\" viewBox=\"0 0 32 32\"><path fill=\"#36465d\" d=\"M18 14l0 7.3c0 1.9 0 2.9 0.2 3.5 0.2 0.5 0.7 1.1 1.2 1.4 0.7 0.4 1.5 0.6 2.4 0.6 1.6 0 2.6-0.2 4.2-1.3v4.8c-1.4 0.6-2.6 1-3.7 1.3-1.1 0.3-2.3 0.4-3.6 0.4-1.5 0-2.3-0.2-3.4-0.6-1.1-0.4-2.1-0.9-2.9-1.6-0.8-0.7-1.3-1.4-1.7-2.2s-0.5-1.9-0.5-3.4v-11.2h-4.3v-4.5c1.3-0.4 2.7-1 3.6-1.8 0.9-0.8 1.6-1.7 2.2-2.7 0.5-1.1 0.9-2.4 1.1-4.1h5.2l0 8h8v6h-8z\"\/><\/svg><\/span><span class=\"shariff-text\" style=\"color:#36465d\">teilen<\/span>&nbsp;<\/a><\/li><li class=\"shariff-button info shariff-nocustomcolor\" style=\"background-color:#a8a8a8\"><a href=\"http:\/\/ct.de\/-2467514\" title=\"Weitere Informationen\" aria-label=\"Weitere Informationen\" role=\"button\" rel=\"noopener \" class=\"shariff-link\" style=\"; background-color:#999; color:#999\" target=\"_blank\"><span class=\"shariff-icon\" style=\"fill:#999\"><svg width=\"32px\" height=\"20px\" xmlns=\"http:\/\/www.w3.org\/2000\/svg\" viewBox=\"0 0 11 32\"><path fill=\"#999\" d=\"M11.4 24v2.3q0 0.5-0.3 0.8t-0.8 0.4h-9.1q-0.5 0-0.8-0.4t-0.4-0.8v-2.3q0-0.5 0.4-0.8t0.8-0.4h1.1v-6.8h-1.1q-0.5 0-0.8-0.4t-0.4-0.8v-2.3q0-0.5 0.4-0.8t0.8-0.4h6.8q0.5 0 0.8 0.4t0.4 0.8v10.3h1.1q0.5 0 0.8 0.4t0.3 0.8zM9.2 3.4v3.4q0 0.5-0.4 0.8t-0.8 0.4h-4.6q-0.4 0-0.8-0.4t-0.4-0.8v-3.4q0-0.4 0.4-0.8t0.8-0.4h4.6q0.5 0 0.8 0.4t0.4 0.8z\"\/><\/svg><\/span><\/a><\/li><\/ul><\/div>","protected":false},"excerpt":{"rendered":"<p>Time to move on: Heute (10. Dezember 2016) hei\u00dft es, Selfoss adieu zu sagen. Der Golden Circle ist das Zwischenziel (quasi Island in a Nutshell mit den wichtigsten Sehensw\u00fcrdigkeiten, obwohl die Insel noch viel mehr zu bieten hat), und danach Grundarfj\u00f6r\u00f0ur auf der Halbinsel Sn\u00e6fellsness. Vorher steht nat\u00fcrlich noch ein Besuch in der B\u00e4ckerei neben [&hellip;]<\/p>\n","protected":false},"author":1,"featured_media":0,"comment_status":"open","ping_status":"open","sticky":false,"template":"","format":"standard","meta":{"footnotes":""},"categories":[370,340],"tags":[],"class_list":["post-6968","post","type-post","status-publish","format-standard","hentry","category-island-im-dezember-2016","category-reiseberichte"],"_links":{"self":[{"href":"https:\/\/kerste.de\/index.php?rest_route=\/wp\/v2\/posts\/6968","targetHints":{"allow":["GET"]}}],"collection":[{"href":"https:\/\/kerste.de\/index.php?rest_route=\/wp\/v2\/posts"}],"about":[{"href":"https:\/\/kerste.de\/index.php?rest_route=\/wp\/v2\/types\/post"}],"author":[{"embeddable":true,"href":"https:\/\/kerste.de\/index.php?rest_route=\/wp\/v2\/users\/1"}],"replies":[{"embeddable":true,"href":"https:\/\/kerste.de\/index.php?rest_route=%2Fwp%2Fv2%2Fcomments&post=6968"}],"version-history":[{"count":7,"href":"https:\/\/kerste.de\/index.php?rest_route=\/wp\/v2\/posts\/6968\/revisions"}],"predecessor-version":[{"id":7001,"href":"https:\/\/kerste.de\/index.php?rest_route=\/wp\/v2\/posts\/6968\/revisions\/7001"}],"wp:attachment":[{"href":"https:\/\/kerste.de\/index.php?rest_route=%2Fwp%2Fv2%2Fmedia&parent=6968"}],"wp:term":[{"taxonomy":"category","embeddable":true,"href":"https:\/\/kerste.de\/index.php?rest_route=%2Fwp%2Fv2%2Fcategories&post=6968"},{"taxonomy":"post_tag","embeddable":true,"href":"https:\/\/kerste.de\/index.php?rest_route=%2Fwp%2Fv2%2Ftags&post=6968"}],"curies":[{"name":"wp","href":"https:\/\/api.w.org\/{rel}","templated":true}]}}