{"id":6374,"date":"2016-11-05T16:54:30","date_gmt":"2016-11-05T14:54:30","guid":{"rendered":"http:\/\/kerste.de\/?p=6374"},"modified":"2016-11-05T16:54:30","modified_gmt":"2016-11-05T14:54:30","slug":"tag-10-suedwaerts-ueber-den-polarkreis","status":"publish","type":"post","link":"https:\/\/kerste.de\/?p=6374","title":{"rendered":"Tag 10: S\u00fcdw\u00e4rts \u00fcber den Polarkreis"},"content":{"rendered":"<div id=\"attachment_6377\" style=\"width: 310px\" class=\"wp-caption alignright\"><a href=\"http:\/\/kerste.de\/?attachment_id=6377#main\" rel=\"attachment wp-att-6377\"><img loading=\"lazy\" decoding=\"async\" aria-describedby=\"caption-attachment-6377\" class=\"size-medium wp-image-6377\" src=\"https:\/\/kerste.de\/wp-content\/uploads\/2015\/12\/20161102-08h-30m-DSC_5463-300x200.jpg\" alt=\"MS Kong Harald\" width=\"300\" height=\"200\" srcset=\"https:\/\/kerste.de\/wp-content\/uploads\/2015\/12\/20161102-08h-30m-DSC_5463-300x200.jpg 300w, https:\/\/kerste.de\/wp-content\/uploads\/2015\/12\/20161102-08h-30m-DSC_5463-768x512.jpg 768w, https:\/\/kerste.de\/wp-content\/uploads\/2015\/12\/20161102-08h-30m-DSC_5463.jpg 1024w\" sizes=\"auto, (max-width: 300px) 100vw, 300px\" \/><\/a><p id=\"caption-attachment-6377\" class=\"wp-caption-text\">MS Kong Harald<\/p><\/div>\n<p>Nach dem Feuerwerk gestern Abend beginnt nun der letzte richtige Reisetag, noch einmal mit einer Party an Deck: Um 8:30 begegnen wir der Kong Harald und \u00fcberraschen sie bei bestem Wetter mit Luftballons und Winke-Winke.<\/p>\n<p>Anschlie\u00dfend bleibt nicht viel Zeit f\u00fcr das Fr\u00fchst\u00fcck, denn bereits eine Stunde sp\u00e4ter passieren wir den Polarkreis, und das Ereignis wird wieder mit einer Zeremonie auf Deck 8 gew\u00fcrdigt. Diesmal steht Lebertran auf dem Programm, und man darf den L\u00f6ffel behalten. Einige Passagiere geben sich gleich die ganze Flasche, d\u00fcrfen aber trotzdem nur den L\u00f6ffel behalten. Anita, unsere Bordreiseleiterin, begleitet das ganze Zeremoniell wieder.<\/p>\n<div id=\"attachment_6382\" style=\"width: 310px\" class=\"wp-caption alignleft\"><a href=\"http:\/\/kerste.de\/?attachment_id=6382#main\" rel=\"attachment wp-att-6382\"><img loading=\"lazy\" decoding=\"async\" aria-describedby=\"caption-attachment-6382\" class=\"size-medium wp-image-6382\" src=\"https:\/\/kerste.de\/wp-content\/uploads\/2015\/12\/20161102-09h-49m-DSC_5529-300x200.jpg\" alt=\"L\u00f6ffel gef\u00e4llig?\" width=\"300\" height=\"200\" srcset=\"https:\/\/kerste.de\/wp-content\/uploads\/2015\/12\/20161102-09h-49m-DSC_5529-300x200.jpg 300w, https:\/\/kerste.de\/wp-content\/uploads\/2015\/12\/20161102-09h-49m-DSC_5529-768x512.jpg 768w, https:\/\/kerste.de\/wp-content\/uploads\/2015\/12\/20161102-09h-49m-DSC_5529.jpg 1024w\" sizes=\"auto, (max-width: 300px) 100vw, 300px\" \/><\/a><p id=\"caption-attachment-6382\" class=\"wp-caption-text\">L\u00f6ffel gef\u00e4llig?<\/p><\/div>\n<p>In der Zwischenzeit sind Volker und ich hochbesch\u00e4ftigt: Mein Computer hat endlich die Bilder der vorletzten Nacht zu einem Film verarbeitet, und Volker gibt seiner Abschlusspr\u00e4sentation den letzten Schliff \u2013 schlie\u00dflich haben wir schon um 11 Uhr das Abschlusstreffen unserer Gruppe, mit einem kleinen Reiser\u00fcckblick und Infos zur R\u00fcckreise in Trondheim.<\/p>\n<p>F\u00fcr rund eine Stunde treffen wir uns im Konferenzraum, w\u00e4hrend das Schiff in Nesna an- und wieder ablegt. Volker und ich machen gar nicht viele Worte, sondern lassen Bilder sprechen. Obwohl am Anfang viele H\u00e4fen und Exkursionen ausgefallen waren, ist doch wieder einiges zusammengekommen. Man vergisst so schnell, was man alles erlebt hat, und ist von den Eindr\u00fccken einfach \u00fcberw\u00e4ltigt.<\/p>\n<div id=\"attachment_6383\" style=\"width: 310px\" class=\"wp-caption alignright\"><a href=\"http:\/\/kerste.de\/?attachment_id=6383#main\" rel=\"attachment wp-att-6383\"><img loading=\"lazy\" decoding=\"async\" aria-describedby=\"caption-attachment-6383\" class=\"size-medium wp-image-6383\" src=\"https:\/\/kerste.de\/wp-content\/uploads\/2015\/12\/20161102-13h-24m-DSC_5580-300x200.jpg\" alt=\"Die sieben Schwestern\" width=\"300\" height=\"200\" srcset=\"https:\/\/kerste.de\/wp-content\/uploads\/2015\/12\/20161102-13h-24m-DSC_5580-300x200.jpg 300w, https:\/\/kerste.de\/wp-content\/uploads\/2015\/12\/20161102-13h-24m-DSC_5580-768x512.jpg 768w, https:\/\/kerste.de\/wp-content\/uploads\/2015\/12\/20161102-13h-24m-DSC_5580.jpg 1024w\" sizes=\"auto, (max-width: 300px) 100vw, 300px\" \/><\/a><p id=\"caption-attachment-6383\" class=\"wp-caption-text\">Die sieben Schwestern<\/p><\/div>\n<p>Danach bleibt noch etwas Zeit, um die Reise zu genie\u00dfen. In Sandnessj\u00f8en haben wir nur eine halbe Stunde Aufenthalt, bevor die Reise weiter geht und wir an den sieben Schwestern vorbei fahren. Die Berge zeigen sich diesmal in ihrer ganzen Pracht vor der tiefstehenden Sonne. Im S\u00fcden ist wohl schon der Torghatten bei Br\u00f8nn\u00f8ysund zu sehen.<\/p>\n<p>F\u00fcr mich steht noch ein letzter Programmpunkt auf dem Plan: Um 15 Uhr bietet Eckehard noch einen kleinen Bonus-Vortrag an, \u00fcber die Geologie Norwegens, und ich darf mitspielen. Jetzt wird einem klar, woran man in den letzten Tagen eigentlich vorbei gefahren ist, und wie hoch die <a href=\"https:\/\/de.wikipedia.org\/wiki\/Skandinavisches_Gebirge#Entstehung\" target=\"_blank\">Skanden<\/a> und das Kaledonische Gebirge mal waren, von denen nur noch das heutige Skandinavien mit seinen Fjorden \u00fcbrig geblieben ist. As time goes by&#8230;<\/p>\n<p>In Br\u00f8nn\u00f8ysund gibt es f\u00fcr die Passagiere, die von Anfang an dabei waren, noch einmal die Chance f\u00fcr eine kurze Br\u00fcckenbesichtigung. Alle anderen k\u00f6nnen auf ein Eis in die beste Eisdiele an der Route gehen. Zugegeben: Es ist auch die einzige Eisdiele, an der wir direkt halten. Mit dem englischen Lektor, der meint, Ben &amp; Jerrys w\u00e4re besser, stimme ich trotzdem nicht \u00fcberein.<\/p>\n\n\t\t<style type=\"text\/css\">\n\t\t\t#gallery-1 {\n\t\t\t\tmargin: auto;\n\t\t\t}\n\t\t\t#gallery-1 .gallery-item {\n\t\t\t\tfloat: left;\n\t\t\t\tmargin-top: 10px;\n\t\t\t\ttext-align: center;\n\t\t\t\twidth: 20%;\n\t\t\t}\n\t\t\t#gallery-1 img {\n\t\t\t\tborder: 2px solid #cfcfcf;\n\t\t\t}\n\t\t\t#gallery-1 .gallery-caption {\n\t\t\t\tmargin-left: 0;\n\t\t\t}\n\t\t\t\/* see gallery_shortcode() in wp-includes\/media.php *\/\n\t\t<\/style>\n\t\t<div id='gallery-1' class='gallery galleryid-6374 gallery-columns-5 gallery-size-thumbnail'><dl class='gallery-item'>\n\t\t\t<dt class='gallery-icon portrait'>\n\t\t\t\t<a href='https:\/\/kerste.de\/?attachment_id=6384#main'><img loading=\"lazy\" decoding=\"async\" width=\"150\" height=\"150\" src=\"https:\/\/kerste.de\/wp-content\/uploads\/2015\/12\/20161102-15h-56m-P1250933-150x150.jpg\" class=\"attachment-thumbnail size-thumbnail\" alt=\"\" aria-describedby=\"gallery-1-6384\" \/><\/a>\n\t\t\t<\/dt>\n\t\t\t\t<dd class='wp-caption-text gallery-caption' id='gallery-1-6384'>\n\t\t\t\tBr\u00f8nn\u00f8sysund\n\t\t\t\t<\/dd><\/dl><dl class='gallery-item'>\n\t\t\t<dt class='gallery-icon portrait'>\n\t\t\t\t<a href='https:\/\/kerste.de\/?attachment_id=6385#main'><img loading=\"lazy\" decoding=\"async\" width=\"150\" height=\"150\" src=\"https:\/\/kerste.de\/wp-content\/uploads\/2015\/12\/20161102-16h-11m-P1250947-150x150.jpg\" class=\"attachment-thumbnail size-thumbnail\" alt=\"\" aria-describedby=\"gallery-1-6385\" \/><\/a>\n\t\t\t<\/dt>\n\t\t\t\t<dd class='wp-caption-text gallery-caption' id='gallery-1-6385'>\n\t\t\t\tBr\u00f8nn\u00f8ysund in der Mitte Norwegens\n\t\t\t\t<\/dd><\/dl><dl class='gallery-item'>\n\t\t\t<dt class='gallery-icon landscape'>\n\t\t\t\t<a href='https:\/\/kerste.de\/?attachment_id=6386#main'><img loading=\"lazy\" decoding=\"async\" width=\"150\" height=\"150\" src=\"https:\/\/kerste.de\/wp-content\/uploads\/2015\/12\/20161102-16h-12m-P1250952-150x150.jpg\" class=\"attachment-thumbnail size-thumbnail\" alt=\"\" \/><\/a>\n\t\t\t<\/dt><\/dl><dl class='gallery-item'>\n\t\t\t<dt class='gallery-icon landscape'>\n\t\t\t\t<a href='https:\/\/kerste.de\/?attachment_id=6389#main'><img loading=\"lazy\" decoding=\"async\" width=\"150\" height=\"150\" src=\"https:\/\/kerste.de\/wp-content\/uploads\/2015\/12\/20161102-16h-49m-P1250963-150x150.jpg\" class=\"attachment-thumbnail size-thumbnail\" alt=\"\" aria-describedby=\"gallery-1-6389\" \/><\/a>\n\t\t\t<\/dt>\n\t\t\t\t<dd class='wp-caption-text gallery-caption' id='gallery-1-6389'>\n\t\t\t\tBlick auf den Torghatten\n\t\t\t\t<\/dd><\/dl><dl class='gallery-item'>\n\t\t\t<dt class='gallery-icon landscape'>\n\t\t\t\t<a href='https:\/\/kerste.de\/?attachment_id=6390#main'><img loading=\"lazy\" decoding=\"async\" width=\"150\" height=\"150\" src=\"https:\/\/kerste.de\/wp-content\/uploads\/2015\/12\/20161102-17h-07m-P1250971-150x150.jpg\" class=\"attachment-thumbnail size-thumbnail\" alt=\"\" \/><\/a>\n\t\t\t<\/dt><\/dl><br style=\"clear: both\" \/>\n\t\t<\/div>\n\n<p>Anschlie\u00dfend bleibt noch Zeit f\u00fcr einen Besuch im Amfi-Einkaufszentrum, um die letzten Kronen von der Kreditkarte runterzukriegen und Souvenirs einzukaufen. P\u00fcnktlich um 15:45 legen wir ab, dem Torghatten \u2013 dem Berg mit Loch \u2013 statten wir diesmal aber keinen Besuch ab: Es ist einfach zu dunkel, sodass es nichts zu sehen g\u00e4be.<\/p>\n<div id=\"attachment_6391\" style=\"width: 310px\" class=\"wp-caption alignright\"><a href=\"http:\/\/kerste.de\/?attachment_id=6391#main\" rel=\"attachment wp-att-6391\"><img loading=\"lazy\" decoding=\"async\" aria-describedby=\"caption-attachment-6391\" class=\"size-medium wp-image-6391\" src=\"https:\/\/kerste.de\/wp-content\/uploads\/2015\/12\/20161102-19h-16m-P1250985-300x201.jpg\" alt=\"Captain's Dinner\" width=\"300\" height=\"201\" srcset=\"https:\/\/kerste.de\/wp-content\/uploads\/2015\/12\/20161102-19h-16m-P1250985-300x201.jpg 300w, https:\/\/kerste.de\/wp-content\/uploads\/2015\/12\/20161102-19h-16m-P1250985-768x514.jpg 768w, https:\/\/kerste.de\/wp-content\/uploads\/2015\/12\/20161102-19h-16m-P1250985.jpg 1024w\" sizes=\"auto, (max-width: 300px) 100vw, 300px\" \/><\/a><p id=\"caption-attachment-6391\" class=\"wp-caption-text\">Captain&#8217;s Dinner<\/p><\/div>\n<p>Aber egal, so k\u00f6nnen wir um 18:00 entspannt zum Avskjedsmiddag erscheinen, dem Farewell Dinner. Die Crew verabschiedet sich schon einmal, da viele in Trondheim das Schiff verlassen, auch wenn wir im hinteren Teil des Restaurants nicht viel davon mitbekommen. Wie immer ist es eine lockere und alles andere als bierernste Veranstaltung.<\/p>\n<div id=\"attachment_6393\" style=\"width: 310px\" class=\"wp-caption alignleft\"><a href=\"http:\/\/kerste.de\/?attachment_id=6393#main\" rel=\"attachment wp-att-6393\"><img loading=\"lazy\" decoding=\"async\" aria-describedby=\"caption-attachment-6393\" class=\"size-medium wp-image-6393\" src=\"https:\/\/kerste.de\/wp-content\/uploads\/2015\/12\/20161102-21h-00m-P1250999-300x201.jpg\" alt=\"Die MS Lofoten\" width=\"300\" height=\"201\" srcset=\"https:\/\/kerste.de\/wp-content\/uploads\/2015\/12\/20161102-21h-00m-P1250999-300x201.jpg 300w, https:\/\/kerste.de\/wp-content\/uploads\/2015\/12\/20161102-21h-00m-P1250999-768x514.jpg 768w, https:\/\/kerste.de\/wp-content\/uploads\/2015\/12\/20161102-21h-00m-P1250999.jpg 1024w\" sizes=\"auto, (max-width: 300px) 100vw, 300px\" \/><\/a><p id=\"caption-attachment-6393\" class=\"wp-caption-text\">Die MS Lofoten<\/p><\/div>\n<p>Nun bleibt noch ein Hafen auf der Route: R\u00f8rvik, wo wir die Lofoten treffen. Sie ist das letzte klassische Postschiff, das noch auf der Route f\u00e4hrt. Kaum zu glauben, dass die fast den gleichen Tiefgang hat wie die Finnmarken&#8230;<\/p>\n<p>Nach R\u00f8rvik ist packen angesagt. Ich verkneife mir mittlerweile die Polarlichtprognosen, da es sowieseo welches gibt, aber der Himmel ist bedeckt. Um 23 Uhr machen wir noch einen letzten Rundgang um das Schiff, w\u00e4hrend es \u00fcber die Folda geht, aber au\u00dfer Wolkenstrukturen ist nichts zu sehen. Wir k\u00f6nnen guten Gewissens die Kamera wegpacken und ins Bett gehen.<\/p>\n<p>Bis kurz vor Mitternacht die Durchsage kommt: Vi har Nordlys.<\/p>\n<p>Na toll. Also wieder rein in die Klamotten und raus an den Bug, wo ich fast alleine bin. Tats\u00e4chlich: Es gibt Polarlicht, schwache B\u00e4nder flattern sehr schnell \u00fcber den Himmel. Allerdings gibt es nur eine Wolkenl\u00fccke von etwa eineinhalb Handbreit, durch die die Show zu sehen ist. \u00dcber dem Schiff schimmert ein heller gr\u00fcner Streifen hinter den Wolken. Bei besserem Wetter w\u00e4re es eine tolle Show, so gehe ich nach zehn Minuten wieder ins Bett \u2013 schlie\u00dflich m\u00fcssen wir in Trondheim schon um 8 Uhr die Kabinen verlassen.<\/p>\n<div class=\"shariff shariff-align-left shariff-widget-align-left\"><ul class=\"shariff-buttons theme-white orientation-horizontal buttonsize-small\"><li class=\"shariff-button twitter shariff-nocustomcolor\" style=\"background-color:#595959\"><a href=\"https:\/\/twitter.com\/share?url=https%3A%2F%2Fkerste.de%2F%3Fp%3D6374&text=Tag%2010%3A%20S%C3%BCdw%C3%A4rts%20%C3%BCber%20den%20Polarkreis\" title=\"Bei X teilen\" aria-label=\"Bei X teilen\" role=\"button\" rel=\"noopener nofollow\" class=\"shariff-link\" style=\"; background-color:#000; color:#000\" target=\"_blank\"><span class=\"shariff-icon\" style=\"fill:#000\"><svg width=\"32px\" height=\"20px\" xmlns=\"http:\/\/www.w3.org\/2000\/svg\" viewBox=\"0 0 24 24\"><path fill=\"#000\" d=\"M14.258 10.152L23.176 0h-2.113l-7.747 8.813L7.133 0H0l9.352 13.328L0 23.973h2.113l8.176-9.309 6.531 9.309h7.133zm-2.895 3.293l-.949-1.328L2.875 1.56h3.246l6.086 8.523.945 1.328 7.91 11.078h-3.246zm0 0\"\/><\/svg><\/span><span class=\"shariff-text\" style=\"color:#000\">teilen<\/span>&nbsp;<\/a><\/li><li class=\"shariff-button facebook shariff-nocustomcolor\" style=\"background-color:#4273c8\"><a href=\"https:\/\/www.facebook.com\/sharer\/sharer.php?u=https%3A%2F%2Fkerste.de%2F%3Fp%3D6374\" title=\"Bei Facebook teilen\" aria-label=\"Bei Facebook teilen\" role=\"button\" rel=\"nofollow\" class=\"shariff-link\" style=\"; background-color:#3b5998; color:#3b5998\" target=\"_blank\"><span class=\"shariff-icon\" style=\"fill:#3b5998\"><svg width=\"32px\" height=\"20px\" xmlns=\"http:\/\/www.w3.org\/2000\/svg\" viewBox=\"0 0 18 32\"><path fill=\"#3b5998\" d=\"M17.1 0.2v4.7h-2.8q-1.5 0-2.1 0.6t-0.5 1.9v3.4h5.2l-0.7 5.3h-4.5v13.6h-5.5v-13.6h-4.5v-5.3h4.5v-3.9q0-3.3 1.9-5.2t5-1.8q2.6 0 4.1 0.2z\"\/><\/svg><\/span><span class=\"shariff-text\" style=\"color:#3b5998\">teilen<\/span>&nbsp;<\/a><\/li><li class=\"shariff-button tumblr shariff-nocustomcolor\" style=\"background-color:#529ecc\"><a href=\"https:\/\/www.tumblr.com\/widgets\/share\/tool?posttype=link&canonicalUrl=https%3A%2F%2Fkerste.de%2F%3Fp%3D6374&tags=kerste.de\" title=\"Bei tumblr teilen\" aria-label=\"Bei tumblr teilen\" role=\"button\" rel=\"noopener nofollow\" class=\"shariff-link\" style=\"; background-color:#36465d; color:#36465d\" target=\"_blank\"><span class=\"shariff-icon\" style=\"fill:#36465d\"><svg width=\"32px\" height=\"20px\" xmlns=\"http:\/\/www.w3.org\/2000\/svg\" viewBox=\"0 0 32 32\"><path fill=\"#36465d\" d=\"M18 14l0 7.3c0 1.9 0 2.9 0.2 3.5 0.2 0.5 0.7 1.1 1.2 1.4 0.7 0.4 1.5 0.6 2.4 0.6 1.6 0 2.6-0.2 4.2-1.3v4.8c-1.4 0.6-2.6 1-3.7 1.3-1.1 0.3-2.3 0.4-3.6 0.4-1.5 0-2.3-0.2-3.4-0.6-1.1-0.4-2.1-0.9-2.9-1.6-0.8-0.7-1.3-1.4-1.7-2.2s-0.5-1.9-0.5-3.4v-11.2h-4.3v-4.5c1.3-0.4 2.7-1 3.6-1.8 0.9-0.8 1.6-1.7 2.2-2.7 0.5-1.1 0.9-2.4 1.1-4.1h5.2l0 8h8v6h-8z\"\/><\/svg><\/span><span class=\"shariff-text\" style=\"color:#36465d\">teilen<\/span>&nbsp;<\/a><\/li><li class=\"shariff-button info shariff-nocustomcolor\" style=\"background-color:#a8a8a8\"><a href=\"http:\/\/ct.de\/-2467514\" title=\"Weitere Informationen\" aria-label=\"Weitere Informationen\" role=\"button\" rel=\"noopener \" class=\"shariff-link\" style=\"; background-color:#999; color:#999\" target=\"_blank\"><span class=\"shariff-icon\" style=\"fill:#999\"><svg width=\"32px\" height=\"20px\" xmlns=\"http:\/\/www.w3.org\/2000\/svg\" viewBox=\"0 0 11 32\"><path fill=\"#999\" d=\"M11.4 24v2.3q0 0.5-0.3 0.8t-0.8 0.4h-9.1q-0.5 0-0.8-0.4t-0.4-0.8v-2.3q0-0.5 0.4-0.8t0.8-0.4h1.1v-6.8h-1.1q-0.5 0-0.8-0.4t-0.4-0.8v-2.3q0-0.5 0.4-0.8t0.8-0.4h6.8q0.5 0 0.8 0.4t0.4 0.8v10.3h1.1q0.5 0 0.8 0.4t0.3 0.8zM9.2 3.4v3.4q0 0.5-0.4 0.8t-0.8 0.4h-4.6q-0.4 0-0.8-0.4t-0.4-0.8v-3.4q0-0.4 0.4-0.8t0.8-0.4h4.6q0.5 0 0.8 0.4t0.4 0.8z\"\/><\/svg><\/span><\/a><\/li><\/ul><\/div>","protected":false},"excerpt":{"rendered":"<p>Nach dem Feuerwerk gestern Abend beginnt nun der letzte richtige Reisetag, noch einmal mit einer Party an Deck: Um 8:30 begegnen wir der Kong Harald und \u00fcberraschen sie bei bestem Wetter mit Luftballons und Winke-Winke. Anschlie\u00dfend bleibt nicht viel Zeit f\u00fcr das Fr\u00fchst\u00fcck, denn bereits eine Stunde sp\u00e4ter passieren wir den Polarkreis, und das Ereignis [&hellip;]<\/p>\n","protected":false},"author":1,"featured_media":0,"comment_status":"open","ping_status":"open","sticky":false,"template":"","format":"standard","meta":{"footnotes":""},"categories":[360],"tags":[],"class_list":["post-6374","post","type-post","status-publish","format-standard","hentry","category-hurtigruten-2016-grp107"],"_links":{"self":[{"href":"https:\/\/kerste.de\/index.php?rest_route=\/wp\/v2\/posts\/6374","targetHints":{"allow":["GET"]}}],"collection":[{"href":"https:\/\/kerste.de\/index.php?rest_route=\/wp\/v2\/posts"}],"about":[{"href":"https:\/\/kerste.de\/index.php?rest_route=\/wp\/v2\/types\/post"}],"author":[{"embeddable":true,"href":"https:\/\/kerste.de\/index.php?rest_route=\/wp\/v2\/users\/1"}],"replies":[{"embeddable":true,"href":"https:\/\/kerste.de\/index.php?rest_route=%2Fwp%2Fv2%2Fcomments&post=6374"}],"version-history":[{"count":4,"href":"https:\/\/kerste.de\/index.php?rest_route=\/wp\/v2\/posts\/6374\/revisions"}],"predecessor-version":[{"id":6401,"href":"https:\/\/kerste.de\/index.php?rest_route=\/wp\/v2\/posts\/6374\/revisions\/6401"}],"wp:attachment":[{"href":"https:\/\/kerste.de\/index.php?rest_route=%2Fwp%2Fv2%2Fmedia&parent=6374"}],"wp:term":[{"taxonomy":"category","embeddable":true,"href":"https:\/\/kerste.de\/index.php?rest_route=%2Fwp%2Fv2%2Fcategories&post=6374"},{"taxonomy":"post_tag","embeddable":true,"href":"https:\/\/kerste.de\/index.php?rest_route=%2Fwp%2Fv2%2Ftags&post=6374"}],"curies":[{"name":"wp","href":"https:\/\/api.w.org\/{rel}","templated":true}]}}