{"id":5919,"date":"2016-10-18T10:14:54","date_gmt":"2016-10-18T08:14:54","guid":{"rendered":"http:\/\/kerste.de\/?p=5919"},"modified":"2016-10-23T21:02:17","modified_gmt":"2016-10-23T19:02:17","slug":"neues-buch-nordlicht-und-sterne-mit-hurtigruten","status":"publish","type":"post","link":"https:\/\/kerste.de\/?p=5919","title":{"rendered":"Neues Buch: Nordlicht und Sterne mit Hurtigruten"},"content":{"rendered":"<div id=\"attachment_5921\" style=\"width: 310px\" class=\"wp-caption alignright\"><a href=\"http:\/\/kerste.de\/?attachment_id=5921#main\" rel=\"attachment wp-att-5921\"><img loading=\"lazy\" decoding=\"async\" aria-describedby=\"caption-attachment-5921\" class=\"size-medium wp-image-5921\" src=\"https:\/\/kerste.de\/wp-content\/uploads\/2016\/10\/Nordlicht-Sterne-P1240005-300x201.jpg\" alt=\"Die Probedrucke vom neuen Buch \u2013 und bestellbar ist es auch schon!\" width=\"300\" height=\"201\" srcset=\"https:\/\/kerste.de\/wp-content\/uploads\/2016\/10\/Nordlicht-Sterne-P1240005-300x201.jpg 300w, https:\/\/kerste.de\/wp-content\/uploads\/2016\/10\/Nordlicht-Sterne-P1240005-768x514.jpg 768w, https:\/\/kerste.de\/wp-content\/uploads\/2016\/10\/Nordlicht-Sterne-P1240005.jpg 1024w\" sizes=\"auto, (max-width: 300px) 100vw, 300px\" \/><\/a><p id=\"caption-attachment-5921\" class=\"wp-caption-text\">Die Probedrucke vom neuen Buch \u2013 und bestellbar ist es auch schon!<\/p><\/div>\n<p>Das Jahr neigt sich dem Ende zu, die Nordlichtsaison f\u00e4ngt wieder an, und ich habe den Sommer dazu genutzt, in aller Heimlichkeit ein Buch zu schreiben: <em>Nordlicht und Sterne mit Hurtigruten<\/em>. Ich h\u00e4tte nie gedacht, dass ich mal einen Reisef\u00fchrer schreibe, aber hier ist er.<\/p>\n<p>Auch wer die Reiseberichte in meinem Blog regelm\u00e4\u00dfig liest, wird hier noch ein paar neue Dinge finden, und vor allem sauber strukturiert. Auf 128 Seiten gibt&#8217;s in drei Teile gegliedert eigentlich alles, was ich f\u00fcr die Tour f\u00fcr wichtig halte:<\/p>\n<ul>\n<li><strong>Die Reise <\/strong>beschreibt jeden Tag der Fahrt auf der Hurtigrute auf einer Doppelseite mit einem \u00dcberblick, was es im Winter zu sehen gibt. Dabei liegt der Schwerpunkt nat\u00fcrlich nicht auf den Ausfl\u00fcgen, die Hurtigrute anbietet \u2013 die sind zur Gen\u00fcge in den Katalogen und auf dem Schiff beschrieben \u2013 sondern auf allem, was man sonst noch so sehen kann. Damit ist es knapp genug, dass man es auch noch w\u00e4hrend der Reise lesen kann:-) Dazu kommen Tipps zur Fotografie, zum Leben an Bord und zu Schiffsbegegnungen. Das alles nat\u00fcrlich passend zum Winterfahrplan.<\/li>\n<li><strong>Nordlicht<\/strong> darf nat\u00fcrlich auch nicht fehlen. Wie entsteht es, welche Geschichten gibt es dazu, wie beobachte und fotografiere ich es am besten \u2013 also die ganzen Hintergr\u00fcnde, und hoffentlich nicht ganz so kompliziert aufbereitet wie in den anderen B\u00fcchern auf dem Markt.<\/li>\n<li><strong>Der Sternenhimmel<\/strong> macht den Abschluss: Was gibt es alles am Himmel zu sehen, wie \u00e4ndert der Himmel sich im Lauf des Jahres, und \u2013 nat\u00fcrlich \u2013 ein paar Beobachtungstipps, die schon mit einem Fernglas zu sehen sind.<\/li>\n<\/ul>\n<div id=\"attachment_5918\" style=\"width: 221px\" class=\"wp-caption alignright\"><a href=\"http:\/\/kerste.de\/?attachment_id=5918\" rel=\"attachment wp-att-5918\"><img loading=\"lazy\" decoding=\"async\" aria-describedby=\"caption-attachment-5918\" class=\"wp-image-5918 size-medium\" src=\"https:\/\/kerste.de\/wp-content\/uploads\/2016\/10\/Nordlicht-Sterne-Cover-gross-211x300.jpg\" width=\"211\" height=\"300\" srcset=\"https:\/\/kerste.de\/wp-content\/uploads\/2016\/10\/Nordlicht-Sterne-Cover-gross-211x300.jpg 211w, https:\/\/kerste.de\/wp-content\/uploads\/2016\/10\/Nordlicht-Sterne-Cover-gross.jpg 719w\" sizes=\"auto, (max-width: 211px) 100vw, 211px\" \/><\/a><p id=\"caption-attachment-5918\" class=\"wp-caption-text\">Nordlicht und Sterne mit Hurtigruten<\/p><\/div>\n<p>Das Buch gibt es wieder einmal nur \u00fcber Amazon als <a href=\"https:\/\/www.amazon.de\/dp\/1539563138\/\" target=\"_blank\">Print-on-Demand<\/a>, also in guter Laserdrucker-Qualit\u00e4t \u2013 mein erster Probedruck ist noch unterwegs. Der Preis: 24,96\u20ac, im Farbdruck. Eine g\u00fcnstige Schwarz-Wei\u00df-Ausgabe ist bei den vielen Reise- und Polarlichtfotos sinnlos&#8230; <del>Im Preis inbegriffen ist das EBook (vorausgesetzt, Amazon Matchbook funktioniert in Deutschland &#8211; da bin ich mir gerade nicht sicher), das es beim Kauf des gedruckten Buchs kostenlos dazu gibt und das in den n\u00e4chsten 36 Stunden online gehen m\u00fcsste.<\/del> [Update vom 23.10.16: Matchbook gibt&#8217;s laut Amazno nur in den USA, auch wenn ich&#8217;s generell aktiviert habe. Schade.] Oder man kauft das <a href=\"https:\/\/www.amazon.de\/dp\/B01M5COI3P\/\" target=\"_blank\">EBook<\/a> (\u00fcbrigens ohne DRM, sodass es auch abseits vom Kindle genutzt werden kann) f\u00fcr 7,50 Euro \u2013 g\u00fcnstiger konnte ich es nicht machen, da einerseits 19% Mehrwertsteuer drauf kommen und andererseits viele Bilder drin sind. Und bei Amazon zahlt der Verlag oder Autor die Portokosten f\u00fcr das EBook, nicht der K\u00e4ufer, und die werden nach Dateigr\u00f6\u00dfe berechnet&#8230;<\/p>\n<p>Blick ins Buch und so sollte auch demn\u00e4chst bei Amazon erscheinen, um mal im Buch zu bl\u00e4ttern. Das ist der Nachteil daran, dass ich keinen Verlag hinter mir stehen habe: Keine Buchhandlungen, in denen man es sich anschauen kann. Aber daf\u00fcr bleibt es l\u00e4nger am Markt.<\/p>\n<p>Irgendwann n\u00e4chstes Jahr gibt&#8217;s das Buch \u00fcbrigens auch noch in einer richtigen gedruckten Version als Beilage f\u00fcr die <a href=\"https:\/\/www.hurtigruten.de\/gruppenreisen\/nordlicht-und-sterne\/\" target=\"_blank\">Nordlicht-und-Sterne-Themenreisen<\/a>, die \u00fcber Hurtigruten Deutschland gebucht werden. Das gilt nat\u00fcrlich nur f\u00fcr die Nordlicht-Reisen von Hurtigruten Deutschland (die auch im Reiseb\u00fcro gebucht werden k\u00f6nnen) und nicht f\u00fcr die, die andere Reiseunternehmen auf den Hurtigruten-Schiffen anbieten. Aber das dauert noch ein wenig \u2013 erst muss es einmal gedruckt werden, und da laufen die Probedrucke noch. Mit 17&#215;24 cm hat man endlich auch mal was in der Hand &#8211; es gibt viel zu viele Reisef\u00fchrer etwa im DIN-Lang-Format (wohl um in die Hosentasche zu passen), die dann aber so dick sind, dass sie doch nicht passen. Die Kooperation mit Hurtigruten ist auch der Hauptgrund, warum ich diesmal wieder keinen Verlag mit ins Boot genommen habe: So kann ich schneller auf \u00c4nderungen reagieren.<\/p>\n<p>Wer also keine Lust hat, mein Blog zur Reisevorbereitung auszudrucken, hat jetzt eine Alternative. Aber Achtung: Es kann sein, dass das Buch das Nordweh weckt. Und wer wei\u00df, vielleicht sieht man sich ja mal im Norden. God tur!<\/p>\n<div class=\"shariff shariff-align-left shariff-widget-align-left\"><ul class=\"shariff-buttons theme-white orientation-horizontal buttonsize-small\"><li class=\"shariff-button twitter shariff-nocustomcolor\" style=\"background-color:#595959\"><a href=\"https:\/\/twitter.com\/share?url=https%3A%2F%2Fkerste.de%2F%3Fp%3D5919&text=Neues%20Buch%3A%20Nordlicht%20und%20Sterne%20mit%20Hurtigruten\" title=\"Bei X teilen\" aria-label=\"Bei X teilen\" role=\"button\" rel=\"noopener nofollow\" class=\"shariff-link\" style=\"; background-color:#000; color:#000\" target=\"_blank\"><span class=\"shariff-icon\" style=\"fill:#000\"><svg width=\"32px\" height=\"20px\" xmlns=\"http:\/\/www.w3.org\/2000\/svg\" viewBox=\"0 0 24 24\"><path fill=\"#000\" d=\"M14.258 10.152L23.176 0h-2.113l-7.747 8.813L7.133 0H0l9.352 13.328L0 23.973h2.113l8.176-9.309 6.531 9.309h7.133zm-2.895 3.293l-.949-1.328L2.875 1.56h3.246l6.086 8.523.945 1.328 7.91 11.078h-3.246zm0 0\"\/><\/svg><\/span><span class=\"shariff-text\" style=\"color:#000\">teilen<\/span>&nbsp;<\/a><\/li><li class=\"shariff-button facebook shariff-nocustomcolor\" style=\"background-color:#4273c8\"><a href=\"https:\/\/www.facebook.com\/sharer\/sharer.php?u=https%3A%2F%2Fkerste.de%2F%3Fp%3D5919\" title=\"Bei Facebook teilen\" aria-label=\"Bei Facebook teilen\" role=\"button\" rel=\"nofollow\" class=\"shariff-link\" style=\"; background-color:#3b5998; color:#3b5998\" target=\"_blank\"><span class=\"shariff-icon\" style=\"fill:#3b5998\"><svg width=\"32px\" height=\"20px\" xmlns=\"http:\/\/www.w3.org\/2000\/svg\" viewBox=\"0 0 18 32\"><path fill=\"#3b5998\" d=\"M17.1 0.2v4.7h-2.8q-1.5 0-2.1 0.6t-0.5 1.9v3.4h5.2l-0.7 5.3h-4.5v13.6h-5.5v-13.6h-4.5v-5.3h4.5v-3.9q0-3.3 1.9-5.2t5-1.8q2.6 0 4.1 0.2z\"\/><\/svg><\/span><span class=\"shariff-text\" style=\"color:#3b5998\">teilen<\/span>&nbsp;<\/a><\/li><li class=\"shariff-button tumblr shariff-nocustomcolor\" style=\"background-color:#529ecc\"><a href=\"https:\/\/www.tumblr.com\/widgets\/share\/tool?posttype=link&canonicalUrl=https%3A%2F%2Fkerste.de%2F%3Fp%3D5919&tags=kerste.de\" title=\"Bei tumblr teilen\" aria-label=\"Bei tumblr teilen\" role=\"button\" rel=\"noopener nofollow\" class=\"shariff-link\" style=\"; background-color:#36465d; color:#36465d\" target=\"_blank\"><span class=\"shariff-icon\" style=\"fill:#36465d\"><svg width=\"32px\" height=\"20px\" xmlns=\"http:\/\/www.w3.org\/2000\/svg\" viewBox=\"0 0 32 32\"><path fill=\"#36465d\" d=\"M18 14l0 7.3c0 1.9 0 2.9 0.2 3.5 0.2 0.5 0.7 1.1 1.2 1.4 0.7 0.4 1.5 0.6 2.4 0.6 1.6 0 2.6-0.2 4.2-1.3v4.8c-1.4 0.6-2.6 1-3.7 1.3-1.1 0.3-2.3 0.4-3.6 0.4-1.5 0-2.3-0.2-3.4-0.6-1.1-0.4-2.1-0.9-2.9-1.6-0.8-0.7-1.3-1.4-1.7-2.2s-0.5-1.9-0.5-3.4v-11.2h-4.3v-4.5c1.3-0.4 2.7-1 3.6-1.8 0.9-0.8 1.6-1.7 2.2-2.7 0.5-1.1 0.9-2.4 1.1-4.1h5.2l0 8h8v6h-8z\"\/><\/svg><\/span><span class=\"shariff-text\" style=\"color:#36465d\">teilen<\/span>&nbsp;<\/a><\/li><li class=\"shariff-button info shariff-nocustomcolor\" style=\"background-color:#a8a8a8\"><a href=\"http:\/\/ct.de\/-2467514\" title=\"Weitere Informationen\" aria-label=\"Weitere Informationen\" role=\"button\" rel=\"noopener \" class=\"shariff-link\" style=\"; background-color:#999; color:#999\" target=\"_blank\"><span class=\"shariff-icon\" style=\"fill:#999\"><svg width=\"32px\" height=\"20px\" xmlns=\"http:\/\/www.w3.org\/2000\/svg\" viewBox=\"0 0 11 32\"><path fill=\"#999\" d=\"M11.4 24v2.3q0 0.5-0.3 0.8t-0.8 0.4h-9.1q-0.5 0-0.8-0.4t-0.4-0.8v-2.3q0-0.5 0.4-0.8t0.8-0.4h1.1v-6.8h-1.1q-0.5 0-0.8-0.4t-0.4-0.8v-2.3q0-0.5 0.4-0.8t0.8-0.4h6.8q0.5 0 0.8 0.4t0.4 0.8v10.3h1.1q0.5 0 0.8 0.4t0.3 0.8zM9.2 3.4v3.4q0 0.5-0.4 0.8t-0.8 0.4h-4.6q-0.4 0-0.8-0.4t-0.4-0.8v-3.4q0-0.4 0.4-0.8t0.8-0.4h4.6q0.5 0 0.8 0.4t0.4 0.8z\"\/><\/svg><\/span><\/a><\/li><\/ul><\/div>","protected":false},"excerpt":{"rendered":"<p>Das Jahr neigt sich dem Ende zu, die Nordlichtsaison f\u00e4ngt wieder an, und ich habe den Sommer dazu genutzt, in aller Heimlichkeit ein Buch zu schreiben: Nordlicht und Sterne mit Hurtigruten. Ich h\u00e4tte nie gedacht, dass ich mal einen Reisef\u00fchrer schreibe, aber hier ist er. Auch wer die Reiseberichte in meinem Blog regelm\u00e4\u00dfig liest, wird [&hellip;]<\/p>\n","protected":false},"author":1,"featured_media":0,"comment_status":"open","ping_status":"open","sticky":false,"template":"","format":"standard","meta":{"footnotes":""},"categories":[1,345,340],"tags":[358,156,359,357],"class_list":["post-5919","post","type-post","status-publish","format-standard","hentry","category-allgemein","category-astro","category-reiseberichte","tag-buch","tag-buchveroeffentlichung","tag-neues-buch","tag-nordlicht-und-sterne-mit-hurtigruten"],"_links":{"self":[{"href":"https:\/\/kerste.de\/index.php?rest_route=\/wp\/v2\/posts\/5919","targetHints":{"allow":["GET"]}}],"collection":[{"href":"https:\/\/kerste.de\/index.php?rest_route=\/wp\/v2\/posts"}],"about":[{"href":"https:\/\/kerste.de\/index.php?rest_route=\/wp\/v2\/types\/post"}],"author":[{"embeddable":true,"href":"https:\/\/kerste.de\/index.php?rest_route=\/wp\/v2\/users\/1"}],"replies":[{"embeddable":true,"href":"https:\/\/kerste.de\/index.php?rest_route=%2Fwp%2Fv2%2Fcomments&post=5919"}],"version-history":[{"count":8,"href":"https:\/\/kerste.de\/index.php?rest_route=\/wp\/v2\/posts\/5919\/revisions"}],"predecessor-version":[{"id":5949,"href":"https:\/\/kerste.de\/index.php?rest_route=\/wp\/v2\/posts\/5919\/revisions\/5949"}],"wp:attachment":[{"href":"https:\/\/kerste.de\/index.php?rest_route=%2Fwp%2Fv2%2Fmedia&parent=5919"}],"wp:term":[{"taxonomy":"category","embeddable":true,"href":"https:\/\/kerste.de\/index.php?rest_route=%2Fwp%2Fv2%2Fcategories&post=5919"},{"taxonomy":"post_tag","embeddable":true,"href":"https:\/\/kerste.de\/index.php?rest_route=%2Fwp%2Fv2%2Ftags&post=5919"}],"curies":[{"name":"wp","href":"https:\/\/api.w.org\/{rel}","templated":true}]}}