{"id":5860,"date":"2016-08-28T15:09:43","date_gmt":"2016-08-28T13:09:43","guid":{"rendered":"http:\/\/kerste.de\/?p=5860"},"modified":"2016-08-28T15:09:43","modified_gmt":"2016-08-28T13:09:43","slug":"bilder-aus-mallorca","status":"publish","type":"post","link":"https:\/\/kerste.de\/?p=5860","title":{"rendered":"Bilder aus Mallorca"},"content":{"rendered":"<div id=\"attachment_5861\" style=\"width: 310px\" class=\"wp-caption alignright\"><a href=\"http:\/\/kerste.de\/?attachment_id=5861#main\" rel=\"attachment wp-att-5861\"><img loading=\"lazy\" decoding=\"async\" aria-describedby=\"caption-attachment-5861\" class=\"size-medium wp-image-5861\" src=\"https:\/\/kerste.de\/wp-content\/uploads\/2016\/08\/SoFi-Test-300x225.jpg\" alt=\"Testaufbau f\u00fcr die Sonnenfinsternis\" width=\"300\" height=\"225\" srcset=\"https:\/\/kerste.de\/wp-content\/uploads\/2016\/08\/SoFi-Test-300x225.jpg 300w, https:\/\/kerste.de\/wp-content\/uploads\/2016\/08\/SoFi-Test-768x576.jpg 768w, https:\/\/kerste.de\/wp-content\/uploads\/2016\/08\/SoFi-Test.jpg 800w\" sizes=\"auto, (max-width: 300px) 100vw, 300px\" \/><\/a><p id=\"caption-attachment-5861\" class=\"wp-caption-text\">Testaufbau f\u00fcr die Sonnenfinsternis<\/p><\/div>\n<p>Der Urlaub ist schon wieder vorbei, und ein paar Projekte neigen sich ebenfalls dem Ende entgegen \u2013 Zeit, mal wieder das Blog mit Inhalt zu f\u00fcllen, auch wenn&#8217;s nur Urlaubsbilder sind \u2013 und nicht mal aus Skandinavien, sondern aus einer Woche Mallorca. Da unten sollte es im August ja eigentlich gutes Wetter geben, also war das gleich die Chance, die Ausr\u00fcstung f\u00fcr die Sonnenfinsternis n\u00e4chstes Jahr einmal zu testen.<\/p>\n<p>Das hat auch hervorragend geklappt: Ich habe prompt die Winkelschiene vom Star Adventurer vergessen und das 1kg-Gegengewicht umsonst nach Malle geflogen. Immerhin, bis auf zwei Wolkentage hat das Wetter auch gehalten. Einnorden mit Handy-Kompass funktioniert wohl gut genug, und die Nachf\u00fchrung sollte ebenfalls okay sein, das ist schon einmal vielversprechend f\u00fcr n\u00e4chsten August. Nach drei Stunden in der Sonne (wenn auch sp\u00e4ter abgeschattet) ist auch bewiesen, dass das MacBook Air wirklich einen L\u00fcfter hat. Die n\u00e4chste Herausforderung: Scharfstellen mit dem manuellen Objektiv, und verl\u00e4sslich ein Kontrollbild von der DSLR auf den Laptop zu zaubern. Wird noch spannend&#8230;<\/p>\n<div id=\"attachment_5864\" style=\"width: 211px\" class=\"wp-caption alignleft\"><a href=\"http:\/\/kerste.de\/?attachment_id=5864#main\" rel=\"attachment wp-att-5864\"><img loading=\"lazy\" decoding=\"async\" aria-describedby=\"caption-attachment-5864\" class=\"size-medium wp-image-5864\" src=\"https:\/\/kerste.de\/wp-content\/uploads\/2016\/08\/20160815-11h-32m-P1130635-201x300.jpg\" alt=\"Der Eingang zu Ses Pa\u00efsses\" width=\"201\" height=\"300\" srcset=\"https:\/\/kerste.de\/wp-content\/uploads\/2016\/08\/20160815-11h-32m-P1130635-201x300.jpg 201w, https:\/\/kerste.de\/wp-content\/uploads\/2016\/08\/20160815-11h-32m-P1130635.jpg 685w\" sizes=\"auto, (max-width: 201px) 100vw, 201px\" \/><\/a><p id=\"caption-attachment-5864\" class=\"wp-caption-text\">Der Eingang zu Ses Pa\u00efsses<\/p><\/div>\n<p>Aber ich hab da nicht nur Astro gemacht, sondern auch ein bisschen die Insel angeschaut \u2013 schlie\u00dflich hatte ich vor drei Jahren noch nicht die ganze Insel gesehen, der S\u00fcdwesten fehlte noch. Da gibt es zum Beispiel Ses Pa\u00efsses, die Reste einer bronzezeitlichen Siedlung bei Arta. Damals wurde massiv gebaut, und mit zwei Euro ist der Eintritt auch noch bezahlbar. Zu sehen gibt es die noch recht hohen Mauern einer alten Siedlung, die sich um einen Turm gruppiert. Die Form sieht man irgendwie immer noch auf Mallorca, da gibt es noch einige \u00e4hnliche Geb\u00e4ude.<\/p>\n<p>N\u00e4chster Halt: Die Coves d&#8217;Arta, angeblich nicht ganz so touristisch gepr\u00e4gt wie die ber\u00fchmteren Coves del Drac ein St\u00fcck weiter s\u00fcdlich. Sie sind auf jeden Fall sehenswert, und vor allem angenehm k\u00fchl und schattig. Anders als in Campanet darf man auch fotografieren. Ein nat\u00fcrliches \u00d6kosystem gibt es da drin eh nicht mehr, rund um die Scheinwerfer wachsen einige Algen. Der Hinweis, zum Schutz der Natur nichts anzufassen wirkt ohnehin etwas unglaubw\u00fcrdig, wenn zum besseren Durchgang Stalaktiten abges\u00e4gt wurden, es breite Wege gibt und der F\u00fchrer auf Tropfsteins\u00e4ulen rumh\u00e4mmert, um zu zeigen, dass sie hohl sind&#8230;<\/p>\n\n\t\t<style type=\"text\/css\">\n\t\t\t#gallery-1 {\n\t\t\t\tmargin: auto;\n\t\t\t}\n\t\t\t#gallery-1 .gallery-item {\n\t\t\t\tfloat: left;\n\t\t\t\tmargin-top: 10px;\n\t\t\t\ttext-align: center;\n\t\t\t\twidth: 25%;\n\t\t\t}\n\t\t\t#gallery-1 img {\n\t\t\t\tborder: 2px solid #cfcfcf;\n\t\t\t}\n\t\t\t#gallery-1 .gallery-caption {\n\t\t\t\tmargin-left: 0;\n\t\t\t}\n\t\t\t\/* see gallery_shortcode() in wp-includes\/media.php *\/\n\t\t<\/style>\n\t\t<div id='gallery-1' class='gallery galleryid-5860 gallery-columns-4 gallery-size-thumbnail'><dl class='gallery-item'>\n\t\t\t<dt class='gallery-icon landscape'>\n\t\t\t\t<a href='https:\/\/kerste.de\/?attachment_id=5865#main'><img loading=\"lazy\" decoding=\"async\" width=\"150\" height=\"150\" src=\"https:\/\/kerste.de\/wp-content\/uploads\/2016\/08\/20160815-12h-22m-P1130684-150x150.jpg\" class=\"attachment-thumbnail size-thumbnail\" alt=\"\" aria-describedby=\"gallery-1-5865\" \/><\/a>\n\t\t\t<\/dt>\n\t\t\t\t<dd class='wp-caption-text gallery-caption' id='gallery-1-5865'>\n\t\t\t\tUnterwegs zu den Coves d&#8217;Arta\n\t\t\t\t<\/dd><\/dl><dl class='gallery-item'>\n\t\t\t<dt class='gallery-icon landscape'>\n\t\t\t\t<a href='https:\/\/kerste.de\/?attachment_id=5866#main'><img loading=\"lazy\" decoding=\"async\" width=\"150\" height=\"150\" src=\"https:\/\/kerste.de\/wp-content\/uploads\/2016\/08\/20160815-12h-49m-P1130700-150x150.jpg\" class=\"attachment-thumbnail size-thumbnail\" alt=\"\" aria-describedby=\"gallery-1-5866\" \/><\/a>\n\t\t\t<\/dt>\n\t\t\t\t<dd class='wp-caption-text gallery-caption' id='gallery-1-5866'>\n\t\t\t\tCoves d&#8217;Arta\n\t\t\t\t<\/dd><\/dl><dl class='gallery-item'>\n\t\t\t<dt class='gallery-icon landscape'>\n\t\t\t\t<a href='https:\/\/kerste.de\/?attachment_id=5867#main'><img loading=\"lazy\" decoding=\"async\" width=\"150\" height=\"150\" src=\"https:\/\/kerste.de\/wp-content\/uploads\/2016\/08\/20160815-13h-04m-P1130719-150x150.jpg\" class=\"attachment-thumbnail size-thumbnail\" alt=\"\" aria-describedby=\"gallery-1-5867\" \/><\/a>\n\t\t\t<\/dt>\n\t\t\t\t<dd class='wp-caption-text gallery-caption' id='gallery-1-5867'>\n\t\t\t\tLichtshow\n\t\t\t\t<\/dd><\/dl><dl class='gallery-item'>\n\t\t\t<dt class='gallery-icon landscape'>\n\t\t\t\t<a href='https:\/\/kerste.de\/?attachment_id=5868#main'><img loading=\"lazy\" decoding=\"async\" width=\"150\" height=\"150\" src=\"https:\/\/kerste.de\/wp-content\/uploads\/2016\/08\/20160815-13h-35m-P1130786-150x150.jpg\" class=\"attachment-thumbnail size-thumbnail\" alt=\"\" aria-describedby=\"gallery-1-5868\" \/><\/a>\n\t\t\t<\/dt>\n\t\t\t\t<dd class='wp-caption-text gallery-caption' id='gallery-1-5868'>\n\t\t\t\tCoves d&#8217;Arta\n\t\t\t\t<\/dd><\/dl><br style=\"clear: both\" \/>\n\t\t<\/div>\n\n<p>Wenn die Coves del Drac schon als touristisch ausgebaut verrufen sind, langt mir die H\u00f6hle bei Arta aber auch schon: Die bunte Lichtshow im &#8220;H\u00f6llengew\u00f6lbe&#8221;, unterlegt mit Musik von den Carmina Burana, h\u00e4tte es nicht unbedingt gebraucht. Aber der Besuch hat sich trotzdem gelohnt, ich kann&#8217;s empfehlen.<\/p>\n<div id=\"attachment_5869\" style=\"width: 310px\" class=\"wp-caption alignleft\"><a href=\"http:\/\/kerste.de\/?attachment_id=5869#main\" rel=\"attachment wp-att-5869\"><img loading=\"lazy\" decoding=\"async\" aria-describedby=\"caption-attachment-5869\" class=\"size-medium wp-image-5869\" src=\"https:\/\/kerste.de\/wp-content\/uploads\/2016\/08\/20160817-10h-10m-P1130861-300x201.jpg\" alt=\"Zentrale Postverteilung\" width=\"300\" height=\"201\" srcset=\"https:\/\/kerste.de\/wp-content\/uploads\/2016\/08\/20160817-10h-10m-P1130861-300x201.jpg 300w, https:\/\/kerste.de\/wp-content\/uploads\/2016\/08\/20160817-10h-10m-P1130861-768x514.jpg 768w, https:\/\/kerste.de\/wp-content\/uploads\/2016\/08\/20160817-10h-10m-P1130861.jpg 1024w\" sizes=\"auto, (max-width: 300px) 100vw, 300px\" \/><\/a><p id=\"caption-attachment-5869\" class=\"wp-caption-text\">Zentrale Postverteilung<\/p><\/div>\n<p>Ebenfalls einen Besuch wert: Der Puig de Randa samt Kloster war der Startpunkt einer eigenen Tagestour in den S\u00fcden Mallorcas. So manche kleine Stra\u00dfe dorthin wird wohl auch von der Post gemieden, aber mein Navi kennt da nichts.<\/p>\n<p>Der Puig de Randa wird unter anderem von einem Kloster gekr\u00f6nt und liegt oberhalb der Flugh\u00f6he der ganzen Flieger, die etwa im Dreiminutentakt Palma ansteuern. Interessanter Anblick, nachdem wir die Flieger von der Finca bei Costitx immer nur von unten gesehen haben&#8230; Auf dem Klostergel\u00e4nde stehen auch jede Menge alte Pfl\u00fcge, au\u00dferdem konnten wir sehen, wie das Kloster per LKW mit Wasser versorgt wird.<\/p>\n\n\t\t<style type=\"text\/css\">\n\t\t\t#gallery-2 {\n\t\t\t\tmargin: auto;\n\t\t\t}\n\t\t\t#gallery-2 .gallery-item {\n\t\t\t\tfloat: left;\n\t\t\t\tmargin-top: 10px;\n\t\t\t\ttext-align: center;\n\t\t\t\twidth: 25%;\n\t\t\t}\n\t\t\t#gallery-2 img {\n\t\t\t\tborder: 2px solid #cfcfcf;\n\t\t\t}\n\t\t\t#gallery-2 .gallery-caption {\n\t\t\t\tmargin-left: 0;\n\t\t\t}\n\t\t\t\/* see gallery_shortcode() in wp-includes\/media.php *\/\n\t\t<\/style>\n\t\t<div id='gallery-2' class='gallery galleryid-5860 gallery-columns-4 gallery-size-thumbnail'><dl class='gallery-item'>\n\t\t\t<dt class='gallery-icon landscape'>\n\t\t\t\t<a href='https:\/\/kerste.de\/?attachment_id=5870#main'><img loading=\"lazy\" decoding=\"async\" width=\"150\" height=\"150\" src=\"https:\/\/kerste.de\/wp-content\/uploads\/2016\/08\/20160817-11h-08m-P1130899-150x150.jpg\" class=\"attachment-thumbnail size-thumbnail\" alt=\"\" aria-describedby=\"gallery-2-5870\" \/><\/a>\n\t\t\t<\/dt>\n\t\t\t\t<dd class='wp-caption-text gallery-caption' id='gallery-2-5870'>\n\t\t\t\tAuf dem Puig de Randa\n\t\t\t\t<\/dd><\/dl><dl class='gallery-item'>\n\t\t\t<dt class='gallery-icon landscape'>\n\t\t\t\t<a href='https:\/\/kerste.de\/?attachment_id=5871#main'><img loading=\"lazy\" decoding=\"async\" width=\"150\" height=\"150\" src=\"https:\/\/kerste.de\/wp-content\/uploads\/2016\/08\/20160817-12h-26m-P1130925-150x150.jpg\" class=\"attachment-thumbnail size-thumbnail\" alt=\"\" aria-describedby=\"gallery-2-5871\" \/><\/a>\n\t\t\t<\/dt>\n\t\t\t\t<dd class='wp-caption-text gallery-caption' id='gallery-2-5871'>\n\t\t\t\tDie Salines de Llevant\n\t\t\t\t<\/dd><\/dl><dl class='gallery-item'>\n\t\t\t<dt class='gallery-icon landscape'>\n\t\t\t\t<a href='https:\/\/kerste.de\/?attachment_id=5872#main'><img loading=\"lazy\" decoding=\"async\" width=\"150\" height=\"150\" src=\"https:\/\/kerste.de\/wp-content\/uploads\/2016\/08\/20160817-13h-09m-P1130935-150x150.jpg\" class=\"attachment-thumbnail size-thumbnail\" alt=\"\" aria-describedby=\"gallery-2-5872\" \/><\/a>\n\t\t\t<\/dt>\n\t\t\t\t<dd class='wp-caption-text gallery-caption' id='gallery-2-5872'>\n\t\t\t\tDie Salines de Llevant\n\t\t\t\t<\/dd><\/dl><dl class='gallery-item'>\n\t\t\t<dt class='gallery-icon landscape'>\n\t\t\t\t<a href='https:\/\/kerste.de\/?attachment_id=5873#main'><img loading=\"lazy\" decoding=\"async\" width=\"150\" height=\"150\" src=\"https:\/\/kerste.de\/wp-content\/uploads\/2016\/08\/20160817-13h-54m-P1140002-150x150.jpg\" class=\"attachment-thumbnail size-thumbnail\" alt=\"\" aria-describedby=\"gallery-2-5873\" \/><\/a>\n\t\t\t<\/dt>\n\t\t\t\t<dd class='wp-caption-text gallery-caption' id='gallery-2-5873'>\n\t\t\t\tT\u00fcrmchen (nicht bronzezeitlich)\n\t\t\t\t<\/dd><\/dl><br style=\"clear: both\" \/>\n\t\t<\/div>\n\n<div id=\"attachment_5874\" style=\"width: 310px\" class=\"wp-caption alignleft\"><a href=\"http:\/\/kerste.de\/?attachment_id=5874#main\" rel=\"attachment wp-att-5874\"><img loading=\"lazy\" decoding=\"async\" aria-describedby=\"caption-attachment-5874\" class=\"size-medium wp-image-5874\" src=\"https:\/\/kerste.de\/wp-content\/uploads\/2016\/08\/20160817-14h-18m-P1140025-300x201.jpg\" alt=\"Der Faro ses Salines\" width=\"300\" height=\"201\" srcset=\"https:\/\/kerste.de\/wp-content\/uploads\/2016\/08\/20160817-14h-18m-P1140025-300x201.jpg 300w, https:\/\/kerste.de\/wp-content\/uploads\/2016\/08\/20160817-14h-18m-P1140025-768x514.jpg 768w, https:\/\/kerste.de\/wp-content\/uploads\/2016\/08\/20160817-14h-18m-P1140025.jpg 1024w\" sizes=\"auto, (max-width: 300px) 100vw, 300px\" \/><\/a><p id=\"caption-attachment-5874\" class=\"wp-caption-text\">Der Faro ses Salines<\/p><\/div>\n<p>Die Rundfahrt durch den S\u00fcden f\u00fchrte au\u00dferdem an den Salines de Llevant vorbei, die im Rahmen einer gut halbst\u00fcndigen F\u00fchrung besichtigt werden k\u00f6nnen. Da sieht man mal wieder, dass Salz ein Naturprodukt ist.<\/p>\n<p>Und wenn man schon in der Gegend ist, f\u00e4hrt man nat\u00fcrlich auch beim n\u00e4chsten Leuchtturm vorbei, dem Faro ses Salines. Die Idee hatten aber noch andere, in der Gegend gibt es einen gut besuchten Strand und dementsprechend wenige Parkpl\u00e4tze&#8230;<\/p>\n<div id=\"attachment_5862\" style=\"width: 310px\" class=\"wp-caption alignright\"><a href=\"http:\/\/kerste.de\/?attachment_id=5862#main\" rel=\"attachment wp-att-5862\"><img loading=\"lazy\" decoding=\"async\" aria-describedby=\"caption-attachment-5862\" class=\"size-medium wp-image-5862\" src=\"https:\/\/kerste.de\/wp-content\/uploads\/2016\/08\/Mallorca-Eier-IMG_3473-300x225.jpg\" alt=\"Mallorquinische Eier\" width=\"300\" height=\"225\" srcset=\"https:\/\/kerste.de\/wp-content\/uploads\/2016\/08\/Mallorca-Eier-IMG_3473-300x225.jpg 300w, https:\/\/kerste.de\/wp-content\/uploads\/2016\/08\/Mallorca-Eier-IMG_3473-768x576.jpg 768w, https:\/\/kerste.de\/wp-content\/uploads\/2016\/08\/Mallorca-Eier-IMG_3473.jpg 1024w\" sizes=\"auto, (max-width: 300px) 100vw, 300px\" \/><\/a><p id=\"caption-attachment-5862\" class=\"wp-caption-text\">Mallorquinische Eier<\/p><\/div>\n<p>Aber die Touristenziele auf Mallorca sind ohnehin gut besucht \u2013 bei der Menge an Flugzeugen, die in der Woche Mallorca angesteuert haben, stellt sich eh die Frage, ob Mallorca nicht irgendwann mal voll ist. Der Plan, in Alc\u00fadia in der Pizzeria zu essen, in der wir letztes Jahr waren, ist daher an fehlenden Pl\u00e4tzen gescheitert. So gab es die M\u00f6glichkeit, im Nachbarrestaurant lokale Spezialit\u00e4ten zu probieren. Die wichtigste Erkenntnis: Mallorquinische Eier sind Spiegelei auf fettigen Pommes. Kann man mal essen, h\u00e4tte ich jetzt aber nicht unbedingt als Spezialit\u00e4t bezeichnet.<\/p>\n<p>Ein bisschen Astro musste zum Abschluss der kurzen Woche trotzdem noch sein. Zuerst mal das Erfolgserlebnis: Eine h\u00fcbsche Strichspuraufnahme, nachdem ich bei eineinhalb Stunden Belichtungszeit gef\u00fchlte 50 Flugzeuge wegretuschiert hatte. Im Web-JPG verschmiert das leider etwas:<\/p>\n<p><a href=\"http:\/\/kerste.de\/?attachment_id=5875#main\" rel=\"attachment wp-att-5875\"><img loading=\"lazy\" decoding=\"async\" class=\"aligncenter size-full wp-image-5875\" src=\"https:\/\/kerste.de\/wp-content\/uploads\/2016\/08\/Strichspur-Mallorca.jpg\" alt=\"Strichspur-Mallorca\" width=\"1024\" height=\"683\" srcset=\"https:\/\/kerste.de\/wp-content\/uploads\/2016\/08\/Strichspur-Mallorca.jpg 1024w, https:\/\/kerste.de\/wp-content\/uploads\/2016\/08\/Strichspur-Mallorca-300x200.jpg 300w, https:\/\/kerste.de\/wp-content\/uploads\/2016\/08\/Strichspur-Mallorca-768x512.jpg 768w\" sizes=\"auto, (max-width: 1024px) 100vw, 1024px\" \/><\/a><\/p>\n<p>Weniger \u00fcberzeugend war dagegen der Besuch auf der <a href=\"http:\/\/www.oam.es\/\" target=\"_blank\">Sternwarte in Costitx<\/a>. Die Einrichtung ist im Prinzip ganz h\u00fcbsch: Ein Planetarium, eine Meteoritensammlung und eine ganze Menge Kuppeln f\u00fcr die \u00d6ffentlichkeitsarbeit. Geforscht wird da angeblich auch, wohl in dem Teleskop auf einem Turm. Wir hatten uns bereits vorher als Gruppe der Heilbronner Sternwarte angek\u00fcndigt, sodass wir eine deutsche F\u00fchrung erhielten. Eigentlich hatten wir ja gedacht, wir w\u00e4ren am Freitag alleine da \u2013 aber Pustekuchen, irgendwas zwischen 70 und 90 G\u00e4sten waren da, und im Lauf des Abends kamen noch zwei Busse dazu. Die Hoffnung, auf das Planetarium verzichten zu k\u00f6nnen und mehr Zeit an den Teleskopen verbringen zu k\u00f6nnen, zerschlug sich somit. Also genossen wir die Planetariumsshow doch. Gezeigt wurde: Sechs Jahre 20 Jahre Hubble Space Teleskop, wobei Bilder des HST an die (runde) Kuppel projiziert wurden, dazu gab es abgelesene Erkl\u00e4rungen auf Deutsch und Englisch von unserer F\u00fchrerin. Der kleine Zeiss-Projektor war nicht in Betrieb, die Sterne im Hintergrund wurden wie die Bilder vom Beamer an die Kuppel projiziert. Immerhin die Musik war sch\u00f6n&#8230;<\/p>\n<p>Der n\u00e4chste Halt war die Meteoritensammlung, und in freier Rede war das Deutsch unserer F\u00fchrerin besser als bei den vorgelesenen Texten im Planetarium (und der Inhalt auch). Es ist wohl die gr\u00f6\u00dfte Meteoritensammlung in Spanien \u2013 16 Meteorite, und alle echt! Dazu gab es noch die M\u00f6glichkeit zu einer Fotosession mit ET.<\/p>\n\n\t\t<style type=\"text\/css\">\n\t\t\t#gallery-3 {\n\t\t\t\tmargin: auto;\n\t\t\t}\n\t\t\t#gallery-3 .gallery-item {\n\t\t\t\tfloat: left;\n\t\t\t\tmargin-top: 10px;\n\t\t\t\ttext-align: center;\n\t\t\t\twidth: 25%;\n\t\t\t}\n\t\t\t#gallery-3 img {\n\t\t\t\tborder: 2px solid #cfcfcf;\n\t\t\t}\n\t\t\t#gallery-3 .gallery-caption {\n\t\t\t\tmargin-left: 0;\n\t\t\t}\n\t\t\t\/* see gallery_shortcode() in wp-includes\/media.php *\/\n\t\t<\/style>\n\t\t<div id='gallery-3' class='gallery galleryid-5860 gallery-columns-4 gallery-size-thumbnail'><dl class='gallery-item'>\n\t\t\t<dt class='gallery-icon landscape'>\n\t\t\t\t<a href='https:\/\/kerste.de\/?attachment_id=5876#main'><img loading=\"lazy\" decoding=\"async\" width=\"150\" height=\"150\" src=\"https:\/\/kerste.de\/wp-content\/uploads\/2016\/08\/20160817-09h-44m-P1130851-150x150.jpg\" class=\"attachment-thumbnail size-thumbnail\" alt=\"\" \/><\/a>\n\t\t\t<\/dt><\/dl><dl class='gallery-item'>\n\t\t\t<dt class='gallery-icon landscape'>\n\t\t\t\t<a href='https:\/\/kerste.de\/?attachment_id=5877#main'><img loading=\"lazy\" decoding=\"async\" width=\"150\" height=\"150\" src=\"https:\/\/kerste.de\/wp-content\/uploads\/2016\/08\/20160819-19h-51m-P1140166-150x150.jpg\" class=\"attachment-thumbnail size-thumbnail\" alt=\"\" \/><\/a>\n\t\t\t<\/dt><\/dl><dl class='gallery-item'>\n\t\t\t<dt class='gallery-icon landscape'>\n\t\t\t\t<a href='https:\/\/kerste.de\/?attachment_id=5878#main'><img loading=\"lazy\" decoding=\"async\" width=\"150\" height=\"150\" src=\"https:\/\/kerste.de\/wp-content\/uploads\/2016\/08\/20160819-20h-04m-P1140173-150x150.jpg\" class=\"attachment-thumbnail size-thumbnail\" alt=\"\" \/><\/a>\n\t\t\t<\/dt><\/dl><dl class='gallery-item'>\n\t\t\t<dt class='gallery-icon landscape'>\n\t\t\t\t<a href='https:\/\/kerste.de\/?attachment_id=5879#main'><img loading=\"lazy\" decoding=\"async\" width=\"150\" height=\"150\" src=\"https:\/\/kerste.de\/wp-content\/uploads\/2016\/08\/20160819-21h-39m-P1140192-150x150.jpg\" class=\"attachment-thumbnail size-thumbnail\" alt=\"\" \/><\/a>\n\t\t\t<\/dt><\/dl><br style=\"clear: both\" \/>\n\t\t<\/div>\n\n<p>Und dann, endlich: Ab zu den Teleskopen. Vorher gab es noch die Warnung, bitte nichts anzufassen&#8230; Auf dem Freigel\u00e4nde stehen neun Kuppeln, in drei durften wir hinein. In jeder erwartete uns ein gabelmontiertes 10&#8243;-Meade Schmidt-Cassegrain. Das erste war auf Saturn gerichtet; als ich die Bodenlampe mit der Hand abschirmte, um am Okular nicht geblendet zu werden, kam gleich die Bitte, nichts zu verstellen, bevor wir Saturn nicht mehr im Teleskop h\u00e4tten&#8230; Immerhin: Die Cassini-Teilung war zu sehen, wenn auch nicht allzu deutlich.<\/p>\n<p>Ab zum n\u00e4chsten Teleskop, auch hier war Saturn eingestellt, aber mit einem anderen Betreuer. Ich konnte der Versuchung nicht widerstehen, scharfzustellen: Was f\u00fcr ein Spiegelshifting. Und was f\u00fcr eine Dejustage. Von der Cassini-Teilung war nichts zu sehen&#8230; Unser Vorschlag, mal einen Sternhaufen einzustellen, wurde auch abgelehnt: Der Handcontroller ist kaputt, das Teleskop kann nicht verstellt werden. Hm&#8230; Dann halt weiter zu Teleskop #3, das auf Mars gerichtet war. Keine Ahnung, wie es sein kann, dass ich da ein Mehrfachbild gesehen habe. Fazit: Wenn das 15 Euro Eintritt wert war, m\u00fcssen wir in Heilbronn entweder unser Niveau deutlich senken oder die Eintrittspreise gewaltig anheben. Mit etwas Pflege w\u00e4re das bestimmt eine tolle Sternwarte, so gingen wir freiwillig ziemlich fr\u00fch wieder. Dann lieber noch einmal den Sternenhimmel \u00fcber der Finca genie\u00dfen, bevor es am n\u00e4chsten zur\u00fcck nach Deutschland ging.<\/p>\n<div class=\"shariff shariff-align-left shariff-widget-align-left\"><ul class=\"shariff-buttons theme-white orientation-horizontal buttonsize-small\"><li class=\"shariff-button twitter shariff-nocustomcolor\" style=\"background-color:#595959\"><a href=\"https:\/\/twitter.com\/share?url=https%3A%2F%2Fkerste.de%2F%3Fp%3D5860&text=Bilder%20aus%20Mallorca\" title=\"Bei X teilen\" aria-label=\"Bei X teilen\" role=\"button\" rel=\"noopener nofollow\" class=\"shariff-link\" style=\"; background-color:#000; color:#000\" target=\"_blank\"><span class=\"shariff-icon\" style=\"fill:#000\"><svg width=\"32px\" height=\"20px\" xmlns=\"http:\/\/www.w3.org\/2000\/svg\" viewBox=\"0 0 24 24\"><path fill=\"#000\" d=\"M14.258 10.152L23.176 0h-2.113l-7.747 8.813L7.133 0H0l9.352 13.328L0 23.973h2.113l8.176-9.309 6.531 9.309h7.133zm-2.895 3.293l-.949-1.328L2.875 1.56h3.246l6.086 8.523.945 1.328 7.91 11.078h-3.246zm0 0\"\/><\/svg><\/span><span class=\"shariff-text\" style=\"color:#000\">teilen<\/span>&nbsp;<\/a><\/li><li class=\"shariff-button facebook shariff-nocustomcolor\" style=\"background-color:#4273c8\"><a href=\"https:\/\/www.facebook.com\/sharer\/sharer.php?u=https%3A%2F%2Fkerste.de%2F%3Fp%3D5860\" title=\"Bei Facebook teilen\" aria-label=\"Bei Facebook teilen\" role=\"button\" rel=\"nofollow\" class=\"shariff-link\" style=\"; background-color:#3b5998; color:#3b5998\" target=\"_blank\"><span class=\"shariff-icon\" style=\"fill:#3b5998\"><svg width=\"32px\" height=\"20px\" xmlns=\"http:\/\/www.w3.org\/2000\/svg\" viewBox=\"0 0 18 32\"><path fill=\"#3b5998\" d=\"M17.1 0.2v4.7h-2.8q-1.5 0-2.1 0.6t-0.5 1.9v3.4h5.2l-0.7 5.3h-4.5v13.6h-5.5v-13.6h-4.5v-5.3h4.5v-3.9q0-3.3 1.9-5.2t5-1.8q2.6 0 4.1 0.2z\"\/><\/svg><\/span><span class=\"shariff-text\" style=\"color:#3b5998\">teilen<\/span>&nbsp;<\/a><\/li><li class=\"shariff-button tumblr shariff-nocustomcolor\" style=\"background-color:#529ecc\"><a href=\"https:\/\/www.tumblr.com\/widgets\/share\/tool?posttype=link&canonicalUrl=https%3A%2F%2Fkerste.de%2F%3Fp%3D5860&tags=kerste.de\" title=\"Bei tumblr teilen\" aria-label=\"Bei tumblr teilen\" role=\"button\" rel=\"noopener nofollow\" class=\"shariff-link\" style=\"; background-color:#36465d; color:#36465d\" target=\"_blank\"><span class=\"shariff-icon\" style=\"fill:#36465d\"><svg width=\"32px\" height=\"20px\" xmlns=\"http:\/\/www.w3.org\/2000\/svg\" viewBox=\"0 0 32 32\"><path fill=\"#36465d\" d=\"M18 14l0 7.3c0 1.9 0 2.9 0.2 3.5 0.2 0.5 0.7 1.1 1.2 1.4 0.7 0.4 1.5 0.6 2.4 0.6 1.6 0 2.6-0.2 4.2-1.3v4.8c-1.4 0.6-2.6 1-3.7 1.3-1.1 0.3-2.3 0.4-3.6 0.4-1.5 0-2.3-0.2-3.4-0.6-1.1-0.4-2.1-0.9-2.9-1.6-0.8-0.7-1.3-1.4-1.7-2.2s-0.5-1.9-0.5-3.4v-11.2h-4.3v-4.5c1.3-0.4 2.7-1 3.6-1.8 0.9-0.8 1.6-1.7 2.2-2.7 0.5-1.1 0.9-2.4 1.1-4.1h5.2l0 8h8v6h-8z\"\/><\/svg><\/span><span class=\"shariff-text\" style=\"color:#36465d\">teilen<\/span>&nbsp;<\/a><\/li><li class=\"shariff-button info shariff-nocustomcolor\" style=\"background-color:#a8a8a8\"><a href=\"http:\/\/ct.de\/-2467514\" title=\"Weitere Informationen\" aria-label=\"Weitere Informationen\" role=\"button\" rel=\"noopener \" class=\"shariff-link\" style=\"; background-color:#999; color:#999\" target=\"_blank\"><span class=\"shariff-icon\" style=\"fill:#999\"><svg width=\"32px\" height=\"20px\" xmlns=\"http:\/\/www.w3.org\/2000\/svg\" viewBox=\"0 0 11 32\"><path fill=\"#999\" d=\"M11.4 24v2.3q0 0.5-0.3 0.8t-0.8 0.4h-9.1q-0.5 0-0.8-0.4t-0.4-0.8v-2.3q0-0.5 0.4-0.8t0.8-0.4h1.1v-6.8h-1.1q-0.5 0-0.8-0.4t-0.4-0.8v-2.3q0-0.5 0.4-0.8t0.8-0.4h6.8q0.5 0 0.8 0.4t0.4 0.8v10.3h1.1q0.5 0 0.8 0.4t0.3 0.8zM9.2 3.4v3.4q0 0.5-0.4 0.8t-0.8 0.4h-4.6q-0.4 0-0.8-0.4t-0.4-0.8v-3.4q0-0.4 0.4-0.8t0.8-0.4h4.6q0.5 0 0.8 0.4t0.4 0.8z\"\/><\/svg><\/span><\/a><\/li><\/ul><\/div>","protected":false},"excerpt":{"rendered":"<p>Der Urlaub ist schon wieder vorbei, und ein paar Projekte neigen sich ebenfalls dem Ende entgegen \u2013 Zeit, mal wieder das Blog mit Inhalt zu f\u00fcllen, auch wenn&#8217;s nur Urlaubsbilder sind \u2013 und nicht mal aus Skandinavien, sondern aus einer Woche Mallorca. Da unten sollte es im August ja eigentlich gutes Wetter geben, also war [&hellip;]<\/p>\n","protected":false},"author":1,"featured_media":0,"comment_status":"open","ping_status":"open","sticky":false,"template":"","format":"standard","meta":{"footnotes":""},"categories":[1,345,340],"tags":[352,351,350],"class_list":["post-5860","post","type-post","status-publish","format-standard","hentry","category-allgemein","category-astro","category-reiseberichte","tag-costitx","tag-eier","tag-mallorca"],"_links":{"self":[{"href":"https:\/\/kerste.de\/index.php?rest_route=\/wp\/v2\/posts\/5860","targetHints":{"allow":["GET"]}}],"collection":[{"href":"https:\/\/kerste.de\/index.php?rest_route=\/wp\/v2\/posts"}],"about":[{"href":"https:\/\/kerste.de\/index.php?rest_route=\/wp\/v2\/types\/post"}],"author":[{"embeddable":true,"href":"https:\/\/kerste.de\/index.php?rest_route=\/wp\/v2\/users\/1"}],"replies":[{"embeddable":true,"href":"https:\/\/kerste.de\/index.php?rest_route=%2Fwp%2Fv2%2Fcomments&post=5860"}],"version-history":[{"count":4,"href":"https:\/\/kerste.de\/index.php?rest_route=\/wp\/v2\/posts\/5860\/revisions"}],"predecessor-version":[{"id":5883,"href":"https:\/\/kerste.de\/index.php?rest_route=\/wp\/v2\/posts\/5860\/revisions\/5883"}],"wp:attachment":[{"href":"https:\/\/kerste.de\/index.php?rest_route=%2Fwp%2Fv2%2Fmedia&parent=5860"}],"wp:term":[{"taxonomy":"category","embeddable":true,"href":"https:\/\/kerste.de\/index.php?rest_route=%2Fwp%2Fv2%2Fcategories&post=5860"},{"taxonomy":"post_tag","embeddable":true,"href":"https:\/\/kerste.de\/index.php?rest_route=%2Fwp%2Fv2%2Ftags&post=5860"}],"curies":[{"name":"wp","href":"https:\/\/api.w.org\/{rel}","templated":true}]}}