{"id":5727,"date":"2016-06-12T18:09:56","date_gmt":"2016-06-12T16:09:56","guid":{"rendered":"http:\/\/kerste.de\/?p=5727"},"modified":"2016-06-12T15:51:33","modified_gmt":"2016-06-12T13:51:33","slug":"island-im-tiefflug-teil-6","status":"publish","type":"post","link":"https:\/\/kerste.de\/?p=5727","title":{"rendered":"Island im Tiefflug, Teil 6"},"content":{"rendered":"<div id=\"attachment_5729\" style=\"width: 310px\" class=\"wp-caption alignright\"><a href=\"http:\/\/kerste.de\/?attachment_id=5729#main\" rel=\"attachment wp-att-5729\"><img loading=\"lazy\" decoding=\"async\" aria-describedby=\"caption-attachment-5729\" class=\"wp-image-5729 size-medium\" src=\"https:\/\/kerste.de\/wp-content\/uploads\/2016\/06\/20160528-09h-22m-P1130070-300x201.jpg\" alt=\"Wolken und Regen werden typisch f\u00fcr diesen Tag\" width=\"300\" height=\"201\" srcset=\"https:\/\/kerste.de\/wp-content\/uploads\/2016\/06\/20160528-09h-22m-P1130070-300x201.jpg 300w, https:\/\/kerste.de\/wp-content\/uploads\/2016\/06\/20160528-09h-22m-P1130070-768x514.jpg 768w, https:\/\/kerste.de\/wp-content\/uploads\/2016\/06\/20160528-09h-22m-P1130070.jpg 1024w\" sizes=\"auto, (max-width: 300px) 100vw, 300px\" \/><\/a><p id=\"caption-attachment-5729\" class=\"wp-caption-text\">Wolken und Regen sind typisch f\u00fcr diesen Tag<\/p><\/div>\n<p>Start- und Endpunkt sind heute identisch, aber das ist kein Grund, nicht doch rund 300 km zur\u00fcckzulegen und die Halbinsel Sn\u00e6fellsnes zum umrunden, L\u00e4nge mal Breite mal H\u00f6he. Vom 1446 Meter hohen Vulkan Sn\u00e6fellsj\u00f6kull sehen wir zwar nicht viel, da er sich in den Regenwolken verbirgt, aber daf\u00fcr gibt es genug M\u00f6glichkeiten f\u00fcr Zwischenstopps. Der Blick aus dem Autofenster lohnt sich auch immer wieder, es tauchen einige interessante Krater und Berge unter den Wolken auf. Die Ringstra\u00dfe lassen wir f\u00fcr diese Tour nat\u00fcrlich abseits liegen, die Halbinsel ist eine eigene Route und im Allgemeinen gut asphaltiert.<\/p>\n<div id=\"attachment_5730\" style=\"width: 310px\" class=\"wp-caption alignleft\"><a href=\"http:\/\/kerste.de\/?attachment_id=5730#main\" rel=\"attachment wp-att-5730\"><img loading=\"lazy\" decoding=\"async\" aria-describedby=\"caption-attachment-5730\" class=\"size-medium wp-image-5730\" src=\"https:\/\/kerste.de\/wp-content\/uploads\/2016\/06\/20160528-10h-06m-P1130079-300x201.jpg\" alt=\"B\u00fa\u00f0arkirkja\" width=\"300\" height=\"201\" srcset=\"https:\/\/kerste.de\/wp-content\/uploads\/2016\/06\/20160528-10h-06m-P1130079-300x201.jpg 300w, https:\/\/kerste.de\/wp-content\/uploads\/2016\/06\/20160528-10h-06m-P1130079-768x514.jpg 768w, https:\/\/kerste.de\/wp-content\/uploads\/2016\/06\/20160528-10h-06m-P1130079.jpg 1024w\" sizes=\"auto, (max-width: 300px) 100vw, 300px\" \/><\/a><p id=\"caption-attachment-5730\" class=\"wp-caption-text\">B\u00fa\u00f0arkirkja<\/p><\/div>\n<p>Der erste geplante Stop: Eine schwarze Kirche. Die <span class=\"mw-headline\">B\u00fa\u00f0arkirkja ist aber nicht etwa ein Ort, an dem schwarze Messen abgehalten wurden, sondern vielmehr ein Denkmal f\u00fcr Schwarzarbeit. Als die Pfarrei in <\/span><span id=\"B.C3.BA.C3.B0arkirkja\" class=\"mw-headline\">B\u00fa\u00f0ir 1816 aufgel\u00f6st wurde, stie\u00df das auf den Unmut von Steinunn Sveinsd\u00f3ttir \u2013 die Frau wollte gegen den Willen der Landeskirche eine Kirche im Ort und erhielt letztlich die k\u00f6nligliche Erlaubnis zum Kirchenbau. Sie wurde 1848 vollendet und ist jetzt eine der \u00e4ltesten Holzkirchen Islands.<br \/>\n<\/span><\/p>\n<p><span id=\"B.C3.BA.C3.B0arkirkja\" class=\"mw-headline\">Der n\u00e4chste Halt ist ungeplant: Kurz vor Arnarstapi fasziniert die moos\u00fcberwucherte wilde Landschaft zu sehr, und es gibt einen Parkplatz am Stra\u00dfenrand \u2013 also nichts wie raus. So eine Landschaft habe ich auch noch nie gesehen&#8230;<br \/>\n<\/span><\/p>\n\n\t\t<style type=\"text\/css\">\n\t\t\t#gallery-1 {\n\t\t\t\tmargin: auto;\n\t\t\t}\n\t\t\t#gallery-1 .gallery-item {\n\t\t\t\tfloat: left;\n\t\t\t\tmargin-top: 10px;\n\t\t\t\ttext-align: center;\n\t\t\t\twidth: 33%;\n\t\t\t}\n\t\t\t#gallery-1 img {\n\t\t\t\tborder: 2px solid #cfcfcf;\n\t\t\t}\n\t\t\t#gallery-1 .gallery-caption {\n\t\t\t\tmargin-left: 0;\n\t\t\t}\n\t\t\t\/* see gallery_shortcode() in wp-includes\/media.php *\/\n\t\t<\/style>\n\t\t<div id='gallery-1' class='gallery galleryid-5727 gallery-columns-3 gallery-size-thumbnail'><dl class='gallery-item'>\n\t\t\t<dt class='gallery-icon landscape'>\n\t\t\t\t<a href='https:\/\/kerste.de\/?attachment_id=5731#main'><img loading=\"lazy\" decoding=\"async\" width=\"150\" height=\"150\" src=\"https:\/\/kerste.de\/wp-content\/uploads\/2016\/06\/20160528-10h-25m-P1130089-150x150.jpg\" class=\"attachment-thumbnail size-thumbnail\" alt=\"\" aria-describedby=\"gallery-1-5731\" \/><\/a>\n\t\t\t<\/dt>\n\t\t\t\t<dd class='wp-caption-text gallery-caption' id='gallery-1-5731'>\n\t\t\t\tFaszinierende Landschaft vor Arnarstapi\n\t\t\t\t<\/dd><\/dl><dl class='gallery-item'>\n\t\t\t<dt class='gallery-icon landscape'>\n\t\t\t\t<a href='https:\/\/kerste.de\/?attachment_id=5732#main'><img loading=\"lazy\" decoding=\"async\" width=\"150\" height=\"150\" src=\"https:\/\/kerste.de\/wp-content\/uploads\/2016\/06\/20160528-10h-27m-P1130093-150x150.jpg\" class=\"attachment-thumbnail size-thumbnail\" alt=\"\" \/><\/a>\n\t\t\t<\/dt><\/dl><dl class='gallery-item'>\n\t\t\t<dt class='gallery-icon landscape'>\n\t\t\t\t<a href='https:\/\/kerste.de\/?attachment_id=5733#main'><img loading=\"lazy\" decoding=\"async\" width=\"150\" height=\"150\" src=\"https:\/\/kerste.de\/wp-content\/uploads\/2016\/06\/20160528-10h-28m-P1130097-150x150.jpg\" class=\"attachment-thumbnail size-thumbnail\" alt=\"\" \/><\/a>\n\t\t\t<\/dt><\/dl><br style=\"clear: both\" \/>\n\t\t<\/div>\n\n<p>Der n\u00e4chste Halt ist die K\u00fcste bei Arnarstapi. Hohe Klippen und untersp\u00fclte Basaltb\u00f6gen fesseln den Blick; unz\u00e4hlige V\u00f6gel leben hier, ohne von der Brandung weggesp\u00fclt zu werden. Die Wege entlang der K\u00fcste bis zum Denkmal f\u00fcr den Halbriesen B\u00e1r\u00f0ur Sn\u00e6fells\u00e1s sind noch ganz gut begehbar, verwandeln sich aber schon langsam in Matsch. Zum Ende der Saison d\u00fcrfte es hier deutlich unangenehmer sein; der erste Reisebus verfolgt uns jetzt schon auf unserer Tour.<\/p>\n\n\t\t<style type=\"text\/css\">\n\t\t\t#gallery-2 {\n\t\t\t\tmargin: auto;\n\t\t\t}\n\t\t\t#gallery-2 .gallery-item {\n\t\t\t\tfloat: left;\n\t\t\t\tmargin-top: 10px;\n\t\t\t\ttext-align: center;\n\t\t\t\twidth: 25%;\n\t\t\t}\n\t\t\t#gallery-2 img {\n\t\t\t\tborder: 2px solid #cfcfcf;\n\t\t\t}\n\t\t\t#gallery-2 .gallery-caption {\n\t\t\t\tmargin-left: 0;\n\t\t\t}\n\t\t\t\/* see gallery_shortcode() in wp-includes\/media.php *\/\n\t\t<\/style>\n\t\t<div id='gallery-2' class='gallery galleryid-5727 gallery-columns-4 gallery-size-thumbnail'><dl class='gallery-item'>\n\t\t\t<dt class='gallery-icon landscape'>\n\t\t\t\t<a href='https:\/\/kerste.de\/?attachment_id=5734#main'><img loading=\"lazy\" decoding=\"async\" width=\"150\" height=\"150\" src=\"https:\/\/kerste.de\/wp-content\/uploads\/2016\/06\/20160528-10h-40m-P1130105-150x150.jpg\" class=\"attachment-thumbnail size-thumbnail\" alt=\"\" aria-describedby=\"gallery-2-5734\" \/><\/a>\n\t\t\t<\/dt>\n\t\t\t\t<dd class='wp-caption-text gallery-caption' id='gallery-2-5734'>\n\t\t\t\tDie K\u00fcste bei Anarstapi\n\t\t\t\t<\/dd><\/dl><dl class='gallery-item'>\n\t\t\t<dt class='gallery-icon portrait'>\n\t\t\t\t<a href='https:\/\/kerste.de\/?attachment_id=5737#main'><img loading=\"lazy\" decoding=\"async\" width=\"150\" height=\"150\" src=\"https:\/\/kerste.de\/wp-content\/uploads\/2016\/06\/20160528-10h-50m-DSC_3167-150x150.jpg\" class=\"attachment-thumbnail size-thumbnail\" alt=\"\" aria-describedby=\"gallery-2-5737\" \/><\/a>\n\t\t\t<\/dt>\n\t\t\t\t<dd class='wp-caption-text gallery-caption' id='gallery-2-5737'>\n\t\t\t\tDie Brandung kommt&#8230;\n\t\t\t\t<\/dd><\/dl><dl class='gallery-item'>\n\t\t\t<dt class='gallery-icon portrait'>\n\t\t\t\t<a href='https:\/\/kerste.de\/?attachment_id=5736#main'><img loading=\"lazy\" decoding=\"async\" width=\"150\" height=\"150\" src=\"https:\/\/kerste.de\/wp-content\/uploads\/2016\/06\/20160528-10h-49m-DSC_3163-150x150.jpg\" class=\"attachment-thumbnail size-thumbnail\" alt=\"\" aria-describedby=\"gallery-2-5736\" \/><\/a>\n\t\t\t<\/dt>\n\t\t\t\t<dd class='wp-caption-text gallery-caption' id='gallery-2-5736'>\n\t\t\t\t&#8230; und geht &#8230;\n\t\t\t\t<\/dd><\/dl><dl class='gallery-item'>\n\t\t\t<dt class='gallery-icon landscape'>\n\t\t\t\t<a href='https:\/\/kerste.de\/?attachment_id=5738#main'><img loading=\"lazy\" decoding=\"async\" width=\"150\" height=\"150\" src=\"https:\/\/kerste.de\/wp-content\/uploads\/2016\/06\/20160528-10h-59m-DSC_3202-150x150.jpg\" class=\"attachment-thumbnail size-thumbnail\" alt=\"\" \/><\/a>\n\t\t\t<\/dt><\/dl><br style=\"clear: both\" \/><dl class='gallery-item'>\n\t\t\t<dt class='gallery-icon landscape'>\n\t\t\t\t<a href='https:\/\/kerste.de\/?attachment_id=5739#main'><img loading=\"lazy\" decoding=\"async\" width=\"150\" height=\"150\" src=\"https:\/\/kerste.de\/wp-content\/uploads\/2016\/06\/20160528-11h-08m-P1130135-150x150.jpg\" class=\"attachment-thumbnail size-thumbnail\" alt=\"\" \/><\/a>\n\t\t\t<\/dt><\/dl><dl class='gallery-item'>\n\t\t\t<dt class='gallery-icon landscape'>\n\t\t\t\t<a href='https:\/\/kerste.de\/?attachment_id=5735#main'><img loading=\"lazy\" decoding=\"async\" width=\"150\" height=\"150\" src=\"https:\/\/kerste.de\/wp-content\/uploads\/2016\/06\/20160528-10h-46m-P1130118-150x150.jpg\" class=\"attachment-thumbnail size-thumbnail\" alt=\"\" \/><\/a>\n\t\t\t<\/dt><\/dl><dl class='gallery-item'>\n\t\t\t<dt class='gallery-icon landscape'>\n\t\t\t\t<a href='https:\/\/kerste.de\/?attachment_id=5740#main'><img loading=\"lazy\" decoding=\"async\" width=\"150\" height=\"150\" src=\"https:\/\/kerste.de\/wp-content\/uploads\/2016\/06\/20160528-11h-17m-DSC_3211-150x150.jpg\" class=\"attachment-thumbnail size-thumbnail\" alt=\"\" \/><\/a>\n\t\t\t<\/dt><\/dl><dl class='gallery-item'>\n\t\t\t<dt class='gallery-icon landscape'>\n\t\t\t\t<a href='https:\/\/kerste.de\/?attachment_id=5741#main'><img loading=\"lazy\" decoding=\"async\" width=\"150\" height=\"150\" src=\"https:\/\/kerste.de\/wp-content\/uploads\/2016\/06\/20160528-11h-27m-P1130152-150x150.jpg\" class=\"attachment-thumbnail size-thumbnail\" alt=\"\" aria-describedby=\"gallery-2-5741\" \/><\/a>\n\t\t\t<\/dt>\n\t\t\t\t<dd class='wp-caption-text gallery-caption' id='gallery-2-5741'>\n\t\t\t\tB\u00e1r\u00f0ur Sn\u00e6fells\u00e1s\n\t\t\t\t<\/dd><\/dl><br style=\"clear: both\" \/>\n\t\t<\/div>\n\n<p>Das Denkmal von B\u00e1r\u00f0ur Sn\u00e6fells\u00e1s ist weithin sichtbar und aus groben Steinen aufgeschichtet, die dem Regen trotzen \u2013 mittlerweile wird das Wetter wieder schlechter und nasser, also zur\u00fcck zum Auto, auch um etwas Abstand von dem Reisebus zu halten.<\/p>\n<p><a href=\"http:\/\/kerste.de\/?attachment_id=5742#main\" rel=\"attachment wp-att-5742\"><img loading=\"lazy\" decoding=\"async\" class=\"alignright size-medium wp-image-5742\" src=\"https:\/\/kerste.de\/wp-content\/uploads\/2016\/06\/20160528-11h-58m-P1130157-300x201.jpg\" alt=\"20160528-11h-58m-P1130157\" width=\"300\" height=\"201\" srcset=\"https:\/\/kerste.de\/wp-content\/uploads\/2016\/06\/20160528-11h-58m-P1130157-300x201.jpg 300w, https:\/\/kerste.de\/wp-content\/uploads\/2016\/06\/20160528-11h-58m-P1130157-768x514.jpg 768w, https:\/\/kerste.de\/wp-content\/uploads\/2016\/06\/20160528-11h-58m-P1130157.jpg 1024w\" sizes=\"auto, (max-width: 300px) 100vw, 300px\" \/><\/a>Der n\u00e4chste Halt wird kurz: Eine H\u00f6hle liegt an der Stra\u00dfe, durch die es auch F\u00fchrungen gibt, aber wir haben den Einlass knapp verpasst \u2013 daher machen wir noch einen kurzen Abstecher an die K\u00fcste, bevor es auf den Parkplatz am Dj\u00fapal\u00f3nssandur-Steinstrand geht. Hier war lange Zeit eine Fischereiflotte stationiert. Wer dort arbeiten wollte, musste seine Kraft beweisen, indem er einige der runden Steine dort hoch hob. Die vier Steine tragen je nach Gewicht die passenden Namen: Fullsterkur (&#8220;Ganzstarker&#8221;, 154\u00a0kg), H\u00e1lfsterkur (&#8220;Halbstarker, 100\u00a0kg), h\u00e1lfdr\u00e6ttingur (&#8220;Brauchbarer&#8221;, 54\u00a0kg) und Aml\u00f3\u00f0i (&#8220;Schw\u00e4chling&#8221;, 23\u00a0kg). Zumindest Brauchbarer musste man auf einen Felsabsatz heben, um einen Platz an Bord zu erhalten.<\/p>\n<p>1948 strandete der Fischtrawler Epine aus Grimsby hier, nur vier oder f\u00fcnf der 19 Besatzungsmitglieder konnten gerettet werden. Einige Reste des Schiffs liegen immer noch am Strand und stehen unter Denkmalschutz.<\/p>\n\n\t\t<style type=\"text\/css\">\n\t\t\t#gallery-3 {\n\t\t\t\tmargin: auto;\n\t\t\t}\n\t\t\t#gallery-3 .gallery-item {\n\t\t\t\tfloat: left;\n\t\t\t\tmargin-top: 10px;\n\t\t\t\ttext-align: center;\n\t\t\t\twidth: 25%;\n\t\t\t}\n\t\t\t#gallery-3 img {\n\t\t\t\tborder: 2px solid #cfcfcf;\n\t\t\t}\n\t\t\t#gallery-3 .gallery-caption {\n\t\t\t\tmargin-left: 0;\n\t\t\t}\n\t\t\t\/* see gallery_shortcode() in wp-includes\/media.php *\/\n\t\t<\/style>\n\t\t<div id='gallery-3' class='gallery galleryid-5727 gallery-columns-4 gallery-size-thumbnail'><dl class='gallery-item'>\n\t\t\t<dt class='gallery-icon landscape'>\n\t\t\t\t<a href='https:\/\/kerste.de\/?attachment_id=5743#main'><img loading=\"lazy\" decoding=\"async\" width=\"150\" height=\"150\" src=\"https:\/\/kerste.de\/wp-content\/uploads\/2016\/06\/20160528-12h-28m-DSC_3220-150x150.jpg\" class=\"attachment-thumbnail size-thumbnail\" alt=\"\" aria-describedby=\"gallery-3-5743\" \/><\/a>\n\t\t\t<\/dt>\n\t\t\t\t<dd class='wp-caption-text gallery-caption' id='gallery-3-5743'>\n\t\t\t\tDer Weg zum Dj\u00fapal\u00f3nssandur\n\t\t\t\t<\/dd><\/dl><dl class='gallery-item'>\n\t\t\t<dt class='gallery-icon landscape'>\n\t\t\t\t<a href='https:\/\/kerste.de\/?attachment_id=5744#main'><img loading=\"lazy\" decoding=\"async\" width=\"150\" height=\"150\" src=\"https:\/\/kerste.de\/wp-content\/uploads\/2016\/06\/20160528-12h-32m-P1130176-150x150.jpg\" class=\"attachment-thumbnail size-thumbnail\" alt=\"\" aria-describedby=\"gallery-3-5744\" \/><\/a>\n\t\t\t<\/dt>\n\t\t\t\t<dd class='wp-caption-text gallery-caption' id='gallery-3-5744'>\n\t\t\t\tHalbstark, Brauchbar oder Unn\u00fctz?\n\t\t\t\t<\/dd><\/dl><dl class='gallery-item'>\n\t\t\t<dt class='gallery-icon landscape'>\n\t\t\t\t<a href='https:\/\/kerste.de\/?attachment_id=5745#main'><img loading=\"lazy\" decoding=\"async\" width=\"150\" height=\"150\" src=\"https:\/\/kerste.de\/wp-content\/uploads\/2016\/06\/20160528-12h-32m-P1130178-150x150.jpg\" class=\"attachment-thumbnail size-thumbnail\" alt=\"\" aria-describedby=\"gallery-3-5745\" \/><\/a>\n\t\t\t<\/dt>\n\t\t\t\t<dd class='wp-caption-text gallery-caption' id='gallery-3-5745'>\n\t\t\t\tImmer wieder wilde Formationen\n\t\t\t\t<\/dd><\/dl><dl class='gallery-item'>\n\t\t\t<dt class='gallery-icon landscape'>\n\t\t\t\t<a href='https:\/\/kerste.de\/?attachment_id=5746#main'><img loading=\"lazy\" decoding=\"async\" width=\"150\" height=\"150\" src=\"https:\/\/kerste.de\/wp-content\/uploads\/2016\/06\/20160528-12h-36m-DSC_3236-150x150.jpg\" class=\"attachment-thumbnail size-thumbnail\" alt=\"\" aria-describedby=\"gallery-3-5746\" \/><\/a>\n\t\t\t<\/dt>\n\t\t\t\t<dd class='wp-caption-text gallery-caption' id='gallery-3-5746'>\n\t\t\t\tWrackreste der Epine\n\t\t\t\t<\/dd><\/dl><br style=\"clear: both\" \/>\n\t\t<\/div>\n\n<p>Davon, dass der Strand am Fu\u00df des Sn\u00e6fellsj\u00f6kull liegen soll, ist aber nicht viel zu sehen. Also auf zum n\u00e4chsten Halt, dem Krater Saxh\u00f3ll. Island zeigt sich wieder einmal von seiner windigsten Seite. Eine Eisentreppe f\u00fchrt auf diesen Vulkankrater, aber oben ist es noch ungem\u00fctlicher als unten \u2013 wer sich nicht noch einmal in den Wind legen will, macht sich rasch wieder an den Abstieg. Von dem eigentlich sch\u00f6nen Panorama ist auch nicht viel zu sehen. Da hilft nur, bei besserem Wetter wiederzukommen und im Windschatten der Autos eine kurze Mittagspause einzulegen, nachdem die Kamera wieder trockengelegt wurde.<\/p>\n\n\t\t<style type=\"text\/css\">\n\t\t\t#gallery-4 {\n\t\t\t\tmargin: auto;\n\t\t\t}\n\t\t\t#gallery-4 .gallery-item {\n\t\t\t\tfloat: left;\n\t\t\t\tmargin-top: 10px;\n\t\t\t\ttext-align: center;\n\t\t\t\twidth: 33%;\n\t\t\t}\n\t\t\t#gallery-4 img {\n\t\t\t\tborder: 2px solid #cfcfcf;\n\t\t\t}\n\t\t\t#gallery-4 .gallery-caption {\n\t\t\t\tmargin-left: 0;\n\t\t\t}\n\t\t\t\/* see gallery_shortcode() in wp-includes\/media.php *\/\n\t\t<\/style>\n\t\t<div id='gallery-4' class='gallery galleryid-5727 gallery-columns-3 gallery-size-thumbnail'><dl class='gallery-item'>\n\t\t\t<dt class='gallery-icon landscape'>\n\t\t\t\t<a href='https:\/\/kerste.de\/?attachment_id=5749#main'><img loading=\"lazy\" decoding=\"async\" width=\"150\" height=\"150\" src=\"https:\/\/kerste.de\/wp-content\/uploads\/2016\/06\/20160528-13h-17m-P1130193-150x150.jpg\" class=\"attachment-thumbnail size-thumbnail\" alt=\"\" aria-describedby=\"gallery-4-5749\" \/><\/a>\n\t\t\t<\/dt>\n\t\t\t\t<dd class='wp-caption-text gallery-caption' id='gallery-4-5749'>\n\t\t\t\tBlick in den Saxh\u00f3ll-Krater\n\t\t\t\t<\/dd><\/dl><dl class='gallery-item'>\n\t\t\t<dt class='gallery-icon landscape'>\n\t\t\t\t<a href='https:\/\/kerste.de\/?attachment_id=5750#main'><img loading=\"lazy\" decoding=\"async\" width=\"150\" height=\"150\" src=\"https:\/\/kerste.de\/wp-content\/uploads\/2016\/06\/20160528-13h-20m-DSC_3280-150x150.jpg\" class=\"attachment-thumbnail size-thumbnail\" alt=\"\" aria-describedby=\"gallery-4-5750\" \/><\/a>\n\t\t\t<\/dt>\n\t\t\t\t<dd class='wp-caption-text gallery-caption' id='gallery-4-5750'>\n\t\t\t\tWindtest am Kraterrand\n\t\t\t\t<\/dd><\/dl><dl class='gallery-item'>\n\t\t\t<dt class='gallery-icon landscape'>\n\t\t\t\t<a href='https:\/\/kerste.de\/?attachment_id=5751#main'><img loading=\"lazy\" decoding=\"async\" width=\"150\" height=\"150\" src=\"https:\/\/kerste.de\/wp-content\/uploads\/2016\/06\/20160528-13h-21m-P1130196-150x150.jpg\" class=\"attachment-thumbnail size-thumbnail\" alt=\"\" aria-describedby=\"gallery-4-5751\" \/><\/a>\n\t\t\t<\/dt>\n\t\t\t\t<dd class='wp-caption-text gallery-caption' id='gallery-4-5751'>\n\t\t\t\t390 Stufen\n\t\t\t\t<\/dd><\/dl><br style=\"clear: both\" \/>\n\t\t<\/div>\n\n<div id=\"attachment_5752\" style=\"width: 310px\" class=\"wp-caption alignright\"><a href=\"http:\/\/kerste.de\/?attachment_id=5752#main\" rel=\"attachment wp-att-5752\"><img loading=\"lazy\" decoding=\"async\" aria-describedby=\"caption-attachment-5752\" class=\"size-medium wp-image-5752\" src=\"https:\/\/kerste.de\/wp-content\/uploads\/2016\/06\/20160528-13h-51m-P1130208-300x201.jpg\" alt=\"Alte Torfh\u00e4user in Hellissandur\" width=\"300\" height=\"201\" srcset=\"https:\/\/kerste.de\/wp-content\/uploads\/2016\/06\/20160528-13h-51m-P1130208-300x201.jpg 300w, https:\/\/kerste.de\/wp-content\/uploads\/2016\/06\/20160528-13h-51m-P1130208-768x514.jpg 768w, https:\/\/kerste.de\/wp-content\/uploads\/2016\/06\/20160528-13h-51m-P1130208.jpg 1024w\" sizes=\"auto, (max-width: 300px) 100vw, 300px\" \/><\/a><p id=\"caption-attachment-5752\" class=\"wp-caption-text\">Alte Torfh\u00e4user in Hellissandur<\/p><\/div>\n<p>The road goes on and on, und nach ein paar Kilometern taucht ein Strich in der Landschaft auf: Der 412 Meter hohe Funkmast war einst das h\u00f6chste Bauwerk Europas, 1994 wurde er abgeschaltet. Er ist immer noch das h\u00f6chste Bauwerk Islands, uns aber keinen Stop wert \u2013 den gibt&#8217;s erst ein paar Meter weiter, am kleinen Museum in Hellissandur. Die Torfh\u00e4user geh\u00f6ren zu einem Seemannsmuseum. Das Wetter hat sich jetzt v\u00f6llig ge\u00e4ndert: Vielleicht sind wir jetzt im Windschatten des unsichtbaren Sn\u00e6fellsj\u00f6kull, jedenfalls ist der Wind weg und der Himmel stellenweise sogar blau. Das w\u00e4re ein besserer Ort f\u00fcr eine Mittagspause gewesen als der Fu\u00df der Saxh\u00f3ll&#8230;<\/p>\n<p><a href=\"http:\/\/kerste.de\/?attachment_id=5753#main\" rel=\"attachment wp-att-5753\"><img loading=\"lazy\" decoding=\"async\" class=\"alignleft size-medium wp-image-5753\" src=\"https:\/\/kerste.de\/wp-content\/uploads\/2016\/06\/20160528-14h-03m-P1130213-300x201.jpg\" alt=\"20160528-14h-03m-P1130213\" width=\"300\" height=\"201\" srcset=\"https:\/\/kerste.de\/wp-content\/uploads\/2016\/06\/20160528-14h-03m-P1130213-300x201.jpg 300w, https:\/\/kerste.de\/wp-content\/uploads\/2016\/06\/20160528-14h-03m-P1130213-768x514.jpg 768w, https:\/\/kerste.de\/wp-content\/uploads\/2016\/06\/20160528-14h-03m-P1130213.jpg 1024w\" sizes=\"auto, (max-width: 300px) 100vw, 300px\" \/><\/a>Gegen\u00fcber des Museums gibt es daf\u00fcr eine Sehensw\u00fcrdigkeit, die uns mittlerweile vertraut ist, auch wenn ich sie viel zu selten fotografiert habe. Zeit, das nachzuholen: Eine Tankstelle. Eine gute Chance, noch einmal die Getr\u00e4nkevorr\u00e4te aufzuf\u00fcllen \u2013 nutzen wir sie. Tankstellenshops geh\u00f6ren wohl zur Grundversorgung von Island-Reisenden, zumindest auf der Ringstra\u00dfe.<\/p>\n<div id=\"attachment_5755\" style=\"width: 211px\" class=\"wp-caption alignright\"><a href=\"http:\/\/kerste.de\/?attachment_id=5755#main\" rel=\"attachment wp-att-5755\"><img loading=\"lazy\" decoding=\"async\" aria-describedby=\"caption-attachment-5755\" class=\"size-medium wp-image-5755\" src=\"https:\/\/kerste.de\/wp-content\/uploads\/2016\/06\/20160528-14h-51m-P1130229-201x300.jpg\" alt=\"Kirkjufellsfossi\" width=\"201\" height=\"300\" srcset=\"https:\/\/kerste.de\/wp-content\/uploads\/2016\/06\/20160528-14h-51m-P1130229-201x300.jpg 201w, https:\/\/kerste.de\/wp-content\/uploads\/2016\/06\/20160528-14h-51m-P1130229.jpg 685w\" sizes=\"auto, (max-width: 201px) 100vw, 201px\" \/><\/a><p id=\"caption-attachment-5755\" class=\"wp-caption-text\">Kirkjufellsfossi<\/p><\/div>\n<p>Apropos Stra\u00dfe: Wir m\u00fcssen ja weiter. Der n\u00e4chste Halt ist der Kirkjufellsfossi, trotz des Regenwetters ein h\u00fcbscher Wasserfall am Stra\u00dfenrand. Aussteigen lohnt sich: was von der Stra\u00dfe aus regnerisch-tr\u00fcbe aussieht, macht vom Wasserfall selbst aus deutlich mehr her. Der Spitze Berg im Hintergrund ergibt ein sehr sch\u00f6nes Panorama, das bei gutem Wetter noch eindrucksvoller sein m\u00fcsste. Definitiv einer der sch\u00f6neren Wasserf\u00e4lle und einen Stop wert.<\/p>\n<p>Die Stra\u00dfe f\u00fchrt uns dann weiter Richtung Stykkish\u00f3lmur, immer entlang der Nordk\u00fcste der Sn\u00e6fellsness-Halbinsel. Rund 20 km nach Kirkjufellsfossi ist ein unwirtliches Lavafeld, durch das schon zur Landnahmezeit Wege angelegt werden sollten. Dazu heuerten die Einheimischen Berserker aus Norwegen an \u2013 die starken M\u00e4nner sollten zum Lohn isl\u00e4ndische Frauen erhalten. Nur die Frauen waren davon weniger begeistert und lockten die M\u00e4nner in eine Scheune, die sie dann anz\u00fcndeten. Die Gegen tr\u00e4gt heute den Namen Berserkerjahraun \u2013 wir fahren sicherheitshalber durch.<\/p>\n<div id=\"attachment_5756\" style=\"width: 1034px\" class=\"wp-caption aligncenter\"><a href=\"http:\/\/kerste.de\/?attachment_id=5756#main\" rel=\"attachment wp-att-5756\"><img loading=\"lazy\" decoding=\"async\" aria-describedby=\"caption-attachment-5756\" class=\"size-large wp-image-5756\" src=\"https:\/\/kerste.de\/wp-content\/uploads\/2016\/06\/20160528-14h-50m-P1130225-1024x465.jpg\" alt=\"Kirkjufellsfossi\" width=\"1024\" height=\"465\" srcset=\"https:\/\/kerste.de\/wp-content\/uploads\/2016\/06\/20160528-14h-50m-P1130225.jpg 1024w, https:\/\/kerste.de\/wp-content\/uploads\/2016\/06\/20160528-14h-50m-P1130225-300x136.jpg 300w, https:\/\/kerste.de\/wp-content\/uploads\/2016\/06\/20160528-14h-50m-P1130225-768x349.jpg 768w\" sizes=\"auto, (max-width: 1024px) 100vw, 1024px\" \/><\/a><p id=\"caption-attachment-5756\" class=\"wp-caption-text\">Kirkjufellsfossi<\/p><\/div>\n<div id=\"attachment_5758\" style=\"width: 310px\" class=\"wp-caption alignleft\"><a href=\"http:\/\/kerste.de\/?attachment_id=5758#main\" rel=\"attachment wp-att-5758\"><img loading=\"lazy\" decoding=\"async\" aria-describedby=\"caption-attachment-5758\" class=\"size-medium wp-image-5758\" src=\"https:\/\/kerste.de\/wp-content\/uploads\/2016\/06\/20160528-15h-33m-P1130236-300x201.jpg\" alt=\"Stykkish\u00f3lmur\" width=\"300\" height=\"201\" srcset=\"https:\/\/kerste.de\/wp-content\/uploads\/2016\/06\/20160528-15h-33m-P1130236-300x201.jpg 300w, https:\/\/kerste.de\/wp-content\/uploads\/2016\/06\/20160528-15h-33m-P1130236-768x514.jpg 768w, https:\/\/kerste.de\/wp-content\/uploads\/2016\/06\/20160528-15h-33m-P1130236.jpg 1024w\" sizes=\"auto, (max-width: 300px) 100vw, 300px\" \/><\/a><p id=\"caption-attachment-5758\" class=\"wp-caption-text\">Stykkish\u00f3lmur<\/p><\/div>\n<p>Das schmucke St\u00e4dtchen Stykkish\u00f3lmur hat seltsame Kirchenbauten, eine F\u00e4hrverbindung und auf der Insel S\u00fagandisey einen kleinen Leuchtturm, von dem aus man einen sch\u00f6nen Rundumblick hat. F\u00fcr einen Drohnenflug war es leider zu windig, aber der Aufstieg \u00fcber die Treppe lohnt sich allemal. Wann sehen wir \u00fcber Westisland sonst schon mal blauen Himmel?<\/p>\n<p>Damit haben wir unser Programm f\u00fcr heute auch abgearbeitet. Zeit f\u00fcr ein bisschen Spa\u00df&#8230; f\u00fcr den R\u00fcckweg k\u00f6nnten wir entweder die Asphaltstra\u00dfe zur\u00fcckfahren, oder die Piste quer durch die Halbinsel nehmen. Die Entscheidung f\u00e4llt leicht, und den Rest der R\u00fcckfahrt d\u00fcrfen andere filmen und fotografieren, w\u00e4hrend wir durch Staub und Pf\u00fctzen pfl\u00fcgen. Zum Ausgleich steht danach noch einmal kurz Autoputzen an; zum Gl\u00fcck gibt es an jeder Tankstelle eine kostenlose Waschgelegenheit. Fazit: Gerne jederzeit wieder:-)<\/p>\n<div id=\"attachment_5767\" style=\"width: 182px\" class=\"wp-caption alignright\"><img loading=\"lazy\" decoding=\"async\" aria-describedby=\"caption-attachment-5767\" class=\"size-full wp-image-5767\" src=\"https:\/\/kerste.de\/wp-content\/uploads\/2016\/06\/20160528-20h-48m-P1130264.jpg\" alt=\"Wahre Island-Begeisterung sieht anders aus...\" width=\"172\" height=\"198\" \/><p id=\"caption-attachment-5767\" class=\"wp-caption-text\">Wahre Island-Begeisterung sieht anders aus&#8230;<\/p><\/div>\n<p>Was bleibt noch zu tun? Zur\u00fcck nach Borganes, wo wir im Landnahmezentrum einen Tisch reserviert haben. Es gibt gehobene K\u00fcche, wozu \u2013 nat\u00fcrlich \u2013 auch Burger geh\u00f6ren. Kein Wunder, dass McDonalds und Burger King sich hier nicht durchsetzen k\u00f6nnen&#8230; Ich greife lieber zur gut gew\u00fcrzten Lasagne und g\u00f6nne mir ein Skyr zum Nachtisch. Das Restaurant geh\u00f6rt zum Landnahmezentrum, das eine Ausstellung \u00fcber die Besiedelung Islands zeigt. Von den Wikingern an der Wand wirkt allerdings keiner besonders gl\u00fccklich&#8230; Das Haus geh\u00f6rt zu den \u00e4ltesten der Stadt und wurde an den Fels erweitert, um mehr Platz zu gewinnen \u2013 wir sitzen also direkt an der Felswand, an die Glasfenster und Dach angepasst wurden. Interessanter Baustil.<\/p>\n<p>Abschlie\u00dfend bleibt noch etwas Zeit f\u00fcr einen kleinen Rundgang durch Borganes. So gem\u00fctlich die H\u00e4user innen auch sein m\u00f6gen: Sch\u00f6nheitspreise k\u00f6nnen nur die wenigsten gewinnen. Auch wenn das Klima rau ist, w\u00fcrde ein wenig Farbe nicht schaden. Aber daf\u00fcr gibt es auch ausreichend Bauten, die vollst\u00e4ndig mit Metall verkleidet sind, oder Betonbunker. Schade eigentlich, aber der einzige Baumarkt, den ich auf der Strecke gesehen habe, war auch weit weg in Reykjav\u00edk.<\/p>\n\n\t\t<style type=\"text\/css\">\n\t\t\t#gallery-5 {\n\t\t\t\tmargin: auto;\n\t\t\t}\n\t\t\t#gallery-5 .gallery-item {\n\t\t\t\tfloat: left;\n\t\t\t\tmargin-top: 10px;\n\t\t\t\ttext-align: center;\n\t\t\t\twidth: 20%;\n\t\t\t}\n\t\t\t#gallery-5 img {\n\t\t\t\tborder: 2px solid #cfcfcf;\n\t\t\t}\n\t\t\t#gallery-5 .gallery-caption {\n\t\t\t\tmargin-left: 0;\n\t\t\t}\n\t\t\t\/* see gallery_shortcode() in wp-includes\/media.php *\/\n\t\t<\/style>\n\t\t<div id='gallery-5' class='gallery galleryid-5727 gallery-columns-5 gallery-size-thumbnail'><dl class='gallery-item'>\n\t\t\t<dt class='gallery-icon landscape'>\n\t\t\t\t<a href='https:\/\/kerste.de\/?attachment_id=5761#main'><img loading=\"lazy\" decoding=\"async\" width=\"150\" height=\"150\" src=\"https:\/\/kerste.de\/wp-content\/uploads\/2016\/06\/20160528-21h-07m-P1130268-150x150.jpg\" class=\"attachment-thumbnail size-thumbnail\" alt=\"\" aria-describedby=\"gallery-5-5761\" \/><\/a>\n\t\t\t<\/dt>\n\t\t\t\t<dd class='wp-caption-text gallery-caption' id='gallery-5-5761'>\n\t\t\t\tBorgarnes\n\t\t\t\t<\/dd><\/dl><dl class='gallery-item'>\n\t\t\t<dt class='gallery-icon landscape'>\n\t\t\t\t<a href='https:\/\/kerste.de\/?attachment_id=5762#main'><img loading=\"lazy\" decoding=\"async\" width=\"150\" height=\"150\" src=\"https:\/\/kerste.de\/wp-content\/uploads\/2016\/06\/20160528-21h-08m-P1130270-150x150.jpg\" class=\"attachment-thumbnail size-thumbnail\" alt=\"\" aria-describedby=\"gallery-5-5762\" \/><\/a>\n\t\t\t<\/dt>\n\t\t\t\t<dd class='wp-caption-text gallery-caption' id='gallery-5-5762'>\n\t\t\t\tDas Landnahmezentrum\n\t\t\t\t<\/dd><\/dl><dl class='gallery-item'>\n\t\t\t<dt class='gallery-icon portrait'>\n\t\t\t\t<a href='https:\/\/kerste.de\/?attachment_id=5760#main'><img loading=\"lazy\" decoding=\"async\" width=\"150\" height=\"150\" src=\"https:\/\/kerste.de\/wp-content\/uploads\/2016\/06\/20160528-20h-48m-P1130265-150x150.jpg\" class=\"attachment-thumbnail size-thumbnail\" alt=\"\" aria-describedby=\"gallery-5-5760\" \/><\/a>\n\t\t\t<\/dt>\n\t\t\t\t<dd class='wp-caption-text gallery-caption' id='gallery-5-5760'>\n\t\t\t\tRestaurant im Landnahmezentrum\n\t\t\t\t<\/dd><\/dl><dl class='gallery-item'>\n\t\t\t<dt class='gallery-icon landscape'>\n\t\t\t\t<a href='https:\/\/kerste.de\/?attachment_id=5763#main'><img loading=\"lazy\" decoding=\"async\" width=\"150\" height=\"150\" src=\"https:\/\/kerste.de\/wp-content\/uploads\/2016\/06\/20160528-21h-11m-P1130274-150x150.jpg\" class=\"attachment-thumbnail size-thumbnail\" alt=\"\" \/><\/a>\n\t\t\t<\/dt><\/dl><dl class='gallery-item'>\n\t\t\t<dt class='gallery-icon landscape'>\n\t\t\t\t<a href='https:\/\/kerste.de\/?attachment_id=5764#main'><img loading=\"lazy\" decoding=\"async\" width=\"150\" height=\"150\" src=\"https:\/\/kerste.de\/wp-content\/uploads\/2016\/06\/20160528-21h-16m-P1130277-150x150.jpg\" class=\"attachment-thumbnail size-thumbnail\" alt=\"\" aria-describedby=\"gallery-5-5764\" \/><\/a>\n\t\t\t<\/dt>\n\t\t\t\t<dd class='wp-caption-text gallery-caption' id='gallery-5-5764'>\n\t\t\t\tIsl\u00e4ndische Architektur\n\t\t\t\t<\/dd><\/dl><br style=\"clear: both\" \/>\n\t\t<\/div>\n\n<div class=\"shariff shariff-align-left shariff-widget-align-left\"><ul class=\"shariff-buttons theme-white orientation-horizontal buttonsize-small\"><li class=\"shariff-button twitter shariff-nocustomcolor\" style=\"background-color:#595959\"><a href=\"https:\/\/twitter.com\/share?url=https%3A%2F%2Fkerste.de%2F%3Fp%3D5727&text=Island%20im%20Tiefflug%2C%20Teil%206\" title=\"Bei X teilen\" aria-label=\"Bei X teilen\" role=\"button\" rel=\"noopener nofollow\" class=\"shariff-link\" style=\"; background-color:#000; color:#000\" target=\"_blank\"><span class=\"shariff-icon\" style=\"fill:#000\"><svg width=\"32px\" height=\"20px\" xmlns=\"http:\/\/www.w3.org\/2000\/svg\" viewBox=\"0 0 24 24\"><path fill=\"#000\" d=\"M14.258 10.152L23.176 0h-2.113l-7.747 8.813L7.133 0H0l9.352 13.328L0 23.973h2.113l8.176-9.309 6.531 9.309h7.133zm-2.895 3.293l-.949-1.328L2.875 1.56h3.246l6.086 8.523.945 1.328 7.91 11.078h-3.246zm0 0\"\/><\/svg><\/span><span class=\"shariff-text\" style=\"color:#000\">teilen<\/span>&nbsp;<\/a><\/li><li class=\"shariff-button facebook shariff-nocustomcolor\" style=\"background-color:#4273c8\"><a href=\"https:\/\/www.facebook.com\/sharer\/sharer.php?u=https%3A%2F%2Fkerste.de%2F%3Fp%3D5727\" title=\"Bei Facebook teilen\" aria-label=\"Bei Facebook teilen\" role=\"button\" rel=\"nofollow\" class=\"shariff-link\" style=\"; background-color:#3b5998; color:#3b5998\" target=\"_blank\"><span class=\"shariff-icon\" style=\"fill:#3b5998\"><svg width=\"32px\" height=\"20px\" xmlns=\"http:\/\/www.w3.org\/2000\/svg\" viewBox=\"0 0 18 32\"><path fill=\"#3b5998\" d=\"M17.1 0.2v4.7h-2.8q-1.5 0-2.1 0.6t-0.5 1.9v3.4h5.2l-0.7 5.3h-4.5v13.6h-5.5v-13.6h-4.5v-5.3h4.5v-3.9q0-3.3 1.9-5.2t5-1.8q2.6 0 4.1 0.2z\"\/><\/svg><\/span><span class=\"shariff-text\" style=\"color:#3b5998\">teilen<\/span>&nbsp;<\/a><\/li><li class=\"shariff-button tumblr shariff-nocustomcolor\" style=\"background-color:#529ecc\"><a href=\"https:\/\/www.tumblr.com\/widgets\/share\/tool?posttype=link&canonicalUrl=https%3A%2F%2Fkerste.de%2F%3Fp%3D5727&tags=kerste.de\" title=\"Bei tumblr teilen\" aria-label=\"Bei tumblr teilen\" role=\"button\" rel=\"noopener nofollow\" class=\"shariff-link\" style=\"; background-color:#36465d; color:#36465d\" target=\"_blank\"><span class=\"shariff-icon\" style=\"fill:#36465d\"><svg width=\"32px\" height=\"20px\" xmlns=\"http:\/\/www.w3.org\/2000\/svg\" viewBox=\"0 0 32 32\"><path fill=\"#36465d\" d=\"M18 14l0 7.3c0 1.9 0 2.9 0.2 3.5 0.2 0.5 0.7 1.1 1.2 1.4 0.7 0.4 1.5 0.6 2.4 0.6 1.6 0 2.6-0.2 4.2-1.3v4.8c-1.4 0.6-2.6 1-3.7 1.3-1.1 0.3-2.3 0.4-3.6 0.4-1.5 0-2.3-0.2-3.4-0.6-1.1-0.4-2.1-0.9-2.9-1.6-0.8-0.7-1.3-1.4-1.7-2.2s-0.5-1.9-0.5-3.4v-11.2h-4.3v-4.5c1.3-0.4 2.7-1 3.6-1.8 0.9-0.8 1.6-1.7 2.2-2.7 0.5-1.1 0.9-2.4 1.1-4.1h5.2l0 8h8v6h-8z\"\/><\/svg><\/span><span class=\"shariff-text\" style=\"color:#36465d\">teilen<\/span>&nbsp;<\/a><\/li><li class=\"shariff-button info shariff-nocustomcolor\" style=\"background-color:#a8a8a8\"><a href=\"http:\/\/ct.de\/-2467514\" title=\"Weitere Informationen\" aria-label=\"Weitere Informationen\" role=\"button\" rel=\"noopener \" class=\"shariff-link\" style=\"; background-color:#999; color:#999\" target=\"_blank\"><span class=\"shariff-icon\" style=\"fill:#999\"><svg width=\"32px\" height=\"20px\" xmlns=\"http:\/\/www.w3.org\/2000\/svg\" viewBox=\"0 0 11 32\"><path fill=\"#999\" d=\"M11.4 24v2.3q0 0.5-0.3 0.8t-0.8 0.4h-9.1q-0.5 0-0.8-0.4t-0.4-0.8v-2.3q0-0.5 0.4-0.8t0.8-0.4h1.1v-6.8h-1.1q-0.5 0-0.8-0.4t-0.4-0.8v-2.3q0-0.5 0.4-0.8t0.8-0.4h6.8q0.5 0 0.8 0.4t0.4 0.8v10.3h1.1q0.5 0 0.8 0.4t0.3 0.8zM9.2 3.4v3.4q0 0.5-0.4 0.8t-0.8 0.4h-4.6q-0.4 0-0.8-0.4t-0.4-0.8v-3.4q0-0.4 0.4-0.8t0.8-0.4h4.6q0.5 0 0.8 0.4t0.4 0.8z\"\/><\/svg><\/span><\/a><\/li><\/ul><\/div>","protected":false},"excerpt":{"rendered":"<p>Start- und Endpunkt sind heute identisch, aber das ist kein Grund, nicht doch rund 300 km zur\u00fcckzulegen und die Halbinsel Sn\u00e6fellsnes zum umrunden, L\u00e4nge mal Breite mal H\u00f6he. Vom 1446 Meter hohen Vulkan Sn\u00e6fellsj\u00f6kull sehen wir zwar nicht viel, da er sich in den Regenwolken verbirgt, aber daf\u00fcr gibt es genug M\u00f6glichkeiten f\u00fcr Zwischenstopps. Der [&hellip;]<\/p>\n","protected":false},"author":1,"featured_media":0,"comment_status":"open","ping_status":"open","sticky":false,"template":"","format":"standard","meta":{"footnotes":""},"categories":[342,340],"tags":[336,341],"class_list":["post-5727","post","type-post","status-publish","format-standard","hentry","category-island-2016","category-reiseberichte","tag-island","tag-island-in-einer-woche"],"_links":{"self":[{"href":"https:\/\/kerste.de\/index.php?rest_route=\/wp\/v2\/posts\/5727","targetHints":{"allow":["GET"]}}],"collection":[{"href":"https:\/\/kerste.de\/index.php?rest_route=\/wp\/v2\/posts"}],"about":[{"href":"https:\/\/kerste.de\/index.php?rest_route=\/wp\/v2\/types\/post"}],"author":[{"embeddable":true,"href":"https:\/\/kerste.de\/index.php?rest_route=\/wp\/v2\/users\/1"}],"replies":[{"embeddable":true,"href":"https:\/\/kerste.de\/index.php?rest_route=%2Fwp%2Fv2%2Fcomments&post=5727"}],"version-history":[{"count":9,"href":"https:\/\/kerste.de\/index.php?rest_route=\/wp\/v2\/posts\/5727\/revisions"}],"predecessor-version":[{"id":5768,"href":"https:\/\/kerste.de\/index.php?rest_route=\/wp\/v2\/posts\/5727\/revisions\/5768"}],"wp:attachment":[{"href":"https:\/\/kerste.de\/index.php?rest_route=%2Fwp%2Fv2%2Fmedia&parent=5727"}],"wp:term":[{"taxonomy":"category","embeddable":true,"href":"https:\/\/kerste.de\/index.php?rest_route=%2Fwp%2Fv2%2Fcategories&post=5727"},{"taxonomy":"post_tag","embeddable":true,"href":"https:\/\/kerste.de\/index.php?rest_route=%2Fwp%2Fv2%2Ftags&post=5727"}],"curies":[{"name":"wp","href":"https:\/\/api.w.org\/{rel}","templated":true}]}}