{"id":5123,"date":"2016-04-08T00:02:47","date_gmt":"2016-04-07T22:02:47","guid":{"rendered":"http:\/\/kerste.de\/?p=5123"},"modified":"2016-06-16T17:15:19","modified_gmt":"2016-06-16T15:15:19","slug":"tag-5-tromso-2","status":"publish","type":"post","link":"https:\/\/kerste.de\/?p=5123","title":{"rendered":"Tag 5: Troms\u00f8"},"content":{"rendered":"<div id=\"attachment_5097\" style=\"width: 310px\" class=\"wp-caption alignright\"><a href=\"http:\/\/kerste.de\/?attachment_id=5097#main\"><img loading=\"lazy\" decoding=\"async\" aria-describedby=\"caption-attachment-5097\" class=\"wp-image-5097 size-medium\" src=\"https:\/\/kerste.de\/wp-content\/uploads\/2016\/02\/20160407-10h-33m-DSC_0265-300x200.jpg\" alt=\"Zur Abwechslung wieder ein tr\u00fcber Morgen\" width=\"300\" height=\"200\" srcset=\"https:\/\/kerste.de\/wp-content\/uploads\/2016\/02\/20160407-10h-33m-DSC_0265-300x200.jpg 300w, https:\/\/kerste.de\/wp-content\/uploads\/2016\/02\/20160407-10h-33m-DSC_0265-768x512.jpg 768w, https:\/\/kerste.de\/wp-content\/uploads\/2016\/02\/20160407-10h-33m-DSC_0265.jpg 1024w\" sizes=\"auto, (max-width: 300px) 100vw, 300px\" \/><\/a><p id=\"caption-attachment-5097\" class=\"wp-caption-text\">Zur Abwechslung wieder ein tr\u00fcber Morgen<\/p><\/div>\n<p>Ein ruhiger Tag, zumindest f\u00fcr mich: Um Viertel nach neun werfe ich erstmals einen Blick aus dem Fenster und sehe einen tr\u00fcben Himmel. Eigentlich war unser erster Vortrag f\u00fcr 9:00 geplant, aber wegen einer Terminkollision mussten wir ihn auf den Mittag verschieben. Nach der letzten Nacht ist das aber gar nicht schlecht, schlie\u00dflich muss man auch mal schlafen. Daher lasse ich das Fr\u00fchst\u00fcck ausfallen, mache meinen Nordlicht-Zeitrafferfilm fertig, twittere ihn und gehe in Finnsnes kurz von Bord. Das Wetter ist wieder tr\u00fcbe \u2013 ob wir f\u00fcr diese Tour den Rhythmus beibehalten, dass auf einen sch\u00f6nen Tag ein bedeckter folgt? Von schlechtem Wetter will ich bei milden Temperaturen und ruhiger See ja gar nicht sprechen.<\/p>\n<p>Finnsnes und die benachbarte Insel Senja geh\u00f6ren zu den Fleckchen, von denen man auf der Tour eigentlich viel zu wenig mitkriegt. Senja ist die zweitgr\u00f6\u00dfte Insel Norwegens und auch ein beliebter Ort f\u00fcr Polarlichttouren. Mir langt die Zeit nur, um ein paar Meter vom Schiff wegzugehen, die Schoko-Reklame einmal nicht von hoch oben zu knipsen und ein paar Schritte die Stra\u00dfe entlangzugehen.<\/p>\n<div id=\"attachment_5098\" style=\"width: 310px\" class=\"wp-caption alignleft\"><a href=\"http:\/\/kerste.de\/?attachment_id=5098#main\"><img loading=\"lazy\" decoding=\"async\" aria-describedby=\"caption-attachment-5098\" class=\"wp-image-5098 size-medium\" src=\"https:\/\/kerste.de\/wp-content\/uploads\/2016\/02\/20160407-11h-15m-DSC_0274-300x200.jpg\" alt=\"Schokowerbung in Finnsnes\" width=\"300\" height=\"200\" srcset=\"https:\/\/kerste.de\/wp-content\/uploads\/2016\/02\/20160407-11h-15m-DSC_0274-300x200.jpg 300w, https:\/\/kerste.de\/wp-content\/uploads\/2016\/02\/20160407-11h-15m-DSC_0274-768x512.jpg 768w, https:\/\/kerste.de\/wp-content\/uploads\/2016\/02\/20160407-11h-15m-DSC_0274.jpg 1024w\" sizes=\"auto, (max-width: 300px) 100vw, 300px\" \/><\/a><p id=\"caption-attachment-5098\" class=\"wp-caption-text\">Schokowerbung in Finnsnes<\/p><\/div>\n<p>Nach der Bewegung in Finnsnes kann ich mich dann guten Gewissens am Mittagsbuffet dem Fr\u00fchst\u00fcck widmen, nachdem ich mein Blog noch aktualisiert hatte. Kurz nach 13:00 dann der Blick auf die Uhr: Schon so sp\u00e4t? Und das jetzt, wo es extrem leckere Mousse au Chocolat gibt, bei der in 100 Gramm wohl 200 Gramm Schokolade enthalten sind? Aber gut, um 13:15 ist Hans mit seinem Vortrag dran, und ich will schlie\u00dflich auch h\u00f6ren, was er \u00fcber die Sonne zu erz\u00e4hlen hat. Au\u00dferdem zeigen wir ja die Polarlichtbilder der letzten Nacht:-)<\/p>\n<p>Nach dem Vortrag bleibt noch eine Dreiviertelstunde, bis wir in Troms\u00f8 anlegen. Es ist drau\u00dfen schon wieder sehr winterlich geworden: Schnee dominiert, auch wenn die Temperaturen mit rund +5\u00b0 immer noch angenehm sind. Aber die Anfahrt auf die Stadt lasse ich mir nicht entgehen.<\/p>\n<div id=\"attachment_5103\" style=\"width: 310px\" class=\"wp-caption alignright\"><a href=\"http:\/\/kerste.de\/?attachment_id=5103#main\"><img loading=\"lazy\" decoding=\"async\" aria-describedby=\"caption-attachment-5103\" class=\"wp-image-5103 size-medium\" src=\"https:\/\/kerste.de\/wp-content\/uploads\/2016\/02\/20160407-14h-23m-DSC_0289-300x200.jpg\" alt=\"Kurs auf Troms\u00f8\" width=\"300\" height=\"200\" srcset=\"https:\/\/kerste.de\/wp-content\/uploads\/2016\/02\/20160407-14h-23m-DSC_0289-300x200.jpg 300w, https:\/\/kerste.de\/wp-content\/uploads\/2016\/02\/20160407-14h-23m-DSC_0289-768x512.jpg 768w, https:\/\/kerste.de\/wp-content\/uploads\/2016\/02\/20160407-14h-23m-DSC_0289.jpg 1024w\" sizes=\"auto, (max-width: 300px) 100vw, 300px\" \/><\/a><p id=\"caption-attachment-5103\" class=\"wp-caption-text\">Kurs auf Troms\u00f8<\/p><\/div>\n<p>Das Wetter ist immer noch tr\u00fcb, aber schon etwas besser; im Lauf des Nachmittags gibt es sogar ein paar blaue Flecken am Himmel. Eigentlich ideal, um mal wieder die Stadt zu erkunden. Troms\u00f8 ist ja als Paris des Nordens bekannt, also steht Einkaufen an \u2013 die Buchbestellungen abholen, nach gescheiten Schuhen schauen, nochmal in die Buchhandlung, dann in den Coop zum Auff\u00fcllen der Vorr\u00e4te, zwischendrin hoch auf den Aussichtspunkt bei der Fischereischule \u2013 der Nachmittag geht schnell rum. Irgendwie erledige ich in Norwegen immer die ganzen Eink\u00e4ufe, f\u00fcr die ich in Deutschland keine Zeit habe&#8230; Die typischen Touri-Highlights werden nat\u00fcrlich ebenfalls abgeklappert, und Troms\u00f8s Greatest Souvenir Shop hat auch einige neue Sachen im Angebot. Hier lasse ich diesmal aber kein Geld. Trotzdem: Ein Besuch ist immer wieder ein Erlebnis. So viel Kitsch, und sogar ein paar reizvolle S\u00e4chelchen.<\/p>\n\n\t\t<style type=\"text\/css\">\n\t\t\t#gallery-1 {\n\t\t\t\tmargin: auto;\n\t\t\t}\n\t\t\t#gallery-1 .gallery-item {\n\t\t\t\tfloat: left;\n\t\t\t\tmargin-top: 10px;\n\t\t\t\ttext-align: center;\n\t\t\t\twidth: 20%;\n\t\t\t}\n\t\t\t#gallery-1 img {\n\t\t\t\tborder: 2px solid #cfcfcf;\n\t\t\t}\n\t\t\t#gallery-1 .gallery-caption {\n\t\t\t\tmargin-left: 0;\n\t\t\t}\n\t\t\t\/* see gallery_shortcode() in wp-includes\/media.php *\/\n\t\t<\/style>\n\t\t<div id='gallery-1' class='gallery galleryid-5123 gallery-columns-5 gallery-size-thumbnail'><dl class='gallery-item'>\n\t\t\t<dt class='gallery-icon landscape'>\n\t\t\t\t<a href='https:\/\/kerste.de\/?attachment_id=5105#main'><img loading=\"lazy\" decoding=\"async\" width=\"150\" height=\"150\" src=\"https:\/\/kerste.de\/wp-content\/uploads\/2016\/02\/20160407-14h-31m-DSC_0303-150x150.jpg\" class=\"attachment-thumbnail size-thumbnail\" alt=\"\" aria-describedby=\"gallery-1-5105\" \/><\/a>\n\t\t\t<\/dt>\n\t\t\t\t<dd class='wp-caption-text gallery-caption' id='gallery-1-5105'>\n\t\t\t\tDie Eismeerkathedrale\n\t\t\t\t<\/dd><\/dl><dl class='gallery-item'>\n\t\t\t<dt class='gallery-icon landscape'>\n\t\t\t\t<a href='https:\/\/kerste.de\/?attachment_id=5110#main'><img loading=\"lazy\" decoding=\"async\" width=\"150\" height=\"150\" src=\"https:\/\/kerste.de\/wp-content\/uploads\/2016\/02\/20160407-15h-28m-P1100052-150x150.jpg\" class=\"attachment-thumbnail size-thumbnail\" alt=\"\" aria-describedby=\"gallery-1-5110\" \/><\/a>\n\t\t\t<\/dt>\n\t\t\t\t<dd class='wp-caption-text gallery-caption' id='gallery-1-5110'>\n\t\t\t\tTroms\u00f8s Greates Souvenir Shop\n\t\t\t\t<\/dd><\/dl><dl class='gallery-item'>\n\t\t\t<dt class='gallery-icon portrait'>\n\t\t\t\t<a href='https:\/\/kerste.de\/?attachment_id=5111#main'><img loading=\"lazy\" decoding=\"async\" width=\"150\" height=\"150\" src=\"https:\/\/kerste.de\/wp-content\/uploads\/2016\/02\/20160407-15h-30m-P1100055-150x150.jpg\" class=\"attachment-thumbnail size-thumbnail\" alt=\"\" aria-describedby=\"gallery-1-5111\" \/><\/a>\n\t\t\t<\/dt>\n\t\t\t\t<dd class='wp-caption-text gallery-caption' id='gallery-1-5111'>\n\t\t\t\tDie Domkirke\n\t\t\t\t<\/dd><\/dl><dl class='gallery-item'>\n\t\t\t<dt class='gallery-icon landscape'>\n\t\t\t\t<a href='https:\/\/kerste.de\/?attachment_id=5112#main'><img loading=\"lazy\" decoding=\"async\" width=\"150\" height=\"150\" src=\"https:\/\/kerste.de\/wp-content\/uploads\/2016\/02\/20160407-15h-34m-P1100059-150x150.jpg\" class=\"attachment-thumbnail size-thumbnail\" alt=\"\" \/><\/a>\n\t\t\t<\/dt><\/dl><dl class='gallery-item'>\n\t\t\t<dt class='gallery-icon landscape'>\n\t\t\t\t<a href='https:\/\/kerste.de\/?attachment_id=5117#main'><img loading=\"lazy\" decoding=\"async\" width=\"150\" height=\"150\" src=\"https:\/\/kerste.de\/wp-content\/uploads\/2016\/02\/20160407-16h-43m-P1100096-150x150.jpg\" class=\"attachment-thumbnail size-thumbnail\" alt=\"\" \/><\/a>\n\t\t\t<\/dt><\/dl><br style=\"clear: both\" \/>\n\t\t<\/div>\n\n<p>Die Tour zur Fischereischule ist neu, bislang war mir dieser Aussichtspunkt entgangen. Den Tipp verdanke ich Marcus, der ihn auf der letzten Tour von einem Wiederholungst\u00e4ter erhalten hatte. Von da oben hat man wirklich einen h\u00fcbschen Ausblick. Wenn ich schon nicht auf den Hausberg Storsteinen hoch komme, weil die Fjellheisen-Seilbahn noch getestet wird, bevor Touristen reingesetzt werden, gibt es immerhin von dort einen Blick auf die Stadt. Die Gondeln der Bahn sind noch im Probebetrieb. W\u00e4hrend der Anfahrt hing eine Gondel ziemlich lange vor der Bergstation in der Luft \u2013 ist vielleicht ganz gut, dass erst mal getestet wird.<\/p>\n\n\t\t<style type=\"text\/css\">\n\t\t\t#gallery-2 {\n\t\t\t\tmargin: auto;\n\t\t\t}\n\t\t\t#gallery-2 .gallery-item {\n\t\t\t\tfloat: left;\n\t\t\t\tmargin-top: 10px;\n\t\t\t\ttext-align: center;\n\t\t\t\twidth: 33%;\n\t\t\t}\n\t\t\t#gallery-2 img {\n\t\t\t\tborder: 2px solid #cfcfcf;\n\t\t\t}\n\t\t\t#gallery-2 .gallery-caption {\n\t\t\t\tmargin-left: 0;\n\t\t\t}\n\t\t\t\/* see gallery_shortcode() in wp-includes\/media.php *\/\n\t\t<\/style>\n\t\t<div id='gallery-2' class='gallery galleryid-5123 gallery-columns-3 gallery-size-thumbnail'><dl class='gallery-item'>\n\t\t\t<dt class='gallery-icon landscape'>\n\t\t\t\t<a href='https:\/\/kerste.de\/?attachment_id=5113#main'><img loading=\"lazy\" decoding=\"async\" width=\"150\" height=\"150\" src=\"https:\/\/kerste.de\/wp-content\/uploads\/2016\/02\/20160407-16h-09m-P1100069-150x150.jpg\" class=\"attachment-thumbnail size-thumbnail\" alt=\"\" aria-describedby=\"gallery-2-5113\" \/><\/a>\n\t\t\t<\/dt>\n\t\t\t\t<dd class='wp-caption-text gallery-caption' id='gallery-2-5113'>\n\t\t\t\tSplit-R\u00e4umen\n\t\t\t\t<\/dd><\/dl><dl class='gallery-item'>\n\t\t\t<dt class='gallery-icon landscape'>\n\t\t\t\t<a href='https:\/\/kerste.de\/?attachment_id=5114#main'><img loading=\"lazy\" decoding=\"async\" width=\"150\" height=\"150\" src=\"https:\/\/kerste.de\/wp-content\/uploads\/2016\/02\/20160407-16h-17m-P1100073-150x150.jpg\" class=\"attachment-thumbnail size-thumbnail\" alt=\"\" aria-describedby=\"gallery-2-5114\" \/><\/a>\n\t\t\t<\/dt>\n\t\t\t\t<dd class='wp-caption-text gallery-caption' id='gallery-2-5114'>\n\t\t\t\tBlick auf Troms\u00f8\n\t\t\t\t<\/dd><\/dl><dl class='gallery-item'>\n\t\t\t<dt class='gallery-icon landscape'>\n\t\t\t\t<a href='https:\/\/kerste.de\/?attachment_id=5115#main'><img loading=\"lazy\" decoding=\"async\" width=\"150\" height=\"150\" src=\"https:\/\/kerste.de\/wp-content\/uploads\/2016\/02\/20160407-16h-20m-P1100078-150x150.jpg\" class=\"attachment-thumbnail size-thumbnail\" alt=\"\" aria-describedby=\"gallery-2-5115\" \/><\/a>\n\t\t\t<\/dt>\n\t\t\t\t<dd class='wp-caption-text gallery-caption' id='gallery-2-5115'>\n\t\t\t\tSchnee- und mehr Winterrreste\n\t\t\t\t<\/dd><\/dl><br style=\"clear: both\" \/>\n\t\t<\/div>\n\n<p>Da der Schnee in der Stadt weitestgehend verschwunden ist, zeigen sich auch die Spuren des Winters: Zahlreiche B\u00fcrgersteige und Stra\u00dfen sind zerbr\u00f6selt, und etwas abseits der Innenstadt ist auch manches Haus renovierungsbed\u00fcrftig. Zuerst ist aber die Stra\u00dfenreinigung schwer am Schaffen: Der Bagger mit der gro\u00dfen B\u00fcrstenwalze, der den ganzen Rollsplit zur Seite schiebt, ist schon beeindruckend. Und der Schneehaufen neben der Fischereischule deutet darauf hin, das mit dem Schnee auch gerne mal Asphalt wegger\u00e4umt wird. Ich bin gespannt, wie es hier im Oktober aussieht, nach dem Sommer. Da es noch hell ist und die Wolkendecke weitestgehend geschlossen, brauche ich heute Abend w\u00e4hrend des Abendessens keine Polarlichtwache zu machen. Damit f\u00e4llt das Essengehen in Troms\u00f8 auch aus, ich kann ausnahmsweise in Troms\u00f8 auf dem Schiff essen.<\/p>\n<p>Der Rest des Tages ist entspannt: W\u00e4hrend des Abendessens legen wir noch einmal im Norden von Troms\u00f8 an, um zus\u00e4tzliche Fracht aufzunehmen, die wegen eines Streiks nicht am normalen Kai eingeladen werden konnte. Im Anschluss h\u00e4lt der Kapit\u00e4n einen interessanten Vortrag \u00fcber Leuchtt\u00fcrme und Navigation im Lauf der Zeit \u2013 war sch\u00f6n, einmal einen Einblick in seine Arbeit zu erhalten. In Troms\u00f8 hat der Kapit\u00e4n \u00fcbrigens gewechselt. Jeder arbeitet ja 22 Tage am St\u00fcck, und er Wachwechsel kann so einigerma\u00dfen nahe an den Wohnorten erfolgen. Nur die Crewmitglieder, die Ansprechpartner f\u00fcr die Passagiere sind, machen normalerweise die Rundreise von Bergen aus.<\/p>\n<div id=\"attachment_5121\" style=\"width: 310px\" class=\"wp-caption alignleft\"><a href=\"http:\/\/kerste.de\/?attachment_id=5121#main\"><img loading=\"lazy\" decoding=\"async\" aria-describedby=\"caption-attachment-5121\" class=\"wp-image-5121 size-medium\" src=\"https:\/\/kerste.de\/wp-content\/uploads\/2016\/02\/20160407-21h-53m-P1100119-300x201.jpg\" alt=\"Die Nordnorge\" width=\"300\" height=\"201\" srcset=\"https:\/\/kerste.de\/wp-content\/uploads\/2016\/02\/20160407-21h-53m-P1100119-300x201.jpg 300w, https:\/\/kerste.de\/wp-content\/uploads\/2016\/02\/20160407-21h-53m-P1100119-768x514.jpg 768w, https:\/\/kerste.de\/wp-content\/uploads\/2016\/02\/20160407-21h-53m-P1100119.jpg 1024w\" sizes=\"auto, (max-width: 300px) 100vw, 300px\" \/><\/a><p id=\"caption-attachment-5121\" class=\"wp-caption-text\">Die Nordnorge<\/p><\/div>\n<p>Ein letzter Programmpunkt bleibt noch, nachdem der Himmel bedeckt ist: Der Nordnorge winken. Da sind gerade einige Reiseleiter an Bord, die wir auch kennen, also muss das sein. Da beide Schiffe Versp\u00e4tung haben, begegnen wir ihr erst kurz vor 22 Uhr. Mittlerweile ist es dunkel und windig genug, dass wir nur erahnen k\u00f6nnen, wer gerade an Bord ist. Immerhin weht der Wind mir das Handtuch nicht aus der Hand. Anschlie\u00dfend bleibt nur noch, den Abend zu genie\u00dfen und in Ruhe ausklingen zu lassen, w\u00e4hrend die Trollfjord versucht, die Zeit wieder aufzuholen. Skjerv\u00f8y erreichen wir um 23:45 mit 75 Minuten Versp\u00e4tung, und damit habe ich auch wieder genug Internet, um diesen Blogbeitrag abzuschicken. Da der Himmel weiterhin bedeckt ist, ist es Zeit f\u00fcr Feierabend. Aber erst nach einem Gang um das Schiff, schlie\u00dflich hat Skjerv\u00f8y eine h\u00fcbsche kleine Kirche. Wenn dieses Mal schon kein Nordlicht \u00fcber der Stadt schimmert, wird wenigstens die fotografiert.<\/p>\n<div id=\"attachment_5128\" style=\"width: 1034px\" class=\"wp-caption aligncenter\"><a href=\"http:\/\/kerste.de\/?attachment_id=5128#main\"><img loading=\"lazy\" decoding=\"async\" aria-describedby=\"caption-attachment-5128\" class=\"wp-image-5128 size-full\" src=\"https:\/\/kerste.de\/wp-content\/uploads\/2016\/02\/20160407-23h-52m-P1100123.jpg\" alt=\"Skjerv\u00f8y\" width=\"1024\" height=\"685\" srcset=\"https:\/\/kerste.de\/wp-content\/uploads\/2016\/02\/20160407-23h-52m-P1100123.jpg 1024w, https:\/\/kerste.de\/wp-content\/uploads\/2016\/02\/20160407-23h-52m-P1100123-300x201.jpg 300w, https:\/\/kerste.de\/wp-content\/uploads\/2016\/02\/20160407-23h-52m-P1100123-768x514.jpg 768w\" sizes=\"auto, (max-width: 1024px) 100vw, 1024px\" \/><\/a><p id=\"caption-attachment-5128\" class=\"wp-caption-text\">Skjerv\u00f8y<\/p><\/div>\n<div class=\"shariff shariff-align-left shariff-widget-align-left\"><ul class=\"shariff-buttons theme-white orientation-horizontal buttonsize-small\"><li class=\"shariff-button twitter shariff-nocustomcolor\" style=\"background-color:#595959\"><a href=\"https:\/\/twitter.com\/share?url=https%3A%2F%2Fkerste.de%2F%3Fp%3D5123&text=Tag%205%3A%20Troms%C3%B8\" title=\"Bei X teilen\" aria-label=\"Bei X teilen\" role=\"button\" rel=\"noopener nofollow\" class=\"shariff-link\" style=\"; background-color:#000; color:#000\" target=\"_blank\"><span class=\"shariff-icon\" style=\"fill:#000\"><svg width=\"32px\" height=\"20px\" xmlns=\"http:\/\/www.w3.org\/2000\/svg\" viewBox=\"0 0 24 24\"><path fill=\"#000\" d=\"M14.258 10.152L23.176 0h-2.113l-7.747 8.813L7.133 0H0l9.352 13.328L0 23.973h2.113l8.176-9.309 6.531 9.309h7.133zm-2.895 3.293l-.949-1.328L2.875 1.56h3.246l6.086 8.523.945 1.328 7.91 11.078h-3.246zm0 0\"\/><\/svg><\/span><span class=\"shariff-text\" style=\"color:#000\">teilen<\/span>&nbsp;<\/a><\/li><li class=\"shariff-button facebook shariff-nocustomcolor\" style=\"background-color:#4273c8\"><a href=\"https:\/\/www.facebook.com\/sharer\/sharer.php?u=https%3A%2F%2Fkerste.de%2F%3Fp%3D5123\" title=\"Bei Facebook teilen\" aria-label=\"Bei Facebook teilen\" role=\"button\" rel=\"nofollow\" class=\"shariff-link\" style=\"; background-color:#3b5998; color:#3b5998\" target=\"_blank\"><span class=\"shariff-icon\" style=\"fill:#3b5998\"><svg width=\"32px\" height=\"20px\" xmlns=\"http:\/\/www.w3.org\/2000\/svg\" viewBox=\"0 0 18 32\"><path fill=\"#3b5998\" d=\"M17.1 0.2v4.7h-2.8q-1.5 0-2.1 0.6t-0.5 1.9v3.4h5.2l-0.7 5.3h-4.5v13.6h-5.5v-13.6h-4.5v-5.3h4.5v-3.9q0-3.3 1.9-5.2t5-1.8q2.6 0 4.1 0.2z\"\/><\/svg><\/span><span class=\"shariff-text\" style=\"color:#3b5998\">teilen<\/span>&nbsp;<\/a><\/li><li class=\"shariff-button tumblr shariff-nocustomcolor\" style=\"background-color:#529ecc\"><a href=\"https:\/\/www.tumblr.com\/widgets\/share\/tool?posttype=link&canonicalUrl=https%3A%2F%2Fkerste.de%2F%3Fp%3D5123&tags=kerste.de\" title=\"Bei tumblr teilen\" aria-label=\"Bei tumblr teilen\" role=\"button\" rel=\"noopener nofollow\" class=\"shariff-link\" style=\"; background-color:#36465d; color:#36465d\" target=\"_blank\"><span class=\"shariff-icon\" style=\"fill:#36465d\"><svg width=\"32px\" height=\"20px\" xmlns=\"http:\/\/www.w3.org\/2000\/svg\" viewBox=\"0 0 32 32\"><path fill=\"#36465d\" d=\"M18 14l0 7.3c0 1.9 0 2.9 0.2 3.5 0.2 0.5 0.7 1.1 1.2 1.4 0.7 0.4 1.5 0.6 2.4 0.6 1.6 0 2.6-0.2 4.2-1.3v4.8c-1.4 0.6-2.6 1-3.7 1.3-1.1 0.3-2.3 0.4-3.6 0.4-1.5 0-2.3-0.2-3.4-0.6-1.1-0.4-2.1-0.9-2.9-1.6-0.8-0.7-1.3-1.4-1.7-2.2s-0.5-1.9-0.5-3.4v-11.2h-4.3v-4.5c1.3-0.4 2.7-1 3.6-1.8 0.9-0.8 1.6-1.7 2.2-2.7 0.5-1.1 0.9-2.4 1.1-4.1h5.2l0 8h8v6h-8z\"\/><\/svg><\/span><span class=\"shariff-text\" style=\"color:#36465d\">teilen<\/span>&nbsp;<\/a><\/li><li class=\"shariff-button info shariff-nocustomcolor\" style=\"background-color:#a8a8a8\"><a href=\"http:\/\/ct.de\/-2467514\" title=\"Weitere Informationen\" aria-label=\"Weitere Informationen\" role=\"button\" rel=\"noopener \" class=\"shariff-link\" style=\"; background-color:#999; color:#999\" target=\"_blank\"><span class=\"shariff-icon\" style=\"fill:#999\"><svg width=\"32px\" height=\"20px\" xmlns=\"http:\/\/www.w3.org\/2000\/svg\" viewBox=\"0 0 11 32\"><path fill=\"#999\" d=\"M11.4 24v2.3q0 0.5-0.3 0.8t-0.8 0.4h-9.1q-0.5 0-0.8-0.4t-0.4-0.8v-2.3q0-0.5 0.4-0.8t0.8-0.4h1.1v-6.8h-1.1q-0.5 0-0.8-0.4t-0.4-0.8v-2.3q0-0.5 0.4-0.8t0.8-0.4h6.8q0.5 0 0.8 0.4t0.4 0.8v10.3h1.1q0.5 0 0.8 0.4t0.3 0.8zM9.2 3.4v3.4q0 0.5-0.4 0.8t-0.8 0.4h-4.6q-0.4 0-0.8-0.4t-0.4-0.8v-3.4q0-0.4 0.4-0.8t0.8-0.4h4.6q0.5 0 0.8 0.4t0.4 0.8z\"\/><\/svg><\/span><\/a><\/li><\/ul><\/div>","protected":false},"excerpt":{"rendered":"<p>Ein ruhiger Tag, zumindest f\u00fcr mich: Um Viertel nach neun werfe ich erstmals einen Blick aus dem Fenster und sehe einen tr\u00fcben Himmel. Eigentlich war unser erster Vortrag f\u00fcr 9:00 geplant, aber wegen einer Terminkollision mussten wir ihn auf den Mittag verschieben. Nach der letzten Nacht ist das aber gar nicht schlecht, schlie\u00dflich muss man [&hellip;]<\/p>\n","protected":false},"author":1,"featured_media":0,"comment_status":"open","ping_status":"open","sticky":false,"template":"","format":"standard","meta":{"footnotes":""},"categories":[319],"tags":[175,325],"class_list":["post-5123","post","type-post","status-publish","format-standard","hentry","category-hurtigruten-2016-grp105","tag-finnsnes","tag-fischereimuseum-tromso"],"_links":{"self":[{"href":"https:\/\/kerste.de\/index.php?rest_route=\/wp\/v2\/posts\/5123","targetHints":{"allow":["GET"]}}],"collection":[{"href":"https:\/\/kerste.de\/index.php?rest_route=\/wp\/v2\/posts"}],"about":[{"href":"https:\/\/kerste.de\/index.php?rest_route=\/wp\/v2\/types\/post"}],"author":[{"embeddable":true,"href":"https:\/\/kerste.de\/index.php?rest_route=\/wp\/v2\/users\/1"}],"replies":[{"embeddable":true,"href":"https:\/\/kerste.de\/index.php?rest_route=%2Fwp%2Fv2%2Fcomments&post=5123"}],"version-history":[{"count":6,"href":"https:\/\/kerste.de\/index.php?rest_route=\/wp\/v2\/posts\/5123\/revisions"}],"predecessor-version":[{"id":5829,"href":"https:\/\/kerste.de\/index.php?rest_route=\/wp\/v2\/posts\/5123\/revisions\/5829"}],"wp:attachment":[{"href":"https:\/\/kerste.de\/index.php?rest_route=%2Fwp%2Fv2%2Fmedia&parent=5123"}],"wp:term":[{"taxonomy":"category","embeddable":true,"href":"https:\/\/kerste.de\/index.php?rest_route=%2Fwp%2Fv2%2Fcategories&post=5123"},{"taxonomy":"post_tag","embeddable":true,"href":"https:\/\/kerste.de\/index.php?rest_route=%2Fwp%2Fv2%2Ftags&post=5123"}],"curies":[{"name":"wp","href":"https:\/\/api.w.org\/{rel}","templated":true}]}}