{"id":4954,"date":"2016-04-05T17:30:02","date_gmt":"2016-04-05T15:30:02","guid":{"rendered":"http:\/\/kerste.de\/?p=4954"},"modified":"2016-06-16T17:16:57","modified_gmt":"2016-06-16T15:16:57","slug":"tag-2-alesund-und-first-light-2","status":"publish","type":"post","link":"https:\/\/kerste.de\/?p=4954","title":{"rendered":"Tag 2: \u00c5lesund und First Light"},"content":{"rendered":"<p>Die erste Nacht auf See, und das nur wenige Meter von meiner alten Kabine entfernt \u2013 und noch etwas ist gleich wie auf der letzten Fahrt: Das Westkap und die Stadhavet sind sehr ruhig, die erste Strecke \u00fcber das offene Meer ist wieder mal ein Ententeich. Damit entf\u00e4llt nat\u00fcrlich die morgendliche Unterhaltung, wenn alle rund um das Fr\u00fchst\u00fccksbuffett schwanken:-) Stattdessen k\u00f6nnen es alle in Ruhe genie\u00dfen und die erste Begegnung mit Brun\u00f8st machen, dem ber\u00fchmten braunen K\u00e4se (den ich auf keinen Fall als Souvenir nach Hause bringen soll, wie mir eindr\u00fccklich klar gemacht wurde. Entweder man mag das Zeug, oder man will m\u00f6glichst Einfuhr und Produktion verbieten).<\/p>\n<div id=\"attachment_4918\" style=\"width: 310px\" class=\"wp-caption alignright\"><a href=\"http:\/\/kerste.de\/?attachment_id=4918#main\"><img loading=\"lazy\" decoding=\"async\" aria-describedby=\"caption-attachment-4918\" class=\"wp-image-4918 size-medium\" src=\"https:\/\/kerste.de\/wp-content\/uploads\/2016\/02\/20160404-DSC_8462-300x200.jpg\" alt=\"Ruhige See in der Stad\" width=\"300\" height=\"200\" srcset=\"https:\/\/kerste.de\/wp-content\/uploads\/2016\/02\/20160404-DSC_8462-300x200.jpg 300w, https:\/\/kerste.de\/wp-content\/uploads\/2016\/02\/20160404-DSC_8462-768x512.jpg 768w, https:\/\/kerste.de\/wp-content\/uploads\/2016\/02\/20160404-DSC_8462.jpg 1024w\" sizes=\"auto, (max-width: 300px) 100vw, 300px\" \/><\/a><p id=\"caption-attachment-4918\" class=\"wp-caption-text\">Ruhige See in der Stad<\/p><\/div>\n<p>Der erste richtige Reisetag ist immer erst einmal ein Information Overkill: Jeder wird mit allen wichtigen Informationen zugesch\u00fcttet in der Hoffnung, das etwas h\u00e4ngen bleibt. Da machen wir nat\u00fcrlich auch mit: Um 10:00 Uhr ist die Begr\u00fc\u00dfungsveranstaltung f\u00fcr unsere Gruppe. Diesmal gibt es einen kleinen Sektempfang, nachdem wir \u2013 die Reiseleiter Kari und Thomas sowie Hans und ich \u2013 uns im Amfi-Theater vorgestellt und die gestrigen Infos vom Schiffs-Tourguide erg\u00e4nzt haben. Damit f\u00e4llt der Hafen in Torvik zwar flach, aber das l\u00e4sst sich kaum vermeiden. Generell versuchen wir, unsere Veranstaltungen so zu legen, dass man m\u00f6glichst nichts wichtiges verpasst. Und wir haben ja noch rund 30 H\u00e4fen vor uns, da darf ein Gl\u00e4schen Sekt schon sein.<\/p>\n<div id=\"attachment_4920\" style=\"width: 310px\" class=\"wp-caption alignleft\"><a href=\"http:\/\/kerste.de\/?attachment_id=4920#main\"><img loading=\"lazy\" decoding=\"async\" aria-describedby=\"caption-attachment-4920\" class=\"wp-image-4920 size-medium\" src=\"https:\/\/kerste.de\/wp-content\/uploads\/2016\/02\/20160404-P1090488-300x201.jpg\" alt=\"Die neue alte Anlegestelle in \u00c5lesund\" width=\"300\" height=\"201\" srcset=\"https:\/\/kerste.de\/wp-content\/uploads\/2016\/02\/20160404-P1090488-300x201.jpg 300w, https:\/\/kerste.de\/wp-content\/uploads\/2016\/02\/20160404-P1090488-768x514.jpg 768w, https:\/\/kerste.de\/wp-content\/uploads\/2016\/02\/20160404-P1090488.jpg 1024w\" sizes=\"auto, (max-width: 300px) 100vw, 300px\" \/><\/a><p id=\"caption-attachment-4920\" class=\"wp-caption-text\">Die neue alte Anlegestelle in \u00c5lesund<\/p><\/div>\n<p>Dann geht&#8217;s hurtig weiter mit dem Mittagessen, schlie\u00dflich legen wir schon um 12:00 in \u00c5lesund an. Das ist neu, das ist anders: Wir legen auf der anderen Seite der Stadt an, nicht mehr am Cruisekay. Hier hatten die Hurtigrutenschiffe vor einigen Jahren angelegt, bevor ein Prachtbau neu entstand. Im Augenblick ist die Anlegestelle provisorisch, weil \u00fcber die Miete gestritten wird. Aber sie liegt nicht wesentlich ung\u00fcnstiger als die Anlegestelle f\u00fcr die Kreuzfahrtschiffe; der Weg zum Aksla ist \u00e4hnlich lang.<\/p>\n<p>So lerne ich auch einmal die andere Seite vom Hafenbecken kennen, aber der Fu\u00dfweg bis zur alten Anlegestelle ist nicht weit. Dort zieht es mich hin; auf dem Hausberg Aksla war ich diesen Winter schon oft genug. Ich will lieber sehen, wie weit das Projekt Banksk\u00f8ta 2015 ist, das an dem Kai eines der alten Fischerboote neu baut. Es macht Fortschritte: Der Rumpf wird gerade gestrichen.<\/p>\n<p>Anschlie\u00dfend geht es auf neuen Pfaden weiter um das Hafenbecken, zu den alten H\u00e4usern unterhalb der schloss\u00e4hnlichen Schule. Ein paar H\u00e4user haben hier Stadtbrand und Wiederaufbau \u00fcberlebt. Am Fischereimuseum vorbei bietet sich noch ein Abstecher zu dem kleinen Leuchtturm an, bevor es auch schon wieder langsam Zeit f\u00fcr den R\u00fcckweg ist.<\/p>\n\n\t\t<style type=\"text\/css\">\n\t\t\t#gallery-1 {\n\t\t\t\tmargin: auto;\n\t\t\t}\n\t\t\t#gallery-1 .gallery-item {\n\t\t\t\tfloat: left;\n\t\t\t\tmargin-top: 10px;\n\t\t\t\ttext-align: center;\n\t\t\t\twidth: 25%;\n\t\t\t}\n\t\t\t#gallery-1 img {\n\t\t\t\tborder: 2px solid #cfcfcf;\n\t\t\t}\n\t\t\t#gallery-1 .gallery-caption {\n\t\t\t\tmargin-left: 0;\n\t\t\t}\n\t\t\t\/* see gallery_shortcode() in wp-includes\/media.php *\/\n\t\t<\/style>\n\t\t<div id='gallery-1' class='gallery galleryid-4954 gallery-columns-4 gallery-size-thumbnail'><dl class='gallery-item'>\n\t\t\t<dt class='gallery-icon landscape'>\n\t\t\t\t<a href='https:\/\/kerste.de\/?attachment_id=4921#main'><img loading=\"lazy\" decoding=\"async\" width=\"150\" height=\"150\" src=\"https:\/\/kerste.de\/wp-content\/uploads\/2016\/02\/20160404-P1090492-150x150.jpg\" class=\"attachment-thumbnail size-thumbnail\" alt=\"\" aria-describedby=\"gallery-1-4921\" \/><\/a>\n\t\t\t<\/dt>\n\t\t\t\t<dd class='wp-caption-text gallery-caption' id='gallery-1-4921'>\n\t\t\t\tAn der Abzweigung zum Aksla\n\t\t\t\t<\/dd><\/dl><dl class='gallery-item'>\n\t\t\t<dt class='gallery-icon landscape'>\n\t\t\t\t<a href='https:\/\/kerste.de\/?attachment_id=4924#main'><img loading=\"lazy\" decoding=\"async\" width=\"150\" height=\"150\" src=\"https:\/\/kerste.de\/wp-content\/uploads\/2016\/02\/20160404-P1090497-150x150.jpg\" class=\"attachment-thumbnail size-thumbnail\" alt=\"\" \/><\/a>\n\t\t\t<\/dt><\/dl><dl class='gallery-item'>\n\t\t\t<dt class='gallery-icon landscape'>\n\t\t\t\t<a href='https:\/\/kerste.de\/?attachment_id=4923#main'><img loading=\"lazy\" decoding=\"async\" width=\"150\" height=\"150\" src=\"https:\/\/kerste.de\/wp-content\/uploads\/2016\/02\/20160404-P1090494-150x150.jpg\" class=\"attachment-thumbnail size-thumbnail\" alt=\"\" aria-describedby=\"gallery-1-4923\" \/><\/a>\n\t\t\t<\/dt>\n\t\t\t\t<dd class='wp-caption-text gallery-caption' id='gallery-1-4923'>\n\t\t\t\tDer Troll am Souvenirshop h\u00e4lt wie immer Wache\n\t\t\t\t<\/dd><\/dl><dl class='gallery-item'>\n\t\t\t<dt class='gallery-icon landscape'>\n\t\t\t\t<a href='https:\/\/kerste.de\/?attachment_id=4926#main'><img loading=\"lazy\" decoding=\"async\" width=\"150\" height=\"150\" src=\"https:\/\/kerste.de\/wp-content\/uploads\/2016\/02\/20160404-P1090499-150x150.jpg\" class=\"attachment-thumbnail size-thumbnail\" alt=\"\" aria-describedby=\"gallery-1-4926\" \/><\/a>\n\t\t\t<\/dt>\n\t\t\t\t<dd class='wp-caption-text gallery-caption' id='gallery-1-4926'>\n\t\t\t\tDie Banksk\u00f8ta nimmt Formen an\n\t\t\t\t<\/dd><\/dl><br style=\"clear: both\" \/><dl class='gallery-item'>\n\t\t\t<dt class='gallery-icon landscape'>\n\t\t\t\t<a href='https:\/\/kerste.de\/?attachment_id=4930#main'><img loading=\"lazy\" decoding=\"async\" width=\"150\" height=\"150\" src=\"https:\/\/kerste.de\/wp-content\/uploads\/2016\/02\/20160404-P1090517-150x150.jpg\" class=\"attachment-thumbnail size-thumbnail\" alt=\"\" \/><\/a>\n\t\t\t<\/dt><\/dl><dl class='gallery-item'>\n\t\t\t<dt class='gallery-icon landscape'>\n\t\t\t\t<a href='https:\/\/kerste.de\/?attachment_id=4933#main'><img loading=\"lazy\" decoding=\"async\" width=\"150\" height=\"150\" src=\"https:\/\/kerste.de\/wp-content\/uploads\/2016\/02\/20160404-P1090524-150x150.jpg\" class=\"attachment-thumbnail size-thumbnail\" alt=\"\" aria-describedby=\"gallery-1-4933\" \/><\/a>\n\t\t\t<\/dt>\n\t\t\t\t<dd class='wp-caption-text gallery-caption' id='gallery-1-4933'>\n\t\t\t\tEs muss nicht immer Jugendstil sein\n\t\t\t\t<\/dd><\/dl><dl class='gallery-item'>\n\t\t\t<dt class='gallery-icon portrait'>\n\t\t\t\t<a href='https:\/\/kerste.de\/?attachment_id=4934#main'><img loading=\"lazy\" decoding=\"async\" width=\"150\" height=\"150\" src=\"https:\/\/kerste.de\/wp-content\/uploads\/2016\/02\/20160404-P1090529-150x150.jpg\" class=\"attachment-thumbnail size-thumbnail\" alt=\"\" \/><\/a>\n\t\t\t<\/dt><\/dl><dl class='gallery-item'>\n\t\t\t<dt class='gallery-icon landscape'>\n\t\t\t\t<a href='https:\/\/kerste.de\/?attachment_id=4936#main'><img loading=\"lazy\" decoding=\"async\" width=\"150\" height=\"150\" src=\"https:\/\/kerste.de\/wp-content\/uploads\/2016\/02\/20160404-P1090542-150x150.jpg\" class=\"attachment-thumbnail size-thumbnail\" alt=\"\" \/><\/a>\n\t\t\t<\/dt><\/dl><br style=\"clear: both\" \/>\n\t\t<\/div>\n\n<p>W\u00e4hrend wir dann nordw\u00e4rts fahren, wird das Wetter zusehends besser: Klarer, blauer Himmel und zweistellige Temperaturen. Plus, versteht sich, nicht Minus. Am Bug bin ich alleine, aber das Sonnendeck wird gut genutzt. Recht so, schlie\u00dflich stellt man sich so Norwegen vor: Einfach traumhaft. Die Pr\u00e4sentation der Ausfl\u00fcge durch das Schiff schenke ich mir da nat\u00fcrlich.<\/p>\n\n\t\t<style type=\"text\/css\">\n\t\t\t#gallery-2 {\n\t\t\t\tmargin: auto;\n\t\t\t}\n\t\t\t#gallery-2 .gallery-item {\n\t\t\t\tfloat: left;\n\t\t\t\tmargin-top: 10px;\n\t\t\t\ttext-align: center;\n\t\t\t\twidth: 33%;\n\t\t\t}\n\t\t\t#gallery-2 img {\n\t\t\t\tborder: 2px solid #cfcfcf;\n\t\t\t}\n\t\t\t#gallery-2 .gallery-caption {\n\t\t\t\tmargin-left: 0;\n\t\t\t}\n\t\t\t\/* see gallery_shortcode() in wp-includes\/media.php *\/\n\t\t<\/style>\n\t\t<div id='gallery-2' class='gallery galleryid-4954 gallery-columns-3 gallery-size-thumbnail'><dl class='gallery-item'>\n\t\t\t<dt class='gallery-icon landscape'>\n\t\t\t\t<a href='https:\/\/kerste.de\/?attachment_id=4957#main'><img loading=\"lazy\" decoding=\"async\" width=\"150\" height=\"150\" src=\"https:\/\/kerste.de\/wp-content\/uploads\/2016\/02\/20160404-DSC_8468-150x150.jpg\" class=\"attachment-thumbnail size-thumbnail\" alt=\"\" aria-describedby=\"gallery-2-4957\" \/><\/a>\n\t\t\t<\/dt>\n\t\t\t\t<dd class='wp-caption-text gallery-caption' id='gallery-2-4957'>\n\t\t\t\tAm Bug ist Ruhe\n\t\t\t\t<\/dd><\/dl><dl class='gallery-item'>\n\t\t\t<dt class='gallery-icon landscape'>\n\t\t\t\t<a href='https:\/\/kerste.de\/?attachment_id=4959#main'><img loading=\"lazy\" decoding=\"async\" width=\"150\" height=\"150\" src=\"https:\/\/kerste.de\/wp-content\/uploads\/2016\/02\/20160404-DSC_8477-150x150.jpg\" class=\"attachment-thumbnail size-thumbnail\" alt=\"\" \/><\/a>\n\t\t\t<\/dt><\/dl><dl class='gallery-item'>\n\t\t\t<dt class='gallery-icon landscape'>\n\t\t\t\t<a href='https:\/\/kerste.de\/?attachment_id=4963#main'><img loading=\"lazy\" decoding=\"async\" width=\"150\" height=\"150\" src=\"https:\/\/kerste.de\/wp-content\/uploads\/2016\/02\/20160404-DSC_8497-150x150.jpg\" class=\"attachment-thumbnail size-thumbnail\" alt=\"\" aria-describedby=\"gallery-2-4963\" \/><\/a>\n\t\t\t<\/dt>\n\t\t\t\t<dd class='wp-caption-text gallery-caption' id='gallery-2-4963'>\n\t\t\t\tF\u00e4hren-Treffen vor Molde\n\t\t\t\t<\/dd><\/dl><br style=\"clear: both\" \/><dl class='gallery-item'>\n\t\t\t<dt class='gallery-icon landscape'>\n\t\t\t\t<a href='https:\/\/kerste.de\/?attachment_id=4964#main'><img loading=\"lazy\" decoding=\"async\" width=\"150\" height=\"150\" src=\"https:\/\/kerste.de\/wp-content\/uploads\/2016\/02\/20160404-DSC_8513-150x150.jpg\" class=\"attachment-thumbnail size-thumbnail\" alt=\"\" aria-describedby=\"gallery-2-4964\" \/><\/a>\n\t\t\t<\/dt>\n\t\t\t\t<dd class='wp-caption-text gallery-caption' id='gallery-2-4964'>\n\t\t\t\tMolde bei Tag. Ungewohnt.\n\t\t\t\t<\/dd><\/dl><dl class='gallery-item'>\n\t\t\t<dt class='gallery-icon portrait'>\n\t\t\t\t<a href='https:\/\/kerste.de\/?attachment_id=4965#main'><img loading=\"lazy\" decoding=\"async\" width=\"150\" height=\"150\" src=\"https:\/\/kerste.de\/wp-content\/uploads\/2016\/02\/20160404-DSC_8516-150x150.jpg\" class=\"attachment-thumbnail size-thumbnail\" alt=\"\" aria-describedby=\"gallery-2-4965\" \/><\/a>\n\t\t\t<\/dt>\n\t\t\t\t<dd class='wp-caption-text gallery-caption' id='gallery-2-4965'>\n\t\t\t\tDas Scandic-Hotel\n\t\t\t\t<\/dd><\/dl><dl class='gallery-item'>\n\t\t\t<dt class='gallery-icon landscape'>\n\t\t\t\t<a href='https:\/\/kerste.de\/?attachment_id=4968#main'><img loading=\"lazy\" decoding=\"async\" width=\"150\" height=\"150\" src=\"https:\/\/kerste.de\/wp-content\/uploads\/2016\/02\/20160404-DSC_8539-150x150.jpg\" class=\"attachment-thumbnail size-thumbnail\" alt=\"\" aria-describedby=\"gallery-2-4968\" \/><\/a>\n\t\t\t<\/dt>\n\t\t\t\t<dd class='wp-caption-text gallery-caption' id='gallery-2-4968'>\n\t\t\t\tDie Kirche von Molde.\n\t\t\t\t<\/dd><\/dl><br style=\"clear: both\" \/>\n\t\t<\/div>\n\n<p>Richtig ungewohnt ist es, bei deutlichen Plusgraden und Sonnenschein auf Molde zuzusteuern. Die Stadt kenne ich nur bei Dunkelheit; jetzt sticht das Scandic-Hotel richtig heraus. Das bedeutet nat\u00fcrlich auch, dass das Abendessen bei Tag stattfindet. Gar nicht so schlecht: So kann es schon einmal nicht wegen Polarlicht ausfallen. Trotzdem gibt es eine Nordlys-Durchsage: Wir begegnen der MS Nordlys. Verwirrung macht sich breit, da wir ihr eigentlich morgen Abend in R\u00f8rvik begegnen sollten, f\u00fcr heute stand die Gamle Dame MS Lofoten auf dem Programm. Letztes Mal hatte ich f\u00fcr die ja sogar die verh\u00fcllten Bauernt\u00f6chter stehen lassen, die wir zum Nachtisch vernaschen durften. (Wenn man die Speisekarte nicht kennt, klingt das vielleicht etwas seltsam&#8230;) Aber diesmal ist es eindeutig die Nordlys; sowohl Marinetraffic als auch der Blick aus dem Fenster sind sich einig. Die Lofoten liegt schon in Bergen&#8230;<\/p>\n<p><a href=\"http:\/\/kerste.de\/?attachment_id=4969#main\"><img loading=\"lazy\" decoding=\"async\" class=\"alignleft wp-image-4969 size-medium\" src=\"https:\/\/kerste.de\/wp-content\/uploads\/2016\/02\/20160404-DSC_8545-300x200.jpg\" alt=\"20160404-DSC_8545\" width=\"300\" height=\"200\" srcset=\"https:\/\/kerste.de\/wp-content\/uploads\/2016\/02\/20160404-DSC_8545-300x200.jpg 300w, https:\/\/kerste.de\/wp-content\/uploads\/2016\/02\/20160404-DSC_8545-768x512.jpg 768w, https:\/\/kerste.de\/wp-content\/uploads\/2016\/02\/20160404-DSC_8545.jpg 1024w\" sizes=\"auto, (max-width: 300px) 100vw, 300px\" \/><\/a>Zum Sonnenuntergang findet dann der erste Vortrag statt: Hans und ich berichten von Atmosph\u00e4rischen Ph\u00e4nomen und Polarlichtern, anschlie\u00dfend gebe ich Fototipps und empfehle die letzten Fotol\u00e4den auf der Route, morgen in Trondheim und sp\u00e4ter in Bod\u00f8. Wir \u00fcberziehen etwas, aber die Fototipps sind Bonusprogramm, das nicht jeder mit anh\u00f6ren muss. W\u00e4hrend des Vortrags \u00fcberqueren wir die Hustadvika, aber das Wetter ist uns gn\u00e4dig \u2013 es schaukelt kaum.<\/p>\n<p>Der Abend sieht ruhig aus: Es ist zwar klar und windig, aber noch kein Polarlicht zu sehen. Gegen 23:00, nachdem wir Kristiansund hinter uns gelassen haben, ist da ein omin\u00f6ser Grauschimmer am Himmel&#8230;<\/p>\n<div id=\"attachment_4939\" style=\"width: 310px\" class=\"wp-caption alignright\"><a href=\"http:\/\/kerste.de\/?attachment_id=4939#main\"><img loading=\"lazy\" decoding=\"async\" aria-describedby=\"caption-attachment-4939\" class=\"wp-image-4939 size-medium\" src=\"https:\/\/kerste.de\/wp-content\/uploads\/2016\/02\/20160404-DSC_8576-300x200.jpg\" alt=\"First Light!\" width=\"300\" height=\"200\" srcset=\"https:\/\/kerste.de\/wp-content\/uploads\/2016\/02\/20160404-DSC_8576-300x200.jpg 300w, https:\/\/kerste.de\/wp-content\/uploads\/2016\/02\/20160404-DSC_8576-768x512.jpg 768w, https:\/\/kerste.de\/wp-content\/uploads\/2016\/02\/20160404-DSC_8576.jpg 1024w\" sizes=\"auto, (max-width: 300px) 100vw, 300px\" \/><\/a><p id=\"caption-attachment-4939\" class=\"wp-caption-text\">First Light!<\/p><\/div>\n<p>Die Kamera gibt mir gr\u00fcnes Licht, also ab zur Rezension und Alarm geben. Ein kurzes Telefonat von der Rezeption zur Br\u00fccke \u2013 der Kapit\u00e4n meint, dass das Stadtlicht w\u00e4re. Ich deute auf meine Kamera, und als &#8220;Group Leader Astronomy Tour&#8221; kann ich doch zu einer Durchsage \u00fcberreden. Vi har lite lys, wir haben immerhin etwas Licht: Gut eine Stunde lang beobachten wir den Schimmer am Horizont, nur die gro\u00dfe Show gibt es noch nicht. Trotzdem schon mal sch\u00f6n. Um halb eins packen dann auch Hans und ich zusammen, die Bilder durchsehen und etwas Schlaf f\u00fcr morgen sammeln, wenn Trondheim auf dem Plan steht.<\/p>\n<p>&nbsp;<\/p>\n<blockquote class=\"twitter-tweet\" data-lang=\"de\">\n<p dir=\"ltr\" lang=\"de\">Das Polarlicht von gestern Abend. Mal sehen, ob das Wetter mitspielt und was noch kommt. <a href=\"https:\/\/t.co\/6WuahwcbWM\">pic.twitter.com\/6WuahwcbWM<\/a><\/p>\n<p>\u2014 Alexander Kerste (@AlexKerste) <a href=\"https:\/\/twitter.com\/AlexKerste\/status\/717290816704786434\">5. April 2016<\/a><\/p><\/blockquote>\n<p><script src=\"\/\/platform.twitter.com\/widgets.js\" async=\"\" charset=\"utf-8\"><\/script><\/p>\n<div class=\"shariff shariff-align-left shariff-widget-align-left\"><ul class=\"shariff-buttons theme-white orientation-horizontal buttonsize-small\"><li class=\"shariff-button twitter shariff-nocustomcolor\" style=\"background-color:#595959\"><a href=\"https:\/\/twitter.com\/share?url=https%3A%2F%2Fkerste.de%2F%3Fp%3D4954&text=Tag%202%3A%20%C3%85lesund%20und%20First%20Light\" title=\"Bei X teilen\" aria-label=\"Bei X teilen\" role=\"button\" rel=\"noopener nofollow\" class=\"shariff-link\" style=\"; background-color:#000; color:#000\" target=\"_blank\"><span class=\"shariff-icon\" style=\"fill:#000\"><svg width=\"32px\" height=\"20px\" xmlns=\"http:\/\/www.w3.org\/2000\/svg\" viewBox=\"0 0 24 24\"><path fill=\"#000\" d=\"M14.258 10.152L23.176 0h-2.113l-7.747 8.813L7.133 0H0l9.352 13.328L0 23.973h2.113l8.176-9.309 6.531 9.309h7.133zm-2.895 3.293l-.949-1.328L2.875 1.56h3.246l6.086 8.523.945 1.328 7.91 11.078h-3.246zm0 0\"\/><\/svg><\/span><span class=\"shariff-text\" style=\"color:#000\">teilen<\/span>&nbsp;<\/a><\/li><li class=\"shariff-button facebook shariff-nocustomcolor\" style=\"background-color:#4273c8\"><a href=\"https:\/\/www.facebook.com\/sharer\/sharer.php?u=https%3A%2F%2Fkerste.de%2F%3Fp%3D4954\" title=\"Bei Facebook teilen\" aria-label=\"Bei Facebook teilen\" role=\"button\" rel=\"nofollow\" class=\"shariff-link\" style=\"; background-color:#3b5998; color:#3b5998\" target=\"_blank\"><span class=\"shariff-icon\" style=\"fill:#3b5998\"><svg width=\"32px\" height=\"20px\" xmlns=\"http:\/\/www.w3.org\/2000\/svg\" viewBox=\"0 0 18 32\"><path fill=\"#3b5998\" d=\"M17.1 0.2v4.7h-2.8q-1.5 0-2.1 0.6t-0.5 1.9v3.4h5.2l-0.7 5.3h-4.5v13.6h-5.5v-13.6h-4.5v-5.3h4.5v-3.9q0-3.3 1.9-5.2t5-1.8q2.6 0 4.1 0.2z\"\/><\/svg><\/span><span class=\"shariff-text\" style=\"color:#3b5998\">teilen<\/span>&nbsp;<\/a><\/li><li class=\"shariff-button tumblr shariff-nocustomcolor\" style=\"background-color:#529ecc\"><a href=\"https:\/\/www.tumblr.com\/widgets\/share\/tool?posttype=link&canonicalUrl=https%3A%2F%2Fkerste.de%2F%3Fp%3D4954&tags=kerste.de\" title=\"Bei tumblr teilen\" aria-label=\"Bei tumblr teilen\" role=\"button\" rel=\"noopener nofollow\" class=\"shariff-link\" style=\"; background-color:#36465d; color:#36465d\" target=\"_blank\"><span class=\"shariff-icon\" style=\"fill:#36465d\"><svg width=\"32px\" height=\"20px\" xmlns=\"http:\/\/www.w3.org\/2000\/svg\" viewBox=\"0 0 32 32\"><path fill=\"#36465d\" d=\"M18 14l0 7.3c0 1.9 0 2.9 0.2 3.5 0.2 0.5 0.7 1.1 1.2 1.4 0.7 0.4 1.5 0.6 2.4 0.6 1.6 0 2.6-0.2 4.2-1.3v4.8c-1.4 0.6-2.6 1-3.7 1.3-1.1 0.3-2.3 0.4-3.6 0.4-1.5 0-2.3-0.2-3.4-0.6-1.1-0.4-2.1-0.9-2.9-1.6-0.8-0.7-1.3-1.4-1.7-2.2s-0.5-1.9-0.5-3.4v-11.2h-4.3v-4.5c1.3-0.4 2.7-1 3.6-1.8 0.9-0.8 1.6-1.7 2.2-2.7 0.5-1.1 0.9-2.4 1.1-4.1h5.2l0 8h8v6h-8z\"\/><\/svg><\/span><span class=\"shariff-text\" style=\"color:#36465d\">teilen<\/span>&nbsp;<\/a><\/li><li class=\"shariff-button info shariff-nocustomcolor\" style=\"background-color:#a8a8a8\"><a href=\"http:\/\/ct.de\/-2467514\" title=\"Weitere Informationen\" aria-label=\"Weitere Informationen\" role=\"button\" rel=\"noopener \" class=\"shariff-link\" style=\"; background-color:#999; color:#999\" target=\"_blank\"><span class=\"shariff-icon\" style=\"fill:#999\"><svg width=\"32px\" height=\"20px\" xmlns=\"http:\/\/www.w3.org\/2000\/svg\" viewBox=\"0 0 11 32\"><path fill=\"#999\" d=\"M11.4 24v2.3q0 0.5-0.3 0.8t-0.8 0.4h-9.1q-0.5 0-0.8-0.4t-0.4-0.8v-2.3q0-0.5 0.4-0.8t0.8-0.4h1.1v-6.8h-1.1q-0.5 0-0.8-0.4t-0.4-0.8v-2.3q0-0.5 0.4-0.8t0.8-0.4h6.8q0.5 0 0.8 0.4t0.4 0.8v10.3h1.1q0.5 0 0.8 0.4t0.3 0.8zM9.2 3.4v3.4q0 0.5-0.4 0.8t-0.8 0.4h-4.6q-0.4 0-0.8-0.4t-0.4-0.8v-3.4q0-0.4 0.4-0.8t0.8-0.4h4.6q0.5 0 0.8 0.4t0.4 0.8z\"\/><\/svg><\/span><\/a><\/li><\/ul><\/div>","protected":false},"excerpt":{"rendered":"<p>Die erste Nacht auf See, und das nur wenige Meter von meiner alten Kabine entfernt \u2013 und noch etwas ist gleich wie auf der letzten Fahrt: Das Westkap und die Stadhavet sind sehr ruhig, die erste Strecke \u00fcber das offene Meer ist wieder mal ein Ententeich. Damit entf\u00e4llt nat\u00fcrlich die morgendliche Unterhaltung, wenn alle rund [&hellip;]<\/p>\n","protected":false},"author":1,"featured_media":0,"comment_status":"closed","ping_status":"closed","sticky":false,"template":"","format":"standard","meta":{"footnotes":""},"categories":[319],"tags":[63,321],"class_list":["post-4954","post","type-post","status-publish","format-standard","hentry","category-hurtigruten-2016-grp105","tag-alesund","tag-bankskota"],"_links":{"self":[{"href":"https:\/\/kerste.de\/index.php?rest_route=\/wp\/v2\/posts\/4954","targetHints":{"allow":["GET"]}}],"collection":[{"href":"https:\/\/kerste.de\/index.php?rest_route=\/wp\/v2\/posts"}],"about":[{"href":"https:\/\/kerste.de\/index.php?rest_route=\/wp\/v2\/types\/post"}],"author":[{"embeddable":true,"href":"https:\/\/kerste.de\/index.php?rest_route=\/wp\/v2\/users\/1"}],"replies":[{"embeddable":true,"href":"https:\/\/kerste.de\/index.php?rest_route=%2Fwp%2Fv2%2Fcomments&post=4954"}],"version-history":[{"count":6,"href":"https:\/\/kerste.de\/index.php?rest_route=\/wp\/v2\/posts\/4954\/revisions"}],"predecessor-version":[{"id":5832,"href":"https:\/\/kerste.de\/index.php?rest_route=\/wp\/v2\/posts\/4954\/revisions\/5832"}],"wp:attachment":[{"href":"https:\/\/kerste.de\/index.php?rest_route=%2Fwp%2Fv2%2Fmedia&parent=4954"}],"wp:term":[{"taxonomy":"category","embeddable":true,"href":"https:\/\/kerste.de\/index.php?rest_route=%2Fwp%2Fv2%2Fcategories&post=4954"},{"taxonomy":"post_tag","embeddable":true,"href":"https:\/\/kerste.de\/index.php?rest_route=%2Fwp%2Fv2%2Ftags&post=4954"}],"curies":[{"name":"wp","href":"https:\/\/api.w.org\/{rel}","templated":true}]}}