{"id":4689,"date":"2016-02-15T13:58:41","date_gmt":"2016-02-15T11:58:41","guid":{"rendered":"http:\/\/kerste.de\/?p=4689"},"modified":"2016-02-15T13:58:41","modified_gmt":"2016-02-15T11:58:41","slug":"tag-9-vesteralen-und-lofoten","status":"publish","type":"post","link":"https:\/\/kerste.de\/?p=4689","title":{"rendered":"Tag 9: Vester\u00e5len und Lofoten"},"content":{"rendered":"<div id=\"attachment_4628\" style=\"width: 310px\" class=\"wp-caption alignright\"><a href=\"http:\/\/kerste.de\/wp-content\/uploads\/2015\/12\/20160214-DSC_6876.jpg\" rel=\"attachment wp-att-4628\"><img loading=\"lazy\" decoding=\"async\" aria-describedby=\"caption-attachment-4628\" class=\"size-medium wp-image-4628\" src=\"https:\/\/kerste.de\/wp-content\/uploads\/2015\/12\/20160214-DSC_6876-300x200.jpg\" alt=\"Die Ris\u00f8yrenna\" width=\"300\" height=\"200\" srcset=\"https:\/\/kerste.de\/wp-content\/uploads\/2015\/12\/20160214-DSC_6876-300x200.jpg 300w, https:\/\/kerste.de\/wp-content\/uploads\/2015\/12\/20160214-DSC_6876-768x512.jpg 768w, https:\/\/kerste.de\/wp-content\/uploads\/2015\/12\/20160214-DSC_6876.jpg 1024w\" sizes=\"auto, (max-width: 300px) 100vw, 300px\" \/><\/a><p id=\"caption-attachment-4628\" class=\"wp-caption-text\">Die Ris\u00f8yrenna<\/p><\/div>\n<p>Eigentlich w\u00e4re es sch\u00f6n, einmal die Trondenes-Kirche in Harstad vom Schiff aus zu fotografieren. Aber morgens um acht ist das Licht im Februar noch nicht so sch\u00f6n, und am Tag nach Troms\u00f8 ist die Nacht ohnehin viel zu kurz, und Fr\u00fchst\u00fcck wird auch \u00fcberbewertet&#8230; Langer Rede kurzer Sinn: W\u00e4hrend die Teilnehmer der Vester\u00e5len-Bustour p\u00fcnktlich von Bord gehen, bekomme ich von Harstad nicht viel mit. Mein erstes Fotomotiv ist die Ris\u00f8yrinne mit ihren unz\u00e4hligen Kormoranen um kurz nach zehn. Die 4,5 km lange Fahrtrinne ist eigentlich unspektakul\u00e4r, die Landschaft rund herum macht mehr her \u2013 von der Rinne sieht man nun einmal nur die Markierungen; dass sie nur sieben Meter tief ist, ist von oben nicht zu erkennen. Die Trollfjord hat 5,1 Meter Tiefgang; damit die neuen Schiffe (Trollfjord, Midnatsol, Finnmarken) auch bei Ebbe in die Ris\u00f8yrenna passt, musste sie extra ausgebaggert werden.<\/p>\n<div id=\"attachment_4632\" style=\"width: 310px\" class=\"wp-caption alignleft\"><a href=\"http:\/\/kerste.de\/wp-content\/uploads\/2015\/12\/20160214-DSC_6904.jpg\" rel=\"attachment wp-att-4632\"><img loading=\"lazy\" decoding=\"async\" aria-describedby=\"caption-attachment-4632\" class=\"wp-image-4632 size-medium\" src=\"https:\/\/kerste.de\/wp-content\/uploads\/2015\/12\/20160214-DSC_6904-300x200.jpg\" alt=\"Ris\u00f8yhamn\" width=\"300\" height=\"200\" srcset=\"https:\/\/kerste.de\/wp-content\/uploads\/2015\/12\/20160214-DSC_6904-300x200.jpg 300w, https:\/\/kerste.de\/wp-content\/uploads\/2015\/12\/20160214-DSC_6904-768x512.jpg 768w, https:\/\/kerste.de\/wp-content\/uploads\/2015\/12\/20160214-DSC_6904.jpg 1024w\" sizes=\"auto, (max-width: 300px) 100vw, 300px\" \/><\/a><p id=\"caption-attachment-4632\" class=\"wp-caption-text\">Ris\u00f8yhamn; rechts ist die Treppe zum K\u00f6nigsstein im Schnee zu erkennen.<\/p><\/div>\n<p>In Ris\u00f8yhamn wollte ich eigentlich kurz zum K\u00f6nigsstein spurten, aber als mir einfiel, dass das dieser Hafen ist, legen wir fast schon wieder ab. So bleibt es bei einem Bild mit dem Teleobjektiv vom Schiff aus.<\/p>\n<p>Der n\u00e4chste Halt ist dann Sortland. Wie immer werden wir unter der Br\u00fccke hindurch fahren, w\u00e4hrend die Busse mit den Ausfl\u00fcglern auf der Br\u00fccke entlang fahren, aber es bleibt noch genug Zeit f\u00fcr das Mittagessen. W\u00e4hrend wir anschlie\u00dfend in der Reiseleiterecke bei der Sprechstunde sitzen, kommt die Durchsage, dass wir <em>jetzt<\/em> unter der Br\u00fccke durchfahren.<\/p>\n<div id=\"attachment_4693\" style=\"width: 310px\" class=\"wp-caption alignright\"><a href=\"http:\/\/kerste.de\/wp-content\/uploads\/2016\/02\/Sortland-Bruecke.jpg\" rel=\"attachment wp-att-4693\"><img loading=\"lazy\" decoding=\"async\" aria-describedby=\"caption-attachment-4693\" class=\"size-medium wp-image-4693\" src=\"https:\/\/kerste.de\/wp-content\/uploads\/2016\/02\/Sortland-Bruecke-300x225.jpg\" alt=\"Die Ausflugsbusse\" width=\"300\" height=\"225\" srcset=\"https:\/\/kerste.de\/wp-content\/uploads\/2016\/02\/Sortland-Bruecke-300x225.jpg 300w, https:\/\/kerste.de\/wp-content\/uploads\/2016\/02\/Sortland-Bruecke-768x576.jpg 768w, https:\/\/kerste.de\/wp-content\/uploads\/2016\/02\/Sortland-Bruecke.jpg 1024w\" sizes=\"auto, (max-width: 300px) 100vw, 300px\" \/><\/a><p id=\"caption-attachment-4693\" class=\"wp-caption-text\">Die Ausflugsbusse<\/p><\/div>\n<p>Sehr hilfreich; f\u00fcr mehr als ein Handy-Bild durch die Scheibe langt es bei dieser kurzen Vorwarnzeit nicht. Da gab es schon deutlich mehr Action an Bord, wenn den Bussen mit Norwegerfahnen und Bettlaken zugewunken wird \u2013 auf dieser Fahrt bleibt das Event eher eine Randnotiz.<\/p>\n<p>In Sortland mache ich nur ein paar Fotos, ohne vom Schiff zu gehen \u2013 die Reiseleiterecke wird doch ganz gut frequentiert. Anschlie\u00dfend wird noch etwas gearbeitet, schlie\u00dflich schreibt das Blog sich auch nicht von selbst. Aber wer kann auf dieser Reise schon st\u00e4ndig am Laptop sitzen \u2013 irgendwann kommt die Sonne zwischen den Wolken hervor und lockt alle Fotografen ins Freie.<\/p>\n<div id=\"attachment_4635\" style=\"width: 310px\" class=\"wp-caption alignleft\"><a href=\"http:\/\/kerste.de\/wp-content\/uploads\/2015\/12\/20160214-DSC_6910.jpg\" rel=\"attachment wp-att-4635\"><img loading=\"lazy\" decoding=\"async\" aria-describedby=\"caption-attachment-4635\" class=\"size-medium wp-image-4635\" src=\"https:\/\/kerste.de\/wp-content\/uploads\/2015\/12\/20160214-DSC_6910-300x200.jpg\" alt=\"Endlich Sonne!\" width=\"300\" height=\"200\" srcset=\"https:\/\/kerste.de\/wp-content\/uploads\/2015\/12\/20160214-DSC_6910-300x200.jpg 300w, https:\/\/kerste.de\/wp-content\/uploads\/2015\/12\/20160214-DSC_6910-768x512.jpg 768w, https:\/\/kerste.de\/wp-content\/uploads\/2015\/12\/20160214-DSC_6910.jpg 1024w\" sizes=\"auto, (max-width: 300px) 100vw, 300px\" \/><\/a><p id=\"caption-attachment-4635\" class=\"wp-caption-text\">Endlich Sonne!<\/p><\/div>\n<p>Bis Stokmarknes wird das Wetter immer besser, und es lohnt sich nicht, noch einmal die Kabine zu gehen. Stokmarknes war die Heimat von Richard With, dem Gr\u00fcnder der Hurtigrute, und beherbergt heute das Hurtigrutenmuseum. Mit der aktuellen Hurtigrutenreederei hat es aber nichts zu tun, und seit dem letzten Eigent\u00fcmerwechsel von Hurtigruten ASA kostet das Museum auch f\u00fcr die Rundreisepassagiere immer wieder mal Eintritt. Seit 1. Januar wird es wieder einmal mit 50 NOK Eintritt versucht, daher gehen die meisten G\u00e4ste auch nicht in das Museum und auf die alte Finnmarken, sondern in den \u00fcberschaubaren Ort. Bis wir von Bord kommen, ist es auch schon wieder 14:30, sodass nur eine Dreiviertelstunde bleibt.<\/p>\n<p>Vor der Finnmarken steht an Land \u00fcbrigens ein unauff\u00e4lliger wei\u00dfer Container, in dem der Salon der ersten Finnmarken eingelagert ist \u2013 das Hinweisschild, das einst \u00fcber den Inhalt aufkl\u00e4rte, ist auch schon l\u00e4ngst verschwunden. Die Finnmarken selbst ist der Witterung ziemlich schutzlos ausgeliefert, aber <a href=\"http:\/\/www.blv.no\/hadsel\/hurtigruten\/kultur\/her-er-finnmarken\/s\/5-9-94109\" target=\"_blank\">ein Schutzbau ist in Planung<\/a>. Vielleicht klappt es einmal.<\/p>\n<p>Mein Ziel ist diesmal die gro\u00dfe Br\u00fccke, um von dort einmal einen Blick auf Stokmarknes und die alte Finnmarken zu werfen. Die Zeit langt gerade so f\u00fcr einen Fotostopp auf der Br\u00fccke, dann muss es auch schon wieder zur\u00fcck zum Schiff gehen.<\/p>\n\n\t\t<style type=\"text\/css\">\n\t\t\t#gallery-1 {\n\t\t\t\tmargin: auto;\n\t\t\t}\n\t\t\t#gallery-1 .gallery-item {\n\t\t\t\tfloat: left;\n\t\t\t\tmargin-top: 10px;\n\t\t\t\ttext-align: center;\n\t\t\t\twidth: 25%;\n\t\t\t}\n\t\t\t#gallery-1 img {\n\t\t\t\tborder: 2px solid #cfcfcf;\n\t\t\t}\n\t\t\t#gallery-1 .gallery-caption {\n\t\t\t\tmargin-left: 0;\n\t\t\t}\n\t\t\t\/* see gallery_shortcode() in wp-includes\/media.php *\/\n\t\t<\/style>\n\t\t<div id='gallery-1' class='gallery galleryid-4689 gallery-columns-4 gallery-size-thumbnail'><dl class='gallery-item'>\n\t\t\t<dt class='gallery-icon landscape'>\n\t\t\t\t<a href='https:\/\/kerste.de\/?attachment_id=4640#main'><img loading=\"lazy\" decoding=\"async\" width=\"150\" height=\"150\" src=\"https:\/\/kerste.de\/wp-content\/uploads\/2015\/12\/20160214-DSC_6928-150x150.jpg\" class=\"attachment-thumbnail size-thumbnail\" alt=\"\" aria-describedby=\"gallery-1-4640\" \/><\/a>\n\t\t\t<\/dt>\n\t\t\t\t<dd class='wp-caption-text gallery-caption' id='gallery-1-4640'>\n\t\t\t\tStokmarknes, im Vordergrund die alte Finnmarken\n\t\t\t\t<\/dd><\/dl><dl class='gallery-item'>\n\t\t\t<dt class='gallery-icon landscape'>\n\t\t\t\t<a href='https:\/\/kerste.de\/?attachment_id=4641#main'><img loading=\"lazy\" decoding=\"async\" width=\"150\" height=\"150\" src=\"https:\/\/kerste.de\/wp-content\/uploads\/2015\/12\/20160214-DSC_6933-150x150.jpg\" class=\"attachment-thumbnail size-thumbnail\" alt=\"\" aria-describedby=\"gallery-1-4641\" \/><\/a>\n\t\t\t<\/dt>\n\t\t\t\t<dd class='wp-caption-text gallery-caption' id='gallery-1-4641'>\n\t\t\t\tDie alte Finnmarken\n\t\t\t\t<\/dd><\/dl><dl class='gallery-item'>\n\t\t\t<dt class='gallery-icon landscape'>\n\t\t\t\t<a href='https:\/\/kerste.de\/?attachment_id=4643#main'><img loading=\"lazy\" decoding=\"async\" width=\"150\" height=\"150\" src=\"https:\/\/kerste.de\/wp-content\/uploads\/2015\/12\/20160214-DSC_6948-150x150.jpg\" class=\"attachment-thumbnail size-thumbnail\" alt=\"\" aria-describedby=\"gallery-1-4643\" \/><\/a>\n\t\t\t<\/dt>\n\t\t\t\t<dd class='wp-caption-text gallery-caption' id='gallery-1-4643'>\n\t\t\t\tDer Container mit dem alten Salon\n\t\t\t\t<\/dd><\/dl><dl class='gallery-item'>\n\t\t\t<dt class='gallery-icon landscape'>\n\t\t\t\t<a href='https:\/\/kerste.de\/?attachment_id=4645#main'><img loading=\"lazy\" decoding=\"async\" width=\"150\" height=\"150\" src=\"https:\/\/kerste.de\/wp-content\/uploads\/2015\/12\/20160214-DSC_6952-150x150.jpg\" class=\"attachment-thumbnail size-thumbnail\" alt=\"\" aria-describedby=\"gallery-1-4645\" \/><\/a>\n\t\t\t<\/dt>\n\t\t\t\t<dd class='wp-caption-text gallery-caption' id='gallery-1-4645'>\n\t\t\t\tHurtigrutenmuseum\n\t\t\t\t<\/dd><\/dl><br style=\"clear: both\" \/><dl class='gallery-item'>\n\t\t\t<dt class='gallery-icon landscape'>\n\t\t\t\t<a href='https:\/\/kerste.de\/?attachment_id=4650#main'><img loading=\"lazy\" decoding=\"async\" width=\"150\" height=\"150\" src=\"https:\/\/kerste.de\/wp-content\/uploads\/2015\/12\/20160214-DSC_6969-150x150.jpg\" class=\"attachment-thumbnail size-thumbnail\" alt=\"\" aria-describedby=\"gallery-1-4650\" \/><\/a>\n\t\t\t<\/dt>\n\t\t\t\t<dd class='wp-caption-text gallery-caption' id='gallery-1-4650'>\n\t\t\t\tBlick von der Br\u00fccke\n\t\t\t\t<\/dd><\/dl><dl class='gallery-item'>\n\t\t\t<dt class='gallery-icon landscape'>\n\t\t\t\t<a href='https:\/\/kerste.de\/?attachment_id=4647#main'><img loading=\"lazy\" decoding=\"async\" width=\"150\" height=\"150\" src=\"https:\/\/kerste.de\/wp-content\/uploads\/2015\/12\/20160214-DSC_6959-150x150.jpg\" class=\"attachment-thumbnail size-thumbnail\" alt=\"\" \/><\/a>\n\t\t\t<\/dt><\/dl><dl class='gallery-item'>\n\t\t\t<dt class='gallery-icon landscape'>\n\t\t\t\t<a href='https:\/\/kerste.de\/?attachment_id=4654#main'><img loading=\"lazy\" decoding=\"async\" width=\"150\" height=\"150\" src=\"https:\/\/kerste.de\/wp-content\/uploads\/2015\/12\/20160214-DSC_6991-150x150.jpg\" class=\"attachment-thumbnail size-thumbnail\" alt=\"\" aria-describedby=\"gallery-1-4654\" \/><\/a>\n\t\t\t<\/dt>\n\t\t\t\t<dd class='wp-caption-text gallery-caption' id='gallery-1-4654'>\n\t\t\t\tBlick ins Rettungsboot\n\t\t\t\t<\/dd><\/dl><dl class='gallery-item'>\n\t\t\t<dt class='gallery-icon landscape'>\n\t\t\t\t<a href='https:\/\/kerste.de\/?attachment_id=4658#main'><img loading=\"lazy\" decoding=\"async\" width=\"150\" height=\"150\" src=\"https:\/\/kerste.de\/wp-content\/uploads\/2015\/12\/20160214-DSC_7015-150x150.jpg\" class=\"attachment-thumbnail size-thumbnail\" alt=\"\" aria-describedby=\"gallery-1-4658\" \/><\/a>\n\t\t\t<\/dt>\n\t\t\t\t<dd class='wp-caption-text gallery-caption' id='gallery-1-4658'>\n\t\t\t\tAbfahrt von Stokmarknes\n\t\t\t\t<\/dd><\/dl><br style=\"clear: both\" \/>\n\t\t<\/div>\n\n<div id=\"attachment_4660\" style=\"width: 310px\" class=\"wp-caption alignleft\"><a href=\"http:\/\/kerste.de\/wp-content\/uploads\/2015\/12\/20160214-DSC_7027.jpg\" rel=\"attachment wp-att-4660\"><img loading=\"lazy\" decoding=\"async\" aria-describedby=\"caption-attachment-4660\" class=\"size-medium wp-image-4660\" src=\"https:\/\/kerste.de\/wp-content\/uploads\/2015\/12\/20160214-DSC_7027-300x200.jpg\" alt=\"Fischfilettieren\" width=\"300\" height=\"200\" srcset=\"https:\/\/kerste.de\/wp-content\/uploads\/2015\/12\/20160214-DSC_7027-300x200.jpg 300w, https:\/\/kerste.de\/wp-content\/uploads\/2015\/12\/20160214-DSC_7027-768x512.jpg 768w, https:\/\/kerste.de\/wp-content\/uploads\/2015\/12\/20160214-DSC_7027.jpg 1024w\" sizes=\"auto, (max-width: 300px) 100vw, 300px\" \/><\/a><p id=\"caption-attachment-4660\" class=\"wp-caption-text\">Fischfilettieren<\/p><\/div>\n<p>Kurz nach der Abfahrt aus Stokmarknes wird auf Deck 9 Fisch filettiert, aber die grandiose Landschaft ist faszinierender: Die Sonne liefert ein unglaubliches Farbenspiel ab. Jetzt haben wir das Wetter, das man sich in Norwegen erwartet. Die Reise f\u00fchrt in nur wenige Metern Entfernung an hohen Felsen vorbei, durch den Raftsund und bis zum Trollfjord, den wir gegen 17 Uhr erreichen. Von dem perfekten Licht, mit dem \u00fcber die Bordsprechanlage alle nach drau\u00dfen gelockt werden, merke ich zwar nicht viel, aber die Stimmung ist dennoch faszinierend. Etwas nerviger ist der Hinweis, dass man doch bitte an Deck gehen, den Trollfjord anschauen und etwas zu trinken kaufen soll. Wenn der Hinweis weniger aufdringlich w\u00e4re, h\u00e4tte man vielleicht sogar Lust auf einen Sekt&#8230;<\/p>\n<p>Aber egal: Bei der D\u00e4mmerungsstimmung fasziniert der Trollfjord auch ohne Alkohol, und man will eigentlich gar nicht zum Abendessen gehen, das heute auch schon um 17:30 beginnt (zumindest f\u00fcr die erste Sitzung) \u2013 aber so bleibt mehr Zeit f\u00fcr Svolv\u00e6r, das wir gegen 18:30 erreichen.<\/p>\n\n\t\t<style type=\"text\/css\">\n\t\t\t#gallery-2 {\n\t\t\t\tmargin: auto;\n\t\t\t}\n\t\t\t#gallery-2 .gallery-item {\n\t\t\t\tfloat: left;\n\t\t\t\tmargin-top: 10px;\n\t\t\t\ttext-align: center;\n\t\t\t\twidth: 33%;\n\t\t\t}\n\t\t\t#gallery-2 img {\n\t\t\t\tborder: 2px solid #cfcfcf;\n\t\t\t}\n\t\t\t#gallery-2 .gallery-caption {\n\t\t\t\tmargin-left: 0;\n\t\t\t}\n\t\t\t\/* see gallery_shortcode() in wp-includes\/media.php *\/\n\t\t<\/style>\n\t\t<div id='gallery-2' class='gallery galleryid-4689 gallery-columns-3 gallery-size-thumbnail'><dl class='gallery-item'>\n\t\t\t<dt class='gallery-icon landscape'>\n\t\t\t\t<a href='https:\/\/kerste.de\/?attachment_id=4664#main'><img loading=\"lazy\" decoding=\"async\" width=\"150\" height=\"150\" src=\"https:\/\/kerste.de\/wp-content\/uploads\/2015\/12\/20160214-DSC_7057-150x150.jpg\" class=\"attachment-thumbnail size-thumbnail\" alt=\"\" \/><\/a>\n\t\t\t<\/dt><\/dl><dl class='gallery-item'>\n\t\t\t<dt class='gallery-icon landscape'>\n\t\t\t\t<a href='https:\/\/kerste.de\/?attachment_id=4666#main'><img loading=\"lazy\" decoding=\"async\" width=\"150\" height=\"150\" src=\"https:\/\/kerste.de\/wp-content\/uploads\/2015\/12\/20160214-DSC_7070-150x150.jpg\" class=\"attachment-thumbnail size-thumbnail\" alt=\"\" \/><\/a>\n\t\t\t<\/dt><\/dl><dl class='gallery-item'>\n\t\t\t<dt class='gallery-icon landscape'>\n\t\t\t\t<a href='https:\/\/kerste.de\/?attachment_id=4668#main'><img loading=\"lazy\" decoding=\"async\" width=\"150\" height=\"150\" src=\"https:\/\/kerste.de\/wp-content\/uploads\/2015\/12\/20160214-DSC_7083-150x150.jpg\" class=\"attachment-thumbnail size-thumbnail\" alt=\"\" aria-describedby=\"gallery-2-4668\" \/><\/a>\n\t\t\t<\/dt>\n\t\t\t\t<dd class='wp-caption-text gallery-caption' id='gallery-2-4668'>\n\t\t\t\tDer Trollfjord\n\t\t\t\t<\/dd><\/dl><br style=\"clear: both\" \/><dl class='gallery-item'>\n\t\t\t<dt class='gallery-icon landscape'>\n\t\t\t\t<a href='https:\/\/kerste.de\/?attachment_id=4675#main'><img loading=\"lazy\" decoding=\"async\" width=\"150\" height=\"150\" src=\"https:\/\/kerste.de\/wp-content\/uploads\/2015\/12\/20160214-P1080905-150x150.jpg\" class=\"attachment-thumbnail size-thumbnail\" alt=\"\" aria-describedby=\"gallery-2-4675\" \/><\/a>\n\t\t\t<\/dt>\n\t\t\t\t<dd class='wp-caption-text gallery-caption' id='gallery-2-4675'>\n\t\t\t\tAm Trollfjord\n\t\t\t\t<\/dd><\/dl><dl class='gallery-item'>\n\t\t\t<dt class='gallery-icon landscape'>\n\t\t\t\t<a href='https:\/\/kerste.de\/?attachment_id=4676#main'><img loading=\"lazy\" decoding=\"async\" width=\"150\" height=\"150\" src=\"https:\/\/kerste.de\/wp-content\/uploads\/2015\/12\/20160214-P1080907-150x150.jpg\" class=\"attachment-thumbnail size-thumbnail\" alt=\"\" \/><\/a>\n\t\t\t<\/dt><\/dl><dl class='gallery-item'>\n\t\t\t<dt class='gallery-icon portrait'>\n\t\t\t\t<a href='https:\/\/kerste.de\/?attachment_id=4680#main'><img loading=\"lazy\" decoding=\"async\" width=\"150\" height=\"150\" src=\"https:\/\/kerste.de\/wp-content\/uploads\/2015\/12\/20160214-P1080927-150x150.jpg\" class=\"attachment-thumbnail size-thumbnail\" alt=\"\" \/><\/a>\n\t\t\t<\/dt><\/dl><br style=\"clear: both\" \/>\n\t\t<\/div>\n\n<p>Svolv\u00e6r bietet Schnee statt Polarlicht, und da Sonntag ist, haben die Galerien auch geschlossen. Wir nutzen die Zeit f\u00fcr einen Abstecher in den Anker, eine von mehreren netten Kneipen in dem St\u00e4dtchen, gefolgt von einem kleinen Stadtrundgang.<\/p>\n\n\t\t<style type=\"text\/css\">\n\t\t\t#gallery-3 {\n\t\t\t\tmargin: auto;\n\t\t\t}\n\t\t\t#gallery-3 .gallery-item {\n\t\t\t\tfloat: left;\n\t\t\t\tmargin-top: 10px;\n\t\t\t\ttext-align: center;\n\t\t\t\twidth: 25%;\n\t\t\t}\n\t\t\t#gallery-3 img {\n\t\t\t\tborder: 2px solid #cfcfcf;\n\t\t\t}\n\t\t\t#gallery-3 .gallery-caption {\n\t\t\t\tmargin-left: 0;\n\t\t\t}\n\t\t\t\/* see gallery_shortcode() in wp-includes\/media.php *\/\n\t\t<\/style>\n\t\t<div id='gallery-3' class='gallery galleryid-4689 gallery-columns-4 gallery-size-thumbnail'><dl class='gallery-item'>\n\t\t\t<dt class='gallery-icon landscape'>\n\t\t\t\t<a href='https:\/\/kerste.de\/?attachment_id=4683#main'><img loading=\"lazy\" decoding=\"async\" width=\"150\" height=\"150\" src=\"https:\/\/kerste.de\/wp-content\/uploads\/2015\/12\/20160214-P1080946-150x150.jpg\" class=\"attachment-thumbnail size-thumbnail\" alt=\"\" aria-describedby=\"gallery-3-4683\" \/><\/a>\n\t\t\t<\/dt>\n\t\t\t\t<dd class='wp-caption-text gallery-caption' id='gallery-3-4683'>\n\t\t\t\tIm Anker\n\t\t\t\t<\/dd><\/dl><dl class='gallery-item'>\n\t\t\t<dt class='gallery-icon portrait'>\n\t\t\t\t<a href='https:\/\/kerste.de\/?attachment_id=4684#main'><img loading=\"lazy\" decoding=\"async\" width=\"150\" height=\"150\" src=\"https:\/\/kerste.de\/wp-content\/uploads\/2015\/12\/20160214-P1080953-150x150.jpg\" class=\"attachment-thumbnail size-thumbnail\" alt=\"\" \/><\/a>\n\t\t\t<\/dt><\/dl><dl class='gallery-item'>\n\t\t\t<dt class='gallery-icon landscape'>\n\t\t\t\t<a href='https:\/\/kerste.de\/?attachment_id=4685#main'><img loading=\"lazy\" decoding=\"async\" width=\"150\" height=\"150\" src=\"https:\/\/kerste.de\/wp-content\/uploads\/2015\/12\/20160214-P1080954-150x150.jpg\" class=\"attachment-thumbnail size-thumbnail\" alt=\"\" \/><\/a>\n\t\t\t<\/dt><\/dl><dl class='gallery-item'>\n\t\t\t<dt class='gallery-icon landscape'>\n\t\t\t\t<a href='https:\/\/kerste.de\/?attachment_id=4686#main'><img loading=\"lazy\" decoding=\"async\" width=\"150\" height=\"150\" src=\"https:\/\/kerste.de\/wp-content\/uploads\/2015\/12\/20160214-P1080962-150x150.jpg\" class=\"attachment-thumbnail size-thumbnail\" alt=\"\" aria-describedby=\"gallery-3-4686\" \/><\/a>\n\t\t\t<\/dt>\n\t\t\t\t<dd class='wp-caption-text gallery-caption' id='gallery-3-4686'>\n\t\t\t\tDie Bergkulisse von Svolv\u00e6r\n\t\t\t\t<\/dd><\/dl><br style=\"clear: both\" \/>\n\t\t<\/div>\n\n<p>P\u00fcnktlich um 20:30 m\u00fcssen wir wieder auf dem Schiff sein: Margit h\u00e4lt einen Vortrag \u00fcber die historischen Postschiffe MS Lofoten und MS Nordstjernen, w\u00e4hrend ich gegen 20:45 der MS Nordkapp winken muss. Im Tagesprogramm fehlt diese Schiffsbegegnung (eigentlich eine Unversch\u00e4mtheit, mein Schiffchen zu ignorieren), daher stehe ich fast alleine am Bug, w\u00e4hrend die beiden Schiffe einander hupend begr\u00fc\u00dfen und sogar ein kleines Konzert mit den Schiffstyphonen geben.<\/p>\n<div id=\"attachment_4672\" style=\"width: 210px\" class=\"wp-caption alignleft\"><a href=\"http:\/\/kerste.de\/wp-content\/uploads\/2015\/12\/20160214-DSC_7100.jpg\" rel=\"attachment wp-att-4672\"><img loading=\"lazy\" decoding=\"async\" aria-describedby=\"caption-attachment-4672\" class=\"size-medium wp-image-4672\" src=\"https:\/\/kerste.de\/wp-content\/uploads\/2015\/12\/20160214-DSC_7100-200x300.jpg\" alt=\"Stamsund\" width=\"200\" height=\"300\" srcset=\"https:\/\/kerste.de\/wp-content\/uploads\/2015\/12\/20160214-DSC_7100-200x300.jpg 200w, https:\/\/kerste.de\/wp-content\/uploads\/2015\/12\/20160214-DSC_7100.jpg 683w\" sizes=\"auto, (max-width: 200px) 100vw, 200px\" \/><\/a><p id=\"caption-attachment-4672\" class=\"wp-caption-text\">Stamsund<\/p><\/div>\n<p>Der letzte Hafen des Tages ist Stamsund, wo wir nur einen halben Steinwurf von den Hafengeb\u00e4uden entfernt anlegen. Da es mittlerweile st\u00e4rker schneit, spricht aber alles f\u00fcr einen ruhige Abend \u2013 nach Polarlicht Ausschau zu halten ist bei Schneefall sinnfrei. Stattdessen kann man fast schon an das Packen denken \u2013 Trondheim ist nicht mehr fern.<\/p>\n<div class=\"shariff shariff-align-left shariff-widget-align-left\"><ul class=\"shariff-buttons theme-white orientation-horizontal buttonsize-small\"><li class=\"shariff-button twitter shariff-nocustomcolor\" style=\"background-color:#595959\"><a href=\"https:\/\/twitter.com\/share?url=https%3A%2F%2Fkerste.de%2F%3Fp%3D4689&text=Tag%209%3A%20Vester%C3%A5len%20und%20Lofoten\" title=\"Bei X teilen\" aria-label=\"Bei X teilen\" role=\"button\" rel=\"noopener nofollow\" class=\"shariff-link\" style=\"; background-color:#000; color:#000\" target=\"_blank\"><span class=\"shariff-icon\" style=\"fill:#000\"><svg width=\"32px\" height=\"20px\" xmlns=\"http:\/\/www.w3.org\/2000\/svg\" viewBox=\"0 0 24 24\"><path fill=\"#000\" d=\"M14.258 10.152L23.176 0h-2.113l-7.747 8.813L7.133 0H0l9.352 13.328L0 23.973h2.113l8.176-9.309 6.531 9.309h7.133zm-2.895 3.293l-.949-1.328L2.875 1.56h3.246l6.086 8.523.945 1.328 7.91 11.078h-3.246zm0 0\"\/><\/svg><\/span><span class=\"shariff-text\" style=\"color:#000\">teilen<\/span>&nbsp;<\/a><\/li><li class=\"shariff-button facebook shariff-nocustomcolor\" style=\"background-color:#4273c8\"><a href=\"https:\/\/www.facebook.com\/sharer\/sharer.php?u=https%3A%2F%2Fkerste.de%2F%3Fp%3D4689\" title=\"Bei Facebook teilen\" aria-label=\"Bei Facebook teilen\" role=\"button\" rel=\"nofollow\" class=\"shariff-link\" style=\"; background-color:#3b5998; color:#3b5998\" target=\"_blank\"><span class=\"shariff-icon\" style=\"fill:#3b5998\"><svg width=\"32px\" height=\"20px\" xmlns=\"http:\/\/www.w3.org\/2000\/svg\" viewBox=\"0 0 18 32\"><path fill=\"#3b5998\" d=\"M17.1 0.2v4.7h-2.8q-1.5 0-2.1 0.6t-0.5 1.9v3.4h5.2l-0.7 5.3h-4.5v13.6h-5.5v-13.6h-4.5v-5.3h4.5v-3.9q0-3.3 1.9-5.2t5-1.8q2.6 0 4.1 0.2z\"\/><\/svg><\/span><span class=\"shariff-text\" style=\"color:#3b5998\">teilen<\/span>&nbsp;<\/a><\/li><li class=\"shariff-button tumblr shariff-nocustomcolor\" style=\"background-color:#529ecc\"><a href=\"https:\/\/www.tumblr.com\/widgets\/share\/tool?posttype=link&canonicalUrl=https%3A%2F%2Fkerste.de%2F%3Fp%3D4689&tags=kerste.de\" title=\"Bei tumblr teilen\" aria-label=\"Bei tumblr teilen\" role=\"button\" rel=\"noopener nofollow\" class=\"shariff-link\" style=\"; background-color:#36465d; color:#36465d\" target=\"_blank\"><span class=\"shariff-icon\" style=\"fill:#36465d\"><svg width=\"32px\" height=\"20px\" xmlns=\"http:\/\/www.w3.org\/2000\/svg\" viewBox=\"0 0 32 32\"><path fill=\"#36465d\" d=\"M18 14l0 7.3c0 1.9 0 2.9 0.2 3.5 0.2 0.5 0.7 1.1 1.2 1.4 0.7 0.4 1.5 0.6 2.4 0.6 1.6 0 2.6-0.2 4.2-1.3v4.8c-1.4 0.6-2.6 1-3.7 1.3-1.1 0.3-2.3 0.4-3.6 0.4-1.5 0-2.3-0.2-3.4-0.6-1.1-0.4-2.1-0.9-2.9-1.6-0.8-0.7-1.3-1.4-1.7-2.2s-0.5-1.9-0.5-3.4v-11.2h-4.3v-4.5c1.3-0.4 2.7-1 3.6-1.8 0.9-0.8 1.6-1.7 2.2-2.7 0.5-1.1 0.9-2.4 1.1-4.1h5.2l0 8h8v6h-8z\"\/><\/svg><\/span><span class=\"shariff-text\" style=\"color:#36465d\">teilen<\/span>&nbsp;<\/a><\/li><li class=\"shariff-button info shariff-nocustomcolor\" style=\"background-color:#a8a8a8\"><a href=\"http:\/\/ct.de\/-2467514\" title=\"Weitere Informationen\" aria-label=\"Weitere Informationen\" role=\"button\" rel=\"noopener \" class=\"shariff-link\" style=\"; background-color:#999; color:#999\" target=\"_blank\"><span class=\"shariff-icon\" style=\"fill:#999\"><svg width=\"32px\" height=\"20px\" xmlns=\"http:\/\/www.w3.org\/2000\/svg\" viewBox=\"0 0 11 32\"><path fill=\"#999\" d=\"M11.4 24v2.3q0 0.5-0.3 0.8t-0.8 0.4h-9.1q-0.5 0-0.8-0.4t-0.4-0.8v-2.3q0-0.5 0.4-0.8t0.8-0.4h1.1v-6.8h-1.1q-0.5 0-0.8-0.4t-0.4-0.8v-2.3q0-0.5 0.4-0.8t0.8-0.4h6.8q0.5 0 0.8 0.4t0.4 0.8v10.3h1.1q0.5 0 0.8 0.4t0.3 0.8zM9.2 3.4v3.4q0 0.5-0.4 0.8t-0.8 0.4h-4.6q-0.4 0-0.8-0.4t-0.4-0.8v-3.4q0-0.4 0.4-0.8t0.8-0.4h4.6q0.5 0 0.8 0.4t0.4 0.8z\"\/><\/svg><\/span><\/a><\/li><\/ul><\/div>","protected":false},"excerpt":{"rendered":"<p>Eigentlich w\u00e4re es sch\u00f6n, einmal die Trondenes-Kirche in Harstad vom Schiff aus zu fotografieren. Aber morgens um acht ist das Licht im Februar noch nicht so sch\u00f6n, und am Tag nach Troms\u00f8 ist die Nacht ohnehin viel zu kurz, und Fr\u00fchst\u00fcck wird auch \u00fcberbewertet&#8230; Langer Rede kurzer Sinn: W\u00e4hrend die Teilnehmer der Vester\u00e5len-Bustour p\u00fcnktlich von [&hellip;]<\/p>\n","protected":false},"author":1,"featured_media":0,"comment_status":"open","ping_status":"open","sticky":false,"template":"","format":"standard","meta":{"footnotes":""},"categories":[295],"tags":[186,310,309,66],"class_list":["post-4689","post","type-post","status-publish","format-standard","hentry","category-hurtigruten-2016-grp-101","tag-hurtigrutenmuseum","tag-koenigsstein","tag-stamsund","tag-trollfjord"],"_links":{"self":[{"href":"https:\/\/kerste.de\/index.php?rest_route=\/wp\/v2\/posts\/4689","targetHints":{"allow":["GET"]}}],"collection":[{"href":"https:\/\/kerste.de\/index.php?rest_route=\/wp\/v2\/posts"}],"about":[{"href":"https:\/\/kerste.de\/index.php?rest_route=\/wp\/v2\/types\/post"}],"author":[{"embeddable":true,"href":"https:\/\/kerste.de\/index.php?rest_route=\/wp\/v2\/users\/1"}],"replies":[{"embeddable":true,"href":"https:\/\/kerste.de\/index.php?rest_route=%2Fwp%2Fv2%2Fcomments&post=4689"}],"version-history":[{"count":8,"href":"https:\/\/kerste.de\/index.php?rest_route=\/wp\/v2\/posts\/4689\/revisions"}],"predecessor-version":[{"id":4700,"href":"https:\/\/kerste.de\/index.php?rest_route=\/wp\/v2\/posts\/4689\/revisions\/4700"}],"wp:attachment":[{"href":"https:\/\/kerste.de\/index.php?rest_route=%2Fwp%2Fv2%2Fmedia&parent=4689"}],"wp:term":[{"taxonomy":"category","embeddable":true,"href":"https:\/\/kerste.de\/index.php?rest_route=%2Fwp%2Fv2%2Fcategories&post=4689"},{"taxonomy":"post_tag","embeddable":true,"href":"https:\/\/kerste.de\/index.php?rest_route=%2Fwp%2Fv2%2Ftags&post=4689"}],"curies":[{"name":"wp","href":"https:\/\/api.w.org\/{rel}","templated":true}]}}