{"id":4575,"date":"2016-02-14T12:17:57","date_gmt":"2016-02-14T10:17:57","guid":{"rendered":"http:\/\/kerste.de\/?p=4575"},"modified":"2016-02-14T12:17:57","modified_gmt":"2016-02-14T10:17:57","slug":"tag-7-kirkenes-eismeerbaden-und-etwas-gruenes-licht","status":"publish","type":"post","link":"https:\/\/kerste.de\/?p=4575","title":{"rendered":"Tag 7: Kirkenes, Eismeerbaden und etwas gr\u00fcnes Licht"},"content":{"rendered":"<div id=\"attachment_4540\" style=\"width: 310px\" class=\"wp-caption alignright\"><a href=\"http:\/\/kerste.de\/wp-content\/uploads\/2015\/12\/20160212-DSC_6166.jpg\" rel=\"attachment wp-att-4540\"><img loading=\"lazy\" decoding=\"async\" aria-describedby=\"caption-attachment-4540\" class=\"size-medium wp-image-4540\" src=\"https:\/\/kerste.de\/wp-content\/uploads\/2015\/12\/20160212-DSC_6166-300x200.jpg\" alt=\"Im Hafen von Kirkenes\" width=\"300\" height=\"200\" srcset=\"https:\/\/kerste.de\/wp-content\/uploads\/2015\/12\/20160212-DSC_6166-300x200.jpg 300w, https:\/\/kerste.de\/wp-content\/uploads\/2015\/12\/20160212-DSC_6166-768x512.jpg 768w, https:\/\/kerste.de\/wp-content\/uploads\/2015\/12\/20160212-DSC_6166.jpg 1024w\" sizes=\"auto, (max-width: 300px) 100vw, 300px\" \/><\/a><p id=\"caption-attachment-4540\" class=\"wp-caption-text\">Im Hafen von Kirkenes<\/p><\/div>\n<p>Schon ist eine Woche vergangen, und mit Kirkenes haben wir den Wendepunkt der Reise erreicht. Bislang war ich nur einmal in der kleinen Stadt \u2013 wenn ich zum ersten Mal auf einem Schiff bin, nutze ich den Aufenthalt gerne, um das Schiff zu fotografieren. Schlie\u00dflich gibt es im Winter genug Ausfl\u00fcge, sodass kaum noch Passagiere an Bord sind, und viele verlassen das Schiff auch hier.<\/p>\n<p>Im R\u00fcckblick h\u00e4tte ich doch ruhig nach Kirkenes gehen sollen: Die Stadt hatte Barents-Festival und Markt, es war also richtig was los. Aber egal, auch so war der Vormittag gut ausgef\u00fcllt. Statt der \u00fcblichen Abfahrt um 12:30 blieb das Schiff sogar bis 13:00 im Hafen \u2013 eventuell wegen der vielen Ausfl\u00fcgler, die letzten Busse kamen von der Hundeschlittenfahrt erst kurz vor 13 Uhr zur\u00fcck. F\u00fcr einen kleinen Gang zum n\u00e4chsten Rema 1000 langt die Zeit, auch wenn es umgezogen ist. Dabei gibt es sch\u00f6ne Fotom\u00f6glichkeiten f\u00fcr das Schiff, und auch der Kiosk direkt am Kai (in dem auch eine Station f\u00fcr die Tax Refunds ist)ist immer einen Blick wert. Alleine der s\u00fc\u00dfe Huskyschlitten am Eingang ist schon einen Blick wert.<\/p>\n\n\t\t<style type=\"text\/css\">\n\t\t\t#gallery-1 {\n\t\t\t\tmargin: auto;\n\t\t\t}\n\t\t\t#gallery-1 .gallery-item {\n\t\t\t\tfloat: left;\n\t\t\t\tmargin-top: 10px;\n\t\t\t\ttext-align: center;\n\t\t\t\twidth: 25%;\n\t\t\t}\n\t\t\t#gallery-1 img {\n\t\t\t\tborder: 2px solid #cfcfcf;\n\t\t\t}\n\t\t\t#gallery-1 .gallery-caption {\n\t\t\t\tmargin-left: 0;\n\t\t\t}\n\t\t\t\/* see gallery_shortcode() in wp-includes\/media.php *\/\n\t\t<\/style>\n\t\t<div id='gallery-1' class='gallery galleryid-4575 gallery-columns-4 gallery-size-thumbnail'><dl class='gallery-item'>\n\t\t\t<dt class='gallery-icon landscape'>\n\t\t\t\t<a href='https:\/\/kerste.de\/?attachment_id=4562#main'><img loading=\"lazy\" decoding=\"async\" width=\"150\" height=\"150\" src=\"https:\/\/kerste.de\/wp-content\/uploads\/2015\/12\/20160212-P1080668-150x150.jpg\" class=\"attachment-thumbnail size-thumbnail\" alt=\"\" aria-describedby=\"gallery-1-4562\" \/><\/a>\n\t\t\t<\/dt>\n\t\t\t\t<dd class='wp-caption-text gallery-caption' id='gallery-1-4562'>\n\t\t\t\tEisige Zeiten bei rund 0 \u00b0C.\n\t\t\t\t<\/dd><\/dl><dl class='gallery-item'>\n\t\t\t<dt class='gallery-icon landscape'>\n\t\t\t\t<a href='https:\/\/kerste.de\/?attachment_id=4558#main'><img loading=\"lazy\" decoding=\"async\" width=\"150\" height=\"150\" src=\"https:\/\/kerste.de\/wp-content\/uploads\/2015\/12\/20160212-P1080650-150x150.jpg\" class=\"attachment-thumbnail size-thumbnail\" alt=\"\" aria-describedby=\"gallery-1-4558\" \/><\/a>\n\t\t\t<\/dt>\n\t\t\t\t<dd class='wp-caption-text gallery-caption' id='gallery-1-4558'>\n\t\t\t\tAm Kiosk in Kirkenes\n\t\t\t\t<\/dd><\/dl><dl class='gallery-item'>\n\t\t\t<dt class='gallery-icon landscape'>\n\t\t\t\t<a href='https:\/\/kerste.de\/?attachment_id=4545#main'><img loading=\"lazy\" decoding=\"async\" width=\"150\" height=\"150\" src=\"https:\/\/kerste.de\/wp-content\/uploads\/2015\/12\/20160212-DSC_6234-150x150.jpg\" class=\"attachment-thumbnail size-thumbnail\" alt=\"\" aria-describedby=\"gallery-1-4545\" \/><\/a>\n\t\t\t<\/dt>\n\t\t\t\t<dd class='wp-caption-text gallery-caption' id='gallery-1-4545'>\n\t\t\t\tEis im Hafen\n\t\t\t\t<\/dd><\/dl><dl class='gallery-item'>\n\t\t\t<dt class='gallery-icon landscape'>\n\t\t\t\t<a href='https:\/\/kerste.de\/?attachment_id=4564#main'><img loading=\"lazy\" decoding=\"async\" width=\"150\" height=\"150\" src=\"https:\/\/kerste.de\/wp-content\/uploads\/2015\/12\/20160212-P1080679-150x150.jpg\" class=\"attachment-thumbnail size-thumbnail\" alt=\"\" aria-describedby=\"gallery-1-4564\" \/><\/a>\n\t\t\t<\/dt>\n\t\t\t\t<dd class='wp-caption-text gallery-caption' id='gallery-1-4564'>\n\t\t\t\tDie Nachz\u00fcgler kommen an Bord\n\t\t\t\t<\/dd><\/dl><br style=\"clear: both\" \/>\n\t\t<\/div>\n\n<p>Die weitere Fahrt verl\u00e4uft ruhig: Der n\u00e4chste Hafen ist Vard\u00f8, das planm\u00e4\u00dfig um 15:45 angelaufen werden sollte. Die \u00dcberfahrt ist ruhig und bietet genug Zeit f\u00fcr die Sprechstunde und die Vorbereitung des n\u00e4chsten Vortrags. Ansonsten ist Entspannung angesagt \u2013 im Vortragsraum l\u00e4uft ein Film \u00fcber Vard\u00f8 und den Pomorenhandel mit Russland (in drei Stunden um 14:45, 15:15 und 15:45 \u2013 da ist wohl schon eine sp\u00e4tere Ankunft in Vard\u00f8 eingeplant), um die Zeit zu \u00fcberbr\u00fccken.<\/p>\n<p>Durch die sp\u00e4tere Abfahrt kommen wir nat\u00fcrlich auch erst sp\u00e4ter in Vard\u00f8 an. Irgendwann auf der Fahrt wird angek\u00fcndigt, dass wir bis 17 Uhr bleiben w\u00fcrden, was Hoffnung macht, dass wir vielleicht doch eine ganze Stunde in dem St\u00e4dtchen zur Verf\u00fcgung haben k\u00f6nnten. Als wir um 16:00 am Ausgang stehen, kommt die Durchsage, dass wir doch erst gegen 16:15 ankommen. Damit k\u00f6nnen wir den Besuch beim Hexendenkmal auch wieder beerdigen: Mette gibt \u00fcber ihren geliebten Bordfunk bekannt, dass bitte alle zehn Minuten vor Abfahrt wieder an Bord sein sollen und bewirbt trotzdem den Besuch bei der Festung Vard\u00f8hus \u2013 aber bei weniger als einer halben Stunde frei verf\u00fcgbarer Zeit ist schon das knapp, schlie\u00dflich muss man ja auch erst einmal von Bord kommen. Die Zeiten, an denen einfach die Gangway an das Schiff gelegt wurde, sind vorbei, und die moderne Technik braucht etwas l\u00e4nger. Ich m\u00f6chte es wirklich einmal erleben, dass wir p\u00fcnktlich in Vard\u00f8 ankommen und eine volle Stunde Zeit haben. Schauen wir uns also das Eismeerbaden an.<\/p>\n\n\t\t<style type=\"text\/css\">\n\t\t\t#gallery-2 {\n\t\t\t\tmargin: auto;\n\t\t\t}\n\t\t\t#gallery-2 .gallery-item {\n\t\t\t\tfloat: left;\n\t\t\t\tmargin-top: 10px;\n\t\t\t\ttext-align: center;\n\t\t\t\twidth: 33%;\n\t\t\t}\n\t\t\t#gallery-2 img {\n\t\t\t\tborder: 2px solid #cfcfcf;\n\t\t\t}\n\t\t\t#gallery-2 .gallery-caption {\n\t\t\t\tmargin-left: 0;\n\t\t\t}\n\t\t\t\/* see gallery_shortcode() in wp-includes\/media.php *\/\n\t\t<\/style>\n\t\t<div id='gallery-2' class='gallery galleryid-4575 gallery-columns-3 gallery-size-thumbnail'><dl class='gallery-item'>\n\t\t\t<dt class='gallery-icon landscape'>\n\t\t\t\t<a href='https:\/\/kerste.de\/?attachment_id=4566#main'><img loading=\"lazy\" decoding=\"async\" width=\"150\" height=\"150\" src=\"https:\/\/kerste.de\/wp-content\/uploads\/2015\/12\/20160212-P1080689-150x150.jpg\" class=\"attachment-thumbnail size-thumbnail\" alt=\"\" aria-describedby=\"gallery-2-4566\" \/><\/a>\n\t\t\t<\/dt>\n\t\t\t\t<dd class='wp-caption-text gallery-caption' id='gallery-2-4566'>\n\t\t\t\tVard\u00f8\n\t\t\t\t<\/dd><\/dl><dl class='gallery-item'>\n\t\t\t<dt class='gallery-icon landscape'>\n\t\t\t\t<a href='https:\/\/kerste.de\/?attachment_id=4546#main'><img loading=\"lazy\" decoding=\"async\" width=\"150\" height=\"150\" src=\"https:\/\/kerste.de\/wp-content\/uploads\/2015\/12\/20160212-DSC_6249-150x150.jpg\" class=\"attachment-thumbnail size-thumbnail\" alt=\"\" aria-describedby=\"gallery-2-4546\" \/><\/a>\n\t\t\t<\/dt>\n\t\t\t\t<dd class='wp-caption-text gallery-caption' id='gallery-2-4546'>\n\t\t\t\tN\u00e4her als mit dem Tele kommen wir nicht an Vard\u00f8hus ran.\n\t\t\t\t<\/dd><\/dl><dl class='gallery-item'>\n\t\t\t<dt class='gallery-icon landscape'>\n\t\t\t\t<a href='https:\/\/kerste.de\/?attachment_id=4548#main'><img loading=\"lazy\" decoding=\"async\" width=\"150\" height=\"150\" src=\"https:\/\/kerste.de\/wp-content\/uploads\/2015\/12\/20160212-DSC_6265-150x150.jpg\" class=\"attachment-thumbnail size-thumbnail\" alt=\"\" aria-describedby=\"gallery-2-4548\" \/><\/a>\n\t\t\t<\/dt>\n\t\t\t\t<dd class='wp-caption-text gallery-caption' id='gallery-2-4548'>\n\t\t\t\tEismeerbaden. Viel Spa\u00df!\n\t\t\t\t<\/dd><\/dl><br style=\"clear: both\" \/>\n\t\t<\/div>\n\n<p>Bei dem knappen Zeitfenster beobachten wir auch das Eismeerbaden nur vom Schiff aus. Das Plantschbecken ist direkt am Kai, und Eis haben wir auf dem Deck auch. Der Norweger hat ein entspanntes Verh\u00e4ltnis zum Eis und wei\u00df, dass es glatt ist, dementsprechend sind nur ein paar Wege an Deck eisfrei. Eigentlich seltsam, dass nur beim Verlassen des Schiffs zum Tragen von Spikes aufgerufen wird&#8230; Ein paar Mutige finden sich immer, die in die Barentssee springen; einen l\u00e4ngeren Aufenthalt macht aber keiner \u2013 schlie\u00dflich muss das Schiff gleich weiter.<\/p>\n<div id=\"attachment_4549\" style=\"width: 310px\" class=\"wp-caption alignright\"><a href=\"http:\/\/kerste.de\/wp-content\/uploads\/2015\/12\/20160212-DSC_6284.jpg\" rel=\"attachment wp-att-4549\"><img loading=\"lazy\" decoding=\"async\" aria-describedby=\"caption-attachment-4549\" class=\"size-medium wp-image-4549\" src=\"https:\/\/kerste.de\/wp-content\/uploads\/2015\/12\/20160212-DSC_6284-300x200.jpg\" alt=\"Polarlicht!\" width=\"300\" height=\"200\" srcset=\"https:\/\/kerste.de\/wp-content\/uploads\/2015\/12\/20160212-DSC_6284-300x200.jpg 300w, https:\/\/kerste.de\/wp-content\/uploads\/2015\/12\/20160212-DSC_6284-768x512.jpg 768w, https:\/\/kerste.de\/wp-content\/uploads\/2015\/12\/20160212-DSC_6284.jpg 1024w\" sizes=\"auto, (max-width: 300px) 100vw, 300px\" \/><\/a><p id=\"caption-attachment-4549\" class=\"wp-caption-text\">Polarlicht!<\/p><\/div>\n<p>Kurz nach der Abfahrt ist Marcus mit unserem vorletzten Vortrag dran. Ein paar leichte Schl\u00e4ge w\u00e4hrend der Vortrags zeigen an, dass wir auf offener See sind, aber im gro\u00dfen Ganzen bleibt es ruhig genug. Das Abendessen schlie\u00dft dann auch schon direkt an unsere Reise durch das Sonnensystem an. Der n\u00e4chste Halt ist B\u00e5tsfjord, und wir liegen am Rand einer Wolkendecke. Ein klassischer Fall von immer mal wieder rausschauen, ob wir Wolkenl\u00fccken haben. Kurz vor Berlev\u00e5g ist es dann so weit: Der Himmel rei\u00dft ausreichend weit auf, und ein sch\u00f6nes Band ist kurzzeitig zu sehen. Zwischen der Durchsage des Schiffs und der Einsatzbereitschaft der Kameras vergeht nat\u00fcrlich etwas Zeit, sodass die sch\u00f6nsten Momente kaum auf die SD-Karten gebannt werden k\u00f6nnen.<\/p>\n<div id=\"attachment_4570\" style=\"width: 310px\" class=\"wp-caption alignleft\"><a href=\"http:\/\/kerste.de\/wp-content\/uploads\/2015\/12\/20160212-P1080723.jpg\" rel=\"attachment wp-att-4570\"><img loading=\"lazy\" decoding=\"async\" aria-describedby=\"caption-attachment-4570\" class=\"wp-image-4570 size-medium\" src=\"https:\/\/kerste.de\/wp-content\/uploads\/2015\/12\/20160212-P1080723-300x201.jpg\" alt=\"Quer durch den Gro\u00dfen Wagen.\" width=\"300\" height=\"201\" srcset=\"https:\/\/kerste.de\/wp-content\/uploads\/2015\/12\/20160212-P1080723-300x201.jpg 300w, https:\/\/kerste.de\/wp-content\/uploads\/2015\/12\/20160212-P1080723-768x514.jpg 768w, https:\/\/kerste.de\/wp-content\/uploads\/2015\/12\/20160212-P1080723.jpg 1024w\" sizes=\"auto, (max-width: 300px) 100vw, 300px\" \/><\/a><p id=\"caption-attachment-4570\" class=\"wp-caption-text\">Quer durch den Gro\u00dfen Wagen.<\/p><\/div>\n<p>Es ist nicht die gr\u00f6\u00dfte Show, aber bei dem Kampf gegen die Wolken der letzten Tage ist man ja froh \u00fcber alles \u2013 und da die Trollfjord recht ruhig vor dem Hafen liegt, bleibt auch genug Zeit, um zu fotografieren. Ein Polarlicht quer durch den Gro\u00dfen Wagen hat auch seinen Reiz, auch wenn es visuell schon wieder recht schwach ist.<\/p>\n<p>Der Rest der Nacht verl\u00e4uft leider wieder unter Wolken, aber einmal ausschlafen ist auch kein Fehler.<\/p>\n<div class=\"shariff shariff-align-left shariff-widget-align-left\"><ul class=\"shariff-buttons theme-white orientation-horizontal buttonsize-small\"><li class=\"shariff-button twitter shariff-nocustomcolor\" style=\"background-color:#595959\"><a href=\"https:\/\/twitter.com\/share?url=https%3A%2F%2Fkerste.de%2F%3Fp%3D4575&text=Tag%207%3A%20Kirkenes%2C%20Eismeerbaden%20und%20etwas%20gr%C3%BCnes%20Licht\" title=\"Bei X teilen\" aria-label=\"Bei X teilen\" role=\"button\" rel=\"noopener nofollow\" class=\"shariff-link\" style=\"; background-color:#000; color:#000\" target=\"_blank\"><span class=\"shariff-icon\" style=\"fill:#000\"><svg width=\"32px\" height=\"20px\" xmlns=\"http:\/\/www.w3.org\/2000\/svg\" viewBox=\"0 0 24 24\"><path fill=\"#000\" d=\"M14.258 10.152L23.176 0h-2.113l-7.747 8.813L7.133 0H0l9.352 13.328L0 23.973h2.113l8.176-9.309 6.531 9.309h7.133zm-2.895 3.293l-.949-1.328L2.875 1.56h3.246l6.086 8.523.945 1.328 7.91 11.078h-3.246zm0 0\"\/><\/svg><\/span><span class=\"shariff-text\" style=\"color:#000\">teilen<\/span>&nbsp;<\/a><\/li><li class=\"shariff-button facebook shariff-nocustomcolor\" style=\"background-color:#4273c8\"><a href=\"https:\/\/www.facebook.com\/sharer\/sharer.php?u=https%3A%2F%2Fkerste.de%2F%3Fp%3D4575\" title=\"Bei Facebook teilen\" aria-label=\"Bei Facebook teilen\" role=\"button\" rel=\"nofollow\" class=\"shariff-link\" style=\"; background-color:#3b5998; color:#3b5998\" target=\"_blank\"><span class=\"shariff-icon\" style=\"fill:#3b5998\"><svg width=\"32px\" height=\"20px\" xmlns=\"http:\/\/www.w3.org\/2000\/svg\" viewBox=\"0 0 18 32\"><path fill=\"#3b5998\" d=\"M17.1 0.2v4.7h-2.8q-1.5 0-2.1 0.6t-0.5 1.9v3.4h5.2l-0.7 5.3h-4.5v13.6h-5.5v-13.6h-4.5v-5.3h4.5v-3.9q0-3.3 1.9-5.2t5-1.8q2.6 0 4.1 0.2z\"\/><\/svg><\/span><span class=\"shariff-text\" style=\"color:#3b5998\">teilen<\/span>&nbsp;<\/a><\/li><li class=\"shariff-button tumblr shariff-nocustomcolor\" style=\"background-color:#529ecc\"><a href=\"https:\/\/www.tumblr.com\/widgets\/share\/tool?posttype=link&canonicalUrl=https%3A%2F%2Fkerste.de%2F%3Fp%3D4575&tags=kerste.de\" title=\"Bei tumblr teilen\" aria-label=\"Bei tumblr teilen\" role=\"button\" rel=\"noopener nofollow\" class=\"shariff-link\" style=\"; background-color:#36465d; color:#36465d\" target=\"_blank\"><span class=\"shariff-icon\" style=\"fill:#36465d\"><svg width=\"32px\" height=\"20px\" xmlns=\"http:\/\/www.w3.org\/2000\/svg\" viewBox=\"0 0 32 32\"><path fill=\"#36465d\" d=\"M18 14l0 7.3c0 1.9 0 2.9 0.2 3.5 0.2 0.5 0.7 1.1 1.2 1.4 0.7 0.4 1.5 0.6 2.4 0.6 1.6 0 2.6-0.2 4.2-1.3v4.8c-1.4 0.6-2.6 1-3.7 1.3-1.1 0.3-2.3 0.4-3.6 0.4-1.5 0-2.3-0.2-3.4-0.6-1.1-0.4-2.1-0.9-2.9-1.6-0.8-0.7-1.3-1.4-1.7-2.2s-0.5-1.9-0.5-3.4v-11.2h-4.3v-4.5c1.3-0.4 2.7-1 3.6-1.8 0.9-0.8 1.6-1.7 2.2-2.7 0.5-1.1 0.9-2.4 1.1-4.1h5.2l0 8h8v6h-8z\"\/><\/svg><\/span><span class=\"shariff-text\" style=\"color:#36465d\">teilen<\/span>&nbsp;<\/a><\/li><li class=\"shariff-button info shariff-nocustomcolor\" style=\"background-color:#a8a8a8\"><a href=\"http:\/\/ct.de\/-2467514\" title=\"Weitere Informationen\" aria-label=\"Weitere Informationen\" role=\"button\" rel=\"noopener \" class=\"shariff-link\" style=\"; background-color:#999; color:#999\" target=\"_blank\"><span class=\"shariff-icon\" style=\"fill:#999\"><svg width=\"32px\" height=\"20px\" xmlns=\"http:\/\/www.w3.org\/2000\/svg\" viewBox=\"0 0 11 32\"><path fill=\"#999\" d=\"M11.4 24v2.3q0 0.5-0.3 0.8t-0.8 0.4h-9.1q-0.5 0-0.8-0.4t-0.4-0.8v-2.3q0-0.5 0.4-0.8t0.8-0.4h1.1v-6.8h-1.1q-0.5 0-0.8-0.4t-0.4-0.8v-2.3q0-0.5 0.4-0.8t0.8-0.4h6.8q0.5 0 0.8 0.4t0.4 0.8v10.3h1.1q0.5 0 0.8 0.4t0.3 0.8zM9.2 3.4v3.4q0 0.5-0.4 0.8t-0.8 0.4h-4.6q-0.4 0-0.8-0.4t-0.4-0.8v-3.4q0-0.4 0.4-0.8t0.8-0.4h4.6q0.5 0 0.8 0.4t0.4 0.8z\"\/><\/svg><\/span><\/a><\/li><\/ul><\/div>","protected":false},"excerpt":{"rendered":"<p>Schon ist eine Woche vergangen, und mit Kirkenes haben wir den Wendepunkt der Reise erreicht. Bislang war ich nur einmal in der kleinen Stadt \u2013 wenn ich zum ersten Mal auf einem Schiff bin, nutze ich den Aufenthalt gerne, um das Schiff zu fotografieren. Schlie\u00dflich gibt es im Winter genug Ausfl\u00fcge, sodass kaum noch Passagiere [&hellip;]<\/p>\n","protected":false},"author":1,"featured_media":0,"comment_status":"open","ping_status":"open","sticky":false,"template":"","format":"standard","meta":{"footnotes":""},"categories":[295],"tags":[306,307,69],"class_list":["post-4575","post","type-post","status-publish","format-standard","hentry","category-hurtigruten-2016-grp-101","tag-eismeerbaden","tag-kiosk","tag-kirkenes"],"_links":{"self":[{"href":"https:\/\/kerste.de\/index.php?rest_route=\/wp\/v2\/posts\/4575","targetHints":{"allow":["GET"]}}],"collection":[{"href":"https:\/\/kerste.de\/index.php?rest_route=\/wp\/v2\/posts"}],"about":[{"href":"https:\/\/kerste.de\/index.php?rest_route=\/wp\/v2\/types\/post"}],"author":[{"embeddable":true,"href":"https:\/\/kerste.de\/index.php?rest_route=\/wp\/v2\/users\/1"}],"replies":[{"embeddable":true,"href":"https:\/\/kerste.de\/index.php?rest_route=%2Fwp%2Fv2%2Fcomments&post=4575"}],"version-history":[{"count":5,"href":"https:\/\/kerste.de\/index.php?rest_route=\/wp\/v2\/posts\/4575\/revisions"}],"predecessor-version":[{"id":4580,"href":"https:\/\/kerste.de\/index.php?rest_route=\/wp\/v2\/posts\/4575\/revisions\/4580"}],"wp:attachment":[{"href":"https:\/\/kerste.de\/index.php?rest_route=%2Fwp%2Fv2%2Fmedia&parent=4575"}],"wp:term":[{"taxonomy":"category","embeddable":true,"href":"https:\/\/kerste.de\/index.php?rest_route=%2Fwp%2Fv2%2Fcategories&post=4575"},{"taxonomy":"post_tag","embeddable":true,"href":"https:\/\/kerste.de\/index.php?rest_route=%2Fwp%2Fv2%2Ftags&post=4575"}],"curies":[{"name":"wp","href":"https:\/\/api.w.org\/{rel}","templated":true}]}}