{"id":4160,"date":"2016-01-22T23:04:24","date_gmt":"2016-01-22T21:04:24","guid":{"rendered":"http:\/\/kerste.de\/?p=4160"},"modified":"2016-01-22T23:04:24","modified_gmt":"2016-01-22T21:04:24","slug":"tag-10-von-den-7-schwestern-zur-lofoten","status":"publish","type":"post","link":"https:\/\/kerste.de\/?p=4160","title":{"rendered":"Tag 10: Von den 7 Schwestern zur Lofoten"},"content":{"rendered":"<p>Am 19. Januar hei\u00dft es, (f\u00fcr meine Verh\u00e4ltnisse) fr\u00fch aufstehen: Gegen 9:20 \u00fcberqueren wir wieder den Polarkreis, anschlie\u00dfend ist die s\u00fcdgehende Polarkreiszeremonie. So schaffe ich es bereits zum zweiten Mal auf dieser Fahrt rechtzeitig in den Fr\u00fchst\u00fccksraum&#8230; Hier gibt es wohl ein neues Fr\u00fchst\u00fcckskonzept; die O-Saft-Automaten wurden durch Glaskaraffen ersetzt. Ansonsten hat sich nicht viel ver\u00e4ndert.<\/p>\n<div id=\"attachment_4075\" style=\"width: 310px\" class=\"wp-caption alignleft\"><a href=\"http:\/\/kerste.de\/wp-content\/uploads\/2015\/12\/20160119-DSC_3788.jpg\" rel=\"attachment wp-att-4075\"><img loading=\"lazy\" decoding=\"async\" aria-describedby=\"caption-attachment-4075\" class=\"size-medium wp-image-4075\" src=\"https:\/\/kerste.de\/wp-content\/uploads\/2015\/12\/20160119-DSC_3788-300x200.jpg\" alt=\"\u00dcber den Polarkreis\" width=\"300\" height=\"200\" srcset=\"https:\/\/kerste.de\/wp-content\/uploads\/2015\/12\/20160119-DSC_3788-300x200.jpg 300w, https:\/\/kerste.de\/wp-content\/uploads\/2015\/12\/20160119-DSC_3788-768x512.jpg 768w, https:\/\/kerste.de\/wp-content\/uploads\/2015\/12\/20160119-DSC_3788.jpg 1024w\" sizes=\"auto, (max-width: 300px) 100vw, 300px\" \/><\/a><p id=\"caption-attachment-4075\" class=\"wp-caption-text\">\u00dcber den Polarkreis<\/p><\/div>\n<p>P\u00fcnktlich zur Polarkreispassage sind wir auf dem Umlaufdeck und nutzen die Zeit f\u00fcr ein Gruppenfoto des &#8220;Managements&#8221; (Reiseleiter und Lektoren), bevor die Wiking-Insel mit der Polarkreiskugel wieder einmal an Steuerbord an uns vorbei zieht.<\/p>\n<p>Anschlie\u00dfend ist volles Programm angesagt: Den Anfang macht die Polarkreiszeremonie mit Lebertran f\u00fcr alle. Nur, wer ihn auch wirklich schluckt, darf den L\u00f6ffel behalten. Die Reaktionen sind gemischt: Das Spektrum reicht von &#8220;Nur \u00fcber meine Leiche&#8221; bis hin zu &#8220;Der Energiekaffee war schlimmer.&#8221;<\/p>\n<p>Ab zehn Uhr startet der Briefmarkenverkauf, gleichzeitig signieren Kapit\u00e4n, Maschinenchef und Chefkoch B\u00fccher. Vielleicht sollte ich auch mal ein paar meiner B\u00fccher mit an Bord nehmen&#8230;<\/p>\n<p>Eine Stunde sp\u00e4ter, als wir f\u00fcr einen kurzen Halt in Nesna anlegen, gibt Heinz eine Infoveranstaltung f\u00fcr alle, die in Trondheim von Bord gehen. Da sind auch gleich die Infos f\u00fcr unsere Gruppe dabei, schlie\u00dflich stellen wir den L\u00f6wenanteil der deutschsprachigen G\u00e4ste auf der s\u00fcdgehenden Tour.<\/p>\n<div id=\"attachment_4083\" style=\"width: 310px\" class=\"wp-caption alignright\"><a href=\"http:\/\/kerste.de\/wp-content\/uploads\/2015\/12\/20160119-P1070531.jpg\" rel=\"attachment wp-att-4083\"><img loading=\"lazy\" decoding=\"async\" aria-describedby=\"caption-attachment-4083\" class=\"wp-image-4083 size-medium\" src=\"https:\/\/kerste.de\/wp-content\/uploads\/2015\/12\/20160119-P1070531-300x201.jpg\" alt=\"Vier der sieben Schwestern\" width=\"300\" height=\"201\" srcset=\"https:\/\/kerste.de\/wp-content\/uploads\/2015\/12\/20160119-P1070531-300x201.jpg 300w, https:\/\/kerste.de\/wp-content\/uploads\/2015\/12\/20160119-P1070531-768x514.jpg 768w, https:\/\/kerste.de\/wp-content\/uploads\/2015\/12\/20160119-P1070531.jpg 1024w\" sizes=\"auto, (max-width: 300px) 100vw, 300px\" \/><\/a><p id=\"caption-attachment-4083\" class=\"wp-caption-text\">So etwa vier der sieben Schwestern<\/p><\/div>\n<p>Wieder eine Stunde sp\u00e4ter gibt es schon Mittagessen, und um 12:30 halten wir kurz in Sandnessj\u00f8en. Nachdem wir den Hafen eine halbe Stunde sp\u00e4ter verlassen, kommt die beeindruckende Bergkette der Syv S\u00f8stre in Sicht. Sechs Gletscher bahnten sich hier einst ihren Weg und hinterlie\u00dfen eine Kette aus sieben Berggipfeln. Die sieben Schwestern sind heute sch\u00fcchtern: W\u00e4hrend der englischen Durchsage sind nur drei von ihnen zu sehen, w\u00e4hrend der deutschen Durchsage immerhin schon vier. Der Nebel, der zwischen den Bergen hindurch wallt, hat aber auch seinen Reiz und gibt dem ganzen einen mystischen Touch.<\/p>\n<div id=\"attachment_4084\" style=\"width: 310px\" class=\"wp-caption alignleft\"><a href=\"http:\/\/kerste.de\/wp-content\/uploads\/2015\/12\/20160119-P1070542.jpg\" rel=\"attachment wp-att-4084\"><img loading=\"lazy\" decoding=\"async\" aria-describedby=\"caption-attachment-4084\" class=\"size-medium wp-image-4084\" src=\"https:\/\/kerste.de\/wp-content\/uploads\/2015\/12\/20160119-P1070542-300x201.jpg\" alt=\"Vortrag im Panoramasalon\" width=\"300\" height=\"201\" srcset=\"https:\/\/kerste.de\/wp-content\/uploads\/2015\/12\/20160119-P1070542-300x201.jpg 300w, https:\/\/kerste.de\/wp-content\/uploads\/2015\/12\/20160119-P1070542-768x514.jpg 768w, https:\/\/kerste.de\/wp-content\/uploads\/2015\/12\/20160119-P1070542.jpg 1024w\" sizes=\"auto, (max-width: 300px) 100vw, 300px\" \/><\/a><p id=\"caption-attachment-4084\" class=\"wp-caption-text\">Vortrag im Panoramasalon<\/p><\/div>\n<p>Etwas sp\u00e4ter, gegen 14:30, belegen wir den Panoramasalon: Da die Konferenzr\u00e4ume immer noch belegt sind, findet unser Abschlussvortrag heute im Panoramasalon statt. Das ist nicht ganz optimal, da die St\u00fchle einerseits ziemlich bequem sind und andererseits nicht alle auf die Leinwand ausgerichtet sind, aber immerhin haben wir einen ungew\u00f6hnlichen Ort f\u00fcr eine Reise durch 40.000 Jahre Menschheitsgeschichte mit Sagen und Legenden.<\/p>\n<p>Der n\u00e4chste Hafen ist Br\u00f8nn\u00f8ysund, ber\u00fchmt f\u00fcr das beste Eis. Hier investiere ich meine letzten Kronen in drei Kugeln Eis im Becher, garniert mit einer Eist\u00fcte. Den gez\u00fcckten Kameras zufolge war das eine gute Wahl \u2013 mal sehen, wie oft mein Essen jetzt auf Facebook landet.<\/p>\n<div id=\"attachment_4087\" style=\"width: 310px\" class=\"wp-caption alignright\"><a href=\"http:\/\/kerste.de\/wp-content\/uploads\/2015\/12\/20160119-P1070611.jpg\" rel=\"attachment wp-att-4087\"><img loading=\"lazy\" decoding=\"async\" aria-describedby=\"caption-attachment-4087\" class=\"size-medium wp-image-4087\" src=\"https:\/\/kerste.de\/wp-content\/uploads\/2015\/12\/20160119-P1070611-300x201.jpg\" alt=\"Panik in Br\u00f8nn\u00f8ysund\" width=\"300\" height=\"201\" srcset=\"https:\/\/kerste.de\/wp-content\/uploads\/2015\/12\/20160119-P1070611-300x201.jpg 300w, https:\/\/kerste.de\/wp-content\/uploads\/2015\/12\/20160119-P1070611-768x514.jpg 768w, https:\/\/kerste.de\/wp-content\/uploads\/2015\/12\/20160119-P1070611.jpg 1024w\" sizes=\"auto, (max-width: 300px) 100vw, 300px\" \/><\/a><p id=\"caption-attachment-4087\" class=\"wp-caption-text\">Panik in Br\u00f8nn\u00f8ysund<\/p><\/div>\n<p>Und dann bricht Panik aus: Die Gangway wird eingefahren! Dabei ist es noch gar nicht 17:00 Uhr&#8230; Neben uns Lektoren stehten aber auch einige von der Crew am Kai, w\u00e4hrend Heinz aus seinem B\u00fcro winkt. Wenig sp\u00e4ter k\u00f6nnen wir wieder an Bord: Manchmal muss die Gangway an Ebbe und Flut angepasst werden. Trotzdem ist es ein seltsames Gef\u00fchl, das von au\u00dfen zu beobachten&#8230;<\/p>\n<p>Direkt nach der Abfahrt geben wir unseren Abschied: Mit einem Glas Sekt und sch\u00f6nen Worten verabschieden wir uns schon einmal von unseren G\u00e4sten, und Volker hat eine Pr\u00e4sentation vorbereitet, in der er mit vielen Bildern die Reise noch einmal Revue passieren l\u00e4sst.<\/p>\n<div id=\"attachment_4088\" style=\"width: 310px\" class=\"wp-caption alignleft\"><a href=\"http:\/\/kerste.de\/wp-content\/uploads\/2015\/12\/20160119-P1070622.jpg\" rel=\"attachment wp-att-4088\"><img loading=\"lazy\" decoding=\"async\" aria-describedby=\"caption-attachment-4088\" class=\"size-medium wp-image-4088\" src=\"https:\/\/kerste.de\/wp-content\/uploads\/2015\/12\/20160119-P1070622-300x201.jpg\" alt=\"Wir sagen Adieu, Dankesch\u00f6n und Auf Wiedersehen\" width=\"300\" height=\"201\" srcset=\"https:\/\/kerste.de\/wp-content\/uploads\/2015\/12\/20160119-P1070622-300x201.jpg 300w, https:\/\/kerste.de\/wp-content\/uploads\/2015\/12\/20160119-P1070622-768x514.jpg 768w, https:\/\/kerste.de\/wp-content\/uploads\/2015\/12\/20160119-P1070622.jpg 1024w\" sizes=\"auto, (max-width: 300px) 100vw, 300px\" \/><\/a><p id=\"caption-attachment-4088\" class=\"wp-caption-text\">Wir sagen Adieu, Dankesch\u00f6n und Auf Wiedersehen<\/p><\/div>\n<p>Vor der Bildershow gibt es noch eine \u00dcberraschung von unserer Gruppe: Yvonne und Georg bedanken sich mit einem Gedicht bei uns und lassen anschlie\u00dfend den Hut f\u00fcr uns rumgehen \u2013 <em>das <\/em>hatten wir auch noch nicht! An dieser Stelle noch einmal an ganz herzliches Danke an alle, die ihren Teil dazu beigetragen haben, aus dieser Reise ein unvergessliches Erlebnis zu machen. Dazu geh\u00f6ren n\u00e4mlich nicht nur ein sch\u00f6nes Schiff, gutes Wetter, der spielerisch-faszinierende Tanz der Aurora und die Arbeit von uns Lektoren und Reiseleitern vor und hinter den Kulissen, sondern immer auch die G\u00e4ste \u2013 mit einer netten Gruppe macht viel mehr Spa\u00df, und so wird das wirklich zur viel beworbenen Sch\u00f6nsten Seereise der Welt. Vielen Dank f\u00fcr die sch\u00f6ne Zeit und alles rund herum!<\/p>\n<p>Aber die Hurtigrute w\u00e4re nicht die Hurtigrute, wenn wir nicht gleich hurtig zum n\u00e4chsten Event m\u00fcssten: Nach der Bildershow wartet Heinz am anderen Ende des Schiffs im Restaurant auf uns. Das ber\u00fchmte Captain&#8217;s Dinner steht an, oder wie es auf der Hurtigrute treffender hei\u00dft: Das Farewell Dinner. Da viele G\u00e4ste das Schiff schon in Trondheim verlassen und nicht bis Bergen fahren, sagen die Offiziere heute schon auf Wiedersehen.<\/p>\n<div id=\"attachment_4089\" style=\"width: 310px\" class=\"wp-caption alignright\"><a href=\"http:\/\/kerste.de\/wp-content\/uploads\/2015\/12\/20160119-P1070625.jpg\" rel=\"attachment wp-att-4089\"><img loading=\"lazy\" decoding=\"async\" aria-describedby=\"caption-attachment-4089\" class=\"size-medium wp-image-4089\" src=\"https:\/\/kerste.de\/wp-content\/uploads\/2015\/12\/20160119-P1070625-300x201.jpg\" alt=\"Farewell-Dinner\" width=\"300\" height=\"201\" srcset=\"https:\/\/kerste.de\/wp-content\/uploads\/2015\/12\/20160119-P1070625-300x201.jpg 300w, https:\/\/kerste.de\/wp-content\/uploads\/2015\/12\/20160119-P1070625-768x514.jpg 768w, https:\/\/kerste.de\/wp-content\/uploads\/2015\/12\/20160119-P1070625.jpg 1024w\" sizes=\"auto, (max-width: 300px) 100vw, 300px\" \/><\/a><p id=\"caption-attachment-4089\" class=\"wp-caption-text\">Farewell-Dinner<\/p><\/div>\n<p>Das Dinner findet in recht legerem Rahmen statt, hier gibt es noch einmal die Chance, die Crew kennen zu lernen und sich \u00fcber das Trinkgeld Gedanken zu machen. Wie es auf der letzten Tour so sch\u00f6n hie\u00df, wird Trinkgeld in Norwegen nicht erwartet, aber akzeptiert. Da die Crew nicht nur im Servicebereich die 22-t\u00e4gige Schicht wirklich hart durcharbeiten muss (auf den kleineren Schiffen noch mehr als auf denen der Millenium-Generation mit gr\u00f6\u00dferer Crew), ist die Anerkennung durchaus gerechtfertigt, auch wenn in Norwegen noch L\u00f6hne \u00fcblich sind, von denen man leben kann. So wird verhindert, dass irgendwann nur Dienst nach Vorschrift gemacht wird. Aber auch ein einfaches Tusen Takk wird gerne geh\u00f6rt. Das Trinkgeld f\u00fcr die Crew wird in einer alten Postbox am Restauranteingang gesammelt und dann gleichm\u00e4\u00dfig verteilt \u2013 so erhalten auch die ihren Anteil, die unterwegs von Bord gegangen sind. Nur ein Teil der Besatzung wechselt in Bergen, andere steigen an ihren jeweiligen Wohnorten zu. Daher bringt es nichts, am Ende der Fahrt Geld in der Kabine liegen zu lassen \u2013 eventuell sammelt das dann die externe Putzmannschaft ein, die bei Bedarf kurz vor Bergen zusteigt und aufr\u00e4umt.<\/p>\n<p>\u00dcbrigens noch ein Tipp f\u00fcr Reisen in s\u00fcdliche L\u00e4nder: Ruhig im Hotel am Anfang des Aufenthalts Trinkgeld geben \u2013 so wird das Personal vorher motiviert, und in manchen L\u00e4ndern sind ein paar Euro viel Geld. In Norwegen merkt man dagegen schon eher, dass Deutschland Billiglohnland ist \u2013 sp\u00e4testens, wenn im Lauf der Nacht die Kreditkartenabrechnung f\u00fcr die Reise an der T\u00fcr h\u00e4ngt&#8230;<\/p>\n<div id=\"attachment_4091\" style=\"width: 310px\" class=\"wp-caption alignleft\"><a href=\"http:\/\/kerste.de\/wp-content\/uploads\/2015\/12\/20160119-P1070642.jpg\" rel=\"attachment wp-att-4091\"><img loading=\"lazy\" decoding=\"async\" aria-describedby=\"caption-attachment-4091\" class=\"size-medium wp-image-4091\" src=\"https:\/\/kerste.de\/wp-content\/uploads\/2015\/12\/20160119-P1070642-300x201.jpg\" alt=\"Die Lofoten legt an.\" width=\"300\" height=\"201\" srcset=\"https:\/\/kerste.de\/wp-content\/uploads\/2015\/12\/20160119-P1070642-300x201.jpg 300w, https:\/\/kerste.de\/wp-content\/uploads\/2015\/12\/20160119-P1070642-768x514.jpg 768w, https:\/\/kerste.de\/wp-content\/uploads\/2015\/12\/20160119-P1070642.jpg 1024w\" sizes=\"auto, (max-width: 300px) 100vw, 300px\" \/><\/a><p id=\"caption-attachment-4091\" class=\"wp-caption-text\">Die Lofoten legt an.<\/p><\/div>\n<p>Nach dem Abendessen steht nur noch ein Punkt auf der Liste: Die MS Lofoten in R\u00f8rvik. Wir begegnen der alten Dame im Schneesturm und k\u00f6nnen ihr beim Anlegen zuschauen. Das ist eine echte Zeitreise, wenn auch eine gef\u00e4hrliche: Inn dem Pulverschnee am Kai hat man zwar guten Halt, rutscht dann aber mitsamt dem Schnee \u00fcber das darunterliegende Eis. Eieiei.<\/p>\n<p>Der schwarze Rumpf der Lofoten mit ihren wei\u00dfen Aufbauten bietet einen herrlichen Anblick, wie er aus der Dunkelheit auftaucht und in R\u00f8rvik anlegt. So stellt man sich die klassische Postschiffe vor, und von den 1950er bis in 1980er\/90er Jahre war das der Standard. Die Lofoten geh\u00f6rt zu den Nachkriegsschiffen, die speziell f\u00fcr die Hurtigrute gebaut wurden. Vorher war praktisch jedes gerade verf\u00fcgbare Schiff auf Tour, relativ unabh\u00e4ngig von Tonnage und Geschwindigkeit. Erst nach dem Krieg wurden einheitliche Schiffe speziell f\u00fcr die Hurtigrute gebaut, darunter die Lofoten und die zweite Finnmarken, die heute in Stokmarknes (hoffentlich) vor dem Verfall gerettet wird, aber auch die <a href=\"http:\/\/www.nostalgische-postschiffreisen.de\/index.php\/ms-nordstjernen.html\">Nordstjernen<\/a>, die heute vor allem in der Ostsee unterwegs ist, oder die <a href=\"https:\/\/www.youtube.com\/watch?v=ygD3h-iCu8w\" target=\"_blank\">Kong Olav<\/a>, die gerade in Asien verrottet. Wer eine Reise auf der Lofoten bucht, muss wissen, worauf er sich einl\u00e4sst \u2013 und tats\u00e4chlich hat dieses Mal keiner der Lofoten-Passagiere Interesse daran, das &#8220;Kreuzfahrtschiff Finnmarken&#8221; zu besuchen. Die Lofoten bietet noch echte Seefahrt.<\/p>\n<p>Zu den sympatischen Eigenheiten der Hurtigrute geh\u00f6rt \u00fcbrigens, dass die Durchsagen immer noch von echten Menschen gemacht werden. Ich wei\u00df nicht, welcher Bl\u00f6dsinn mir auf dieser Fahrt am besten gefiel:<\/p>\n<ul>\n<li>&#8220;The north-southbound Hurtigrute MS Finnmarken is ready for departure&#8221; (kam \u00f6fter)<\/li>\n<li>Norwegisches Blabla, gefolgt von kurzem Schweigen und einem &#8220;Ups&#8221;<\/li>\n<li>oder doch das &#8220;Southbound Hurtigrute MS Kong Harald&#8230; MS Finnmarken is ready for departure&#8221;, das wir in R\u00f8rvik h\u00f6ren?<\/li>\n<\/ul>\n<div id=\"attachment_4101\" style=\"width: 310px\" class=\"wp-caption alignright\"><a href=\"http:\/\/kerste.de\/wp-content\/uploads\/2015\/12\/20160119-P1070711.jpg\" rel=\"attachment wp-att-4101\"><img loading=\"lazy\" decoding=\"async\" aria-describedby=\"caption-attachment-4101\" class=\"wp-image-4101 size-medium\" src=\"https:\/\/kerste.de\/wp-content\/uploads\/2015\/12\/20160119-P1070711-300x201.jpg\" alt=\"Wellenbad...\" width=\"300\" height=\"201\" srcset=\"https:\/\/kerste.de\/wp-content\/uploads\/2015\/12\/20160119-P1070711-300x201.jpg 300w, https:\/\/kerste.de\/wp-content\/uploads\/2015\/12\/20160119-P1070711-768x514.jpg 768w, https:\/\/kerste.de\/wp-content\/uploads\/2015\/12\/20160119-P1070711.jpg 1024w\" sizes=\"auto, (max-width: 300px) 100vw, 300px\" \/><\/a><p id=\"caption-attachment-4101\" class=\"wp-caption-text\">Wellenbad&#8230;<\/p><\/div>\n<p>Wie auch immer, die Finnmarken \u00fcbersteht die kurze Umtaufe in Kong Harald unbeschadet, und wir setzen zur Reise \u00fcber die Folda an. Eineinhalb Stunden offener See bescheren uns einen leichten Wellengang, der aber soweit ich das sehen kann keinem Probleme macht \u2013 das gro\u00dfe Schiff schluckt die Wellen gut, und echter Seegang ist ohnehin etwas anderes. Wer den sehen will, muss zum Pool gehen: Dort schlagen die Wellen fast bis zur Decke. Nennt mich Feigling, aber ich streiche meine Hoffnung auf einen Poolbesuch f\u00fcr diese Reise endg\u00fcltig. Wer heute flieht und rennt von hinnen, kann ein andermal gewinnen&#8230;<\/p>\n<p>Im Video kann man vielleicht nachvollziehen, warum ich lieber die Herbstst\u00fcrme abwarte:<\/p>\n<p><iframe loading=\"lazy\" src=\"https:\/\/player.vimeo.com\/video\/152753895\" width=\"500\" height=\"281\" frameborder=\"0\" allowfullscreen=\"allowfullscreen\"><\/iframe><\/p>\n<div class=\"shariff shariff-align-left shariff-widget-align-left\"><ul class=\"shariff-buttons theme-white orientation-horizontal buttonsize-small\"><li class=\"shariff-button twitter shariff-nocustomcolor\" style=\"background-color:#595959\"><a href=\"https:\/\/twitter.com\/share?url=https%3A%2F%2Fkerste.de%2F%3Fp%3D4160&text=Tag%2010%3A%20Von%20den%207%20Schwestern%20zur%20Lofoten\" title=\"Bei X teilen\" aria-label=\"Bei X teilen\" role=\"button\" rel=\"noopener nofollow\" class=\"shariff-link\" style=\"; background-color:#000; color:#000\" target=\"_blank\"><span class=\"shariff-icon\" style=\"fill:#000\"><svg width=\"32px\" height=\"20px\" xmlns=\"http:\/\/www.w3.org\/2000\/svg\" viewBox=\"0 0 24 24\"><path fill=\"#000\" d=\"M14.258 10.152L23.176 0h-2.113l-7.747 8.813L7.133 0H0l9.352 13.328L0 23.973h2.113l8.176-9.309 6.531 9.309h7.133zm-2.895 3.293l-.949-1.328L2.875 1.56h3.246l6.086 8.523.945 1.328 7.91 11.078h-3.246zm0 0\"\/><\/svg><\/span><span class=\"shariff-text\" style=\"color:#000\">teilen<\/span>&nbsp;<\/a><\/li><li class=\"shariff-button facebook shariff-nocustomcolor\" style=\"background-color:#4273c8\"><a href=\"https:\/\/www.facebook.com\/sharer\/sharer.php?u=https%3A%2F%2Fkerste.de%2F%3Fp%3D4160\" title=\"Bei Facebook teilen\" aria-label=\"Bei Facebook teilen\" role=\"button\" rel=\"nofollow\" class=\"shariff-link\" style=\"; background-color:#3b5998; color:#3b5998\" target=\"_blank\"><span class=\"shariff-icon\" style=\"fill:#3b5998\"><svg width=\"32px\" height=\"20px\" xmlns=\"http:\/\/www.w3.org\/2000\/svg\" viewBox=\"0 0 18 32\"><path fill=\"#3b5998\" d=\"M17.1 0.2v4.7h-2.8q-1.5 0-2.1 0.6t-0.5 1.9v3.4h5.2l-0.7 5.3h-4.5v13.6h-5.5v-13.6h-4.5v-5.3h4.5v-3.9q0-3.3 1.9-5.2t5-1.8q2.6 0 4.1 0.2z\"\/><\/svg><\/span><span class=\"shariff-text\" style=\"color:#3b5998\">teilen<\/span>&nbsp;<\/a><\/li><li class=\"shariff-button tumblr shariff-nocustomcolor\" style=\"background-color:#529ecc\"><a href=\"https:\/\/www.tumblr.com\/widgets\/share\/tool?posttype=link&canonicalUrl=https%3A%2F%2Fkerste.de%2F%3Fp%3D4160&tags=kerste.de\" title=\"Bei tumblr teilen\" aria-label=\"Bei tumblr teilen\" role=\"button\" rel=\"noopener nofollow\" class=\"shariff-link\" style=\"; background-color:#36465d; color:#36465d\" target=\"_blank\"><span class=\"shariff-icon\" style=\"fill:#36465d\"><svg width=\"32px\" height=\"20px\" xmlns=\"http:\/\/www.w3.org\/2000\/svg\" viewBox=\"0 0 32 32\"><path fill=\"#36465d\" d=\"M18 14l0 7.3c0 1.9 0 2.9 0.2 3.5 0.2 0.5 0.7 1.1 1.2 1.4 0.7 0.4 1.5 0.6 2.4 0.6 1.6 0 2.6-0.2 4.2-1.3v4.8c-1.4 0.6-2.6 1-3.7 1.3-1.1 0.3-2.3 0.4-3.6 0.4-1.5 0-2.3-0.2-3.4-0.6-1.1-0.4-2.1-0.9-2.9-1.6-0.8-0.7-1.3-1.4-1.7-2.2s-0.5-1.9-0.5-3.4v-11.2h-4.3v-4.5c1.3-0.4 2.7-1 3.6-1.8 0.9-0.8 1.6-1.7 2.2-2.7 0.5-1.1 0.9-2.4 1.1-4.1h5.2l0 8h8v6h-8z\"\/><\/svg><\/span><span class=\"shariff-text\" style=\"color:#36465d\">teilen<\/span>&nbsp;<\/a><\/li><li class=\"shariff-button info shariff-nocustomcolor\" style=\"background-color:#a8a8a8\"><a href=\"http:\/\/ct.de\/-2467514\" title=\"Weitere Informationen\" aria-label=\"Weitere Informationen\" role=\"button\" rel=\"noopener \" class=\"shariff-link\" style=\"; background-color:#999; color:#999\" target=\"_blank\"><span class=\"shariff-icon\" style=\"fill:#999\"><svg width=\"32px\" height=\"20px\" xmlns=\"http:\/\/www.w3.org\/2000\/svg\" viewBox=\"0 0 11 32\"><path fill=\"#999\" d=\"M11.4 24v2.3q0 0.5-0.3 0.8t-0.8 0.4h-9.1q-0.5 0-0.8-0.4t-0.4-0.8v-2.3q0-0.5 0.4-0.8t0.8-0.4h1.1v-6.8h-1.1q-0.5 0-0.8-0.4t-0.4-0.8v-2.3q0-0.5 0.4-0.8t0.8-0.4h6.8q0.5 0 0.8 0.4t0.4 0.8v10.3h1.1q0.5 0 0.8 0.4t0.3 0.8zM9.2 3.4v3.4q0 0.5-0.4 0.8t-0.8 0.4h-4.6q-0.4 0-0.8-0.4t-0.4-0.8v-3.4q0-0.4 0.4-0.8t0.8-0.4h4.6q0.5 0 0.8 0.4t0.4 0.8z\"\/><\/svg><\/span><\/a><\/li><\/ul><\/div>","protected":false},"excerpt":{"rendered":"<p>Am 19. Januar hei\u00dft es, (f\u00fcr meine Verh\u00e4ltnisse) fr\u00fch aufstehen: Gegen 9:20 \u00fcberqueren wir wieder den Polarkreis, anschlie\u00dfend ist die s\u00fcdgehende Polarkreiszeremonie. So schaffe ich es bereits zum zweiten Mal auf dieser Fahrt rechtzeitig in den Fr\u00fchst\u00fccksraum&#8230; Hier gibt es wohl ein neues Fr\u00fchst\u00fcckskonzept; die O-Saft-Automaten wurden durch Glaskaraffen ersetzt. Ansonsten hat sich nicht viel [&hellip;]<\/p>\n","protected":false},"author":1,"featured_media":0,"comment_status":"open","ping_status":"open","sticky":false,"template":"","format":"standard","meta":{"footnotes":""},"categories":[270],"tags":[291,292,197],"class_list":["post-4160","post","type-post","status-publish","format-standard","hentry","category-hurtigruten-2016-grp100","tag-bronnoysund","tag-eis","tag-ms-lofoten"],"_links":{"self":[{"href":"https:\/\/kerste.de\/index.php?rest_route=\/wp\/v2\/posts\/4160","targetHints":{"allow":["GET"]}}],"collection":[{"href":"https:\/\/kerste.de\/index.php?rest_route=\/wp\/v2\/posts"}],"about":[{"href":"https:\/\/kerste.de\/index.php?rest_route=\/wp\/v2\/types\/post"}],"author":[{"embeddable":true,"href":"https:\/\/kerste.de\/index.php?rest_route=\/wp\/v2\/users\/1"}],"replies":[{"embeddable":true,"href":"https:\/\/kerste.de\/index.php?rest_route=%2Fwp%2Fv2%2Fcomments&post=4160"}],"version-history":[{"count":5,"href":"https:\/\/kerste.de\/index.php?rest_route=\/wp\/v2\/posts\/4160\/revisions"}],"predecessor-version":[{"id":4173,"href":"https:\/\/kerste.de\/index.php?rest_route=\/wp\/v2\/posts\/4160\/revisions\/4173"}],"wp:attachment":[{"href":"https:\/\/kerste.de\/index.php?rest_route=%2Fwp%2Fv2%2Fmedia&parent=4160"}],"wp:term":[{"taxonomy":"category","embeddable":true,"href":"https:\/\/kerste.de\/index.php?rest_route=%2Fwp%2Fv2%2Fcategories&post=4160"},{"taxonomy":"post_tag","embeddable":true,"href":"https:\/\/kerste.de\/index.php?rest_route=%2Fwp%2Fv2%2Ftags&post=4160"}],"curies":[{"name":"wp","href":"https:\/\/api.w.org\/{rel}","templated":true}]}}