{"id":281,"date":"2014-03-06T16:09:12","date_gmt":"2014-03-06T15:09:12","guid":{"rendered":"http:\/\/kerste.de\/?p=281"},"modified":"2014-03-11T21:44:48","modified_gmt":"2014-03-11T20:44:48","slug":"hurtigruten-tag-5-polarkreis-sonne-wikinger-und-trollfjord","status":"publish","type":"post","link":"https:\/\/kerste.de\/?p=281","title":{"rendered":"Hurtigruten Tag 5 \u2013 Polarkreis, Sonne, Wikinger und Trollfjord"},"content":{"rendered":"<p>Die Kabinen in den Hurtigrutenschiffen haben keine Fenster zu \u00f6ffnen, daf\u00fcr eine Klimaanlage, die trockene Luft produziert. Tipp von Tour Guide Marko: Ein Handtuch nassmachen und auswringen, danach kann es als Luftbefeuchter dienen. Ein Glas Wasser irgendwo hinzustellen ist auf einem Schiff keine besonders gute Idee. Aber das Handtuch funktioniert gut.<\/p>\n<p>Ebenfalls keine gute Idee: Nur auf das WLAN des Schiffs zu vertrauen. Internet geht zwar ganz gut (vor allem nach Mitternacht, wenn die meisten im Bett sind und man die Verbindung f\u00fcr sich alleine hat), aber EMail abrufen geht \u00fcberhaupt nicht. Die L\u00f6sung: Der Weekpass der Telekom, um f\u00fcr l\u00e4ppische 15 Euro online gehen zu k\u00f6nnen. Zum Gl\u00fcck ist man mittlerweile das norwegische Preisniveau gewohnt.<\/p>\n<p>Das Highlight of the Day ist am 25. Februar die \u00dcberquerung des Polarkreises um 7:12 Uhr. Es hei\u00dft also fr\u00fch aufstehen, wenn man die Insel mit der Weltkugel links am Schiff vorbeiziehen sehen will.<\/p>\n<div id=\"attachment_282\" style=\"width: 1034px\" class=\"wp-caption aligncenter\"><a href=\"http:\/\/kerste.de\/wp-content\/uploads\/2014\/03\/Polarkreis.jpg\"><img loading=\"lazy\" decoding=\"async\" aria-describedby=\"caption-attachment-282\" class=\"size-full wp-image-282\" alt=\"Am Horizont: Die Insel mit dem Polarkreismonument. Auf Deck 7 war's eng, Deck 5 d\u00fcrfte frei gewesen sein...\" src=\"https:\/\/kerste.de\/wp-content\/uploads\/2014\/03\/Polarkreis.jpg\" width=\"1024\" height=\"683\" srcset=\"https:\/\/kerste.de\/wp-content\/uploads\/2014\/03\/Polarkreis.jpg 1024w, https:\/\/kerste.de\/wp-content\/uploads\/2014\/03\/Polarkreis-300x200.jpg 300w\" sizes=\"auto, (max-width: 1024px) 100vw, 1024px\" \/><\/a><p id=\"caption-attachment-282\" class=\"wp-caption-text\">Am Horizont: Die Insel mit dem Polarkreismonument. Auf Deck 7 war&#8217;s eng, Deck 5 d\u00fcrfte frei gewesen sein&#8230;<\/p><\/div>\n<div id=\"attachment_283\" style=\"width: 221px\" class=\"wp-caption alignright\"><a href=\"http:\/\/kerste.de\/wp-content\/uploads\/2014\/03\/Polarkreis-Monument.jpg\"><img loading=\"lazy\" decoding=\"async\" aria-describedby=\"caption-attachment-283\" class=\"size-medium wp-image-283\" alt=\"Die Weltkugel, die den Polarkreis markiert.\" src=\"https:\/\/kerste.de\/wp-content\/uploads\/2014\/03\/Polarkreis-Monument-211x300.jpg\" width=\"211\" height=\"300\" srcset=\"https:\/\/kerste.de\/wp-content\/uploads\/2014\/03\/Polarkreis-Monument-211x300.jpg 211w, https:\/\/kerste.de\/wp-content\/uploads\/2014\/03\/Polarkreis-Monument.jpg 300w\" sizes=\"auto, (max-width: 211px) 100vw, 211px\" \/><\/a><p id=\"caption-attachment-283\" class=\"wp-caption-text\">Die Weltkugel, die den Polarkreis markiert.<\/p><\/div>\n<p>Trotz der K\u00e4lte gibt es Gedr\u00e4nge auf dem Schiff, jeder will ein Foto &#8211; was bei dem D\u00e4mmerlicht nicht ganz einfach ist; viele Bilder werden noch am selben Tag wieder gel\u00f6scht. Das Schiffshorn k\u00fcndet die Passage an, und kurz darauf verlassen die Fotografen die Reling \u2013 es ist wieder Platz, um in aller Ruhe die zur\u00fcckbleibende Kugel zu fotografieren. Das Begr\u00fc\u00dfungsgetr\u00e4nk zum Aufw\u00e4rmen und Wachwerden zieht die Meute nun mehr an als die beleuchtete Kugel.<\/p>\n<p>Die sch\u00f6ne Landschaft, an der wir jenseits des Polarkreises entlang fahren, genie\u00dfen wir dann in aller Ruhe vom Fr\u00fchst\u00fccksbuffet aus. Schon eine Stunde sp\u00e4ter gibt&#8217;s den n\u00e4chsten Foto-Termin, als uns die MS Nordnorge entgegenkommt.<\/p>\n<p>Damit auch ja keiner zur Ruhe kommt, steht um 9:30 dann das h\u00fcbsche \u00d6rtchen \u00d8rnes auf dem Programm, bei dem wir allerdings nicht aussteigen \u2013 der Aufenthalt ist kurz.<\/p>\n<div id=\"attachment_284\" style=\"width: 1034px\" class=\"wp-caption aligncenter\"><a href=\"http:\/\/kerste.de\/wp-content\/uploads\/2014\/03\/Oernes.jpg\"><img loading=\"lazy\" decoding=\"async\" aria-describedby=\"caption-attachment-284\" class=\"size-full wp-image-284\" alt=\"Der Hafen von \u00d8rnes.\" src=\"https:\/\/kerste.de\/wp-content\/uploads\/2014\/03\/Oernes.jpg\" width=\"1024\" height=\"683\" srcset=\"https:\/\/kerste.de\/wp-content\/uploads\/2014\/03\/Oernes.jpg 1024w, https:\/\/kerste.de\/wp-content\/uploads\/2014\/03\/Oernes-300x200.jpg 300w\" sizes=\"auto, (max-width: 1024px) 100vw, 1024px\" \/><\/a><p id=\"caption-attachment-284\" class=\"wp-caption-text\">Der Hafen von \u00d8rnes.<\/p><\/div>\n<p>\u00dcbrigens ist es immer noch nicht kalt: obwohl Winter ist, hat auch Norwegen 2014 nicht besonders viel Schnee abgekriegt. Die Temperaturen sind frisch, aber nicht unertr\u00e4glich. Aber damit damit keinem zu warm wird, steht kurz nach zehn die Polarkreistaufe an, mit Eisw\u00fcrfeln in den Nacken und einem Schnaps hinterher, anschlie\u00dfen Fototermin mit K\u00f6nig Neptun (auch wenn Nj\u00f8rd die Urkunde unterschrieben hat).<\/p>\n<div id=\"attachment_285\" style=\"width: 310px\" class=\"wp-caption alignleft\"><a href=\"http:\/\/kerste.de\/wp-content\/uploads\/2014\/03\/Neptun.jpg\"><img loading=\"lazy\" decoding=\"async\" aria-describedby=\"caption-attachment-285\" class=\"size-medium wp-image-285\" alt=\"Fototermin mit Neptun (der aus gutem Grund verkleidet ist...)\" src=\"https:\/\/kerste.de\/wp-content\/uploads\/2014\/03\/Neptun-300x200.jpg\" width=\"300\" height=\"200\" srcset=\"https:\/\/kerste.de\/wp-content\/uploads\/2014\/03\/Neptun-300x200.jpg 300w, https:\/\/kerste.de\/wp-content\/uploads\/2014\/03\/Neptun.jpg 600w\" sizes=\"auto, (max-width: 300px) 100vw, 300px\" \/><\/a><p id=\"caption-attachment-285\" class=\"wp-caption-text\">Fototermin mit Neptun (der aus gutem Grund verkleidet ist&#8230;)<\/p><\/div>\n<p>Tipp: Wer als letzter dran ist, erh\u00e4lt alles \u00fcbriggebliebene Eis. Ideal f\u00fcr alle, denen doch noch zu warm ist&#8230;<\/p>\n<p>Auf den n\u00e4chsten H\u00f6hepunkt verzichtete ich wieder: Die Fahrt zum Saltstr\u00f8men d\u00fcrfte zwar ganz nett sein und das Fliegereimuseum von Bod\u00f8 auch, aber da die Stadt im Krieg v\u00f6llig zerst\u00f6rt wurde und heute eher zweckm\u00e4\u00dfig als sch\u00f6n ist, verbrachte ich den Aufenthalt in Bod\u00f8 lieber damit, den Vortrag nochmal aufzupolieren.<\/p>\n<p>Die gute Neuigkeit des Tages: Mittlerweile waren endlich alle Koffer aufgetaucht, und jetzt konnten alle die Reise entspannt antreten. Irgendwo hinter \u00d8rnes war auch die Sonne erstmals aufgetaucht \u2013 ganz passend, da die Sonne auch das Thema des heutigen Vortrags war. &#8220;Der Stern von dem wir leben&#8221; hat ja einiges zu bieten, und diesmal gab es auch keinen anschlie\u00dfenden Fototermin, sodass danach noch die Chance f\u00fcr eine Fragerunde bestand. Hier kam auch mein kleines Handspektroskop zum Einsatz.<\/p>\n<p>Heute Abend durfte es aber keine Polarlichter geben: Volker und ich waren beide auf dem Lofotr-Wikingerfest, das auch von all denen genossen wurde, die beim Essen Probleme mit dem schwankenden Schiff hatten. Nach einer l\u00e4ngeren Busfahrt begr\u00fc\u00dfte uns ein Wikingerh\u00e4uptling in einem an historischer Stelle wieder errichteten Langhaus, und ein Fest wurde nachgespielt \u2013 inclusive den Versuche, seinen Sohn zu verheiraten und den Sklave zu verkaufen. Nette Show, gutes Essen und leckeres Met, und auch der Tanz war ganz witzig (wenn auch unkoordiniert, und einige G\u00e4ste hatten sich gedr\u00fcckt).<\/p>\n<div id=\"attachment_286\" style=\"width: 1034px\" class=\"wp-caption aligncenter\"><a href=\"http:\/\/kerste.de\/wp-content\/uploads\/2014\/03\/Wikinger-Fest.jpg\"><img loading=\"lazy\" decoding=\"async\" aria-describedby=\"caption-attachment-286\" class=\"size-full wp-image-286\" alt=\"Auf dem Lofotr Wikingerfest.\" src=\"https:\/\/kerste.de\/wp-content\/uploads\/2014\/03\/Wikinger-Fest.jpg\" width=\"1024\" height=\"683\" srcset=\"https:\/\/kerste.de\/wp-content\/uploads\/2014\/03\/Wikinger-Fest.jpg 1024w, https:\/\/kerste.de\/wp-content\/uploads\/2014\/03\/Wikinger-Fest-300x200.jpg 300w\" sizes=\"auto, (max-width: 1024px) 100vw, 1024px\" \/><\/a><p id=\"caption-attachment-286\" class=\"wp-caption-text\">Auf dem Lofotr Wikingerfest.<\/p><\/div>\n<p>Schade war nur, dass wir nur eine Stunde Zeit hatten \u2013 schlie\u00dflich mussten wir das Schiff in Svolv\u00e6r erwischen. Da ein Engl\u00e4nder wohl seine Kamera am Festbankett vergessen hatte (auch wenn sie nicht wiedergefunden wurde), hatten wir trotzdem leichte Versp\u00e4tung. Aber wir kamen fast in dem Moment an, als Marko durchsagte, dass das Schiff ausnahmsweise auf uns warten w\u00fcrde. Daher legten wir doch noch p\u00fcnktlich ab.<\/p>\n<p>Ach ja, freudige \u00dcberraschung: Auf der Fahrt zum Bus und am Langhaus hatten wir einige Sterne gesehen; am Schiff standen aber wieder Wolken und keine Polarlichter am Himmel. Trotzdem waren etwa eine halbe Stunde vor Mitternacht alle an Deck: Der ber\u00fchmte Trollfjord stand auf dem Programm. Er sollte vom Schiff beleuchtet werden, au\u00dferdem konnte man bei Marko einen Voucher f\u00fcr einen Magic Drink auf Deck 7 erwerben \u2013 zusammen mit einer Trolltasse. Nach einer R\u00fccksprache mit Angelika hatten wir die Info, dass der Fjord am Bug am besten zu sehen sein sollte. Dummerweise hatte das niemand dem K\u00e4ptn gesagt, und so dr\u00e4ngten sich einige am Bug, w\u00e4hrend die Scheinwerfer ziellos in der Gegend herum fuhren und Felsen sowie kleine Eisschollen beleuchteten \u2013 die Fahrt in den Fjord ist im Winter zu gef\u00e4hrlich, da Eis oder Gestein auf das Schiff st\u00fcrzen kann.<\/p>\n<div id=\"attachment_287\" style=\"width: 1034px\" class=\"wp-caption aligncenter\"><a href=\"http:\/\/kerste.de\/wp-content\/uploads\/2014\/03\/Nicht-der-Trollfjord.jpg\"><img loading=\"lazy\" decoding=\"async\" aria-describedby=\"caption-attachment-287\" class=\"size-full wp-image-287\" alt=\"Das war nicht der Trollfjord, der hier beleuchtet wurde.\" src=\"https:\/\/kerste.de\/wp-content\/uploads\/2014\/03\/Nicht-der-Trollfjord.jpg\" width=\"1024\" height=\"683\" srcset=\"https:\/\/kerste.de\/wp-content\/uploads\/2014\/03\/Nicht-der-Trollfjord.jpg 1024w, https:\/\/kerste.de\/wp-content\/uploads\/2014\/03\/Nicht-der-Trollfjord-300x200.jpg 300w\" sizes=\"auto, (max-width: 1024px) 100vw, 1024px\" \/><\/a><p id=\"caption-attachment-287\" class=\"wp-caption-text\">Das war nicht der Trollfjord, der hier beleuchtet wurde.<\/p><\/div>\n<p>Die Show war wohl eindeutig f\u00fcr die zahlenden G\u00e4ste auf dem Sonnendeck und nicht f\u00fcr die frierenden am Bug. Immerhin: Als das Schiff dann wendete, konnten wir doch noch einen Blick auf den Eingang zum Trollfjord erhaschen. Ohne Schiffsbeleuchtung. Und damit hatten wir f\u00fcr heute genug gesehen.<\/p>\n<div id=\"attachment_288\" style=\"width: 1034px\" class=\"wp-caption aligncenter\"><a href=\"http:\/\/kerste.de\/wp-content\/uploads\/2014\/03\/Trollfjord-erster-Versuch.jpg\"><img loading=\"lazy\" decoding=\"async\" aria-describedby=\"caption-attachment-288\" class=\"size-full wp-image-288\" alt=\"Trollfjord, 1. Versuch\" src=\"https:\/\/kerste.de\/wp-content\/uploads\/2014\/03\/Trollfjord-erster-Versuch.jpg\" width=\"1024\" height=\"683\" srcset=\"https:\/\/kerste.de\/wp-content\/uploads\/2014\/03\/Trollfjord-erster-Versuch.jpg 1024w, https:\/\/kerste.de\/wp-content\/uploads\/2014\/03\/Trollfjord-erster-Versuch-300x200.jpg 300w\" sizes=\"auto, (max-width: 1024px) 100vw, 1024px\" \/><\/a><p id=\"caption-attachment-288\" class=\"wp-caption-text\">Trollfjord, 1. Versuch<\/p><\/div>\n<div class=\"shariff shariff-align-left shariff-widget-align-left\"><ul class=\"shariff-buttons theme-white orientation-horizontal buttonsize-small\"><li class=\"shariff-button twitter shariff-nocustomcolor\" style=\"background-color:#595959\"><a href=\"https:\/\/twitter.com\/share?url=https%3A%2F%2Fkerste.de%2F%3Fp%3D281&text=Hurtigruten%20Tag%205%20%E2%80%93%20Polarkreis%2C%20Sonne%2C%20Wikinger%20und%20Trollfjord\" title=\"Bei X teilen\" aria-label=\"Bei X teilen\" role=\"button\" rel=\"noopener nofollow\" class=\"shariff-link\" style=\"; background-color:#000; color:#000\" target=\"_blank\"><span class=\"shariff-icon\" style=\"fill:#000\"><svg width=\"32px\" height=\"20px\" xmlns=\"http:\/\/www.w3.org\/2000\/svg\" viewBox=\"0 0 24 24\"><path fill=\"#000\" d=\"M14.258 10.152L23.176 0h-2.113l-7.747 8.813L7.133 0H0l9.352 13.328L0 23.973h2.113l8.176-9.309 6.531 9.309h7.133zm-2.895 3.293l-.949-1.328L2.875 1.56h3.246l6.086 8.523.945 1.328 7.91 11.078h-3.246zm0 0\"\/><\/svg><\/span><span class=\"shariff-text\" style=\"color:#000\">teilen<\/span>&nbsp;<\/a><\/li><li class=\"shariff-button facebook shariff-nocustomcolor\" style=\"background-color:#4273c8\"><a href=\"https:\/\/www.facebook.com\/sharer\/sharer.php?u=https%3A%2F%2Fkerste.de%2F%3Fp%3D281\" title=\"Bei Facebook teilen\" aria-label=\"Bei Facebook teilen\" role=\"button\" rel=\"nofollow\" class=\"shariff-link\" style=\"; background-color:#3b5998; color:#3b5998\" target=\"_blank\"><span class=\"shariff-icon\" style=\"fill:#3b5998\"><svg width=\"32px\" height=\"20px\" xmlns=\"http:\/\/www.w3.org\/2000\/svg\" viewBox=\"0 0 18 32\"><path fill=\"#3b5998\" d=\"M17.1 0.2v4.7h-2.8q-1.5 0-2.1 0.6t-0.5 1.9v3.4h5.2l-0.7 5.3h-4.5v13.6h-5.5v-13.6h-4.5v-5.3h4.5v-3.9q0-3.3 1.9-5.2t5-1.8q2.6 0 4.1 0.2z\"\/><\/svg><\/span><span class=\"shariff-text\" style=\"color:#3b5998\">teilen<\/span>&nbsp;<\/a><\/li><li class=\"shariff-button tumblr shariff-nocustomcolor\" style=\"background-color:#529ecc\"><a href=\"https:\/\/www.tumblr.com\/widgets\/share\/tool?posttype=link&canonicalUrl=https%3A%2F%2Fkerste.de%2F%3Fp%3D281&tags=kerste.de\" title=\"Bei tumblr teilen\" aria-label=\"Bei tumblr teilen\" role=\"button\" rel=\"noopener nofollow\" class=\"shariff-link\" style=\"; background-color:#36465d; color:#36465d\" target=\"_blank\"><span class=\"shariff-icon\" style=\"fill:#36465d\"><svg width=\"32px\" height=\"20px\" xmlns=\"http:\/\/www.w3.org\/2000\/svg\" viewBox=\"0 0 32 32\"><path fill=\"#36465d\" d=\"M18 14l0 7.3c0 1.9 0 2.9 0.2 3.5 0.2 0.5 0.7 1.1 1.2 1.4 0.7 0.4 1.5 0.6 2.4 0.6 1.6 0 2.6-0.2 4.2-1.3v4.8c-1.4 0.6-2.6 1-3.7 1.3-1.1 0.3-2.3 0.4-3.6 0.4-1.5 0-2.3-0.2-3.4-0.6-1.1-0.4-2.1-0.9-2.9-1.6-0.8-0.7-1.3-1.4-1.7-2.2s-0.5-1.9-0.5-3.4v-11.2h-4.3v-4.5c1.3-0.4 2.7-1 3.6-1.8 0.9-0.8 1.6-1.7 2.2-2.7 0.5-1.1 0.9-2.4 1.1-4.1h5.2l0 8h8v6h-8z\"\/><\/svg><\/span><span class=\"shariff-text\" style=\"color:#36465d\">teilen<\/span>&nbsp;<\/a><\/li><li class=\"shariff-button info shariff-nocustomcolor\" style=\"background-color:#a8a8a8\"><a href=\"http:\/\/ct.de\/-2467514\" title=\"Weitere Informationen\" aria-label=\"Weitere Informationen\" role=\"button\" rel=\"noopener \" class=\"shariff-link\" style=\"; background-color:#999; color:#999\" target=\"_blank\"><span class=\"shariff-icon\" style=\"fill:#999\"><svg width=\"32px\" height=\"20px\" xmlns=\"http:\/\/www.w3.org\/2000\/svg\" viewBox=\"0 0 11 32\"><path fill=\"#999\" d=\"M11.4 24v2.3q0 0.5-0.3 0.8t-0.8 0.4h-9.1q-0.5 0-0.8-0.4t-0.4-0.8v-2.3q0-0.5 0.4-0.8t0.8-0.4h1.1v-6.8h-1.1q-0.5 0-0.8-0.4t-0.4-0.8v-2.3q0-0.5 0.4-0.8t0.8-0.4h6.8q0.5 0 0.8 0.4t0.4 0.8v10.3h1.1q0.5 0 0.8 0.4t0.3 0.8zM9.2 3.4v3.4q0 0.5-0.4 0.8t-0.8 0.4h-4.6q-0.4 0-0.8-0.4t-0.4-0.8v-3.4q0-0.4 0.4-0.8t0.8-0.4h4.6q0.5 0 0.8 0.4t0.4 0.8z\"\/><\/svg><\/span><\/a><\/li><\/ul><\/div>","protected":false},"excerpt":{"rendered":"<p>Die Kabinen in den Hurtigrutenschiffen haben keine Fenster zu \u00f6ffnen, daf\u00fcr eine Klimaanlage, die trockene Luft produziert. Tipp von Tour Guide Marko: Ein Handtuch nassmachen und auswringen, danach kann es als Luftbefeuchter dienen. Ein Glas Wasser irgendwo hinzustellen ist auf einem Schiff keine besonders gute Idee. Aber das Handtuch funktioniert gut. Ebenfalls keine gute Idee: [&hellip;]<\/p>\n","protected":false},"author":1,"featured_media":0,"comment_status":"open","ping_status":"open","sticky":false,"template":"","format":"standard","meta":{"footnotes":""},"categories":[1,73],"tags":[65,15,61,48,66],"class_list":["post-281","post","type-post","status-publish","format-standard","hentry","category-allgemein","category-hurtigruten-2014","tag-bodo","tag-hurtigruten","tag-ms-nordkapp","tag-nordlicht-und-sterne","tag-trollfjord"],"_links":{"self":[{"href":"https:\/\/kerste.de\/index.php?rest_route=\/wp\/v2\/posts\/281","targetHints":{"allow":["GET"]}}],"collection":[{"href":"https:\/\/kerste.de\/index.php?rest_route=\/wp\/v2\/posts"}],"about":[{"href":"https:\/\/kerste.de\/index.php?rest_route=\/wp\/v2\/types\/post"}],"author":[{"embeddable":true,"href":"https:\/\/kerste.de\/index.php?rest_route=\/wp\/v2\/users\/1"}],"replies":[{"embeddable":true,"href":"https:\/\/kerste.de\/index.php?rest_route=%2Fwp%2Fv2%2Fcomments&post=281"}],"version-history":[{"count":3,"href":"https:\/\/kerste.de\/index.php?rest_route=\/wp\/v2\/posts\/281\/revisions"}],"predecessor-version":[{"id":294,"href":"https:\/\/kerste.de\/index.php?rest_route=\/wp\/v2\/posts\/281\/revisions\/294"}],"wp:attachment":[{"href":"https:\/\/kerste.de\/index.php?rest_route=%2Fwp%2Fv2%2Fmedia&parent=281"}],"wp:term":[{"taxonomy":"category","embeddable":true,"href":"https:\/\/kerste.de\/index.php?rest_route=%2Fwp%2Fv2%2Fcategories&post=281"},{"taxonomy":"post_tag","embeddable":true,"href":"https:\/\/kerste.de\/index.php?rest_route=%2Fwp%2Fv2%2Ftags&post=281"}],"curies":[{"name":"wp","href":"https:\/\/api.w.org\/{rel}","templated":true}]}}