{"id":2784,"date":"2015-11-09T13:39:55","date_gmt":"2015-11-09T11:39:55","guid":{"rendered":"http:\/\/kerste.de\/?p=2784"},"modified":"2015-11-09T13:39:55","modified_gmt":"2015-11-09T11:39:55","slug":"tag-5-tromso","status":"publish","type":"post","link":"https:\/\/kerste.de\/?p=2784","title":{"rendered":"Tag 5: Troms\u00f8"},"content":{"rendered":"<div id=\"attachment_2791\" style=\"width: 310px\" class=\"wp-caption alignleft\"><a href=\"http:\/\/kerste.de\/wp-content\/uploads\/2015\/11\/20151107-DSC_2307.jpg\"><img loading=\"lazy\" decoding=\"async\" aria-describedby=\"caption-attachment-2791\" class=\"size-medium wp-image-2791\" src=\"https:\/\/kerste.de\/wp-content\/uploads\/2015\/11\/20151107-DSC_2307-300x200.jpg\" alt=\"Finnsnes, rechts im Hintergrund die Gisund-Br\u00fccke.\" width=\"300\" height=\"200\" srcset=\"https:\/\/kerste.de\/wp-content\/uploads\/2015\/11\/20151107-DSC_2307-300x200.jpg 300w, https:\/\/kerste.de\/wp-content\/uploads\/2015\/11\/20151107-DSC_2307.jpg 1024w\" sizes=\"auto, (max-width: 300px) 100vw, 300px\" \/><\/a><p id=\"caption-attachment-2791\" class=\"wp-caption-text\">Finnsnes, rechts im Hintergrund die Gisund-Br\u00fccke.<\/p><\/div>\n<p>Dinge, die ich regelm\u00e4\u00dfig verpasse, Teil 2: Harstad am Morgen. Die Trondenes-Kirche kenne ich daher nur von Land, von der Vester\u00e5len-Rundfahrt, daher aber sogar von innen \u2013 mit dem Schiff fahren wir ja zum Gl\u00fcck nur an ihr vorbei. Der erste Hafen, den ich wach mitkriege, ist immer Finnsnes. Ein h\u00fcbscher kleiner Ort mit einer gro\u00dfen Br\u00fccke, unter der unser Schiffchen aber noch gut hindurch passt. Zu den Dingen, die mich in Norwegen immer faszinieren, geh\u00f6ren die Ver\u00e4nderungen in der Sprache. Vor 100 Jahren waren Schreibweisen wie Finsnes statt Finnsnes und Aalesund statt \u00c5lesund noch \u00fcblich. Im Schiffsshop und im Hurtigrutenmuseum gibt es ein paar gute B\u00fccher zur Geschichte des Coastal Express, die auch Bilder der alten H\u00e4fen zeigen.<\/p>\n<p>Die Route von Finnsnes nordw\u00e4rts ist wundersch\u00f6n und f\u00fchrt an puderbezuckerten Bergen vorbei, auch das Wetter spielt mit. So geh\u00f6rt sich Norwegen.<\/p>\n\n\t\t<style type=\"text\/css\">\n\t\t\t#gallery-1 {\n\t\t\t\tmargin: auto;\n\t\t\t}\n\t\t\t#gallery-1 .gallery-item {\n\t\t\t\tfloat: left;\n\t\t\t\tmargin-top: 10px;\n\t\t\t\ttext-align: center;\n\t\t\t\twidth: 33%;\n\t\t\t}\n\t\t\t#gallery-1 img {\n\t\t\t\tborder: 2px solid #cfcfcf;\n\t\t\t}\n\t\t\t#gallery-1 .gallery-caption {\n\t\t\t\tmargin-left: 0;\n\t\t\t}\n\t\t\t\/* see gallery_shortcode() in wp-includes\/media.php *\/\n\t\t<\/style>\n\t\t<div id='gallery-1' class='gallery galleryid-2784 gallery-columns-3 gallery-size-thumbnail'><dl class='gallery-item'>\n\t\t\t<dt class='gallery-icon landscape'>\n\t\t\t\t<a href='https:\/\/kerste.de\/?attachment_id=2793#main'><img loading=\"lazy\" decoding=\"async\" width=\"150\" height=\"150\" src=\"https:\/\/kerste.de\/wp-content\/uploads\/2015\/11\/20151107-DSC_2300-150x150.jpg\" class=\"attachment-thumbnail size-thumbnail\" alt=\"\" aria-describedby=\"gallery-1-2793\" \/><\/a>\n\t\t\t<\/dt>\n\t\t\t\t<dd class='wp-caption-text gallery-caption' id='gallery-1-2793'>\n\t\t\t\tEinfach nur sch\u00f6n.\n\t\t\t\t<\/dd><\/dl><dl class='gallery-item'>\n\t\t\t<dt class='gallery-icon landscape'>\n\t\t\t\t<a href='https:\/\/kerste.de\/?attachment_id=2794#main'><img loading=\"lazy\" decoding=\"async\" width=\"150\" height=\"150\" src=\"https:\/\/kerste.de\/wp-content\/uploads\/2015\/11\/20151107-DSC_2302-150x150.jpg\" class=\"attachment-thumbnail size-thumbnail\" alt=\"\" \/><\/a>\n\t\t\t<\/dt><\/dl><dl class='gallery-item'>\n\t\t\t<dt class='gallery-icon landscape'>\n\t\t\t\t<a href='https:\/\/kerste.de\/?attachment_id=2795#main'><img loading=\"lazy\" decoding=\"async\" width=\"150\" height=\"150\" src=\"https:\/\/kerste.de\/wp-content\/uploads\/2015\/11\/20151107-DSC_2305-150x150.jpg\" class=\"attachment-thumbnail size-thumbnail\" alt=\"\" aria-describedby=\"gallery-1-2795\" \/><\/a>\n\t\t\t<\/dt>\n\t\t\t\t<dd class='wp-caption-text gallery-caption' id='gallery-1-2795'>\n\t\t\t\tFinnsnes\n\t\t\t\t<\/dd><\/dl><br style=\"clear: both\" \/>\n\t\t<\/div>\n\n<p>Das Highlight des Tages ist nat\u00fcrlich Troms\u00f8, das &#8220;Paris des Nordens&#8221;. Sp\u00e4testens seit dem Briefing gestern Abend ist es offiziell, dass die Schlittenhundetour nicht stattfindet: Zu wenig Schnee. Das war ja auch Ende letzten Novembers schon das Problem, als ich f\u00fcr ein paar Tage zum Polarlichtgucken hier oben war und die Stadt ganz gut kennen lernte.<\/p>\n<p>Es ist gut, dass die Tour abgesagt wird \u2013 eine Schlittenhundetour durch den Matsch macht auch keinen Spa\u00df. Der Vorschlag f\u00fcr die Alternativtour <em>5x: Gassi mit Husky<\/em> wird auch nicht umgesetzt&#8230; F\u00fcr mich stand aber ohnehin ein straffes Alternativprogramm an: Erst in das Hotel, das f\u00fcr Silvester gebucht ist (Parkpl\u00e4tze und hei\u00dfes Wasser reservieren), dann in die Buchhandlungen zu Souvenirs kaufen (<a href=\"http:\/\/www.nemi.no\" target=\"_blank\">Nemi-Comics<\/a> \u2013 kein schlechter Einstieg, um die Sprache zu lernen), anschlie\u00dfend zur Touri-Info, dann ins Nestrada-Einkaufszentrum (diesmal erfolglos) und zwischendrin immer wieder die Beute auf&#8217;s Schiff bringen.<\/p>\n\n\t\t<style type=\"text\/css\">\n\t\t\t#gallery-2 {\n\t\t\t\tmargin: auto;\n\t\t\t}\n\t\t\t#gallery-2 .gallery-item {\n\t\t\t\tfloat: left;\n\t\t\t\tmargin-top: 10px;\n\t\t\t\ttext-align: center;\n\t\t\t\twidth: 33%;\n\t\t\t}\n\t\t\t#gallery-2 img {\n\t\t\t\tborder: 2px solid #cfcfcf;\n\t\t\t}\n\t\t\t#gallery-2 .gallery-caption {\n\t\t\t\tmargin-left: 0;\n\t\t\t}\n\t\t\t\/* see gallery_shortcode() in wp-includes\/media.php *\/\n\t\t<\/style>\n\t\t<div id='gallery-2' class='gallery galleryid-2784 gallery-columns-3 gallery-size-thumbnail'><dl class='gallery-item'>\n\t\t\t<dt class='gallery-icon landscape'>\n\t\t\t\t<a href='https:\/\/kerste.de\/?attachment_id=2796#main'><img loading=\"lazy\" decoding=\"async\" width=\"150\" height=\"150\" src=\"https:\/\/kerste.de\/wp-content\/uploads\/2015\/11\/20151107-P1030778-150x150.jpg\" class=\"attachment-thumbnail size-thumbnail\" alt=\"\" aria-describedby=\"gallery-2-2796\" \/><\/a>\n\t\t\t<\/dt>\n\t\t\t\t<dd class='wp-caption-text gallery-caption' id='gallery-2-2796'>\n\t\t\t\tKurs auf Troms\u00f8.\n\t\t\t\t<\/dd><\/dl><dl class='gallery-item'>\n\t\t\t<dt class='gallery-icon landscape'>\n\t\t\t\t<a href='https:\/\/kerste.de\/?attachment_id=2797#main'><img loading=\"lazy\" decoding=\"async\" width=\"150\" height=\"150\" src=\"https:\/\/kerste.de\/wp-content\/uploads\/2015\/11\/20151107-P1030783-150x150.jpg\" class=\"attachment-thumbnail size-thumbnail\" alt=\"\" aria-describedby=\"gallery-2-2797\" \/><\/a>\n\t\t\t<\/dt>\n\t\t\t\t<dd class='wp-caption-text gallery-caption' id='gallery-2-2797'>\n\t\t\t\tEin Blick zur\u00fcck.\n\t\t\t\t<\/dd><\/dl><dl class='gallery-item'>\n\t\t\t<dt class='gallery-icon landscape'>\n\t\t\t\t<a href='https:\/\/kerste.de\/?attachment_id=2798#main'><img loading=\"lazy\" decoding=\"async\" width=\"150\" height=\"150\" src=\"https:\/\/kerste.de\/wp-content\/uploads\/2015\/11\/20151107-P1030788-150x150.jpg\" class=\"attachment-thumbnail size-thumbnail\" alt=\"\" aria-describedby=\"gallery-2-2798\" \/><\/a>\n\t\t\t<\/dt>\n\t\t\t\t<dd class='wp-caption-text gallery-caption' id='gallery-2-2798'>\n\t\t\t\tDie Eismeerkathedrale\n\t\t\t\t<\/dd><\/dl><br style=\"clear: both\" \/><dl class='gallery-item'>\n\t\t\t<dt class='gallery-icon landscape'>\n\t\t\t\t<a href='https:\/\/kerste.de\/?attachment_id=2799#main'><img loading=\"lazy\" decoding=\"async\" width=\"150\" height=\"150\" src=\"https:\/\/kerste.de\/wp-content\/uploads\/2015\/11\/20151107-P1030804-150x150.jpg\" class=\"attachment-thumbnail size-thumbnail\" alt=\"\" aria-describedby=\"gallery-2-2799\" \/><\/a>\n\t\t\t<\/dt>\n\t\t\t\t<dd class='wp-caption-text gallery-caption' id='gallery-2-2799'>\n\t\t\t\tDie beheizte Einkaufsstra\u00dfe.\n\t\t\t\t<\/dd><\/dl><dl class='gallery-item'>\n\t\t\t<dt class='gallery-icon landscape'>\n\t\t\t\t<a href='https:\/\/kerste.de\/?attachment_id=2800#main'><img loading=\"lazy\" decoding=\"async\" width=\"150\" height=\"150\" src=\"https:\/\/kerste.de\/wp-content\/uploads\/2015\/11\/20151107-P1030807-150x150.jpg\" class=\"attachment-thumbnail size-thumbnail\" alt=\"\" aria-describedby=\"gallery-2-2800\" \/><\/a>\n\t\t\t<\/dt>\n\t\t\t\t<dd class='wp-caption-text gallery-caption' id='gallery-2-2800'>\n\t\t\t\tEiner meiner Lieblingsbuchl\u00e4den.\n\t\t\t\t<\/dd><\/dl><dl class='gallery-item'>\n\t\t\t<dt class='gallery-icon landscape'>\n\t\t\t\t<a href='https:\/\/kerste.de\/?attachment_id=2801#main'><img loading=\"lazy\" decoding=\"async\" width=\"150\" height=\"150\" src=\"https:\/\/kerste.de\/wp-content\/uploads\/2015\/11\/20151107-P1030809-150x150.jpg\" class=\"attachment-thumbnail size-thumbnail\" alt=\"\" aria-describedby=\"gallery-2-2801\" \/><\/a>\n\t\t\t<\/dt>\n\t\t\t\t<dd class='wp-caption-text gallery-caption' id='gallery-2-2801'>\n\t\t\t\tRathaus\/Bibliothek f\u00fcgen sich harmonisch in das Stadtbild ein.\n\t\t\t\t<\/dd><\/dl><br style=\"clear: both\" \/><dl class='gallery-item'>\n\t\t\t<dt class='gallery-icon portrait'>\n\t\t\t\t<a href='https:\/\/kerste.de\/?attachment_id=2802#main'><img loading=\"lazy\" decoding=\"async\" width=\"150\" height=\"150\" src=\"https:\/\/kerste.de\/wp-content\/uploads\/2015\/11\/20151107-P1030812-150x150.jpg\" class=\"attachment-thumbnail size-thumbnail\" alt=\"\" aria-describedby=\"gallery-2-2802\" \/><\/a>\n\t\t\t<\/dt>\n\t\t\t\t<dd class='wp-caption-text gallery-caption' id='gallery-2-2802'>\n\t\t\t\tDie Domkirke&#8230;\n\t\t\t\t<\/dd><\/dl><dl class='gallery-item'>\n\t\t\t<dt class='gallery-icon landscape'>\n\t\t\t\t<a href='https:\/\/kerste.de\/?attachment_id=2803#main'><img loading=\"lazy\" decoding=\"async\" width=\"150\" height=\"150\" src=\"https:\/\/kerste.de\/wp-content\/uploads\/2015\/11\/20151107-P1030814-150x150.jpg\" class=\"attachment-thumbnail size-thumbnail\" alt=\"\" aria-describedby=\"gallery-2-2803\" \/><\/a>\n\t\t\t<\/dt>\n\t\t\t\t<dd class='wp-caption-text gallery-caption' id='gallery-2-2803'>\n\t\t\t\t&#8230;war leider geschlossen.\n\t\t\t\t<\/dd><\/dl><dl class='gallery-item'>\n\t\t\t<dt class='gallery-icon landscape'>\n\t\t\t\t<a href='https:\/\/kerste.de\/?attachment_id=2804#main'><img loading=\"lazy\" decoding=\"async\" width=\"150\" height=\"150\" src=\"https:\/\/kerste.de\/wp-content\/uploads\/2015\/11\/20151107-P1030818-150x150.jpg\" class=\"attachment-thumbnail size-thumbnail\" alt=\"\" aria-describedby=\"gallery-2-2804\" \/><\/a>\n\t\t\t<\/dt>\n\t\t\t\t<dd class='wp-caption-text gallery-caption' id='gallery-2-2804'>\n\t\t\t\tIrgendwann kaufe in Troms\u00f8s greatest Souvenirshop auch mal ein, ich seh&#8217;s schon kommen&#8230;\n\t\t\t\t<\/dd><\/dl><br style=\"clear: both\" \/>\n\t\t<\/div>\n\n<div id=\"attachment_2805\" style=\"width: 211px\" class=\"wp-caption alignright\"><a href=\"http:\/\/kerste.de\/wp-content\/uploads\/2015\/11\/20151107-P1030820.jpg\"><img loading=\"lazy\" decoding=\"async\" aria-describedby=\"caption-attachment-2805\" class=\"size-medium wp-image-2805\" src=\"https:\/\/kerste.de\/wp-content\/uploads\/2015\/11\/20151107-P1030820-201x300.jpg\" alt=\"Der FahrtkartenkonTroll. Gef\u00e4hrlich!\" width=\"201\" height=\"300\" srcset=\"https:\/\/kerste.de\/wp-content\/uploads\/2015\/11\/20151107-P1030820-201x300.jpg 201w, https:\/\/kerste.de\/wp-content\/uploads\/2015\/11\/20151107-P1030820.jpg 685w\" sizes=\"auto, (max-width: 201px) 100vw, 201px\" \/><\/a><p id=\"caption-attachment-2805\" class=\"wp-caption-text\">Der FahrtkartenkonTroll. Gef\u00e4hrlich!<\/p><\/div>\n<p>F\u00fcr Fotografie bleibt auch gen\u00fcgend Zeit. Da die Fjellheisen-Seilbahn auf den Storsteinen hinauf zurzeit geschlossen ist und erst im Fr\u00fchjahr irgendwann wieder \u00f6ffnet, war genug Zeit f\u00fcr alles. Es lohnt sich immer, auf die kleinen Details zu achten. Am Bus nach Alta warnt ein Aushang: Pass deg for billetkontroll \u2013 H\u00fcte dich vor dem Fahrkartenkon-Troll. Sehr nett.<\/p>\n<p>Ein anderer Punkt, der in Troms\u00f8 auch langsam zur Tradition wird: Essen gehen. Da das Wetter ganz brauchbar war, lie\u00df ich das Abendessen auf dem Schiff mal wieder ausfallen und stattete der Pastafabrikken einen Besuch ab. Die 14-Euro-Pizza geht schnell und ist okay, au\u00dferdem ist die Pastafabrikken nur wenige Minuten vom Schiff entfernt. Yonas Pizzeria w\u00e4re noch n\u00e4her (sie ist in einem der roten Geb\u00e4ude, die auf der Webcam vom Schiff immer zu sehen sind), aber da dauert es etwas l\u00e4nger \u2013 bessere Lage, mehr Kundschaft. Die Pastafabrikken ist etwa mit unserem Vapiano vergleichbar.<\/p>\n<p>Im Hafen waren schon die ersten schwachen Lichter \u00fcber dem Schiff zu sehen, daher hielt ich wieder Polarlichtwache. Die Weihnachtsbeleuchtung wurde \u00fcbrigens schon wieder abgebaut. Ich hoffe mal, nicht wegen mir&#8230; Trotzdem konnte ich unsere Leute in aller Ruhe essen lassen, diesmal musste ich keinen Streit mit dem Restaurantchef riskieren. Und im Lauf des Abends konnte die Aurora sich gegen die Wolken durchsetzen: Es war nicht die ganz gro\u00dfe Show, aber sie tanzte f\u00fcr uns, und mittlerweile glauben mir auch immer mehr, dass sie wirklich gr\u00fcn ist. Also ab mit der Nikon an die Reling und auf Intervallaufnahme gestellt.<\/p>\n\n\t\t<style type=\"text\/css\">\n\t\t\t#gallery-3 {\n\t\t\t\tmargin: auto;\n\t\t\t}\n\t\t\t#gallery-3 .gallery-item {\n\t\t\t\tfloat: left;\n\t\t\t\tmargin-top: 10px;\n\t\t\t\ttext-align: center;\n\t\t\t\twidth: 25%;\n\t\t\t}\n\t\t\t#gallery-3 img {\n\t\t\t\tborder: 2px solid #cfcfcf;\n\t\t\t}\n\t\t\t#gallery-3 .gallery-caption {\n\t\t\t\tmargin-left: 0;\n\t\t\t}\n\t\t\t\/* see gallery_shortcode() in wp-includes\/media.php *\/\n\t\t<\/style>\n\t\t<div id='gallery-3' class='gallery galleryid-2784 gallery-columns-4 gallery-size-thumbnail'><dl class='gallery-item'>\n\t\t\t<dt class='gallery-icon landscape'>\n\t\t\t\t<a href='https:\/\/kerste.de\/?attachment_id=2806#main'><img loading=\"lazy\" decoding=\"async\" width=\"150\" height=\"150\" src=\"https:\/\/kerste.de\/wp-content\/uploads\/2015\/11\/20151107-DSC_2600-150x150.jpg\" class=\"attachment-thumbnail size-thumbnail\" alt=\"\" \/><\/a>\n\t\t\t<\/dt><\/dl><dl class='gallery-item'>\n\t\t\t<dt class='gallery-icon landscape'>\n\t\t\t\t<a href='https:\/\/kerste.de\/?attachment_id=2807#main'><img loading=\"lazy\" decoding=\"async\" width=\"150\" height=\"150\" src=\"https:\/\/kerste.de\/wp-content\/uploads\/2015\/11\/20151107-DSC_2627-150x150.jpg\" class=\"attachment-thumbnail size-thumbnail\" alt=\"\" \/><\/a>\n\t\t\t<\/dt><\/dl><dl class='gallery-item'>\n\t\t\t<dt class='gallery-icon landscape'>\n\t\t\t\t<a href='https:\/\/kerste.de\/?attachment_id=2808#main'><img loading=\"lazy\" decoding=\"async\" width=\"150\" height=\"150\" src=\"https:\/\/kerste.de\/wp-content\/uploads\/2015\/11\/20151107-DSC_2822-150x150.jpg\" class=\"attachment-thumbnail size-thumbnail\" alt=\"\" \/><\/a>\n\t\t\t<\/dt><\/dl><dl class='gallery-item'>\n\t\t\t<dt class='gallery-icon landscape'>\n\t\t\t\t<a href='https:\/\/kerste.de\/?attachment_id=2809#main'><img loading=\"lazy\" decoding=\"async\" width=\"150\" height=\"150\" src=\"https:\/\/kerste.de\/wp-content\/uploads\/2015\/11\/20151107-DSC_2829-150x150.jpg\" class=\"attachment-thumbnail size-thumbnail\" alt=\"\" \/><\/a>\n\t\t\t<\/dt><\/dl><br style=\"clear: both\" \/>\n\t\t<\/div>\n\n<p>Die Farben waren nat\u00fcrlich nicht so intensiv wie auf diesen Bildern mit f\u00fcnf Sekunden Belichtungszeit, aber es war schon eindrucksvoller als in den letzten Tagen \u2013 langsam wird&#8217;s, und mit den Kameras gab&#8217;s auch keine Probleme mehr. Ebenso sch\u00f6n: Ich bin ja jetzt mit zwei Kameras unterwegs, und die kleine Panasonic LX-100 schl\u00e4gt sich sehr wacker \u2013 die n\u00e4chsten Bilder entstanden mit der &#8220;Kompaktknipse&#8221;:<\/p>\n\n\t\t<style type=\"text\/css\">\n\t\t\t#gallery-4 {\n\t\t\t\tmargin: auto;\n\t\t\t}\n\t\t\t#gallery-4 .gallery-item {\n\t\t\t\tfloat: left;\n\t\t\t\tmargin-top: 10px;\n\t\t\t\ttext-align: center;\n\t\t\t\twidth: 25%;\n\t\t\t}\n\t\t\t#gallery-4 img {\n\t\t\t\tborder: 2px solid #cfcfcf;\n\t\t\t}\n\t\t\t#gallery-4 .gallery-caption {\n\t\t\t\tmargin-left: 0;\n\t\t\t}\n\t\t\t\/* see gallery_shortcode() in wp-includes\/media.php *\/\n\t\t<\/style>\n\t\t<div id='gallery-4' class='gallery galleryid-2784 gallery-columns-4 gallery-size-thumbnail'><dl class='gallery-item'>\n\t\t\t<dt class='gallery-icon landscape'>\n\t\t\t\t<a href='https:\/\/kerste.de\/?attachment_id=2810#main'><img loading=\"lazy\" decoding=\"async\" width=\"150\" height=\"150\" src=\"https:\/\/kerste.de\/wp-content\/uploads\/2015\/11\/20151107-P1030860-150x150.jpg\" class=\"attachment-thumbnail size-thumbnail\" alt=\"\" \/><\/a>\n\t\t\t<\/dt><\/dl><dl class='gallery-item'>\n\t\t\t<dt class='gallery-icon landscape'>\n\t\t\t\t<a href='https:\/\/kerste.de\/?attachment_id=2811#main'><img loading=\"lazy\" decoding=\"async\" width=\"150\" height=\"150\" src=\"https:\/\/kerste.de\/wp-content\/uploads\/2015\/11\/20151107-P1030867-150x150.jpg\" class=\"attachment-thumbnail size-thumbnail\" alt=\"\" \/><\/a>\n\t\t\t<\/dt><\/dl><dl class='gallery-item'>\n\t\t\t<dt class='gallery-icon landscape'>\n\t\t\t\t<a href='https:\/\/kerste.de\/?attachment_id=2812#main'><img loading=\"lazy\" decoding=\"async\" width=\"150\" height=\"150\" src=\"https:\/\/kerste.de\/wp-content\/uploads\/2015\/11\/20151107-P1030878-150x150.jpg\" class=\"attachment-thumbnail size-thumbnail\" alt=\"\" \/><\/a>\n\t\t\t<\/dt><\/dl><dl class='gallery-item'>\n\t\t\t<dt class='gallery-icon landscape'>\n\t\t\t\t<a href='https:\/\/kerste.de\/?attachment_id=2813#main'><img loading=\"lazy\" decoding=\"async\" width=\"150\" height=\"150\" src=\"https:\/\/kerste.de\/wp-content\/uploads\/2015\/11\/20151107-P1030888-150x150.jpg\" class=\"attachment-thumbnail size-thumbnail\" alt=\"\" \/><\/a>\n\t\t\t<\/dt><\/dl><br style=\"clear: both\" \/><dl class='gallery-item'>\n\t\t\t<dt class='gallery-icon landscape'>\n\t\t\t\t<a href='https:\/\/kerste.de\/?attachment_id=2814#main'><img loading=\"lazy\" decoding=\"async\" width=\"150\" height=\"150\" src=\"https:\/\/kerste.de\/wp-content\/uploads\/2015\/11\/20151107-P1040002-150x150.jpg\" class=\"attachment-thumbnail size-thumbnail\" alt=\"\" \/><\/a>\n\t\t\t<\/dt><\/dl><dl class='gallery-item'>\n\t\t\t<dt class='gallery-icon portrait'>\n\t\t\t\t<a href='https:\/\/kerste.de\/?attachment_id=2815#main'><img loading=\"lazy\" decoding=\"async\" width=\"150\" height=\"150\" src=\"https:\/\/kerste.de\/wp-content\/uploads\/2015\/11\/20151107-P1040026-150x150.jpg\" class=\"attachment-thumbnail size-thumbnail\" alt=\"\" \/><\/a>\n\t\t\t<\/dt><\/dl><dl class='gallery-item'>\n\t\t\t<dt class='gallery-icon portrait'>\n\t\t\t\t<a href='https:\/\/kerste.de\/?attachment_id=2816#main'><img loading=\"lazy\" decoding=\"async\" width=\"150\" height=\"150\" src=\"https:\/\/kerste.de\/wp-content\/uploads\/2015\/11\/20151107-P1040028-150x150.jpg\" class=\"attachment-thumbnail size-thumbnail\" alt=\"\" \/><\/a>\n\t\t\t<\/dt><\/dl><dl class='gallery-item'>\n\t\t\t<dt class='gallery-icon landscape'>\n\t\t\t\t<a href='https:\/\/kerste.de\/?attachment_id=2817#main'><img loading=\"lazy\" decoding=\"async\" width=\"150\" height=\"150\" src=\"https:\/\/kerste.de\/wp-content\/uploads\/2015\/11\/20151107-P1040040-150x150.jpg\" class=\"attachment-thumbnail size-thumbnail\" alt=\"\" \/><\/a>\n\t\t\t<\/dt><\/dl><br style=\"clear: both\" \/>\n\t\t<\/div>\n\n<p>Das war doch schon mal ein sch\u00f6ner Tagesabschluss.<\/p>\n<p>Einen Lacher gab es noch gegen 21:00: Durch den verschobenen Fahrplan begegneten wir der MS Lofoten auf See. Wie \u00fcblich begr\u00fc\u00dften beide Schiffe sich mit dem Typhon. Als die Qu\u00e4ke der Lofoten auf das satte Tr\u00f6\u00f6\u00f6t der Nordkapp antwortete, ging bei uns an Deck das Gel\u00e4chter los.<\/p>\n<div class=\"shariff shariff-align-left shariff-widget-align-left\"><ul class=\"shariff-buttons theme-white orientation-horizontal buttonsize-small\"><li class=\"shariff-button twitter shariff-nocustomcolor\" style=\"background-color:#595959\"><a href=\"https:\/\/twitter.com\/share?url=https%3A%2F%2Fkerste.de%2F%3Fp%3D2784&text=Tag%205%3A%20Troms%C3%B8\" title=\"Bei X teilen\" aria-label=\"Bei X teilen\" role=\"button\" rel=\"noopener nofollow\" class=\"shariff-link\" style=\"; background-color:#000; color:#000\" target=\"_blank\"><span class=\"shariff-icon\" style=\"fill:#000\"><svg width=\"32px\" height=\"20px\" xmlns=\"http:\/\/www.w3.org\/2000\/svg\" viewBox=\"0 0 24 24\"><path fill=\"#000\" d=\"M14.258 10.152L23.176 0h-2.113l-7.747 8.813L7.133 0H0l9.352 13.328L0 23.973h2.113l8.176-9.309 6.531 9.309h7.133zm-2.895 3.293l-.949-1.328L2.875 1.56h3.246l6.086 8.523.945 1.328 7.91 11.078h-3.246zm0 0\"\/><\/svg><\/span><span class=\"shariff-text\" style=\"color:#000\">teilen<\/span>&nbsp;<\/a><\/li><li class=\"shariff-button facebook shariff-nocustomcolor\" style=\"background-color:#4273c8\"><a href=\"https:\/\/www.facebook.com\/sharer\/sharer.php?u=https%3A%2F%2Fkerste.de%2F%3Fp%3D2784\" title=\"Bei Facebook teilen\" aria-label=\"Bei Facebook teilen\" role=\"button\" rel=\"nofollow\" class=\"shariff-link\" style=\"; background-color:#3b5998; color:#3b5998\" target=\"_blank\"><span class=\"shariff-icon\" style=\"fill:#3b5998\"><svg width=\"32px\" height=\"20px\" xmlns=\"http:\/\/www.w3.org\/2000\/svg\" viewBox=\"0 0 18 32\"><path fill=\"#3b5998\" d=\"M17.1 0.2v4.7h-2.8q-1.5 0-2.1 0.6t-0.5 1.9v3.4h5.2l-0.7 5.3h-4.5v13.6h-5.5v-13.6h-4.5v-5.3h4.5v-3.9q0-3.3 1.9-5.2t5-1.8q2.6 0 4.1 0.2z\"\/><\/svg><\/span><span class=\"shariff-text\" style=\"color:#3b5998\">teilen<\/span>&nbsp;<\/a><\/li><li class=\"shariff-button tumblr shariff-nocustomcolor\" style=\"background-color:#529ecc\"><a href=\"https:\/\/www.tumblr.com\/widgets\/share\/tool?posttype=link&canonicalUrl=https%3A%2F%2Fkerste.de%2F%3Fp%3D2784&tags=kerste.de\" title=\"Bei tumblr teilen\" aria-label=\"Bei tumblr teilen\" role=\"button\" rel=\"noopener nofollow\" class=\"shariff-link\" style=\"; background-color:#36465d; color:#36465d\" target=\"_blank\"><span class=\"shariff-icon\" style=\"fill:#36465d\"><svg width=\"32px\" height=\"20px\" xmlns=\"http:\/\/www.w3.org\/2000\/svg\" viewBox=\"0 0 32 32\"><path fill=\"#36465d\" d=\"M18 14l0 7.3c0 1.9 0 2.9 0.2 3.5 0.2 0.5 0.7 1.1 1.2 1.4 0.7 0.4 1.5 0.6 2.4 0.6 1.6 0 2.6-0.2 4.2-1.3v4.8c-1.4 0.6-2.6 1-3.7 1.3-1.1 0.3-2.3 0.4-3.6 0.4-1.5 0-2.3-0.2-3.4-0.6-1.1-0.4-2.1-0.9-2.9-1.6-0.8-0.7-1.3-1.4-1.7-2.2s-0.5-1.9-0.5-3.4v-11.2h-4.3v-4.5c1.3-0.4 2.7-1 3.6-1.8 0.9-0.8 1.6-1.7 2.2-2.7 0.5-1.1 0.9-2.4 1.1-4.1h5.2l0 8h8v6h-8z\"\/><\/svg><\/span><span class=\"shariff-text\" style=\"color:#36465d\">teilen<\/span>&nbsp;<\/a><\/li><li class=\"shariff-button info shariff-nocustomcolor\" style=\"background-color:#a8a8a8\"><a href=\"http:\/\/ct.de\/-2467514\" title=\"Weitere Informationen\" aria-label=\"Weitere Informationen\" role=\"button\" rel=\"noopener \" class=\"shariff-link\" style=\"; background-color:#999; color:#999\" target=\"_blank\"><span class=\"shariff-icon\" style=\"fill:#999\"><svg width=\"32px\" height=\"20px\" xmlns=\"http:\/\/www.w3.org\/2000\/svg\" viewBox=\"0 0 11 32\"><path fill=\"#999\" d=\"M11.4 24v2.3q0 0.5-0.3 0.8t-0.8 0.4h-9.1q-0.5 0-0.8-0.4t-0.4-0.8v-2.3q0-0.5 0.4-0.8t0.8-0.4h1.1v-6.8h-1.1q-0.5 0-0.8-0.4t-0.4-0.8v-2.3q0-0.5 0.4-0.8t0.8-0.4h6.8q0.5 0 0.8 0.4t0.4 0.8v10.3h1.1q0.5 0 0.8 0.4t0.3 0.8zM9.2 3.4v3.4q0 0.5-0.4 0.8t-0.8 0.4h-4.6q-0.4 0-0.8-0.4t-0.4-0.8v-3.4q0-0.4 0.4-0.8t0.8-0.4h4.6q0.5 0 0.8 0.4t0.4 0.8z\"\/><\/svg><\/span><\/a><\/li><\/ul><\/div>","protected":false},"excerpt":{"rendered":"<p>Dinge, die ich regelm\u00e4\u00dfig verpasse, Teil 2: Harstad am Morgen. Die Trondenes-Kirche kenne ich daher nur von Land, von der Vester\u00e5len-Rundfahrt, daher aber sogar von innen \u2013 mit dem Schiff fahren wir ja zum Gl\u00fcck nur an ihr vorbei. Der erste Hafen, den ich wach mitkriege, ist immer Finnsnes. Ein h\u00fcbscher kleiner Ort mit einer [&hellip;]<\/p>\n","protected":false},"author":1,"featured_media":0,"comment_status":"open","ping_status":"open","sticky":false,"template":"","format":"standard","meta":{"footnotes":""},"categories":[244],"tags":[248,180,67],"class_list":["post-2784","post","type-post","status-publish","format-standard","hentry","category-hurtigruten-2015-grp105","tag-fahrkartenkontroll","tag-troll","tag-tromso"],"_links":{"self":[{"href":"https:\/\/kerste.de\/index.php?rest_route=\/wp\/v2\/posts\/2784","targetHints":{"allow":["GET"]}}],"collection":[{"href":"https:\/\/kerste.de\/index.php?rest_route=\/wp\/v2\/posts"}],"about":[{"href":"https:\/\/kerste.de\/index.php?rest_route=\/wp\/v2\/types\/post"}],"author":[{"embeddable":true,"href":"https:\/\/kerste.de\/index.php?rest_route=\/wp\/v2\/users\/1"}],"replies":[{"embeddable":true,"href":"https:\/\/kerste.de\/index.php?rest_route=%2Fwp%2Fv2%2Fcomments&post=2784"}],"version-history":[{"count":4,"href":"https:\/\/kerste.de\/index.php?rest_route=\/wp\/v2\/posts\/2784\/revisions"}],"predecessor-version":[{"id":2819,"href":"https:\/\/kerste.de\/index.php?rest_route=\/wp\/v2\/posts\/2784\/revisions\/2819"}],"wp:attachment":[{"href":"https:\/\/kerste.de\/index.php?rest_route=%2Fwp%2Fv2%2Fmedia&parent=2784"}],"wp:term":[{"taxonomy":"category","embeddable":true,"href":"https:\/\/kerste.de\/index.php?rest_route=%2Fwp%2Fv2%2Fcategories&post=2784"},{"taxonomy":"post_tag","embeddable":true,"href":"https:\/\/kerste.de\/index.php?rest_route=%2Fwp%2Fv2%2Ftags&post=2784"}],"curies":[{"name":"wp","href":"https:\/\/api.w.org\/{rel}","templated":true}]}}