{"id":19330,"date":"2026-03-02T14:01:20","date_gmt":"2026-03-02T13:01:20","guid":{"rendered":"https:\/\/kerste.de\/?p=19330"},"modified":"2026-03-05T23:01:32","modified_gmt":"2026-03-05T22:01:32","slug":"hurtigrute-tag-1-bergen-11","status":"publish","type":"post","link":"https:\/\/kerste.de\/?p=19330","title":{"rendered":"Hurtigrute Tag 1: Bergen"},"content":{"rendered":"<div class=\"wp-block-image\">\n<figure class=\"alignright size-medium\"><a href=\"https:\/\/kerste.de\/?attachment_id=19345#main\"><img loading=\"lazy\" decoding=\"async\" width=\"300\" height=\"225\" src=\"https:\/\/kerste.de\/wp-content\/uploads\/2026\/03\/2026-03-05-19h-11m-IMG_2692-300x225.jpg\" alt=\"\" class=\"wp-image-19345\" srcset=\"https:\/\/kerste.de\/wp-content\/uploads\/2026\/03\/2026-03-05-19h-11m-IMG_2692-300x225.jpg 300w, https:\/\/kerste.de\/wp-content\/uploads\/2026\/03\/2026-03-05-19h-11m-IMG_2692-768x576.jpg 768w, https:\/\/kerste.de\/wp-content\/uploads\/2026\/03\/2026-03-05-19h-11m-IMG_2692.jpg 1024w\" sizes=\"auto, (max-width: 300px) 100vw, 300px\" \/><\/a><figcaption class=\"wp-element-caption\"><em>Der Tagesplan<\/em><\/figcaption><\/figure>\n<\/div>\n\n\n<p>Seit November ist eigentlich gar nicht so viel Zeit vergangen, als ich das letzte Mal auf der Hurtigrute wurde war, aber die Welt wird anscheinend immer verr\u00fcckter. Es sind wahrlich interessante Zeiten geworden, in denen wir auf einmal leben \u2013 da tut es gut, rauszukommen und noch einmal die norwegische K\u00fcste entlangzufahren. Am 5. M\u00e4rz ging es f\u00fcr mich wieder los., zum Gl\u00fcck erst mit dem Mittagsflieger ab Stuttgart. Sogar die Dauerbaustelle bei Pforzheim hat nicht zu sehr aufgehalten, und am KLM-Schalter war keine Schlange. Daf\u00fcr wurde energisch nach Elektronik im Aufgabep\u00e4ck nachgebohrt, und zum ersten Mal wurde ich gefragt, ob ich eine Pauschalreise h\u00e4tte oder Hotels und Mietwagen. Der US-Krieg gegen den Iran macht wohl noch nerv\u00f6ser als der russische Ukraine-Krieg. An der Security darf ich diesmal keinen Sprengstofftest machen, aber es wird alles zweimal durchleuchtet. Nur meine Keilschrifttafel erweckt diesmal kein Misstrauen.<\/p>\n\n\n\n<p>Neue Flugregeln gibt es auch: An Bord darf kein mitgebrachter Alkohol getrunken werden, und Powerbanks d\u00fcrfen nicht genutzt werden. Hm. Bei meinen ersten Fl\u00fcgen in den 90ern hatte man noch richtige Flugtickets. Dann kam die Handy-App, mit dem Akkupack, falls das Smartphone leer wird, und als Backup das ausgedruckte Flugticket. Und so runter wie man Handy-Akku mittlerweile ist, nehme ich diesmal direkt ein ausgedrucktes Ticket und lasse den QR-Code QR-Code sein, wenn ich im Flugzeug nicht laden kann und beim Umsteigen auch nicht unbedingt auf eine Steckdose zur\u00fcckgreifen kann.<\/p>\n\n\n\n<p>Aber davon abgesehen klappt alles: Sowohl der Flieger ab Stuttgart als auch der ab Amsterdam sind p\u00fcnktlich, und mein Gep\u00e4ck kommt auch mit. Bei bestem Wetter geht es nach Bergen, wo es heiter und hell ist \u2013 ungew\u00f6hnlich f\u00fcr eine Nordlicht-und-Sterne-Tour, aber es wird noch fr\u00fch genug dunkel, und rund um die Tag-und-Nachtgleichen sind die Chancen f\u00fcr eine gute Show ohnehin gut, wenn das Wetter mitspielt. <a href=\"https:\/\/kerste.de\/?p=19302\" data-type=\"post\" data-id=\"19302\">Das Polarlicht vom Januar<\/a>, das bis S\u00fcddeutschland zu sehen war, war bei mir im Nebel versumpft. Also ab nach Norwegen.<\/p>\n\n\n\n<figure class=\"wp-block-gallery has-nested-images columns-default is-cropped wp-block-gallery-1 is-layout-flex wp-block-gallery-is-layout-flex\">\n<figure class=\"wp-block-image size-large\"><a href=\"https:\/\/kerste.de\/?attachment_id=19335#main\"><img loading=\"lazy\" decoding=\"async\" width=\"1024\" height=\"768\" data-id=\"19335\" src=\"https:\/\/kerste.de\/wp-content\/uploads\/2026\/03\/2026-03-05-12h-08m-IMG_2636.jpg\" alt=\"\" class=\"wp-image-19335\" srcset=\"https:\/\/kerste.de\/wp-content\/uploads\/2026\/03\/2026-03-05-12h-08m-IMG_2636.jpg 1024w, https:\/\/kerste.de\/wp-content\/uploads\/2026\/03\/2026-03-05-12h-08m-IMG_2636-300x225.jpg 300w, https:\/\/kerste.de\/wp-content\/uploads\/2026\/03\/2026-03-05-12h-08m-IMG_2636-768x576.jpg 768w\" sizes=\"auto, (max-width: 1024px) 100vw, 1024px\" \/><\/a><\/figure>\n\n\n\n<figure class=\"wp-block-image size-large\"><a href=\"https:\/\/kerste.de\/?attachment_id=19340#main\"><img loading=\"lazy\" decoding=\"async\" width=\"1024\" height=\"768\" data-id=\"19340\" src=\"https:\/\/kerste.de\/wp-content\/uploads\/2026\/03\/2026-03-05-14h-23m-IMG_2651.jpg\" alt=\"\" class=\"wp-image-19340\" srcset=\"https:\/\/kerste.de\/wp-content\/uploads\/2026\/03\/2026-03-05-14h-23m-IMG_2651.jpg 1024w, https:\/\/kerste.de\/wp-content\/uploads\/2026\/03\/2026-03-05-14h-23m-IMG_2651-300x225.jpg 300w, https:\/\/kerste.de\/wp-content\/uploads\/2026\/03\/2026-03-05-14h-23m-IMG_2651-768x576.jpg 768w\" sizes=\"auto, (max-width: 1024px) 100vw, 1024px\" \/><\/a><\/figure>\n\n\n\n<figure class=\"wp-block-image size-large\"><a href=\"https:\/\/kerste.de\/?attachment_id=19339#main\"><img loading=\"lazy\" decoding=\"async\" width=\"1024\" height=\"768\" data-id=\"19339\" src=\"https:\/\/kerste.de\/wp-content\/uploads\/2026\/03\/2026-03-05-13h-27m-IMG_2644.jpg\" alt=\"\" class=\"wp-image-19339\" srcset=\"https:\/\/kerste.de\/wp-content\/uploads\/2026\/03\/2026-03-05-13h-27m-IMG_2644.jpg 1024w, https:\/\/kerste.de\/wp-content\/uploads\/2026\/03\/2026-03-05-13h-27m-IMG_2644-300x225.jpg 300w, https:\/\/kerste.de\/wp-content\/uploads\/2026\/03\/2026-03-05-13h-27m-IMG_2644-768x576.jpg 768w\" sizes=\"auto, (max-width: 1024px) 100vw, 1024px\" \/><\/a><figcaption class=\"wp-element-caption\">Amsterdam<\/figcaption><\/figure>\n<\/figure>\n\n\n\n<p>\u00dcber den Flug gibt es nicht viel zu erz\u00e4hlen \u2013\u00a0die Umbauten am Flughafen in Amsterdam n\u00e4hern sich dem Ende, und wir kamen p\u00fcnktlich in Bergen an, wo uns Kai auch schon erwartete. Diesmal sind wir wieder eine relativ kleine Gruppe, sodass im Bus genug Platz war. Im M\u00e4rz lohnt sich die Orientierungsfahrt durch Bergen: Es gibt einiges zu sehen, auch wenn die Troldhaugen-Villa von Edvard Grieg diesmal unter einem wei\u00dfen Zelt verborgen ist. <\/p>\n\n\n\n<figure class=\"wp-block-gallery has-nested-images columns-default is-cropped wp-block-gallery-2 is-layout-flex wp-block-gallery-is-layout-flex\">\n<figure class=\"wp-block-image size-large\"><a href=\"https:\/\/kerste.de\/?attachment_id=19338#main\"><img loading=\"lazy\" decoding=\"async\" width=\"1024\" height=\"768\" data-id=\"19338\" src=\"https:\/\/kerste.de\/wp-content\/uploads\/2026\/03\/2026-03-05-17h-31m-IMG_2663.jpg\" alt=\"\" class=\"wp-image-19338\" srcset=\"https:\/\/kerste.de\/wp-content\/uploads\/2026\/03\/2026-03-05-17h-31m-IMG_2663.jpg 1024w, https:\/\/kerste.de\/wp-content\/uploads\/2026\/03\/2026-03-05-17h-31m-IMG_2663-300x225.jpg 300w, https:\/\/kerste.de\/wp-content\/uploads\/2026\/03\/2026-03-05-17h-31m-IMG_2663-768x576.jpg 768w\" sizes=\"auto, (max-width: 1024px) 100vw, 1024px\" \/><\/a><\/figure>\n\n\n\n<figure class=\"wp-block-image size-large\"><a href=\"https:\/\/kerste.de\/?attachment_id=19341#main\"><img loading=\"lazy\" decoding=\"async\" width=\"1024\" height=\"768\" data-id=\"19341\" src=\"https:\/\/kerste.de\/wp-content\/uploads\/2026\/03\/2026-03-05-17h-00m-IMG_2653.jpg\" alt=\"\" class=\"wp-image-19341\" srcset=\"https:\/\/kerste.de\/wp-content\/uploads\/2026\/03\/2026-03-05-17h-00m-IMG_2653.jpg 1024w, https:\/\/kerste.de\/wp-content\/uploads\/2026\/03\/2026-03-05-17h-00m-IMG_2653-300x225.jpg 300w, https:\/\/kerste.de\/wp-content\/uploads\/2026\/03\/2026-03-05-17h-00m-IMG_2653-768x576.jpg 768w\" sizes=\"auto, (max-width: 1024px) 100vw, 1024px\" \/><\/a><\/figure>\n<figcaption class=\"blocks-gallery-caption wp-element-caption\"><em>Sonnenschein in Bergen<\/em><\/figcaption><\/figure>\n\n\n\n<p>Daf\u00fcr wird uns eine gr\u00f6\u00dfere Stadtrundfahrt geg\u00f6nnt, durchs Paradies an norwegischem Pragmatismus vorbei (die Kombination Krankenhaus, Altersheim und Friedhof gibt es \u00f6fter) ins Stadtzentrum, an Bryggen vorbei durch die Altstadt mit kleinen Holzh\u00e4usern und den Schornsteinh\u00e4usern, die dank Steinfassaden wie ein Kamin brennen. Die Tankstellen haben \u00fcbrigens deutsches Preisniveau, Diesel und Super liegen bei 23,89 bzw. 22,89 NOK, also etwa 2,10 bzw. 2,05 Euro. Von wegen, Norwegen ist teuer. Aber die Norweger fahren eh mittlerweile fast alle elektrisch; es wird allm\u00e4hlich schwer (und teuer), als Mietwagen einen Verbrenner zu finden. <\/p>\n\n\n\n<figure class=\"wp-block-gallery has-nested-images columns-default is-cropped wp-block-gallery-3 is-layout-flex wp-block-gallery-is-layout-flex\">\n<figure class=\"wp-block-image size-large\"><a href=\"https:\/\/kerste.de\/?attachment_id=19342#main\"><img loading=\"lazy\" decoding=\"async\" width=\"1024\" height=\"768\" data-id=\"19342\" src=\"https:\/\/kerste.de\/wp-content\/uploads\/2026\/03\/2026-03-05-18h-04m-IMG_2674.jpg\" alt=\"\" class=\"wp-image-19342\" srcset=\"https:\/\/kerste.de\/wp-content\/uploads\/2026\/03\/2026-03-05-18h-04m-IMG_2674.jpg 1024w, https:\/\/kerste.de\/wp-content\/uploads\/2026\/03\/2026-03-05-18h-04m-IMG_2674-300x225.jpg 300w, https:\/\/kerste.de\/wp-content\/uploads\/2026\/03\/2026-03-05-18h-04m-IMG_2674-768x576.jpg 768w\" sizes=\"auto, (max-width: 1024px) 100vw, 1024px\" \/><\/a><\/figure>\n\n\n\n<figure class=\"wp-block-image size-large\"><a href=\"https:\/\/kerste.de\/?attachment_id=19343#main\"><img loading=\"lazy\" decoding=\"async\" width=\"1024\" height=\"768\" data-id=\"19343\" src=\"https:\/\/kerste.de\/wp-content\/uploads\/2026\/03\/2026-03-05-18h-04m-IMG_2676.jpg\" alt=\"\" class=\"wp-image-19343\" srcset=\"https:\/\/kerste.de\/wp-content\/uploads\/2026\/03\/2026-03-05-18h-04m-IMG_2676.jpg 1024w, https:\/\/kerste.de\/wp-content\/uploads\/2026\/03\/2026-03-05-18h-04m-IMG_2676-300x225.jpg 300w, https:\/\/kerste.de\/wp-content\/uploads\/2026\/03\/2026-03-05-18h-04m-IMG_2676-768x576.jpg 768w\" sizes=\"auto, (max-width: 1024px) 100vw, 1024px\" \/><\/a><\/figure>\n\n\n\n<figure class=\"wp-block-image size-large\"><a href=\"https:\/\/kerste.de\/?attachment_id=19344#main\"><img loading=\"lazy\" decoding=\"async\" width=\"1024\" height=\"768\" data-id=\"19344\" src=\"https:\/\/kerste.de\/wp-content\/uploads\/2026\/03\/2026-03-05-18h-05m-IMG_2679.jpg\" alt=\"\" class=\"wp-image-19344\" srcset=\"https:\/\/kerste.de\/wp-content\/uploads\/2026\/03\/2026-03-05-18h-05m-IMG_2679.jpg 1024w, https:\/\/kerste.de\/wp-content\/uploads\/2026\/03\/2026-03-05-18h-05m-IMG_2679-300x225.jpg 300w, https:\/\/kerste.de\/wp-content\/uploads\/2026\/03\/2026-03-05-18h-05m-IMG_2679-768x576.jpg 768w\" sizes=\"auto, (max-width: 1024px) 100vw, 1024px\" \/><\/a><\/figure>\n<figcaption class=\"blocks-gallery-caption wp-element-caption\"><em>Bergen<\/em><\/figcaption><\/figure>\n\n\n\n<p>Unser Bus f\u00e4hrt \u00fcbrigens auch elektrisch und ist Made in China. Fotografieren ist aus dem Bus heraus aber nicht ganz einfach: Die get\u00f6nten Scheiben verf\u00e4rben das Bild, und die Beleuchtung spiegelt sich blau im Bild, aber was solls.<\/p>\n\n\n\n<p>Schlie\u00dflich erreichen wir den Hurtigruten-Terminal. F\u00fcr die n\u00e4chsten elf bis zw\u00f6lf Tage (je nach Z\u00e4hlung) wird die MS Nordlys unser Zuhause sein, und nach dem obligatorischen Sicherheitsvideo im Terminal-Geb\u00e4ude d\u00fcrfen wir auf das Schiff. An Bord kenne ich erst einmal niemanden, aber viel Zeit bleibt ohnehin nicht: Kurz meine Kabine auf Deck 3 beziehen (maximaler Abstand zum Deck \u2013 und so soll ich nach Polarlicht Ausschau halten&#8230;), und dann ist um 19:30 auch schon die Infoveranstaltung vom Schiff: Die Crew stellt sich kurz vor, dann kommen die \u00fcblichen Infos. Neu ist der Hinweis auf das Drohnenflugverbot. Vom Schiff aus d\u00fcrfen gar keine Drohnen gestartet werden (soweit nichts neues), und auch an Land achtet die Polizei sehr darauf, dass Flugverbotszonen eingehalten werden. Ein Gast durfte wohl neulich 12000 NOK Strafe zahlen \u2013 und am Flughafen in Troms\u00f8 gibt es ja einen Drohnenfriedhof mit einigen aufgespiesten Drohnen, die sich nicht an die Flugverbotszonen gehalten haben. Die politische Lage tut ihren Teil dazu, dass die Beh\u00f6rden nerv\u00f6s sind&#8230;<\/p>\n\n\n<div class=\"wp-block-image\">\n<figure class=\"alignright size-medium\"><a href=\"https:\/\/kerste.de\/?attachment_id=19346#main\"><img loading=\"lazy\" decoding=\"async\" width=\"300\" height=\"225\" src=\"https:\/\/kerste.de\/wp-content\/uploads\/2026\/03\/2026-03-05-19h-32m-IMG_2694-300x225.jpg\" alt=\"\" class=\"wp-image-19346\" srcset=\"https:\/\/kerste.de\/wp-content\/uploads\/2026\/03\/2026-03-05-19h-32m-IMG_2694-300x225.jpg 300w, https:\/\/kerste.de\/wp-content\/uploads\/2026\/03\/2026-03-05-19h-32m-IMG_2694-768x576.jpg 768w, https:\/\/kerste.de\/wp-content\/uploads\/2026\/03\/2026-03-05-19h-32m-IMG_2694.jpg 1024w\" sizes=\"auto, (max-width: 300px) 100vw, 300px\" \/><\/a><figcaption class=\"wp-element-caption\"><em>Meet the Crew<\/em><\/figcaption><\/figure>\n<\/div>\n\n\n<p>F\u00fcr uns wichtiger: Die Hurtigruten-Foundation wird mal wieder angepriesen. Wenn man auf die t\u00e4gliche Zimmerreinigung verzichtet, spendet Hurtigruten einen kleinen Betrag an die Foundation. Davon wurde unter anderem der Neubau der k\u00fcrzlich abgebrannten Turnhalle in Kirkenes bezahlt \u2013 es gibt doch noch gute Nachrichten!<\/p>\n\n\n\n<p>Anschlie\u00dfend esse ich eine Kleinigkeit, denn das Restaurant hat nur bis 21 Uhr offen, und um 20:30 legen wir schon ab. Die Nordlys ist ausgebucht, und an der Reling am Heck ist kaum Platz, als ich an Deck gehe \u2013 an allen drei Deck dr\u00e4ngeln sich die Passagiere. Das kann was geben, wenn wir Nordlicht haben. Da sind die Touren in der Polarnacht entspannter.<\/p>\n\n\n\n<figure class=\"wp-block-image size-full\"><a href=\"https:\/\/kerste.de\/?attachment_id=19348#main\"><img loading=\"lazy\" decoding=\"async\" width=\"1024\" height=\"768\" src=\"https:\/\/kerste.de\/wp-content\/uploads\/2026\/03\/2026-03-05-20h-32m-IMG_2703.jpg\" alt=\"\" class=\"wp-image-19348\" srcset=\"https:\/\/kerste.de\/wp-content\/uploads\/2026\/03\/2026-03-05-20h-32m-IMG_2703.jpg 1024w, https:\/\/kerste.de\/wp-content\/uploads\/2026\/03\/2026-03-05-20h-32m-IMG_2703-300x225.jpg 300w, https:\/\/kerste.de\/wp-content\/uploads\/2026\/03\/2026-03-05-20h-32m-IMG_2703-768x576.jpg 768w\" sizes=\"auto, (max-width: 1024px) 100vw, 1024px\" \/><\/a><\/figure>\n\n\n\n<p>Nachdem wir abgelegt haben, gehe ich noch einmal ins Restaurant, mit Kai ein paar Dinge bereden und den Nachtisch essen. Morgen Nachmittag wird unser Welcome-Drink stattfinden, und nach dem l\u00e4ngeren Aufenthalt in \u00c5lesund geht es dann wirklich in den Norden. Hoffen wir, dass uns Wetter und Nordlicht freundlich gesonnen sind!<\/p>\n<div class=\"shariff shariff-align-left shariff-widget-align-left\"><ul class=\"shariff-buttons theme-white orientation-horizontal buttonsize-small\"><li class=\"shariff-button twitter shariff-nocustomcolor\" style=\"background-color:#595959\"><a href=\"https:\/\/twitter.com\/share?url=https%3A%2F%2Fkerste.de%2F%3Fp%3D19330&text=Hurtigrute%20Tag%201%3A%20Bergen\" title=\"Bei X teilen\" aria-label=\"Bei X teilen\" role=\"button\" rel=\"noopener nofollow\" class=\"shariff-link\" style=\"; background-color:#000; color:#000\" target=\"_blank\"><span class=\"shariff-icon\" style=\"fill:#000\"><svg width=\"32px\" height=\"20px\" xmlns=\"http:\/\/www.w3.org\/2000\/svg\" viewBox=\"0 0 24 24\"><path fill=\"#000\" d=\"M14.258 10.152L23.176 0h-2.113l-7.747 8.813L7.133 0H0l9.352 13.328L0 23.973h2.113l8.176-9.309 6.531 9.309h7.133zm-2.895 3.293l-.949-1.328L2.875 1.56h3.246l6.086 8.523.945 1.328 7.91 11.078h-3.246zm0 0\"\/><\/svg><\/span><span class=\"shariff-text\" style=\"color:#000\">teilen<\/span>&nbsp;<\/a><\/li><li class=\"shariff-button facebook shariff-nocustomcolor\" style=\"background-color:#4273c8\"><a href=\"https:\/\/www.facebook.com\/sharer\/sharer.php?u=https%3A%2F%2Fkerste.de%2F%3Fp%3D19330\" title=\"Bei Facebook teilen\" aria-label=\"Bei Facebook teilen\" role=\"button\" rel=\"nofollow\" class=\"shariff-link\" style=\"; background-color:#3b5998; color:#3b5998\" target=\"_blank\"><span class=\"shariff-icon\" style=\"fill:#3b5998\"><svg width=\"32px\" height=\"20px\" xmlns=\"http:\/\/www.w3.org\/2000\/svg\" viewBox=\"0 0 18 32\"><path fill=\"#3b5998\" d=\"M17.1 0.2v4.7h-2.8q-1.5 0-2.1 0.6t-0.5 1.9v3.4h5.2l-0.7 5.3h-4.5v13.6h-5.5v-13.6h-4.5v-5.3h4.5v-3.9q0-3.3 1.9-5.2t5-1.8q2.6 0 4.1 0.2z\"\/><\/svg><\/span><span class=\"shariff-text\" style=\"color:#3b5998\">teilen<\/span>&nbsp;<\/a><\/li><li class=\"shariff-button tumblr shariff-nocustomcolor\" style=\"background-color:#529ecc\"><a href=\"https:\/\/www.tumblr.com\/widgets\/share\/tool?posttype=link&canonicalUrl=https%3A%2F%2Fkerste.de%2F%3Fp%3D19330&tags=kerste.de\" title=\"Bei tumblr teilen\" aria-label=\"Bei tumblr teilen\" role=\"button\" rel=\"noopener nofollow\" class=\"shariff-link\" style=\"; background-color:#36465d; color:#36465d\" target=\"_blank\"><span class=\"shariff-icon\" style=\"fill:#36465d\"><svg width=\"32px\" height=\"20px\" xmlns=\"http:\/\/www.w3.org\/2000\/svg\" viewBox=\"0 0 32 32\"><path fill=\"#36465d\" d=\"M18 14l0 7.3c0 1.9 0 2.9 0.2 3.5 0.2 0.5 0.7 1.1 1.2 1.4 0.7 0.4 1.5 0.6 2.4 0.6 1.6 0 2.6-0.2 4.2-1.3v4.8c-1.4 0.6-2.6 1-3.7 1.3-1.1 0.3-2.3 0.4-3.6 0.4-1.5 0-2.3-0.2-3.4-0.6-1.1-0.4-2.1-0.9-2.9-1.6-0.8-0.7-1.3-1.4-1.7-2.2s-0.5-1.9-0.5-3.4v-11.2h-4.3v-4.5c1.3-0.4 2.7-1 3.6-1.8 0.9-0.8 1.6-1.7 2.2-2.7 0.5-1.1 0.9-2.4 1.1-4.1h5.2l0 8h8v6h-8z\"\/><\/svg><\/span><span class=\"shariff-text\" style=\"color:#36465d\">teilen<\/span>&nbsp;<\/a><\/li><li class=\"shariff-button info shariff-nocustomcolor\" style=\"background-color:#a8a8a8\"><a href=\"http:\/\/ct.de\/-2467514\" title=\"Weitere Informationen\" aria-label=\"Weitere Informationen\" role=\"button\" rel=\"noopener \" class=\"shariff-link\" style=\"; background-color:#999; color:#999\" target=\"_blank\"><span class=\"shariff-icon\" style=\"fill:#999\"><svg width=\"32px\" height=\"20px\" xmlns=\"http:\/\/www.w3.org\/2000\/svg\" viewBox=\"0 0 11 32\"><path fill=\"#999\" d=\"M11.4 24v2.3q0 0.5-0.3 0.8t-0.8 0.4h-9.1q-0.5 0-0.8-0.4t-0.4-0.8v-2.3q0-0.5 0.4-0.8t0.8-0.4h1.1v-6.8h-1.1q-0.5 0-0.8-0.4t-0.4-0.8v-2.3q0-0.5 0.4-0.8t0.8-0.4h6.8q0.5 0 0.8 0.4t0.4 0.8v10.3h1.1q0.5 0 0.8 0.4t0.3 0.8zM9.2 3.4v3.4q0 0.5-0.4 0.8t-0.8 0.4h-4.6q-0.4 0-0.8-0.4t-0.4-0.8v-3.4q0-0.4 0.4-0.8t0.8-0.4h4.6q0.5 0 0.8 0.4t0.4 0.8z\"\/><\/svg><\/span><\/a><\/li><\/ul><\/div>","protected":false},"excerpt":{"rendered":"<p>Seit November ist eigentlich gar nicht so viel Zeit vergangen, als ich das letzte Mal auf der Hurtigrute wurde war, aber die Welt wird anscheinend immer verr\u00fcckter. Es sind wahrlich interessante Zeiten geworden, in denen wir auf einmal leben \u2013 da tut es gut, rauszukommen und noch einmal die norwegische K\u00fcste entlangzufahren. Am 5. M\u00e4rz [&hellip;]<\/p>\n","protected":false},"author":1,"featured_media":0,"comment_status":"open","ping_status":"open","sticky":false,"template":"","format":"standard","meta":{"footnotes":""},"categories":[450],"tags":[],"class_list":["post-19330","post","type-post","status-publish","format-standard","hentry","category-hurtigruten-2026-grp-214"],"_links":{"self":[{"href":"https:\/\/kerste.de\/index.php?rest_route=\/wp\/v2\/posts\/19330","targetHints":{"allow":["GET"]}}],"collection":[{"href":"https:\/\/kerste.de\/index.php?rest_route=\/wp\/v2\/posts"}],"about":[{"href":"https:\/\/kerste.de\/index.php?rest_route=\/wp\/v2\/types\/post"}],"author":[{"embeddable":true,"href":"https:\/\/kerste.de\/index.php?rest_route=\/wp\/v2\/users\/1"}],"replies":[{"embeddable":true,"href":"https:\/\/kerste.de\/index.php?rest_route=%2Fwp%2Fv2%2Fcomments&post=19330"}],"version-history":[{"count":4,"href":"https:\/\/kerste.de\/index.php?rest_route=\/wp\/v2\/posts\/19330\/revisions"}],"predecessor-version":[{"id":19352,"href":"https:\/\/kerste.de\/index.php?rest_route=\/wp\/v2\/posts\/19330\/revisions\/19352"}],"wp:attachment":[{"href":"https:\/\/kerste.de\/index.php?rest_route=%2Fwp%2Fv2%2Fmedia&parent=19330"}],"wp:term":[{"taxonomy":"category","embeddable":true,"href":"https:\/\/kerste.de\/index.php?rest_route=%2Fwp%2Fv2%2Fcategories&post=19330"},{"taxonomy":"post_tag","embeddable":true,"href":"https:\/\/kerste.de\/index.php?rest_route=%2Fwp%2Fv2%2Ftags&post=19330"}],"curies":[{"name":"wp","href":"https:\/\/api.w.org\/{rel}","templated":true}]}}