{"id":1846,"date":"2015-02-20T00:31:36","date_gmt":"2015-02-19T22:31:36","guid":{"rendered":"http:\/\/kerste.de\/?p=1846"},"modified":"2015-02-23T20:38:16","modified_gmt":"2015-02-23T18:38:16","slug":"tag-9-quer-durch-die-vesteralen","status":"publish","type":"post","link":"https:\/\/kerste.de\/?p=1846","title":{"rendered":"Tag 9 \u2013 Quer durch die Vester\u00e5len"},"content":{"rendered":"<div id=\"attachment_1847\" style=\"width: 310px\" class=\"wp-caption alignright\"><a href=\"http:\/\/kerste.de\/wp-content\/uploads\/2015\/02\/GRP101-DSC_9948.jpg\"><img loading=\"lazy\" decoding=\"async\" aria-describedby=\"caption-attachment-1847\" class=\"size-medium wp-image-1847\" src=\"https:\/\/kerste.de\/wp-content\/uploads\/2015\/02\/GRP101-DSC_9948-300x200.jpg\" alt=\"Schneebedeckte Berge vor schneeschwerem Himmel\" width=\"300\" height=\"200\" srcset=\"https:\/\/kerste.de\/wp-content\/uploads\/2015\/02\/GRP101-DSC_9948-300x200.jpg 300w, https:\/\/kerste.de\/wp-content\/uploads\/2015\/02\/GRP101-DSC_9948.jpg 1024w\" sizes=\"auto, (max-width: 300px) 100vw, 300px\" \/><\/a><p id=\"caption-attachment-1847\" class=\"wp-caption-text\">Schneebedeckte Berge vor schneeschwerem Himmel<\/p><\/div>\n<p>Bedeckter Himmel, aber ruhige See \u2013 wer nicht die Vester\u00e5len-Rundfahrt gebucht hat, konnte heute ausschlafen und die Reise entspannt fortsetzen. Da ich die Bustour schon einmal gemacht hatte, entschied ich mich f\u00fcr letzteres \u2013 die Fahrt durch die Inseln ist ebenfalls reizvoll. Nachdem wir die Rundfahrer in Harstad abgesetzt hatten, passierten wir die erste Sehensw\u00fcrdigkeit: Die alte Kirche von Trondenes. Da ihr rotes Dach heute nicht schneebedeckt wei\u00df getarnt war, konnten wir sie sogar ganz gut sehen, wie Johann \u00fcber den Infokanal allen mitteilte.<\/p>\n<div id=\"attachment_1868\" style=\"width: 310px\" class=\"wp-caption alignleft\"><a href=\"http:\/\/kerste.de\/wp-content\/uploads\/2015\/02\/GRP101-DSC_0134.jpg\"><img loading=\"lazy\" decoding=\"async\" aria-describedby=\"caption-attachment-1868\" class=\"size-medium wp-image-1868\" src=\"https:\/\/kerste.de\/wp-content\/uploads\/2015\/02\/GRP101-DSC_0134-300x200.jpg\" alt=\"Der Kirchbau zu Trondenes im Utr\u00f8st-Cafe\" width=\"300\" height=\"200\" srcset=\"https:\/\/kerste.de\/wp-content\/uploads\/2015\/02\/GRP101-DSC_0134-300x200.jpg 300w, https:\/\/kerste.de\/wp-content\/uploads\/2015\/02\/GRP101-DSC_0134.jpg 1024w\" sizes=\"auto, (max-width: 300px) 100vw, 300px\" \/><\/a><p id=\"caption-attachment-1868\" class=\"wp-caption-text\">Der Kirchbau zu Trondenes im Utr\u00f8st-Cafe<\/p><\/div>\n<p>Die Kirche hat keinen Kirchturm (bzw. er steht separat neben der Kirche), wozu es nat\u00fcrlich eine Sage gibt \u2013 die auf einem der Gem\u00e4lde im Utr\u00f8st-Cafe der Nordkapp dargestellt wird und mich sehr an den Bau der G\u00f6tterfestung Asgard erinnert. Auch hier sollte der Erbauer um seinen Lohn geprellt werden. Manchmal fragt man sich, welche Moral die alten Geschichten vermitteln sollen&#8230;<\/p>\n<p>Ein Highlight der Vester\u00e5lentour ist immer die Br\u00fccke bei Sortland: Das Schiff f\u00e4hrt immer genau dann unter der Br\u00fccke hindurch, wenn die Busse (bzw. heute der Bus) \u00fcber die Br\u00fccke hinwegf\u00e4hrt. Da der Bus auf der Br\u00fccke nicht anhalten darf und man sie auch nicht zu Fu\u00df \u00fcberqueren darf, sorgt das immer f\u00fcr einen kleinen Verkehrsstau. Ende Januar wurde das Ereignis vom Tourguide ignoriert, aber Johann ist da besser \u2013 kurz nach 12 kam die Durchsage: &#8220;In wenigen Minuten fahren wir unter Br\u00fccke hindurch, wenn der Bus von der Vester\u00e5len-Rundfahrt dar\u00fcber f\u00e4hrt. Da ist es gut, vorne auf Deck 5 zu sein und dem Bus zuzuwinken. Das ist lustig.&#8221; Recht hat er, und damit es noch lustiger ist, bringt Johann eine Flagge mit zum Bug, wir wollen ja auch gesehen werden.<\/p>\n\n\t\t<style type=\"text\/css\">\n\t\t\t#gallery-1 {\n\t\t\t\tmargin: auto;\n\t\t\t}\n\t\t\t#gallery-1 .gallery-item {\n\t\t\t\tfloat: left;\n\t\t\t\tmargin-top: 10px;\n\t\t\t\ttext-align: center;\n\t\t\t\twidth: 25%;\n\t\t\t}\n\t\t\t#gallery-1 img {\n\t\t\t\tborder: 2px solid #cfcfcf;\n\t\t\t}\n\t\t\t#gallery-1 .gallery-caption {\n\t\t\t\tmargin-left: 0;\n\t\t\t}\n\t\t\t\/* see gallery_shortcode() in wp-includes\/media.php *\/\n\t\t<\/style>\n\t\t<div id='gallery-1' class='gallery galleryid-1846 gallery-columns-4 gallery-size-thumbnail'><dl class='gallery-item'>\n\t\t\t<dt class='gallery-icon landscape'>\n\t\t\t\t<a href='https:\/\/kerste.de\/?attachment_id=1850#main'><img loading=\"lazy\" decoding=\"async\" width=\"150\" height=\"150\" src=\"https:\/\/kerste.de\/wp-content\/uploads\/2015\/02\/GRP101-DSC_9968-150x150.jpg\" class=\"attachment-thumbnail size-thumbnail\" alt=\"\" aria-describedby=\"gallery-1-1850\" \/><\/a>\n\t\t\t<\/dt>\n\t\t\t\t<dd class='wp-caption-text gallery-caption' id='gallery-1-1850'>\n\t\t\t\tWo ist der Bus?\n\t\t\t\t<\/dd><\/dl><dl class='gallery-item'>\n\t\t\t<dt class='gallery-icon landscape'>\n\t\t\t\t<a href='https:\/\/kerste.de\/?attachment_id=1848#main'><img loading=\"lazy\" decoding=\"async\" width=\"150\" height=\"150\" src=\"https:\/\/kerste.de\/wp-content\/uploads\/2015\/02\/GRP101-DSC_9965-150x150.jpg\" class=\"attachment-thumbnail size-thumbnail\" alt=\"\" aria-describedby=\"gallery-1-1848\" \/><\/a>\n\t\t\t<\/dt>\n\t\t\t\t<dd class='wp-caption-text gallery-caption' id='gallery-1-1848'>\n\t\t\t\tBereit f\u00fcr die Winkekonkuransje\n\t\t\t\t<\/dd><\/dl><dl class='gallery-item'>\n\t\t\t<dt class='gallery-icon portrait'>\n\t\t\t\t<a href='https:\/\/kerste.de\/?attachment_id=1849#main'><img loading=\"lazy\" decoding=\"async\" width=\"150\" height=\"150\" src=\"https:\/\/kerste.de\/wp-content\/uploads\/2015\/02\/GRP101-DSC_9966-150x150.jpg\" class=\"attachment-thumbnail size-thumbnail\" alt=\"\" aria-describedby=\"gallery-1-1849\" \/><\/a>\n\t\t\t<\/dt>\n\t\t\t\t<dd class='wp-caption-text gallery-caption' id='gallery-1-1849'>\n\t\t\t\tEin Gru\u00df an die Br\u00fccke\n\t\t\t\t<\/dd><\/dl><dl class='gallery-item'>\n\t\t\t<dt class='gallery-icon landscape'>\n\t\t\t\t<a href='https:\/\/kerste.de\/?attachment_id=1851#main'><img loading=\"lazy\" decoding=\"async\" width=\"150\" height=\"150\" src=\"https:\/\/kerste.de\/wp-content\/uploads\/2015\/02\/GRP101-DSC_9982-150x150.jpg\" class=\"attachment-thumbnail size-thumbnail\" alt=\"\" aria-describedby=\"gallery-1-1851\" \/><\/a>\n\t\t\t<\/dt>\n\t\t\t\t<dd class='wp-caption-text gallery-caption' id='gallery-1-1851'>\n\t\t\t\tUnsere Ausfl\u00fcgler\n\t\t\t\t<\/dd><\/dl><br style=\"clear: both\" \/><dl class='gallery-item'>\n\t\t\t<dt class='gallery-icon landscape'>\n\t\t\t\t<a href='https:\/\/kerste.de\/?attachment_id=1852#main'><img loading=\"lazy\" decoding=\"async\" width=\"150\" height=\"150\" src=\"https:\/\/kerste.de\/wp-content\/uploads\/2015\/02\/GRP101-DSC_9986-150x150.jpg\" class=\"attachment-thumbnail size-thumbnail\" alt=\"\" aria-describedby=\"gallery-1-1852\" \/><\/a>\n\t\t\t<\/dt>\n\t\t\t\t<dd class='wp-caption-text gallery-caption' id='gallery-1-1852'>\n\t\t\t\tDie Kirche von Sortland\n\t\t\t\t<\/dd><\/dl><dl class='gallery-item'>\n\t\t\t<dt class='gallery-icon landscape'>\n\t\t\t\t<a href='https:\/\/kerste.de\/?attachment_id=1853#main'><img loading=\"lazy\" decoding=\"async\" width=\"150\" height=\"150\" src=\"https:\/\/kerste.de\/wp-content\/uploads\/2015\/02\/GRP101-DSC_9994-150x150.jpg\" class=\"attachment-thumbnail size-thumbnail\" alt=\"\" aria-describedby=\"gallery-1-1853\" \/><\/a>\n\t\t\t<\/dt>\n\t\t\t\t<dd class='wp-caption-text gallery-caption' id='gallery-1-1853'>\n\t\t\t\tAlle warten auf das Schiff\n\t\t\t\t<\/dd><\/dl><dl class='gallery-item'>\n\t\t\t<dt class='gallery-icon landscape'>\n\t\t\t\t<a href='https:\/\/kerste.de\/?attachment_id=1854#main'><img loading=\"lazy\" decoding=\"async\" width=\"150\" height=\"150\" src=\"https:\/\/kerste.de\/wp-content\/uploads\/2015\/02\/GRP101-DSC_9999-150x150.jpg\" class=\"attachment-thumbnail size-thumbnail\" alt=\"\" aria-describedby=\"gallery-1-1854\" \/><\/a>\n\t\t\t<\/dt>\n\t\t\t\t<dd class='wp-caption-text gallery-caption' id='gallery-1-1854'>\n\t\t\t\tInteressante Anlege-Variante\n\t\t\t\t<\/dd><\/dl><dl class='gallery-item'>\n\t\t\t<dt class='gallery-icon landscape'>\n\t\t\t\t<a href='https:\/\/kerste.de\/?attachment_id=1855#main'><img loading=\"lazy\" decoding=\"async\" width=\"150\" height=\"150\" src=\"https:\/\/kerste.de\/wp-content\/uploads\/2015\/02\/GRP101-DSC_0009-150x150.jpg\" class=\"attachment-thumbnail size-thumbnail\" alt=\"\" aria-describedby=\"gallery-1-1855\" \/><\/a>\n\t\t\t<\/dt>\n\t\t\t\t<dd class='wp-caption-text gallery-caption' id='gallery-1-1855'>\n\t\t\t\tMadis macht wieder Fotos f\u00fcr die Facebook-Seite\n\t\t\t\t<\/dd><\/dl><br style=\"clear: both\" \/>\n\t\t<\/div>\n\n<p>In Sortland machen wir nur kurz Halt, um die Busreisenden wieder an Bord zu nehmen. Die Vert\u00e4uung des Schiffs am Gabelstapler ist interessant:-) Nat\u00fcrlich bleibt das Tau nicht am Stapler, sondern wird damit nur zum Poller gefahren.<\/p>\n<p>Bis zum n\u00e4chsten Hafen in Stokmarknes haben wir etwas \u00fcber eine Stunde Zeit, die nat\u00fcrlich f\u00fcr das Mittagessen draufgeht. Da nach Bildern gefragt wurde: So sieht es aus, nachdem der erste Ansturm vorbei ist:<\/p>\n\n\t\t<style type=\"text\/css\">\n\t\t\t#gallery-2 {\n\t\t\t\tmargin: auto;\n\t\t\t}\n\t\t\t#gallery-2 .gallery-item {\n\t\t\t\tfloat: left;\n\t\t\t\tmargin-top: 10px;\n\t\t\t\ttext-align: center;\n\t\t\t\twidth: 33%;\n\t\t\t}\n\t\t\t#gallery-2 img {\n\t\t\t\tborder: 2px solid #cfcfcf;\n\t\t\t}\n\t\t\t#gallery-2 .gallery-caption {\n\t\t\t\tmargin-left: 0;\n\t\t\t}\n\t\t\t\/* see gallery_shortcode() in wp-includes\/media.php *\/\n\t\t<\/style>\n\t\t<div id='gallery-2' class='gallery galleryid-1846 gallery-columns-3 gallery-size-thumbnail'><dl class='gallery-item'>\n\t\t\t<dt class='gallery-icon landscape'>\n\t\t\t\t<a href='https:\/\/kerste.de\/?attachment_id=1869#main'><img loading=\"lazy\" decoding=\"async\" width=\"150\" height=\"150\" src=\"https:\/\/kerste.de\/wp-content\/uploads\/2015\/02\/GRP101-IMG_1656-150x150.jpg\" class=\"attachment-thumbnail size-thumbnail\" alt=\"\" \/><\/a>\n\t\t\t<\/dt><\/dl><dl class='gallery-item'>\n\t\t\t<dt class='gallery-icon landscape'>\n\t\t\t\t<a href='https:\/\/kerste.de\/?attachment_id=1870#main'><img loading=\"lazy\" decoding=\"async\" width=\"150\" height=\"150\" src=\"https:\/\/kerste.de\/wp-content\/uploads\/2015\/02\/GRP101-IMG_1657-150x150.jpg\" class=\"attachment-thumbnail size-thumbnail\" alt=\"\" \/><\/a>\n\t\t\t<\/dt><\/dl><dl class='gallery-item'>\n\t\t\t<dt class='gallery-icon landscape'>\n\t\t\t\t<a href='https:\/\/kerste.de\/?attachment_id=1871#main'><img loading=\"lazy\" decoding=\"async\" width=\"150\" height=\"150\" src=\"https:\/\/kerste.de\/wp-content\/uploads\/2015\/02\/GRP101-IMG_1658-150x150.jpg\" class=\"attachment-thumbnail size-thumbnail\" alt=\"\" \/><\/a>\n\t\t\t<\/dt><\/dl><br style=\"clear: both\" \/>\n\t\t<\/div>\n\n<div id=\"attachment_1857\" style=\"width: 310px\" class=\"wp-caption alignleft\"><a href=\"http:\/\/kerste.de\/wp-content\/uploads\/2015\/02\/GRP101-DSC_0034.jpg\"><img loading=\"lazy\" decoding=\"async\" aria-describedby=\"caption-attachment-1857\" class=\"size-medium wp-image-1857\" src=\"https:\/\/kerste.de\/wp-content\/uploads\/2015\/02\/GRP101-DSC_0034-300x200.jpg\" alt=\"Die alte Finnmarken aus ungewohnter Perspektive.\" width=\"300\" height=\"200\" srcset=\"https:\/\/kerste.de\/wp-content\/uploads\/2015\/02\/GRP101-DSC_0034-300x200.jpg 300w, https:\/\/kerste.de\/wp-content\/uploads\/2015\/02\/GRP101-DSC_0034.jpg 1024w\" sizes=\"auto, (max-width: 300px) 100vw, 300px\" \/><\/a><p id=\"caption-attachment-1857\" class=\"wp-caption-text\">Die alte Finnmarken aus ungewohnter Perspektive.<\/p><\/div>\n<p>In Stokmarknes wartet das Hurtigrutenmuseum auf uns, das wir mit einiger Verz\u00f6gerung auch erreichen \u2013 damit wir dennoch eine Chance haben, einen Blick hineinzuwerfen, verschiebt sich auch unsere Abfahrt etwas. Meine Ziele heute: Der Shop (mit wenig Beute, aber ich kann die Frage beantworten, ob man dort Schiffsmodelle findet: Ja, aber nur von Midnatsol, Trollfjord und Finnmarken, sowie (in gro\u00df) von der alten Finnmarken \u2013 keine MS Nordkapp). Das Buch, das ich eigentlich gesucht habe, gibt&#8217;s nicht, aber immerhin nochmal die Trollturen und einiges zur Hurtigrute. Anschlie\u00dfend: Der Coop, da es am Mittagsbuffet wieder kein Eis gab.<\/p>\n<p>Zur\u00fcck an Bord steht eine Veranstaltung auf dem Programm: Der K\u00fcchenchef filettiert Fisch, und man kann ihn auch gleich probieren \u2013 roh oder mariniert. Norwegian Sushi. Lecker (auch wenn einige mittlerweile genug Fisch auf dem Speiseplan hatten).<\/p>\n\n\t\t<style type=\"text\/css\">\n\t\t\t#gallery-3 {\n\t\t\t\tmargin: auto;\n\t\t\t}\n\t\t\t#gallery-3 .gallery-item {\n\t\t\t\tfloat: left;\n\t\t\t\tmargin-top: 10px;\n\t\t\t\ttext-align: center;\n\t\t\t\twidth: 33%;\n\t\t\t}\n\t\t\t#gallery-3 img {\n\t\t\t\tborder: 2px solid #cfcfcf;\n\t\t\t}\n\t\t\t#gallery-3 .gallery-caption {\n\t\t\t\tmargin-left: 0;\n\t\t\t}\n\t\t\t\/* see gallery_shortcode() in wp-includes\/media.php *\/\n\t\t<\/style>\n\t\t<div id='gallery-3' class='gallery galleryid-1846 gallery-columns-3 gallery-size-thumbnail'><dl class='gallery-item'>\n\t\t\t<dt class='gallery-icon landscape'>\n\t\t\t\t<a href='https:\/\/kerste.de\/?attachment_id=1858#main'><img loading=\"lazy\" decoding=\"async\" width=\"150\" height=\"150\" src=\"https:\/\/kerste.de\/wp-content\/uploads\/2015\/02\/GRP101-DSC_0064-150x150.jpg\" class=\"attachment-thumbnail size-thumbnail\" alt=\"\" \/><\/a>\n\t\t\t<\/dt><\/dl><dl class='gallery-item'>\n\t\t\t<dt class='gallery-icon landscape'>\n\t\t\t\t<a href='https:\/\/kerste.de\/?attachment_id=1859#main'><img loading=\"lazy\" decoding=\"async\" width=\"150\" height=\"150\" src=\"https:\/\/kerste.de\/wp-content\/uploads\/2015\/02\/GRP101-DSC_0067-150x150.jpg\" class=\"attachment-thumbnail size-thumbnail\" alt=\"\" \/><\/a>\n\t\t\t<\/dt><\/dl><dl class='gallery-item'>\n\t\t\t<dt class='gallery-icon landscape'>\n\t\t\t\t<a href='https:\/\/kerste.de\/?attachment_id=1860#main'><img loading=\"lazy\" decoding=\"async\" width=\"150\" height=\"150\" src=\"https:\/\/kerste.de\/wp-content\/uploads\/2015\/02\/GRP101-DSC_0068-150x150.jpg\" class=\"attachment-thumbnail size-thumbnail\" alt=\"\" \/><\/a>\n\t\t\t<\/dt><\/dl><br style=\"clear: both\" \/>\n\t\t<\/div>\n\n<p>Die Passagiere sind nicht die einzigen, die das ganze im Bild festhalten: Auch Johann und der Restaurantchef lassen die Handys mitlaufen, f\u00fcr <a href=\"https:\/\/www.facebook.com\/pages\/MS-Nordkapp\/724991130920652\" target=\"_blank\">Facebook<\/a> und Youtube.<\/p>\n<p>Die anschlie\u00dfende Fahrt durch den Raftsund ist sch\u00f6n, aber ereignislos, und den Trollfjord lassen wir links liegen. Daf\u00fcr gibt es eine Windwarnung f\u00fcr das Westfjord heute Abend. Wer Probleme hat, sollte langsam an die Reisetabletten denken&#8230; Und noch eine wichtige Durchsage: Damit wir in Svolvaer mehr Zeit haben, gibt es das Abendessen schon um 17:30 und mit freier Platzwahl. Trotzdem zieht es sich bis nach dem Anlegen, bis alle ihr Dessert erhalten haben und in die Stadt gehen k\u00f6nnen.<\/p>\n<p>Ein beliebtes Ziel ist die Magic Ice Galerie. Da ich da noch nie war, steht sie heute auf dem Programm. \u00dcber den vereisten Weg geht es ein paar Meter nach links, und 128 NOK \u00e4rmer kann ich die kleine Halle besichtigen, die voller Eisskulpturen ist. Ganz h\u00fcbsch, aber wer das Eishotel in Kirkenes mitgemacht hat, muss da nicht unbedingt rein. Aber im Eintrittspreis ist ein kaltes Getr\u00e4nk enthalten, und die Skulpturen sind durchaus sehenswert.<\/p>\n\n\t\t<style type=\"text\/css\">\n\t\t\t#gallery-4 {\n\t\t\t\tmargin: auto;\n\t\t\t}\n\t\t\t#gallery-4 .gallery-item {\n\t\t\t\tfloat: left;\n\t\t\t\tmargin-top: 10px;\n\t\t\t\ttext-align: center;\n\t\t\t\twidth: 20%;\n\t\t\t}\n\t\t\t#gallery-4 img {\n\t\t\t\tborder: 2px solid #cfcfcf;\n\t\t\t}\n\t\t\t#gallery-4 .gallery-caption {\n\t\t\t\tmargin-left: 0;\n\t\t\t}\n\t\t\t\/* see gallery_shortcode() in wp-includes\/media.php *\/\n\t\t<\/style>\n\t\t<div id='gallery-4' class='gallery galleryid-1846 gallery-columns-5 gallery-size-thumbnail'><dl class='gallery-item'>\n\t\t\t<dt class='gallery-icon landscape'>\n\t\t\t\t<a href='https:\/\/kerste.de\/?attachment_id=1861#main'><img loading=\"lazy\" decoding=\"async\" width=\"150\" height=\"150\" src=\"https:\/\/kerste.de\/wp-content\/uploads\/2015\/02\/GRP101-DSC_0091-150x150.jpg\" class=\"attachment-thumbnail size-thumbnail\" alt=\"\" \/><\/a>\n\t\t\t<\/dt><\/dl><dl class='gallery-item'>\n\t\t\t<dt class='gallery-icon portrait'>\n\t\t\t\t<a href='https:\/\/kerste.de\/?attachment_id=1862#main'><img loading=\"lazy\" decoding=\"async\" width=\"150\" height=\"150\" src=\"https:\/\/kerste.de\/wp-content\/uploads\/2015\/02\/GRP101-DSC_0098-150x150.jpg\" class=\"attachment-thumbnail size-thumbnail\" alt=\"\" \/><\/a>\n\t\t\t<\/dt><\/dl><dl class='gallery-item'>\n\t\t\t<dt class='gallery-icon landscape'>\n\t\t\t\t<a href='https:\/\/kerste.de\/?attachment_id=1863#main'><img loading=\"lazy\" decoding=\"async\" width=\"150\" height=\"150\" src=\"https:\/\/kerste.de\/wp-content\/uploads\/2015\/02\/GRP101-DSC_0108-150x150.jpg\" class=\"attachment-thumbnail size-thumbnail\" alt=\"\" \/><\/a>\n\t\t\t<\/dt><\/dl><dl class='gallery-item'>\n\t\t\t<dt class='gallery-icon landscape'>\n\t\t\t\t<a href='https:\/\/kerste.de\/?attachment_id=1864#main'><img loading=\"lazy\" decoding=\"async\" width=\"150\" height=\"150\" src=\"https:\/\/kerste.de\/wp-content\/uploads\/2015\/02\/GRP101-DSC_0118-150x150.jpg\" class=\"attachment-thumbnail size-thumbnail\" alt=\"\" \/><\/a>\n\t\t\t<\/dt><\/dl><dl class='gallery-item'>\n\t\t\t<dt class='gallery-icon landscape'>\n\t\t\t\t<a href='https:\/\/kerste.de\/?attachment_id=1865#main'><img loading=\"lazy\" decoding=\"async\" width=\"150\" height=\"150\" src=\"https:\/\/kerste.de\/wp-content\/uploads\/2015\/02\/GRP101-DSC_0129-150x150.jpg\" class=\"attachment-thumbnail size-thumbnail\" alt=\"\" \/><\/a>\n\t\t\t<\/dt><\/dl><br style=\"clear: both\" \/>\n\t\t<\/div>\n\n<p>Zum Abend geht es auf den Westfjord, und die See ist tats\u00e4chlich etwas unruhiger. Nach einigen Runden Kniffel leert die Bar sich langsam \u2013 einige suchen das Bett auf, w\u00e4hrend ich im Panoramasalon mein Blog schreibe und abwarte, ob bzw. wie oft die Gischt den siebten Stock erreicht, w\u00e4hrend die Nordkapp durch die Nacht <del>f\u00e4hrt<\/del> schaukelt. Morgen fr\u00fch steht schon wieder der Polarkreis auf dem Programm.<\/p>\n<p>Zum Abschluss noch eine kleine Impression der Nacht:<\/p>\n<p><iframe loading=\"lazy\" src=\"\/\/player.vimeo.com\/video\/120105415\" width=\"500\" height=\"281\" frameborder=\"0\" allowfullscreen=\"allowfullscreen\"><\/iframe><\/p>\n<p><a href=\"https:\/\/vimeo.com\/120105415\">Wellen in der Finsternis \u2013 MS Nordkapp, 19.2.2015<\/a> from <a href=\"https:\/\/vimeo.com\/alexkerste\">Alex Kerste<\/a> on <a href=\"https:\/\/vimeo.com\">Vimeo<\/a>.<\/p>\n<div class=\"shariff shariff-align-left shariff-widget-align-left\"><ul class=\"shariff-buttons theme-white orientation-horizontal buttonsize-small\"><li class=\"shariff-button twitter shariff-nocustomcolor\" style=\"background-color:#595959\"><a href=\"https:\/\/twitter.com\/share?url=https%3A%2F%2Fkerste.de%2F%3Fp%3D1846&text=Tag%209%20%E2%80%93%20Quer%20durch%20die%20Vester%C3%A5len\" title=\"Bei X teilen\" aria-label=\"Bei X teilen\" role=\"button\" rel=\"noopener nofollow\" class=\"shariff-link\" style=\"; background-color:#000; color:#000\" target=\"_blank\"><span class=\"shariff-icon\" style=\"fill:#000\"><svg width=\"32px\" height=\"20px\" xmlns=\"http:\/\/www.w3.org\/2000\/svg\" viewBox=\"0 0 24 24\"><path fill=\"#000\" d=\"M14.258 10.152L23.176 0h-2.113l-7.747 8.813L7.133 0H0l9.352 13.328L0 23.973h2.113l8.176-9.309 6.531 9.309h7.133zm-2.895 3.293l-.949-1.328L2.875 1.56h3.246l6.086 8.523.945 1.328 7.91 11.078h-3.246zm0 0\"\/><\/svg><\/span><span class=\"shariff-text\" style=\"color:#000\">teilen<\/span>&nbsp;<\/a><\/li><li class=\"shariff-button facebook shariff-nocustomcolor\" style=\"background-color:#4273c8\"><a href=\"https:\/\/www.facebook.com\/sharer\/sharer.php?u=https%3A%2F%2Fkerste.de%2F%3Fp%3D1846\" title=\"Bei Facebook teilen\" aria-label=\"Bei Facebook teilen\" role=\"button\" rel=\"nofollow\" class=\"shariff-link\" style=\"; background-color:#3b5998; color:#3b5998\" target=\"_blank\"><span class=\"shariff-icon\" style=\"fill:#3b5998\"><svg width=\"32px\" height=\"20px\" xmlns=\"http:\/\/www.w3.org\/2000\/svg\" viewBox=\"0 0 18 32\"><path fill=\"#3b5998\" d=\"M17.1 0.2v4.7h-2.8q-1.5 0-2.1 0.6t-0.5 1.9v3.4h5.2l-0.7 5.3h-4.5v13.6h-5.5v-13.6h-4.5v-5.3h4.5v-3.9q0-3.3 1.9-5.2t5-1.8q2.6 0 4.1 0.2z\"\/><\/svg><\/span><span class=\"shariff-text\" style=\"color:#3b5998\">teilen<\/span>&nbsp;<\/a><\/li><li class=\"shariff-button tumblr shariff-nocustomcolor\" style=\"background-color:#529ecc\"><a href=\"https:\/\/www.tumblr.com\/widgets\/share\/tool?posttype=link&canonicalUrl=https%3A%2F%2Fkerste.de%2F%3Fp%3D1846&tags=kerste.de\" title=\"Bei tumblr teilen\" aria-label=\"Bei tumblr teilen\" role=\"button\" rel=\"noopener nofollow\" class=\"shariff-link\" style=\"; background-color:#36465d; color:#36465d\" target=\"_blank\"><span class=\"shariff-icon\" style=\"fill:#36465d\"><svg width=\"32px\" height=\"20px\" xmlns=\"http:\/\/www.w3.org\/2000\/svg\" viewBox=\"0 0 32 32\"><path fill=\"#36465d\" d=\"M18 14l0 7.3c0 1.9 0 2.9 0.2 3.5 0.2 0.5 0.7 1.1 1.2 1.4 0.7 0.4 1.5 0.6 2.4 0.6 1.6 0 2.6-0.2 4.2-1.3v4.8c-1.4 0.6-2.6 1-3.7 1.3-1.1 0.3-2.3 0.4-3.6 0.4-1.5 0-2.3-0.2-3.4-0.6-1.1-0.4-2.1-0.9-2.9-1.6-0.8-0.7-1.3-1.4-1.7-2.2s-0.5-1.9-0.5-3.4v-11.2h-4.3v-4.5c1.3-0.4 2.7-1 3.6-1.8 0.9-0.8 1.6-1.7 2.2-2.7 0.5-1.1 0.9-2.4 1.1-4.1h5.2l0 8h8v6h-8z\"\/><\/svg><\/span><span class=\"shariff-text\" style=\"color:#36465d\">teilen<\/span>&nbsp;<\/a><\/li><li class=\"shariff-button info shariff-nocustomcolor\" style=\"background-color:#a8a8a8\"><a href=\"http:\/\/ct.de\/-2467514\" title=\"Weitere Informationen\" aria-label=\"Weitere Informationen\" role=\"button\" rel=\"noopener \" class=\"shariff-link\" style=\"; background-color:#999; color:#999\" target=\"_blank\"><span class=\"shariff-icon\" style=\"fill:#999\"><svg width=\"32px\" height=\"20px\" xmlns=\"http:\/\/www.w3.org\/2000\/svg\" viewBox=\"0 0 11 32\"><path fill=\"#999\" d=\"M11.4 24v2.3q0 0.5-0.3 0.8t-0.8 0.4h-9.1q-0.5 0-0.8-0.4t-0.4-0.8v-2.3q0-0.5 0.4-0.8t0.8-0.4h1.1v-6.8h-1.1q-0.5 0-0.8-0.4t-0.4-0.8v-2.3q0-0.5 0.4-0.8t0.8-0.4h6.8q0.5 0 0.8 0.4t0.4 0.8v10.3h1.1q0.5 0 0.8 0.4t0.3 0.8zM9.2 3.4v3.4q0 0.5-0.4 0.8t-0.8 0.4h-4.6q-0.4 0-0.8-0.4t-0.4-0.8v-3.4q0-0.4 0.4-0.8t0.8-0.4h4.6q0.5 0 0.8 0.4t0.4 0.8z\"\/><\/svg><\/span><\/a><\/li><\/ul><\/div>","protected":false},"excerpt":{"rendered":"<p>Bedeckter Himmel, aber ruhige See \u2013 wer nicht die Vester\u00e5len-Rundfahrt gebucht hat, konnte heute ausschlafen und die Reise entspannt fortsetzen. Da ich die Bustour schon einmal gemacht hatte, entschied ich mich f\u00fcr letzteres \u2013 die Fahrt durch die Inseln ist ebenfalls reizvoll. Nachdem wir die Rundfahrer in Harstad abgesetzt hatten, passierten wir die erste Sehensw\u00fcrdigkeit: [&hellip;]<\/p>\n","protected":false},"author":1,"featured_media":0,"comment_status":"open","ping_status":"open","sticky":false,"template":"","format":"standard","meta":{"footnotes":""},"categories":[1,189],"tags":[192,61,72,71],"class_list":["post-1846","post","type-post","status-publish","format-standard","hentry","category-allgemein","category-hurtigruten-2015-grp101","tag-hurtigrute","tag-ms-nordkapp","tag-stokmarknes","tag-vesteralen"],"_links":{"self":[{"href":"https:\/\/kerste.de\/index.php?rest_route=\/wp\/v2\/posts\/1846","targetHints":{"allow":["GET"]}}],"collection":[{"href":"https:\/\/kerste.de\/index.php?rest_route=\/wp\/v2\/posts"}],"about":[{"href":"https:\/\/kerste.de\/index.php?rest_route=\/wp\/v2\/types\/post"}],"author":[{"embeddable":true,"href":"https:\/\/kerste.de\/index.php?rest_route=\/wp\/v2\/users\/1"}],"replies":[{"embeddable":true,"href":"https:\/\/kerste.de\/index.php?rest_route=%2Fwp%2Fv2%2Fcomments&post=1846"}],"version-history":[{"count":5,"href":"https:\/\/kerste.de\/index.php?rest_route=\/wp\/v2\/posts\/1846\/revisions"}],"predecessor-version":[{"id":1874,"href":"https:\/\/kerste.de\/index.php?rest_route=\/wp\/v2\/posts\/1846\/revisions\/1874"}],"wp:attachment":[{"href":"https:\/\/kerste.de\/index.php?rest_route=%2Fwp%2Fv2%2Fmedia&parent=1846"}],"wp:term":[{"taxonomy":"category","embeddable":true,"href":"https:\/\/kerste.de\/index.php?rest_route=%2Fwp%2Fv2%2Fcategories&post=1846"},{"taxonomy":"post_tag","embeddable":true,"href":"https:\/\/kerste.de\/index.php?rest_route=%2Fwp%2Fv2%2Ftags&post=1846"}],"curies":[{"name":"wp","href":"https:\/\/api.w.org\/{rel}","templated":true}]}}