{"id":1826,"date":"2015-02-19T13:00:18","date_gmt":"2015-02-19T11:00:18","guid":{"rendered":"http:\/\/kerste.de\/?p=1826"},"modified":"2016-06-17T22:43:32","modified_gmt":"2016-06-17T20:43:32","slug":"tag-8-stuermisches-hammerfest","status":"publish","type":"post","link":"https:\/\/kerste.de\/?p=1826","title":{"rendered":"Tag 8 \u2013 St\u00fcrmisches Hammerfest"},"content":{"rendered":"<p>Der Tag beginnt unruhig, das Wetter war schon besser: 16 m\/s entsprechen Windst\u00e4rke 7, mit Ententeich ist nicht mehr viel. Zwar haben wir noch lange keinen richtigen Sturm, aber die Nordkapp schaukelt schon ein wenig. F\u00fcr mich hei\u00dft es heute fr\u00fch aufstehen: Zwar ist das Fr\u00fchst\u00fcck erst f\u00fcr neun Uhr geplant, aber um 8:20 hei\u00dft es <em>Polarlys<\/em>. Genauer gesagt MS Polarlys, auch wenn mich an Deck der ein oder andere fragt, was das mit Polarlicht war, das gerade durchgesagt wurde \u2013 bei dem Wetter und am Tag?<\/p>\n<p><iframe loading=\"lazy\" src=\"\/\/player.vimeo.com\/video\/119966633\" width=\"500\" height=\"281\" frameborder=\"0\" allowfullscreen=\"allowfullscreen\"><\/iframe><\/p>\n<p><a href=\"https:\/\/vimeo.com\/119966633\">MS Nordkapp trifft MS Poalrlys \u2013 18. Februar 2015<\/a> from <a href=\"https:\/\/vimeo.com\/alexkerste\">Alex Kerste<\/a> on <a href=\"https:\/\/vimeo.com\">Vimeo<\/a>.<\/p>\n<p>Da bleibt mir nur, auf das vorbeifahrende Schiff zu zeigen&#8230; Dass ich sie sehen wollte, hat pers\u00f6nliche Gr\u00fcnde: Zwei Tage nach uns ist die n\u00e4chste Nordlicht-und-Sterne-Gruppe gestartet, die auf der Polarlys reist. God tour! Unser Typhoon klingt mittlerweile auch etwas erk\u00e4ltet und muss wohl erst einmal Schnee wegblasenen. Wir gr\u00fc\u00dfen eher mit einem \u00f8\u00f8h\u00f8\u00f8 \u2013 \u00f8h\u00f8h\u00f8 \u2013 \u00f8h\u00f8\u00f8\u00d8\u00d8\u00d8\u00d8\u00d8\u00d8\u00d8\u00d8\u00d8 als dem \u00fcblichen, satten Tuten.<\/p>\n<p>Beim Fr\u00fchst\u00fcck haben sich die Reihen schon etwas gelichtet, und ich verdr\u00fccke mich relativ bald auf Deck \u2013 es schwankt etwas st\u00e4rker, und vielleicht gelingt mir ein gutes Filmchen davon. Die Video-Funktion der Nikon macht ja einen ganz guten Eindruck. Aber weder Hagel- und Graupelschauer noch so manche hohe Welle kommen auf dem Video auch nur ann\u00e4hernd so \u00fcberzeugend r\u00fcber wie in Wirklichkeit.<\/p>\n<p><iframe loading=\"lazy\" src=\"\/\/player.vimeo.com\/video\/120036660\" width=\"500\" height=\"281\" frameborder=\"0\" allowfullscreen=\"allowfullscreen\"><\/iframe><\/p>\n<p><a href=\"https:\/\/vimeo.com\/120036660\">MS Nordkapp \u2013 etwas Wellengang<\/a> from <a href=\"https:\/\/vimeo.com\/alexkerste\">Alex Kerste<\/a> on <a href=\"https:\/\/vimeo.com\">Vimeo<\/a>.<\/p>\n<p>N\u00e4chstes mal muss ich das von Deck 4 probieren. Da bin ich zwar nicht im Freien, aber n\u00e4her an den Wellen. So hat das dann mehr von Waschk\u00fcche:-)<\/p>\n<p><a href=\"http:\/\/kerste.de\/wp-content\/uploads\/2015\/02\/DSC_9873.jpg\"><img loading=\"lazy\" decoding=\"async\" class=\"alignleft size-medium wp-image-1830\" src=\"https:\/\/kerste.de\/wp-content\/uploads\/2015\/02\/DSC_9873-200x300.jpg\" alt=\"DSC_9873\" width=\"200\" height=\"300\" srcset=\"https:\/\/kerste.de\/wp-content\/uploads\/2015\/02\/DSC_9873-200x300.jpg 200w, https:\/\/kerste.de\/wp-content\/uploads\/2015\/02\/DSC_9873.jpg 683w\" sizes=\"auto, (max-width: 200px) 100vw, 200px\" \/><\/a>Gegen 10 Uhr gab es dann alles an Wetter: Vor uns Regen, links Nebel, hinten Sonnenschein und rechts Schnee \u2013 f\u00fcr jeden etwas. Die Schiffsdurchsage: &#8220;Auf der backbord linken Seite sehen jetzt nicht das Energiegewinnungsprojekt Schneewittchen&#8230;&#8221; Die Fl\u00fcssiggasanlage ist meistens im Nebel versteckt, daf\u00fcr gibt es den Energiekaffee trotz Wellengang und wechselhaftem Wetter standhaft drau\u00dfen auf Deck 7. Das diesj\u00e4hrige Rezept ist meiner Meinung nach deutlich besser als der Tee vom letzten Jahr, trotzdem ist der Andrang eher gering. Ob es schon an dem sanften Schaukeln liegt, das mittlerweile deutlich nachgelassen hat?<\/p>\n<p>Die Insel Melk\u00f8ya war nur sporadisch zu sehen, aber in Hammerfest am anderen Ende der Bucht sieht das Wetter schon wieder ganz anders aus. Diesmal sieht das Besuchsprogramm die Kirchen vor: Die Grabkapelle ist das einzige Geb\u00e4ude, das die deutsche Wehrmacht im Krieg nicht zerst\u00f6rt hatte.<\/p>\n\n\t\t<style type=\"text\/css\">\n\t\t\t#gallery-1 {\n\t\t\t\tmargin: auto;\n\t\t\t}\n\t\t\t#gallery-1 .gallery-item {\n\t\t\t\tfloat: left;\n\t\t\t\tmargin-top: 10px;\n\t\t\t\ttext-align: center;\n\t\t\t\twidth: 25%;\n\t\t\t}\n\t\t\t#gallery-1 img {\n\t\t\t\tborder: 2px solid #cfcfcf;\n\t\t\t}\n\t\t\t#gallery-1 .gallery-caption {\n\t\t\t\tmargin-left: 0;\n\t\t\t}\n\t\t\t\/* see gallery_shortcode() in wp-includes\/media.php *\/\n\t\t<\/style>\n\t\t<div id='gallery-1' class='gallery galleryid-1826 gallery-columns-4 gallery-size-thumbnail'><dl class='gallery-item'>\n\t\t\t<dt class='gallery-icon landscape'>\n\t\t\t\t<a href='https:\/\/kerste.de\/?attachment_id=1831#main'><img loading=\"lazy\" decoding=\"async\" width=\"150\" height=\"150\" src=\"https:\/\/kerste.de\/wp-content\/uploads\/2015\/02\/DSC_9883-150x150.jpg\" class=\"attachment-thumbnail size-thumbnail\" alt=\"\" aria-describedby=\"gallery-1-1831\" \/><\/a>\n\t\t\t<\/dt>\n\t\t\t\t<dd class='wp-caption-text gallery-caption' id='gallery-1-1831'>\n\t\t\t\tKirche\n\t\t\t\t<\/dd><\/dl><dl class='gallery-item'>\n\t\t\t<dt class='gallery-icon landscape'>\n\t\t\t\t<a href='https:\/\/kerste.de\/?attachment_id=1832#main'><img loading=\"lazy\" decoding=\"async\" width=\"150\" height=\"150\" src=\"https:\/\/kerste.de\/wp-content\/uploads\/2015\/02\/DSC_9890-150x150.jpg\" class=\"attachment-thumbnail size-thumbnail\" alt=\"\" aria-describedby=\"gallery-1-1832\" \/><\/a>\n\t\t\t<\/dt>\n\t\t\t\t<dd class='wp-caption-text gallery-caption' id='gallery-1-1832'>\n\t\t\t\tIm Kircheninneren\n\t\t\t\t<\/dd><\/dl><dl class='gallery-item'>\n\t\t\t<dt class='gallery-icon landscape'>\n\t\t\t\t<a href='https:\/\/kerste.de\/?attachment_id=1833#main'><img loading=\"lazy\" decoding=\"async\" width=\"150\" height=\"150\" src=\"https:\/\/kerste.de\/wp-content\/uploads\/2015\/02\/DSC_9910-150x150.jpg\" class=\"attachment-thumbnail size-thumbnail\" alt=\"\" aria-describedby=\"gallery-1-1833\" \/><\/a>\n\t\t\t<\/dt>\n\t\t\t\t<dd class='wp-caption-text gallery-caption' id='gallery-1-1833'>\n\t\t\t\tDie Grabkapelle\n\t\t\t\t<\/dd><\/dl><dl class='gallery-item'>\n\t\t\t<dt class='gallery-icon portrait'>\n\t\t\t\t<a href='https:\/\/kerste.de\/?attachment_id=1834#main'><img loading=\"lazy\" decoding=\"async\" width=\"150\" height=\"150\" src=\"https:\/\/kerste.de\/wp-content\/uploads\/2015\/02\/DSC_9914-150x150.jpg\" class=\"attachment-thumbnail size-thumbnail\" alt=\"\" aria-describedby=\"gallery-1-1834\" \/><\/a>\n\t\t\t<\/dt>\n\t\t\t\t<dd class='wp-caption-text gallery-caption' id='gallery-1-1834'>\n\t\t\t\tDie Methodistenkirche\n\t\t\t\t<\/dd><\/dl><br style=\"clear: both\" \/>\n\t\t<\/div>\n\n<p>Jetzt liegt in Hammerfest wesentlich mehr Schnee als noch vor zwei Wochen, und die Stadt ist richtig malerisch. N\u00e4chster Stopp ist der Sicksackveien, der zum Turistveien f\u00fchrt. Mit Spikes und Stiefeln ist er im Gegensatz zum Vorjahr sogar ganz gut begehbar, auch wenn ich nicht ganz nach oben gehe. Aber der Ausblick lohnt sich. Meine Bank am Musikpavillon versinkt auch deutlich mehr im Schnee als Ende Januar, Zeit f\u00fcr das \u00fcbliche Foto.<\/p>\n\n\t\t<style type=\"text\/css\">\n\t\t\t#gallery-2 {\n\t\t\t\tmargin: auto;\n\t\t\t}\n\t\t\t#gallery-2 .gallery-item {\n\t\t\t\tfloat: left;\n\t\t\t\tmargin-top: 10px;\n\t\t\t\ttext-align: center;\n\t\t\t\twidth: 25%;\n\t\t\t}\n\t\t\t#gallery-2 img {\n\t\t\t\tborder: 2px solid #cfcfcf;\n\t\t\t}\n\t\t\t#gallery-2 .gallery-caption {\n\t\t\t\tmargin-left: 0;\n\t\t\t}\n\t\t\t\/* see gallery_shortcode() in wp-includes\/media.php *\/\n\t\t<\/style>\n\t\t<div id='gallery-2' class='gallery galleryid-1826 gallery-columns-4 gallery-size-thumbnail'><dl class='gallery-item'>\n\t\t\t<dt class='gallery-icon landscape'>\n\t\t\t\t<a href='https:\/\/kerste.de\/?attachment_id=1837#main'><img loading=\"lazy\" decoding=\"async\" width=\"150\" height=\"150\" src=\"https:\/\/kerste.de\/wp-content\/uploads\/2015\/02\/DSC_9930-150x150.jpg\" class=\"attachment-thumbnail size-thumbnail\" alt=\"\" \/><\/a>\n\t\t\t<\/dt><\/dl><dl class='gallery-item'>\n\t\t\t<dt class='gallery-icon landscape'>\n\t\t\t\t<a href='https:\/\/kerste.de\/?attachment_id=1838#main'><img loading=\"lazy\" decoding=\"async\" width=\"150\" height=\"150\" src=\"https:\/\/kerste.de\/wp-content\/uploads\/2015\/02\/DSC_9935-150x150.jpg\" class=\"attachment-thumbnail size-thumbnail\" alt=\"\" \/><\/a>\n\t\t\t<\/dt><\/dl><dl class='gallery-item'>\n\t\t\t<dt class='gallery-icon landscape'>\n\t\t\t\t<a href='https:\/\/kerste.de\/?attachment_id=1836#main'><img loading=\"lazy\" decoding=\"async\" width=\"150\" height=\"150\" src=\"https:\/\/kerste.de\/wp-content\/uploads\/2015\/02\/DSC_9929-150x150.jpg\" class=\"attachment-thumbnail size-thumbnail\" alt=\"\" \/><\/a>\n\t\t\t<\/dt><\/dl><dl class='gallery-item'>\n\t\t\t<dt class='gallery-icon landscape'>\n\t\t\t\t<a href='https:\/\/kerste.de\/?attachment_id=1835#main'><img loading=\"lazy\" decoding=\"async\" width=\"150\" height=\"150\" src=\"https:\/\/kerste.de\/wp-content\/uploads\/2015\/02\/DSC_9921-150x150.jpg\" class=\"attachment-thumbnail size-thumbnail\" alt=\"\" \/><\/a>\n\t\t\t<\/dt><\/dl><br style=\"clear: both\" \/>\n\t\t<\/div>\n\n<p>Mit dem langen Mantel vom letzten Jahr war die Bank doch angenehmer&#8230;<\/p>\n<div id=\"attachment_1843\" style=\"width: 235px\" class=\"wp-caption alignleft\"><a href=\"http:\/\/kerste.de\/wp-content\/uploads\/2015\/02\/IMG_1650.jpg\"><img loading=\"lazy\" decoding=\"async\" aria-describedby=\"caption-attachment-1843\" class=\"size-medium wp-image-1843\" src=\"https:\/\/kerste.de\/wp-content\/uploads\/2015\/02\/IMG_1650-225x300.jpg\" alt=\"Geheilte Forelle\" width=\"225\" height=\"300\" srcset=\"https:\/\/kerste.de\/wp-content\/uploads\/2015\/02\/IMG_1650-225x300.jpg 225w, https:\/\/kerste.de\/wp-content\/uploads\/2015\/02\/IMG_1650.jpg 768w\" sizes=\"auto, (max-width: 225px) 100vw, 225px\" \/><\/a><p id=\"caption-attachment-1843\" class=\"wp-caption-text\">Geheilte Forelle<\/p><\/div>\n<p>Da gefragt wurde: Essen gab&#8217;s auch wieder. Zu Mittag lag unter anderem Geheilte Forelle auf dem Buffet. Whatever&#8230;<\/p>\n<p>Die Walsafari wurde mangels Walen abgesagt, und trotzdem waren im Lauf des Tages nicht zu viele Menschen an Bord zu sehen: Der Seegang geht wieder los, und \u00d8ksfjord wird mit ziemlicher Versp\u00e4tung angelaufen. Kaum zu glauben, dass wir hier letztes Jahr Gruppenfoto gemacht hatten.<\/p>\n<p>Eigentlich w\u00e4re \u00d8ksfjord w\u00e4hrend unseres letzten Vortrags gewesen, aber durch die Versp\u00e4tung fand der Sternbilder-und-Mythen-Vortrag doch mit etwas Seegang statt. Aber Respekt: Der Saal war mehr als halb voll, und fast alle haben durchgehalten. Anschlie\u00dfend ging es auf die Loppa, eine offene Seestrecke. Das &#8220;little bit of movement&#8221;, das wir bislang hatten, war wohl im windgesch\u00fctzten Bereich der Route&#8230;Leider ist es nach dem Vortrag schon dunkel, so dass ich die Gischt nicht filmen konnte. Interessanterweise war das Licht im Panoramasalon vorne auch immer an, drau\u00dfen war daher nicht viel zu sehen.<\/p>\n<p>Nach dem Abendessen und dem Stop in Skjerv\u00f8y war die See dann ruhiger, und wer wollte, konnte die Zeit bis zum Mitternachtskonzert mit Margits Vortrag \u00fcber die klassischen Schiffe MS Nordstjernen und MS Lofoten \u00fcberbr\u00fccken eine Liebeserkl\u00e4rung an die beiden Oldtimer. Wer auf der Nordstjernen buchen will: http:\/\/www.vestlandclassic.com\/voyages<\/p>\n<p>Am Abend gab es dann noch eine Mischung aus Wolken und schwachem Polarlicht \u2013 aber nichts, was nach den Shows der letzten Tage erw\u00e4hnenswert w\u00e4re. Daf\u00fcr scheine ich noch eine Tradition ins Leben zu rufen: Den Anmeldeschluss f\u00fcr das Mitternachtskonzert habe ich schon wieder \u00fcbersehen. Dann halt mal fr\u00fcher ins Bett, auch okay.<\/p>\n<div class=\"shariff shariff-align-left shariff-widget-align-left\"><ul class=\"shariff-buttons theme-white orientation-horizontal buttonsize-small\"><li class=\"shariff-button twitter shariff-nocustomcolor\" style=\"background-color:#595959\"><a href=\"https:\/\/twitter.com\/share?url=https%3A%2F%2Fkerste.de%2F%3Fp%3D1826&text=Tag%208%20%E2%80%93%20St%C3%BCrmisches%20Hammerfest\" title=\"Bei X teilen\" aria-label=\"Bei X teilen\" role=\"button\" rel=\"noopener nofollow\" class=\"shariff-link\" style=\"; background-color:#000; color:#000\" target=\"_blank\"><span class=\"shariff-icon\" style=\"fill:#000\"><svg width=\"32px\" height=\"20px\" xmlns=\"http:\/\/www.w3.org\/2000\/svg\" viewBox=\"0 0 24 24\"><path fill=\"#000\" d=\"M14.258 10.152L23.176 0h-2.113l-7.747 8.813L7.133 0H0l9.352 13.328L0 23.973h2.113l8.176-9.309 6.531 9.309h7.133zm-2.895 3.293l-.949-1.328L2.875 1.56h3.246l6.086 8.523.945 1.328 7.91 11.078h-3.246zm0 0\"\/><\/svg><\/span><span class=\"shariff-text\" style=\"color:#000\">teilen<\/span>&nbsp;<\/a><\/li><li class=\"shariff-button facebook shariff-nocustomcolor\" style=\"background-color:#4273c8\"><a href=\"https:\/\/www.facebook.com\/sharer\/sharer.php?u=https%3A%2F%2Fkerste.de%2F%3Fp%3D1826\" title=\"Bei Facebook teilen\" aria-label=\"Bei Facebook teilen\" role=\"button\" rel=\"nofollow\" class=\"shariff-link\" style=\"; background-color:#3b5998; color:#3b5998\" target=\"_blank\"><span class=\"shariff-icon\" style=\"fill:#3b5998\"><svg width=\"32px\" height=\"20px\" xmlns=\"http:\/\/www.w3.org\/2000\/svg\" viewBox=\"0 0 18 32\"><path fill=\"#3b5998\" d=\"M17.1 0.2v4.7h-2.8q-1.5 0-2.1 0.6t-0.5 1.9v3.4h5.2l-0.7 5.3h-4.5v13.6h-5.5v-13.6h-4.5v-5.3h4.5v-3.9q0-3.3 1.9-5.2t5-1.8q2.6 0 4.1 0.2z\"\/><\/svg><\/span><span class=\"shariff-text\" style=\"color:#3b5998\">teilen<\/span>&nbsp;<\/a><\/li><li class=\"shariff-button tumblr shariff-nocustomcolor\" style=\"background-color:#529ecc\"><a href=\"https:\/\/www.tumblr.com\/widgets\/share\/tool?posttype=link&canonicalUrl=https%3A%2F%2Fkerste.de%2F%3Fp%3D1826&tags=kerste.de\" title=\"Bei tumblr teilen\" aria-label=\"Bei tumblr teilen\" role=\"button\" rel=\"noopener nofollow\" class=\"shariff-link\" style=\"; background-color:#36465d; color:#36465d\" target=\"_blank\"><span class=\"shariff-icon\" style=\"fill:#36465d\"><svg width=\"32px\" height=\"20px\" xmlns=\"http:\/\/www.w3.org\/2000\/svg\" viewBox=\"0 0 32 32\"><path fill=\"#36465d\" d=\"M18 14l0 7.3c0 1.9 0 2.9 0.2 3.5 0.2 0.5 0.7 1.1 1.2 1.4 0.7 0.4 1.5 0.6 2.4 0.6 1.6 0 2.6-0.2 4.2-1.3v4.8c-1.4 0.6-2.6 1-3.7 1.3-1.1 0.3-2.3 0.4-3.6 0.4-1.5 0-2.3-0.2-3.4-0.6-1.1-0.4-2.1-0.9-2.9-1.6-0.8-0.7-1.3-1.4-1.7-2.2s-0.5-1.9-0.5-3.4v-11.2h-4.3v-4.5c1.3-0.4 2.7-1 3.6-1.8 0.9-0.8 1.6-1.7 2.2-2.7 0.5-1.1 0.9-2.4 1.1-4.1h5.2l0 8h8v6h-8z\"\/><\/svg><\/span><span class=\"shariff-text\" style=\"color:#36465d\">teilen<\/span>&nbsp;<\/a><\/li><li class=\"shariff-button info shariff-nocustomcolor\" style=\"background-color:#a8a8a8\"><a href=\"http:\/\/ct.de\/-2467514\" title=\"Weitere Informationen\" aria-label=\"Weitere Informationen\" role=\"button\" rel=\"noopener \" class=\"shariff-link\" style=\"; background-color:#999; color:#999\" target=\"_blank\"><span class=\"shariff-icon\" style=\"fill:#999\"><svg width=\"32px\" height=\"20px\" xmlns=\"http:\/\/www.w3.org\/2000\/svg\" viewBox=\"0 0 11 32\"><path fill=\"#999\" d=\"M11.4 24v2.3q0 0.5-0.3 0.8t-0.8 0.4h-9.1q-0.5 0-0.8-0.4t-0.4-0.8v-2.3q0-0.5 0.4-0.8t0.8-0.4h1.1v-6.8h-1.1q-0.5 0-0.8-0.4t-0.4-0.8v-2.3q0-0.5 0.4-0.8t0.8-0.4h6.8q0.5 0 0.8 0.4t0.4 0.8v10.3h1.1q0.5 0 0.8 0.4t0.3 0.8zM9.2 3.4v3.4q0 0.5-0.4 0.8t-0.8 0.4h-4.6q-0.4 0-0.8-0.4t-0.4-0.8v-3.4q0-0.4 0.4-0.8t0.8-0.4h4.6q0.5 0 0.8 0.4t0.4 0.8z\"\/><\/svg><\/span><\/a><\/li><\/ul><\/div>","protected":false},"excerpt":{"rendered":"<p>Der Tag beginnt unruhig, das Wetter war schon besser: 16 m\/s entsprechen Windst\u00e4rke 7, mit Ententeich ist nicht mehr viel. Zwar haben wir noch lange keinen richtigen Sturm, aber die Nordkapp schaukelt schon ein wenig. F\u00fcr mich hei\u00dft es heute fr\u00fch aufstehen: Zwar ist das Fr\u00fchst\u00fcck erst f\u00fcr neun Uhr geplant, aber um 8:20 hei\u00dft [&hellip;]<\/p>\n","protected":false},"author":1,"featured_media":0,"comment_status":"open","ping_status":"open","sticky":false,"template":"","format":"standard","meta":{"footnotes":""},"categories":[189],"tags":[195,190,70,192],"class_list":["post-1826","post","type-post","status-publish","format-standard","hentry","category-hurtigruten-2015-grp101","tag-energiekaffee","tag-grp101","tag-hammerfest","tag-hurtigrute"],"_links":{"self":[{"href":"https:\/\/kerste.de\/index.php?rest_route=\/wp\/v2\/posts\/1826","targetHints":{"allow":["GET"]}}],"collection":[{"href":"https:\/\/kerste.de\/index.php?rest_route=\/wp\/v2\/posts"}],"about":[{"href":"https:\/\/kerste.de\/index.php?rest_route=\/wp\/v2\/types\/post"}],"author":[{"embeddable":true,"href":"https:\/\/kerste.de\/index.php?rest_route=\/wp\/v2\/users\/1"}],"replies":[{"embeddable":true,"href":"https:\/\/kerste.de\/index.php?rest_route=%2Fwp%2Fv2%2Fcomments&post=1826"}],"version-history":[{"count":8,"href":"https:\/\/kerste.de\/index.php?rest_route=\/wp\/v2\/posts\/1826\/revisions"}],"predecessor-version":[{"id":5837,"href":"https:\/\/kerste.de\/index.php?rest_route=\/wp\/v2\/posts\/1826\/revisions\/5837"}],"wp:attachment":[{"href":"https:\/\/kerste.de\/index.php?rest_route=%2Fwp%2Fv2%2Fmedia&parent=1826"}],"wp:term":[{"taxonomy":"category","embeddable":true,"href":"https:\/\/kerste.de\/index.php?rest_route=%2Fwp%2Fv2%2Fcategories&post=1826"},{"taxonomy":"post_tag","embeddable":true,"href":"https:\/\/kerste.de\/index.php?rest_route=%2Fwp%2Fv2%2Ftags&post=1826"}],"curies":[{"name":"wp","href":"https:\/\/api.w.org\/{rel}","templated":true}]}}