{"id":17740,"date":"2024-12-09T09:59:10","date_gmt":"2024-12-09T08:59:10","guid":{"rendered":"https:\/\/kerste.de\/?p=17740"},"modified":"2024-12-09T09:59:12","modified_gmt":"2024-12-09T08:59:12","slug":"hurtigrute-tag-8-hammerfest-und-loppa","status":"publish","type":"post","link":"https:\/\/kerste.de\/?p=17740","title":{"rendered":"Hurtigrute Tag 8: Hammerfest und Loppa"},"content":{"rendered":"<div class=\"wp-block-image\">\n<figure class=\"alignright size-medium\"><a href=\"https:\/\/kerste.de\/?attachment_id=17762#main\"><img loading=\"lazy\" decoding=\"async\" width=\"300\" height=\"225\" src=\"https:\/\/kerste.de\/wp-content\/uploads\/2024\/12\/2024-12-08-13h-21m-P1283782-300x225.jpg\" alt=\"\" class=\"wp-image-17762\" srcset=\"https:\/\/kerste.de\/wp-content\/uploads\/2024\/12\/2024-12-08-13h-21m-P1283782-300x225.jpg 300w, https:\/\/kerste.de\/wp-content\/uploads\/2024\/12\/2024-12-08-13h-21m-P1283782-768x576.jpg 768w, https:\/\/kerste.de\/wp-content\/uploads\/2024\/12\/2024-12-08-13h-21m-P1283782.jpg 1024w\" sizes=\"auto, (max-width: 300px) 100vw, 300px\" \/><\/a><figcaption class=\"wp-element-caption\"><em>Der Tagesplan<\/em><\/figcaption><\/figure>\n<\/div>\n\n\n<p>Wir sind auf S\u00fcdkurs, und ab jetzt geht es Schlag auf Schlag \u2013 die R\u00fcckfahrt geht schneller als die Fahrt nordw\u00e4rts. <s>Geht ja auch bergab&#8230;<\/s> <\/p>\n\n\n\n<p class=\"has-small-font-size\">(Ja, ich wei\u00df, bl\u00f6der Witz. Aber man wei\u00df wann man lachen muss&#8230;)<\/p>\n\n\n\n<p>Gestern Nacht war es nach Mitternacht tats\u00e4chlich noch klar geworden bei ziemlich ruhiger See, aber von Polarlicht keine Spur. Daf\u00fcr erwartete uns am Morgen ein sch\u00f6ner Himmel \u00fcber Hav\u00f8ysund, das wir gegen 8:15 erreichen. Damit halten wir die nordgehende Richard With ein wenig auf, die unseren Liegeplatz will \u2013 das \u00fcbliche Problem bei den kleinen H\u00e4fen hier im Norden.<\/p>\n\n\n\n<p>Den Morgen verbringe ich bei unserer Reiseleitersprechstunde, auch wenn es heute nichts zu besprechen gibt \u2013 der Hauptstop ist Hammerfest, unser Liegeplatz immer noch das Industriegebiet gegen\u00fcber des Stadtzentrums, und das Wetter wird schlechter. W\u00e4hrend es drau\u00dfen langsam d\u00e4mmert, wird die neue Ankunftszeit angesagt: Wegen Wind und Str\u00f6mung werden wir versp\u00e4tet ankommen, der Interessepunkt Melk\u00f8ya wird auf etwa 11 Uhr verlegt.<\/p>\n\n\n\n<figure class=\"wp-block-gallery has-nested-images columns-default is-cropped wp-block-gallery-1 is-layout-flex wp-block-gallery-is-layout-flex\">\n<figure class=\"wp-block-image size-large\"><a href=\"https:\/\/kerste.de\/?attachment_id=17742#main\"><img loading=\"lazy\" decoding=\"async\" width=\"1024\" height=\"768\" data-id=\"17742\" src=\"https:\/\/kerste.de\/wp-content\/uploads\/2024\/12\/2024-12-08-08h-03m-P1283692.jpg\" alt=\"\" class=\"wp-image-17742\" srcset=\"https:\/\/kerste.de\/wp-content\/uploads\/2024\/12\/2024-12-08-08h-03m-P1283692.jpg 1024w, https:\/\/kerste.de\/wp-content\/uploads\/2024\/12\/2024-12-08-08h-03m-P1283692-300x225.jpg 300w, https:\/\/kerste.de\/wp-content\/uploads\/2024\/12\/2024-12-08-08h-03m-P1283692-768x576.jpg 768w\" sizes=\"auto, (max-width: 1024px) 100vw, 1024px\" \/><\/a><\/figure>\n\n\n\n<figure class=\"wp-block-image size-large\"><a href=\"https:\/\/kerste.de\/?attachment_id=17744#main\"><img loading=\"lazy\" decoding=\"async\" width=\"1024\" height=\"768\" data-id=\"17744\" src=\"https:\/\/kerste.de\/wp-content\/uploads\/2024\/12\/2024-12-08-08h-28m-P1283709.jpg\" alt=\"\" class=\"wp-image-17744\" srcset=\"https:\/\/kerste.de\/wp-content\/uploads\/2024\/12\/2024-12-08-08h-28m-P1283709.jpg 1024w, https:\/\/kerste.de\/wp-content\/uploads\/2024\/12\/2024-12-08-08h-28m-P1283709-300x225.jpg 300w, https:\/\/kerste.de\/wp-content\/uploads\/2024\/12\/2024-12-08-08h-28m-P1283709-768x576.jpg 768w\" sizes=\"auto, (max-width: 1024px) 100vw, 1024px\" \/><\/a><\/figure>\n\n\n\n<figure class=\"wp-block-image size-large\"><a href=\"https:\/\/kerste.de\/?attachment_id=17745#main\"><img loading=\"lazy\" decoding=\"async\" width=\"1024\" height=\"768\" data-id=\"17745\" src=\"https:\/\/kerste.de\/wp-content\/uploads\/2024\/12\/2024-12-08-08h-25m-P1283699.jpg\" alt=\"\" class=\"wp-image-17745\" srcset=\"https:\/\/kerste.de\/wp-content\/uploads\/2024\/12\/2024-12-08-08h-25m-P1283699.jpg 1024w, https:\/\/kerste.de\/wp-content\/uploads\/2024\/12\/2024-12-08-08h-25m-P1283699-300x225.jpg 300w, https:\/\/kerste.de\/wp-content\/uploads\/2024\/12\/2024-12-08-08h-25m-P1283699-768x576.jpg 768w\" sizes=\"auto, (max-width: 1024px) 100vw, 1024px\" \/><\/a><\/figure>\n<figcaption class=\"blocks-gallery-caption wp-element-caption\"><em>Morgenstimmung bei Honningsv\u00e5g mit der Richard With<\/em><\/figcaption><\/figure>\n\n\n\n<p>Ansonsten tut sich heute Vormittag nicht viel, au\u00dfer einer gewissen Katerstimmung bez\u00fcglich der Nordlicht-Aktivit\u00e4t. <\/p>\n\n\n\n<p>Melk\u00f8ya erreichen wir wie angek\u00fcndigt gegen elf Uhr, und \u00fcber der Fl\u00fcssiggasanlage brennt diesmal eine sehr gro\u00dfe Fackel. Da das Deck 7 der Polarlys fast ganz bis zum Heck verglast ist, bin ich auf Deck 5. Da ist zwar kein Windschutz, aber freie Sicht, und noch h\u00e4lt das Wetter. Von den Erz\u00e4hlungen des Coastal Experience Teams beim Interessepunkt auf Deck 7 bekomme ich so nat\u00fcrlich wieder nichts mit, aber was soll&#8217;s. Hier wird das Gas, das off-shore auf dem Schneewittchen-Gasfeld gef\u00f6rdert wird, komprimiert und per Dampfer verschifft \u2013 was einiges an Neubauten in Hammerfest verursacht hat.<\/p>\n\n\n\n<figure class=\"wp-block-gallery has-nested-images columns-default is-cropped wp-block-gallery-2 is-layout-flex wp-block-gallery-is-layout-flex\">\n<figure class=\"wp-block-image size-large\"><a href=\"https:\/\/kerste.de\/?attachment_id=17749#main\"><img loading=\"lazy\" decoding=\"async\" width=\"1024\" height=\"768\" data-id=\"17749\" src=\"https:\/\/kerste.de\/wp-content\/uploads\/2024\/12\/2024-12-08-10h-49m-P1283712.jpg\" alt=\"\" class=\"wp-image-17749\" srcset=\"https:\/\/kerste.de\/wp-content\/uploads\/2024\/12\/2024-12-08-10h-49m-P1283712.jpg 1024w, https:\/\/kerste.de\/wp-content\/uploads\/2024\/12\/2024-12-08-10h-49m-P1283712-300x225.jpg 300w, https:\/\/kerste.de\/wp-content\/uploads\/2024\/12\/2024-12-08-10h-49m-P1283712-768x576.jpg 768w\" sizes=\"auto, (max-width: 1024px) 100vw, 1024px\" \/><\/a><\/figure>\n\n\n\n<figure class=\"wp-block-image size-large\"><a href=\"https:\/\/kerste.de\/?attachment_id=17746#main\"><img loading=\"lazy\" decoding=\"async\" width=\"1024\" height=\"768\" data-id=\"17746\" src=\"https:\/\/kerste.de\/wp-content\/uploads\/2024\/12\/2024-12-08-10h-59m-P1283740.jpg\" alt=\"\" class=\"wp-image-17746\" srcset=\"https:\/\/kerste.de\/wp-content\/uploads\/2024\/12\/2024-12-08-10h-59m-P1283740.jpg 1024w, https:\/\/kerste.de\/wp-content\/uploads\/2024\/12\/2024-12-08-10h-59m-P1283740-300x225.jpg 300w, https:\/\/kerste.de\/wp-content\/uploads\/2024\/12\/2024-12-08-10h-59m-P1283740-768x576.jpg 768w\" sizes=\"auto, (max-width: 1024px) 100vw, 1024px\" \/><\/a><\/figure>\n<figcaption class=\"blocks-gallery-caption wp-element-caption\"><em>Melk\u00f8ya<\/em><\/figcaption><\/figure>\n\n\n<div class=\"wp-block-image\">\n<figure class=\"alignright size-medium\"><a href=\"https:\/\/kerste.de\/?attachment_id=17748#main\"><img loading=\"lazy\" decoding=\"async\" width=\"300\" height=\"225\" src=\"https:\/\/kerste.de\/wp-content\/uploads\/2024\/12\/2024-12-08-11h-16m-P1283758-300x225.jpg\" alt=\"\" class=\"wp-image-17748\" srcset=\"https:\/\/kerste.de\/wp-content\/uploads\/2024\/12\/2024-12-08-11h-16m-P1283758-300x225.jpg 300w, https:\/\/kerste.de\/wp-content\/uploads\/2024\/12\/2024-12-08-11h-16m-P1283758-768x576.jpg 768w, https:\/\/kerste.de\/wp-content\/uploads\/2024\/12\/2024-12-08-11h-16m-P1283758.jpg 1024w\" sizes=\"auto, (max-width: 300px) 100vw, 300px\" \/><\/a><figcaption class=\"wp-element-caption\"><em>Hammerfest<\/em><\/figcaption><\/figure>\n<\/div>\n\n\n<p>Als wir wenig sp\u00e4ter in den Hafen von Hammerfest einbiegen, beleuchtet die Flamme die tiefh\u00e4ngenden Wolken \u00fcber Melk\u00f8ya gespenstisch, das hat was von Mordor und verhei\u00dft nichts Gutes \u2013 es wird Regen geben. Viel Regen.<\/p>\n\n\n\n<p>Der Hafenumbau sollte eigentlich l\u00e4ngst beendet sein, aber wir legen erneut an der Fuglenes-Halbinsel an. Mittlerweile regnet es bei 3-6 Grad. Zwei Shuttlebusse warten darauf, diejenigen ins Stadtzentrum zu bringen, die Hammerfest auf eigene Faust erkunden wollen, au\u00dferdem warten die Ausflugsbusse. Viel Spa\u00df beim Hike auf den Hausberg&#8230;<\/p>\n\n\n\n<p>Nachdem alle versorgt sind, will das Expeditionsteam die verbliebenen G\u00e4ste zur Meridians\u00e4ule bringen. Ich kenne den Weg schon und breche gleich auf \u2013 mit einer kleinen Pause, um doch die Spikes anzuziehen. Der Regen hat den Schnee durch Eis ersetzt.<\/p>\n\n\n\n<figure class=\"wp-block-gallery has-nested-images columns-default is-cropped wp-block-gallery-3 is-layout-flex wp-block-gallery-is-layout-flex\">\n<figure class=\"wp-block-image size-large\"><a href=\"https:\/\/kerste.de\/?attachment_id=17755#main\"><img loading=\"lazy\" decoding=\"async\" width=\"1024\" height=\"768\" data-id=\"17755\" src=\"https:\/\/kerste.de\/wp-content\/uploads\/2024\/12\/2024-12-08-11h-31m-P1283760.jpg\" alt=\"\" class=\"wp-image-17755\" srcset=\"https:\/\/kerste.de\/wp-content\/uploads\/2024\/12\/2024-12-08-11h-31m-P1283760.jpg 1024w, https:\/\/kerste.de\/wp-content\/uploads\/2024\/12\/2024-12-08-11h-31m-P1283760-300x225.jpg 300w, https:\/\/kerste.de\/wp-content\/uploads\/2024\/12\/2024-12-08-11h-31m-P1283760-768x576.jpg 768w\" sizes=\"auto, (max-width: 1024px) 100vw, 1024px\" \/><\/a><\/figure>\n\n\n\n<figure class=\"wp-block-image size-large\"><a href=\"https:\/\/kerste.de\/?attachment_id=17752#main\"><img loading=\"lazy\" decoding=\"async\" width=\"1024\" height=\"768\" data-id=\"17752\" src=\"https:\/\/kerste.de\/wp-content\/uploads\/2024\/12\/2024-12-08-11h-40m-P1283766.jpg\" alt=\"\" class=\"wp-image-17752\" srcset=\"https:\/\/kerste.de\/wp-content\/uploads\/2024\/12\/2024-12-08-11h-40m-P1283766.jpg 1024w, https:\/\/kerste.de\/wp-content\/uploads\/2024\/12\/2024-12-08-11h-40m-P1283766-300x225.jpg 300w, https:\/\/kerste.de\/wp-content\/uploads\/2024\/12\/2024-12-08-11h-40m-P1283766-768x576.jpg 768w\" sizes=\"auto, (max-width: 1024px) 100vw, 1024px\" \/><\/a><\/figure>\n\n\n\n<figure class=\"wp-block-image size-large\"><a href=\"https:\/\/kerste.de\/?attachment_id=17754#main\"><img loading=\"lazy\" decoding=\"async\" width=\"1024\" height=\"768\" data-id=\"17754\" src=\"https:\/\/kerste.de\/wp-content\/uploads\/2024\/12\/2024-12-08-11h-45m-P1283771.jpg\" alt=\"\" class=\"wp-image-17754\" srcset=\"https:\/\/kerste.de\/wp-content\/uploads\/2024\/12\/2024-12-08-11h-45m-P1283771.jpg 1024w, https:\/\/kerste.de\/wp-content\/uploads\/2024\/12\/2024-12-08-11h-45m-P1283771-300x225.jpg 300w, https:\/\/kerste.de\/wp-content\/uploads\/2024\/12\/2024-12-08-11h-45m-P1283771-768x576.jpg 768w\" sizes=\"auto, (max-width: 1024px) 100vw, 1024px\" \/><\/a><\/figure>\n<figcaption class=\"blocks-gallery-caption wp-element-caption\"><em>Busparkplatz und Meridians\u00e4ule<\/em><\/figcaption><\/figure>\n\n\n\n<p>Die S\u00e4ule erinnert an ein Projekt zur Erdvermessung durch Struve; von den anderen Landmarken, die er von hier aus angepeilt hat, ist nicht viel zu sehen. Mittlerweile regnet es nicht mehr, sondern sch\u00fcttet, und ich kehre zeitnah um \u2013 den Weg zur Landspitze mit dem kleinen Freilichtmuseum und der kleinen Befestigung Skansen spare ich mir. Bis ich wieder am Schiff bin, bin ich nass genug, auch wenn die Kleidung h\u00e4lt. Aber mal ehrlich: 6\u00b0, Schneeregen und \u00fcberfrierende N\u00e4sse kann ich auch zuhause haben, wenn auch ohne den unangenehmen Wind. Das kann Norwegen doch besser!<\/p>\n\n\n<div class=\"wp-block-image\">\n<figure class=\"alignleft size-medium\"><a href=\"https:\/\/kerste.de\/?attachment_id=17758#main\"><img loading=\"lazy\" decoding=\"async\" width=\"300\" height=\"225\" src=\"https:\/\/kerste.de\/wp-content\/uploads\/2024\/12\/2024-12-08-13h-26m-P1283784-300x225.jpg\" alt=\"\" class=\"wp-image-17758\" srcset=\"https:\/\/kerste.de\/wp-content\/uploads\/2024\/12\/2024-12-08-13h-26m-P1283784-300x225.jpg 300w, https:\/\/kerste.de\/wp-content\/uploads\/2024\/12\/2024-12-08-13h-26m-P1283784-768x576.jpg 768w, https:\/\/kerste.de\/wp-content\/uploads\/2024\/12\/2024-12-08-13h-26m-P1283784.jpg 1024w\" sizes=\"auto, (max-width: 300px) 100vw, 300px\" \/><\/a><figcaption class=\"wp-element-caption\"><em>Ein Blick zur\u00fcck<\/em><\/figcaption><\/figure>\n<\/div>\n\n\n<p>Wir verlassen Hammerfest dann kurz nach 13:15 \u2013 damit die Ausfl\u00fcge stattfinden k\u00f6nnen, wurde unser Aufenthalt verl\u00e4ngert. Ich habe die Liegezeit und meine verfr\u00fchte R\u00fcckkehr aufs Schiff genutzt, um das Restaurant zu besuchen. <\/p>\n\n\n\n<p>So bleibt auch etwas Zeit, um Margits Vortrag vorzubereiten. Wenn sie im Dezember unterwegs ist, erz\u00e4hlt sie immer gerne etwas \u00fcber die norwegischen Weihnachtsbr\u00e4uche \u2013 was sind Nisse, was wird an Weihnachten gegessen und getrunken, was hatte es mit der norwegischen Butterkrise auf sich? Bei der Gelegenheit kommen auch alle Nisse raus, die uns so zugelaufen sind. Das Schiff macht sich schon Sorgen um den eigenen Nisse-Bestand, aber wir sind da autark. Der Vortrag k\u00f6nnte auch ohne Weihnachtsdeko auf dem Schiff stattfinden.<\/p>\n\n\n\n<figure class=\"wp-block-gallery has-nested-images columns-default is-cropped wp-block-gallery-4 is-layout-flex wp-block-gallery-is-layout-flex\">\n<figure class=\"wp-block-image size-large\"><a href=\"https:\/\/kerste.de\/?attachment_id=17760#main\"><img loading=\"lazy\" decoding=\"async\" width=\"1024\" height=\"768\" data-id=\"17760\" src=\"https:\/\/kerste.de\/wp-content\/uploads\/2024\/12\/2024-12-08-14h-09m-IMG_6220.jpg\" alt=\"\" class=\"wp-image-17760\" srcset=\"https:\/\/kerste.de\/wp-content\/uploads\/2024\/12\/2024-12-08-14h-09m-IMG_6220.jpg 1024w, https:\/\/kerste.de\/wp-content\/uploads\/2024\/12\/2024-12-08-14h-09m-IMG_6220-300x225.jpg 300w, https:\/\/kerste.de\/wp-content\/uploads\/2024\/12\/2024-12-08-14h-09m-IMG_6220-768x576.jpg 768w\" sizes=\"auto, (max-width: 1024px) 100vw, 1024px\" \/><\/a><figcaption class=\"wp-element-caption\">Nisse<\/figcaption><\/figure>\n\n\n\n<figure class=\"wp-block-image size-large\"><a href=\"https:\/\/kerste.de\/?attachment_id=17757#main\"><img loading=\"lazy\" decoding=\"async\" width=\"1024\" height=\"768\" data-id=\"17757\" src=\"https:\/\/kerste.de\/wp-content\/uploads\/2024\/12\/2024-12-08-13h-21m-P1283781.jpg\" alt=\"\" class=\"wp-image-17757\" srcset=\"https:\/\/kerste.de\/wp-content\/uploads\/2024\/12\/2024-12-08-13h-21m-P1283781.jpg 1024w, https:\/\/kerste.de\/wp-content\/uploads\/2024\/12\/2024-12-08-13h-21m-P1283781-300x225.jpg 300w, https:\/\/kerste.de\/wp-content\/uploads\/2024\/12\/2024-12-08-13h-21m-P1283781-768x576.jpg 768w\" sizes=\"auto, (max-width: 1024px) 100vw, 1024px\" \/><\/a><figcaption class=\"wp-element-caption\">Postflagge<\/figcaption><\/figure>\n\n\n\n<figure class=\"wp-block-image size-large\"><a href=\"https:\/\/kerste.de\/?attachment_id=17763#main\"><img loading=\"lazy\" decoding=\"async\" width=\"1024\" height=\"768\" data-id=\"17763\" src=\"https:\/\/kerste.de\/wp-content\/uploads\/2024\/12\/2024-12-08-16h-31m-IMG_6236-Kopie.jpg\" alt=\"\" class=\"wp-image-17763\" srcset=\"https:\/\/kerste.de\/wp-content\/uploads\/2024\/12\/2024-12-08-16h-31m-IMG_6236-Kopie.jpg 1024w, https:\/\/kerste.de\/wp-content\/uploads\/2024\/12\/2024-12-08-16h-31m-IMG_6236-Kopie-300x225.jpg 300w, https:\/\/kerste.de\/wp-content\/uploads\/2024\/12\/2024-12-08-16h-31m-IMG_6236-Kopie-768x576.jpg 768w\" sizes=\"auto, (max-width: 1024px) 100vw, 1024px\" \/><\/a><figcaption class=\"wp-element-caption\">\u00d8ksfjord<\/figcaption><\/figure>\n<\/figure>\n\n\n\n<p>Gut eine Stunde hat sie Zeit, dann geht das Schiffsprogramm z\u00fcgig weiter, Jan braucht den Raum. Ich bin mir nur nicht sicher, ob das eine Ausflugspr\u00e4sentation ist oder schon das t\u00e4gliche Gathering \u2013 der f\u00fcr 15:30 angesetzte Vortrag zur Geschichte der Hurtigrute wird jedenfalls nach hinten verschoben (oder war das der Englische?), aber ich habe eh keine Zeit \u2013 wir m\u00fcssen unsere Nisse einfangen und aufr\u00e4umen:-) Vor dem Vortragsraum wartet \u00fcbrigens die Hurtigruten-Foundation: Diesmal werden eine Seekarte und die Postflagge angeboten, um Gelder zu sammeln. Diesmal gibt es aber keine Versteigerung, stattdessen kann man Lose kaufen.<\/p>\n\n\n\n<p>Langsam kommt auch ordentlich Bewegung ins Schiff. Wir sind zwar noch nicht auf der offenen Seestrecke der Loppa, aber es schaukelt schon ganz ordentlich. \u00d8ksfjord erreichen wir mit einer guten halben Stunde Versp\u00e4tung gegen 16:30, kurz vor dem Hafen kann man endlich auch wieder problemlos an Deck gehen. Es hat ordentlich geschaukelt. <\/p>\n\n\n\n<p>Und dann geht es auf die Loppa. Loppa macht Hoppa&#8230; der Captain bittet darum, nicht rauszugehen.<\/p>\n\n\n<div class=\"wp-block-image\">\n<figure class=\"alignright size-medium\"><a href=\"https:\/\/kerste.de\/?attachment_id=17774#main\"><img loading=\"lazy\" decoding=\"async\" width=\"139\" height=\"300\" src=\"https:\/\/kerste.de\/wp-content\/uploads\/2024\/12\/IMG_6240-139x300.jpg\" alt=\"\" class=\"wp-image-17774\" srcset=\"https:\/\/kerste.de\/wp-content\/uploads\/2024\/12\/IMG_6240-139x300.jpg 139w, https:\/\/kerste.de\/wp-content\/uploads\/2024\/12\/IMG_6240-473x1024.jpg 473w, https:\/\/kerste.de\/wp-content\/uploads\/2024\/12\/IMG_6240.jpg 563w\" sizes=\"auto, (max-width: 139px) 100vw, 139px\" \/><\/a><figcaption class=\"wp-element-caption\"><em>Die neue Route<\/em><\/figcaption><\/figure>\n<\/div>\n\n\n<p>Zu unserer Reiseleitersprechstunde kommt bei dem Seegang keiner, aber zumindest unser Teil vom Restaurant ist gut gef\u00fcllt. Tone, unsere Kellnerin, bittet darum, dass niemand die Suppe bestellen m\u00f6ge. Wir tun ihr den Gefallen, bei dem Seegang hat die Crew so schon genug zu tun \u2013 Respekt f\u00fcr die Leistung! <\/p>\n\n\n\n<p>Und die Polarlys? F\u00e4hrt einen Schleichweg an Bergsfjord vorbei, um nicht allzusehr durchgesch\u00fcttelt zu werden. Trotzdem ist gut Bewegung im Schiff, obwohl nicht umf\u00e4llt oder zu Bruch geht. Dank der Polarnacht sehe ich aber nichts von der Landschaft, die ich noch nicht kenne. Schade eigentlich.<\/p>\n\n\n\n<p>Die meisten Passagiere sind wohl trotzdem froh, als wir endlich Skjerv\u00f8y erreichen \u2013 gegen 21 Uhr, statt wie geplant um 19:30. Statt der geplanten 15 Minuten liegen wir 45 Minuten im Hafen. Etwa eine Stunde vor dem Anlegen wurde nachgefragt, ob ein Arzt an Bord ist \u2013 hoffentlich nichts zu schlimmes, aber vielleicht der Grund f\u00fcr unsere l\u00e4ngere Liegezeit. <\/p>\n\n\n\n<p>Um 21 Uhr findet dann der vom Nachmittag verschobene Vortrag zur Geschichte der Hurtigrute statt, und gegen 21:45 legen wir ab. <\/p>\n\n\n\n<figure class=\"wp-block-gallery has-nested-images columns-default is-cropped wp-block-gallery-5 is-layout-flex wp-block-gallery-is-layout-flex\">\n<figure class=\"wp-block-image size-large\"><a href=\"https:\/\/kerste.de\/?attachment_id=17770#main\"><img loading=\"lazy\" decoding=\"async\" width=\"1024\" height=\"768\" data-id=\"17770\" src=\"https:\/\/kerste.de\/wp-content\/uploads\/2024\/12\/2024-12-08-21h-06m-P1283803.jpg\" alt=\"\" class=\"wp-image-17770\" srcset=\"https:\/\/kerste.de\/wp-content\/uploads\/2024\/12\/2024-12-08-21h-06m-P1283803.jpg 1024w, https:\/\/kerste.de\/wp-content\/uploads\/2024\/12\/2024-12-08-21h-06m-P1283803-300x225.jpg 300w, https:\/\/kerste.de\/wp-content\/uploads\/2024\/12\/2024-12-08-21h-06m-P1283803-768x576.jpg 768w\" sizes=\"auto, (max-width: 1024px) 100vw, 1024px\" \/><\/a><\/figure>\n\n\n\n<figure class=\"wp-block-image size-large\"><a href=\"https:\/\/kerste.de\/?attachment_id=17767#main\"><img loading=\"lazy\" decoding=\"async\" width=\"1024\" height=\"768\" data-id=\"17767\" src=\"https:\/\/kerste.de\/wp-content\/uploads\/2024\/12\/2024-12-08-21h-47m-P1283806.jpg\" alt=\"\" class=\"wp-image-17767\" srcset=\"https:\/\/kerste.de\/wp-content\/uploads\/2024\/12\/2024-12-08-21h-47m-P1283806.jpg 1024w, https:\/\/kerste.de\/wp-content\/uploads\/2024\/12\/2024-12-08-21h-47m-P1283806-300x225.jpg 300w, https:\/\/kerste.de\/wp-content\/uploads\/2024\/12\/2024-12-08-21h-47m-P1283806-768x576.jpg 768w\" sizes=\"auto, (max-width: 1024px) 100vw, 1024px\" \/><\/a><\/figure>\n\n\n\n<figure class=\"wp-block-image size-large\"><a href=\"https:\/\/kerste.de\/?attachment_id=17766#main\"><img loading=\"lazy\" decoding=\"async\" width=\"1024\" height=\"768\" data-id=\"17766\" src=\"https:\/\/kerste.de\/wp-content\/uploads\/2024\/12\/2024-12-08-21h-58m-P1283813.jpg\" alt=\"\" class=\"wp-image-17766\" srcset=\"https:\/\/kerste.de\/wp-content\/uploads\/2024\/12\/2024-12-08-21h-58m-P1283813.jpg 1024w, https:\/\/kerste.de\/wp-content\/uploads\/2024\/12\/2024-12-08-21h-58m-P1283813-300x225.jpg 300w, https:\/\/kerste.de\/wp-content\/uploads\/2024\/12\/2024-12-08-21h-58m-P1283813-768x576.jpg 768w\" sizes=\"auto, (max-width: 1024px) 100vw, 1024px\" \/><\/a><\/figure>\n\n\n\n<figure class=\"wp-block-image size-large\"><a href=\"https:\/\/kerste.de\/?attachment_id=17768#main\"><img loading=\"lazy\" decoding=\"async\" width=\"1024\" height=\"768\" data-id=\"17768\" src=\"https:\/\/kerste.de\/wp-content\/uploads\/2024\/12\/2024-12-08-21h-59m-P1283816.jpg\" alt=\"\" class=\"wp-image-17768\" srcset=\"https:\/\/kerste.de\/wp-content\/uploads\/2024\/12\/2024-12-08-21h-59m-P1283816.jpg 1024w, https:\/\/kerste.de\/wp-content\/uploads\/2024\/12\/2024-12-08-21h-59m-P1283816-300x225.jpg 300w, https:\/\/kerste.de\/wp-content\/uploads\/2024\/12\/2024-12-08-21h-59m-P1283816-768x576.jpg 768w\" sizes=\"auto, (max-width: 1024px) 100vw, 1024px\" \/><\/a><\/figure>\n<figcaption class=\"blocks-gallery-caption wp-element-caption\"><em>Skjerv\u00f8y und die Nordnorge<\/em><\/figcaption><\/figure>\n\n\n\n<p>Wenig sp\u00e4ter treffen wir die nordgehende MS Nordnorge. Ich gehe zum Winken an Deck: An Bord ist Ingrid mit einer anderen Nordlicht-und-Sterne-Gruppe, die hoffentlich mehr Gl\u00fcck hat als wir. Eigentlich h\u00e4tte ich mit ihr im n\u00e4chsten M\u00e4rz fahren sollen, mal sehen, ob die Tour stattfindet. Jetzt muss sie erst einmal die Loppa \u00fcberstehen&#8230;<\/p>\n\n\n\n<p>Danach war es das mit unruhiger See: Die Strecke nach Troms\u00f8 ist windgesch\u00fctzt, da ist die Fahrt angenehm ereignislos. Unsere Ankunft wird auf 1:45 oder zwei Uhr gesch\u00e4tzt \u2013 damit entf\u00e4llt das Mitternachtskonzert nat\u00fcrlich, und ich werde auch keinen Kneipenbummel unternehmen, sondern Troms\u00f8 hoffentlich verschlafen.<\/p>\n<div class=\"shariff shariff-align-left shariff-widget-align-left\"><ul class=\"shariff-buttons theme-white orientation-horizontal buttonsize-small\"><li class=\"shariff-button twitter shariff-nocustomcolor\" style=\"background-color:#595959\"><a href=\"https:\/\/twitter.com\/share?url=https%3A%2F%2Fkerste.de%2F%3Fp%3D17740&text=Hurtigrute%20Tag%208%3A%20Hammerfest%20und%20Loppa\" title=\"Bei X teilen\" aria-label=\"Bei X teilen\" role=\"button\" rel=\"noopener nofollow\" class=\"shariff-link\" style=\"; background-color:#000; color:#000\" target=\"_blank\"><span class=\"shariff-icon\" style=\"fill:#000\"><svg width=\"32px\" height=\"20px\" xmlns=\"http:\/\/www.w3.org\/2000\/svg\" viewBox=\"0 0 24 24\"><path fill=\"#000\" d=\"M14.258 10.152L23.176 0h-2.113l-7.747 8.813L7.133 0H0l9.352 13.328L0 23.973h2.113l8.176-9.309 6.531 9.309h7.133zm-2.895 3.293l-.949-1.328L2.875 1.56h3.246l6.086 8.523.945 1.328 7.91 11.078h-3.246zm0 0\"\/><\/svg><\/span><span class=\"shariff-text\" style=\"color:#000\">teilen<\/span>&nbsp;<\/a><\/li><li class=\"shariff-button facebook shariff-nocustomcolor\" style=\"background-color:#4273c8\"><a href=\"https:\/\/www.facebook.com\/sharer\/sharer.php?u=https%3A%2F%2Fkerste.de%2F%3Fp%3D17740\" title=\"Bei Facebook teilen\" aria-label=\"Bei Facebook teilen\" role=\"button\" rel=\"nofollow\" class=\"shariff-link\" style=\"; background-color:#3b5998; color:#3b5998\" target=\"_blank\"><span class=\"shariff-icon\" style=\"fill:#3b5998\"><svg width=\"32px\" height=\"20px\" xmlns=\"http:\/\/www.w3.org\/2000\/svg\" viewBox=\"0 0 18 32\"><path fill=\"#3b5998\" d=\"M17.1 0.2v4.7h-2.8q-1.5 0-2.1 0.6t-0.5 1.9v3.4h5.2l-0.7 5.3h-4.5v13.6h-5.5v-13.6h-4.5v-5.3h4.5v-3.9q0-3.3 1.9-5.2t5-1.8q2.6 0 4.1 0.2z\"\/><\/svg><\/span><span class=\"shariff-text\" style=\"color:#3b5998\">teilen<\/span>&nbsp;<\/a><\/li><li class=\"shariff-button tumblr shariff-nocustomcolor\" style=\"background-color:#529ecc\"><a href=\"https:\/\/www.tumblr.com\/widgets\/share\/tool?posttype=link&canonicalUrl=https%3A%2F%2Fkerste.de%2F%3Fp%3D17740&tags=kerste.de\" title=\"Bei tumblr teilen\" aria-label=\"Bei tumblr teilen\" role=\"button\" rel=\"noopener nofollow\" class=\"shariff-link\" style=\"; background-color:#36465d; color:#36465d\" target=\"_blank\"><span class=\"shariff-icon\" style=\"fill:#36465d\"><svg width=\"32px\" height=\"20px\" xmlns=\"http:\/\/www.w3.org\/2000\/svg\" viewBox=\"0 0 32 32\"><path fill=\"#36465d\" d=\"M18 14l0 7.3c0 1.9 0 2.9 0.2 3.5 0.2 0.5 0.7 1.1 1.2 1.4 0.7 0.4 1.5 0.6 2.4 0.6 1.6 0 2.6-0.2 4.2-1.3v4.8c-1.4 0.6-2.6 1-3.7 1.3-1.1 0.3-2.3 0.4-3.6 0.4-1.5 0-2.3-0.2-3.4-0.6-1.1-0.4-2.1-0.9-2.9-1.6-0.8-0.7-1.3-1.4-1.7-2.2s-0.5-1.9-0.5-3.4v-11.2h-4.3v-4.5c1.3-0.4 2.7-1 3.6-1.8 0.9-0.8 1.6-1.7 2.2-2.7 0.5-1.1 0.9-2.4 1.1-4.1h5.2l0 8h8v6h-8z\"\/><\/svg><\/span><span class=\"shariff-text\" style=\"color:#36465d\">teilen<\/span>&nbsp;<\/a><\/li><li class=\"shariff-button info shariff-nocustomcolor\" style=\"background-color:#a8a8a8\"><a href=\"http:\/\/ct.de\/-2467514\" title=\"Weitere Informationen\" aria-label=\"Weitere Informationen\" role=\"button\" rel=\"noopener \" class=\"shariff-link\" style=\"; background-color:#999; color:#999\" target=\"_blank\"><span class=\"shariff-icon\" style=\"fill:#999\"><svg width=\"32px\" height=\"20px\" xmlns=\"http:\/\/www.w3.org\/2000\/svg\" viewBox=\"0 0 11 32\"><path fill=\"#999\" d=\"M11.4 24v2.3q0 0.5-0.3 0.8t-0.8 0.4h-9.1q-0.5 0-0.8-0.4t-0.4-0.8v-2.3q0-0.5 0.4-0.8t0.8-0.4h1.1v-6.8h-1.1q-0.5 0-0.8-0.4t-0.4-0.8v-2.3q0-0.5 0.4-0.8t0.8-0.4h6.8q0.5 0 0.8 0.4t0.4 0.8v10.3h1.1q0.5 0 0.8 0.4t0.3 0.8zM9.2 3.4v3.4q0 0.5-0.4 0.8t-0.8 0.4h-4.6q-0.4 0-0.8-0.4t-0.4-0.8v-3.4q0-0.4 0.4-0.8t0.8-0.4h4.6q0.5 0 0.8 0.4t0.4 0.8z\"\/><\/svg><\/span><\/a><\/li><\/ul><\/div>","protected":false},"excerpt":{"rendered":"<p>Wir sind auf S\u00fcdkurs, und ab jetzt geht es Schlag auf Schlag \u2013 die R\u00fcckfahrt geht schneller als die Fahrt nordw\u00e4rts. Geht ja auch bergab&#8230; (Ja, ich wei\u00df, bl\u00f6der Witz. Aber man wei\u00df wann man lachen muss&#8230;) Gestern Nacht war es nach Mitternacht tats\u00e4chlich noch klar geworden bei ziemlich ruhiger See, aber von Polarlicht keine [&hellip;]<\/p>\n","protected":false},"author":1,"featured_media":0,"comment_status":"open","ping_status":"open","sticky":false,"template":"","format":"standard","meta":{"footnotes":""},"categories":[438],"tags":[],"class_list":["post-17740","post","type-post","status-publish","format-standard","hentry","category-hurtigruten-2024-grp-207"],"_links":{"self":[{"href":"https:\/\/kerste.de\/index.php?rest_route=\/wp\/v2\/posts\/17740","targetHints":{"allow":["GET"]}}],"collection":[{"href":"https:\/\/kerste.de\/index.php?rest_route=\/wp\/v2\/posts"}],"about":[{"href":"https:\/\/kerste.de\/index.php?rest_route=\/wp\/v2\/types\/post"}],"author":[{"embeddable":true,"href":"https:\/\/kerste.de\/index.php?rest_route=\/wp\/v2\/users\/1"}],"replies":[{"embeddable":true,"href":"https:\/\/kerste.de\/index.php?rest_route=%2Fwp%2Fv2%2Fcomments&post=17740"}],"version-history":[{"count":3,"href":"https:\/\/kerste.de\/index.php?rest_route=\/wp\/v2\/posts\/17740\/revisions"}],"predecessor-version":[{"id":17776,"href":"https:\/\/kerste.de\/index.php?rest_route=\/wp\/v2\/posts\/17740\/revisions\/17776"}],"wp:attachment":[{"href":"https:\/\/kerste.de\/index.php?rest_route=%2Fwp%2Fv2%2Fmedia&parent=17740"}],"wp:term":[{"taxonomy":"category","embeddable":true,"href":"https:\/\/kerste.de\/index.php?rest_route=%2Fwp%2Fv2%2Fcategories&post=17740"},{"taxonomy":"post_tag","embeddable":true,"href":"https:\/\/kerste.de\/index.php?rest_route=%2Fwp%2Fv2%2Ftags&post=17740"}],"curies":[{"name":"wp","href":"https:\/\/api.w.org\/{rel}","templated":true}]}}