{"id":16715,"date":"2024-01-06T13:09:02","date_gmt":"2024-01-06T12:09:02","guid":{"rendered":"https:\/\/kerste.de\/?p=16715"},"modified":"2024-01-06T13:09:04","modified_gmt":"2024-01-06T12:09:04","slug":"hurtigrute-tag-2-alesund-7","status":"publish","type":"post","link":"https:\/\/kerste.de\/?p=16715","title":{"rendered":"Hurtigrute Tag 2: \u00c5lesund"},"content":{"rendered":"<div class=\"wp-block-image\">\n<figure class=\"alignright size-medium\"><a href=\"https:\/\/kerste.de\/?attachment_id=16716#main\"><img loading=\"lazy\" decoding=\"async\" width=\"300\" height=\"225\" src=\"https:\/\/kerste.de\/wp-content\/uploads\/2024\/01\/2024-01-05-08h-04m-P1191305-300x225.jpg\" alt=\"\" class=\"wp-image-16716\" srcset=\"https:\/\/kerste.de\/wp-content\/uploads\/2024\/01\/2024-01-05-08h-04m-P1191305-300x225.jpg 300w, https:\/\/kerste.de\/wp-content\/uploads\/2024\/01\/2024-01-05-08h-04m-P1191305-768x576.jpg 768w, https:\/\/kerste.de\/wp-content\/uploads\/2024\/01\/2024-01-05-08h-04m-P1191305.jpg 1024w\" sizes=\"auto, (max-width: 300px) 100vw, 300px\" \/><\/a><figcaption class=\"wp-element-caption\"><em>Torvik<\/em><\/figcaption><\/figure>\n<\/div>\n\n\n<p>Die erste entspannte Nacht an Bord ist vorbei \u2013 vom Westkap war nichts zu sp\u00fcren, und Torvik als erster Hafen liegt noch ruhig in der ersten Andeutung der Morgend\u00e4mmerung. Viel ist nicht zu sehen: Ein paar H\u00e4uschen, und bei der Anfahrt noch eine h\u00fcbsch beleuchtet Br\u00fccke. Torvik hat au\u00dfer ein paar H\u00e4uschen nicht viel zu bieten, w\u00e4hrend Ulsteinvik mit \u00fcber 6000 Einwohnern sich als Lichtermeer am gegen\u00fcberliegenden Ufer bemerkbar macht \u2013 wenn es in Fr\u00fchjahr oder Herbst schon hell ist, \u00fcbersieht man die Stadt leichter als jetzt. In Torvik machen wir nur einen kurzen Stop, ich bringe die Kamera zur\u00fcck in die Kabine und k\u00fcmmere mich um das Fr\u00fchst\u00fcck \u2013 bei knapp unter 0\u00b0 h\u00e4lt mich wenig drau\u00dfen, wir haben immerhin die k\u00e4lteste Nacht in Norwegen seit 25 Jahren: <a href=\"https:\/\/www.spiegel.de\/panorama\/norwegen-erlebt-kaelteste-nacht-seit-25-jahren-minus-43-5-grad-a-0995e40b-e511-49c6-b6d7-5208f315fd11\">Im nordnorwegischen Inland<\/a> waren es -43,5 Grad. Dagegen ist es hier kuschelig warm.<\/p>\n\n\n\n<p>Nach dem Fr\u00fchst\u00fcck machen Kai und ich es uns in unserem B\u00fcro vor dem Restaurant gem\u00fctlich \u2013 ein paar Tips f\u00fcr \u00c5lesund geben. Das wird auch gut genutzt, dazu kommt noch die Info, dass die Ausflugsbusse wegen Gl\u00e4tt die Aussichtspunkte nicht anfahren k\u00f6nnen. Klingt eisig&#8230; vor lauter Gespr\u00e4chen verpasse ich fast die Ankunft um 9:45 \u2013 also Kamera schnappen und Foto machen, dann noch ein bisschen Flagge zeigen und dann ab in die Stadt.<\/p>\n\n\n<div class=\"wp-block-image\">\n<figure class=\"aligncenter size-large\"><a href=\"https:\/\/kerste.de\/?attachment_id=16720#main\"><img loading=\"lazy\" decoding=\"async\" width=\"1024\" height=\"525\" src=\"https:\/\/kerste.de\/wp-content\/uploads\/2024\/01\/2024-01-05-09h-43m-IMG_9486-1024x525.jpg\" alt=\"\" class=\"wp-image-16720\" srcset=\"https:\/\/kerste.de\/wp-content\/uploads\/2024\/01\/2024-01-05-09h-43m-IMG_9486-1024x525.jpg 1024w, https:\/\/kerste.de\/wp-content\/uploads\/2024\/01\/2024-01-05-09h-43m-IMG_9486-300x154.jpg 300w, https:\/\/kerste.de\/wp-content\/uploads\/2024\/01\/2024-01-05-09h-43m-IMG_9486-768x394.jpg 768w, https:\/\/kerste.de\/wp-content\/uploads\/2024\/01\/2024-01-05-09h-43m-IMG_9486.jpg 1498w\" sizes=\"auto, (max-width: 1024px) 100vw, 1024px\" \/><\/a><figcaption class=\"wp-element-caption\"><em>\u00c5lesund<\/em><\/figcaption><\/figure>\n<\/div>\n\n\n<p>Grund zur Hektik besteht nicht: Seit einigen Jahren gilt das ganze Jahr \u00fcber der selbe Fahrplan, sodass wir zehn Stunden in \u00c5lesund liegen \u2013 nach der \u00fcberst\u00fcrzten Abfahrt aus Bergen gestern kommt jetzt Kreuzfahrtfeeling auf. Ein ganzer Tag in einem Ort \u2013 aber die Zeit fehlt uns morgen in Trondheim. Au\u00dferhalb des Winterfahrplans machen wir in dieser Zeit einen Abstecher in Hj\u00f8rund- oder Geirangerfjord, im Winter liegen wir stattdessen nur im Hafen. Keine Ahnung, ob der Geirangerfjord im Winter gesperrt ist und im Hj\u00f8rundfjord wegen Gl\u00e4ttegefahr keiner das D\u00f6rfchen Urke erkunden darf, jedenfalls f\u00e4hrt jetzt nur ein altes, kleines Schiff als Ausflug in den Hj\u00f8rundfjord. <\/p>\n\n\n\n<p>Also Spikes einpacken und ab in den Ort. Mein erster Weg f\u00fchrt mich am Sund vorbei durch das Jugendstilzentrum und weiter zur Kirche neben der markanten gelben Schule, und dann noch ein paar Meter weiter zum Aussichtspunkt Storhaugen. Ohne Spikes (und zwar die guten) geht hier nichts, mit Spikes ist es kein Problem, auf den kleinen Berg zu kommen, dort auf der Eisplatte zu stehen und den Blick auf die Stadt samt Hausberg Aksla zu werfen. Regelm\u00e4\u00dfige Leser dieser Reiseberichte wissen, dass die Stadt Anfang des 20. Jahrhunderts abgebrannt war und nicht zuletzt mit deutscher Hilfe wieder aufgebaut wurde. Ein Denkmal an den Kaiser unterhalb des Aksla erinnert noch daran; der 2. Weltkrieg machte die guten Beziehungen zwischen den beiden L\u00e4ndern dann wenig sp\u00e4ter zunichte \u2013 die Wehrmacht hinterlie\u00df in Nordnorwegen verbrannte Erde, und im Hafen erinnert ein Denkmal an die Flucht vieler Schiffe nach England, mit den &#8220;Englandsfarten&#8221;. Mittlerweile sind die Beziehungen zum Gl\u00fcck wieder gut&#8230;<\/p>\n\n\n\n<figure class=\"wp-block-gallery has-nested-images columns-default is-cropped wp-block-gallery-1 is-layout-flex wp-block-gallery-is-layout-flex\">\n<figure class=\"wp-block-image size-large\"><a href=\"https:\/\/kerste.de\/?attachment_id=16724#main\"><img loading=\"lazy\" decoding=\"async\" width=\"1024\" height=\"768\" data-id=\"16724\" src=\"https:\/\/kerste.de\/wp-content\/uploads\/2024\/01\/2024-01-05-11h-55m-P1191328.jpg\" alt=\"\" class=\"wp-image-16724\" srcset=\"https:\/\/kerste.de\/wp-content\/uploads\/2024\/01\/2024-01-05-11h-55m-P1191328.jpg 1024w, https:\/\/kerste.de\/wp-content\/uploads\/2024\/01\/2024-01-05-11h-55m-P1191328-300x225.jpg 300w, https:\/\/kerste.de\/wp-content\/uploads\/2024\/01\/2024-01-05-11h-55m-P1191328-768x576.jpg 768w\" sizes=\"auto, (max-width: 1024px) 100vw, 1024px\" \/><\/a><\/figure>\n\n\n\n<figure class=\"wp-block-image size-large\"><a href=\"https:\/\/kerste.de\/?attachment_id=16717#main\"><img loading=\"lazy\" decoding=\"async\" width=\"1024\" height=\"768\" data-id=\"16717\" src=\"https:\/\/kerste.de\/wp-content\/uploads\/2024\/01\/2024-01-05-11h-53m-P1191326.jpg\" alt=\"\" class=\"wp-image-16717\" srcset=\"https:\/\/kerste.de\/wp-content\/uploads\/2024\/01\/2024-01-05-11h-53m-P1191326.jpg 1024w, https:\/\/kerste.de\/wp-content\/uploads\/2024\/01\/2024-01-05-11h-53m-P1191326-300x225.jpg 300w, https:\/\/kerste.de\/wp-content\/uploads\/2024\/01\/2024-01-05-11h-53m-P1191326-768x576.jpg 768w\" sizes=\"auto, (max-width: 1024px) 100vw, 1024px\" \/><\/a><figcaption class=\"wp-element-caption\">Englandsfarten<\/figcaption><\/figure>\n\n\n\n<figure class=\"wp-block-image size-large\"><a href=\"https:\/\/kerste.de\/?attachment_id=16723#main\"><img loading=\"lazy\" decoding=\"async\" width=\"1024\" height=\"768\" data-id=\"16723\" src=\"https:\/\/kerste.de\/wp-content\/uploads\/2024\/01\/2024-01-05-12h-01m-P1191334.jpg\" alt=\"\" class=\"wp-image-16723\" srcset=\"https:\/\/kerste.de\/wp-content\/uploads\/2024\/01\/2024-01-05-12h-01m-P1191334.jpg 1024w, https:\/\/kerste.de\/wp-content\/uploads\/2024\/01\/2024-01-05-12h-01m-P1191334-300x225.jpg 300w, https:\/\/kerste.de\/wp-content\/uploads\/2024\/01\/2024-01-05-12h-01m-P1191334-768x576.jpg 768w\" sizes=\"auto, (max-width: 1024px) 100vw, 1024px\" \/><\/a><\/figure>\n\n\n\n<figure class=\"wp-block-image size-large\"><a href=\"https:\/\/kerste.de\/?attachment_id=16725#main\"><img loading=\"lazy\" decoding=\"async\" width=\"1024\" height=\"768\" data-id=\"16725\" src=\"https:\/\/kerste.de\/wp-content\/uploads\/2024\/01\/2024-01-05-12h-02m-P1191338.jpg\" alt=\"\" class=\"wp-image-16725\" srcset=\"https:\/\/kerste.de\/wp-content\/uploads\/2024\/01\/2024-01-05-12h-02m-P1191338.jpg 1024w, https:\/\/kerste.de\/wp-content\/uploads\/2024\/01\/2024-01-05-12h-02m-P1191338-300x225.jpg 300w, https:\/\/kerste.de\/wp-content\/uploads\/2024\/01\/2024-01-05-12h-02m-P1191338-768x576.jpg 768w\" sizes=\"auto, (max-width: 1024px) 100vw, 1024px\" \/><\/a><\/figure>\n\n\n\n<figure class=\"wp-block-image size-large\"><a href=\"https:\/\/kerste.de\/?attachment_id=16726#main\"><img loading=\"lazy\" decoding=\"async\" width=\"1024\" height=\"768\" data-id=\"16726\" src=\"https:\/\/kerste.de\/wp-content\/uploads\/2024\/01\/2024-01-05-12h-12m-P1191343.jpg\" alt=\"\" class=\"wp-image-16726\" srcset=\"https:\/\/kerste.de\/wp-content\/uploads\/2024\/01\/2024-01-05-12h-12m-P1191343.jpg 1024w, https:\/\/kerste.de\/wp-content\/uploads\/2024\/01\/2024-01-05-12h-12m-P1191343-300x225.jpg 300w, https:\/\/kerste.de\/wp-content\/uploads\/2024\/01\/2024-01-05-12h-12m-P1191343-768x576.jpg 768w\" sizes=\"auto, (max-width: 1024px) 100vw, 1024px\" \/><\/a><figcaption class=\"wp-element-caption\">Die Kirche<\/figcaption><\/figure>\n\n\n\n<figure class=\"wp-block-image size-large\"><a href=\"https:\/\/kerste.de\/?attachment_id=16728#main\"><img loading=\"lazy\" decoding=\"async\" width=\"1024\" height=\"768\" data-id=\"16728\" src=\"https:\/\/kerste.de\/wp-content\/uploads\/2024\/01\/2024-01-05-12h-26m-P1191358.jpg\" alt=\"\" class=\"wp-image-16728\" srcset=\"https:\/\/kerste.de\/wp-content\/uploads\/2024\/01\/2024-01-05-12h-26m-P1191358.jpg 1024w, https:\/\/kerste.de\/wp-content\/uploads\/2024\/01\/2024-01-05-12h-26m-P1191358-300x225.jpg 300w, https:\/\/kerste.de\/wp-content\/uploads\/2024\/01\/2024-01-05-12h-26m-P1191358-768x576.jpg 768w\" sizes=\"auto, (max-width: 1024px) 100vw, 1024px\" \/><\/a><\/figure>\n\n\n\n<figure class=\"wp-block-image size-large\"><a href=\"https:\/\/kerste.de\/?attachment_id=16731#main\"><img loading=\"lazy\" decoding=\"async\" width=\"1024\" height=\"768\" data-id=\"16731\" src=\"https:\/\/kerste.de\/wp-content\/uploads\/2024\/01\/2024-01-05-12h-22m-P1191354.jpg\" alt=\"\" class=\"wp-image-16731\" srcset=\"https:\/\/kerste.de\/wp-content\/uploads\/2024\/01\/2024-01-05-12h-22m-P1191354.jpg 1024w, https:\/\/kerste.de\/wp-content\/uploads\/2024\/01\/2024-01-05-12h-22m-P1191354-300x225.jpg 300w, https:\/\/kerste.de\/wp-content\/uploads\/2024\/01\/2024-01-05-12h-22m-P1191354-768x576.jpg 768w\" sizes=\"auto, (max-width: 1024px) 100vw, 1024px\" \/><\/a><figcaption class=\"wp-element-caption\">Eis auf dem Storhaugen<\/figcaption><\/figure>\n<\/figure>\n\n\n\n<p>Vom Storhaugen gehe ich zur\u00fcck zum Schiff, mit einem Abstecher zu den Einkauszentren. Ich habe von zuhause eine Einkaufsliste mitbekommen, und meine Vorr\u00e4te muss ich auch noch auffrischen. Auf dem Schiff werfe ich ausnahmsweise einen Blick auf das Mittagsbuffet, das ich normalerweise ausfallen lasse \u2013 aber in paar Happen Lachs und Eis sind doch drin. <\/p>\n\n\n<div class=\"wp-block-image\">\n<figure class=\"alignright size-medium\"><a href=\"https:\/\/kerste.de\/?attachment_id=16747#main\"><img loading=\"lazy\" decoding=\"async\" width=\"300\" height=\"225\" src=\"https:\/\/kerste.de\/wp-content\/uploads\/2024\/01\/2024-01-05-16h-15m-P1191407-300x225.jpg\" alt=\"\" class=\"wp-image-16747\" srcset=\"https:\/\/kerste.de\/wp-content\/uploads\/2024\/01\/2024-01-05-16h-15m-P1191407-300x225.jpg 300w, https:\/\/kerste.de\/wp-content\/uploads\/2024\/01\/2024-01-05-16h-15m-P1191407-768x576.jpg 768w, https:\/\/kerste.de\/wp-content\/uploads\/2024\/01\/2024-01-05-16h-15m-P1191407.jpg 1024w\" sizes=\"auto, (max-width: 300px) 100vw, 300px\" \/><\/a><figcaption class=\"wp-element-caption\"><em>Das Tagesprogramm<\/em><\/figcaption><\/figure>\n<\/div>\n\n\n<p>Dann eine kleine Pause und ein Blick in die neue Hurtigruten-App: Solange man im Schiffs-WLAN ist und eine Kabine hat, kann man hier den Fahrplan und eventuell auch das Tagesprogramm abrufen, das auch auf den Fernsehern l\u00e4uft, die jetzt in jeder Kabine sind. Deutsches Fernsehen gibt es hier nicht, nur norwegisches, aber daf\u00fcr noch ein paar Infoseiten. Alles f\u00fcr die Umwelt \u2013 aber seit es das nur noch digital gibt, kriege ich von den ganzen Veranstaltungen nichts mehr mit. Da bin ich wohl zu altmodisch, der Fernseher in meiner Kabine ist auch meistens aus. (Soll ich bei der Gelegenheit noch \u00fcber die nervigen Touchscreen-Monitore in modernen Autos l\u00e4stern?) <\/p>\n\n\n\n<p>Dann gehe ich noch einmal in den Ort \u2013 meine Wetterapp meint, es w\u00e4re heute bedeckt, aber wenn die Wolken so ein strahlendblauer Himmel bleiben, ist die Fahrt gerettet. Sonnenuntergang auf dem Aksla w\u00e4re doch was, oder? <\/p>\n\n\n\n<p>N\u00f6 \u2013 die Treppenstufen den Berg hoch sind gesperrt. Zu der S\u00e4ule, die an Kaiser Wilhelm erinnert, kommt man, aber nicht weiter. Also schaue ich mir den Stadtpark mal n\u00e4her an \u2013 wenn man rechts um den Berg geht, kommt man zu einer alten Bunkeranlage und der Via Ferrata auf den Berg hoch \u2013 dieser Klettersteig w\u00e4re mit entsprechender Ausr\u00fcstung sogar ge\u00f6ffnet. Aber da braucht man mehr als ein paar Spikes&#8230;<\/p>\n\n\n\n<figure class=\"wp-block-gallery has-nested-images columns-default is-cropped wp-block-gallery-2 is-layout-flex wp-block-gallery-is-layout-flex\">\n<figure class=\"wp-block-image size-large\"><a href=\"https:\/\/kerste.de\/?attachment_id=16741#main\"><img loading=\"lazy\" decoding=\"async\" width=\"768\" height=\"1024\" data-id=\"16741\" src=\"https:\/\/kerste.de\/wp-content\/uploads\/2024\/01\/2024-01-05-14h-47m-P1191376.jpg\" alt=\"\" class=\"wp-image-16741\" srcset=\"https:\/\/kerste.de\/wp-content\/uploads\/2024\/01\/2024-01-05-14h-47m-P1191376.jpg 768w, https:\/\/kerste.de\/wp-content\/uploads\/2024\/01\/2024-01-05-14h-47m-P1191376-225x300.jpg 225w\" sizes=\"auto, (max-width: 768px) 100vw, 768px\" \/><\/a><\/figure>\n\n\n\n<figure class=\"wp-block-image size-large\"><a href=\"https:\/\/kerste.de\/?attachment_id=16734#main\"><img loading=\"lazy\" decoding=\"async\" width=\"1024\" height=\"768\" data-id=\"16734\" src=\"https:\/\/kerste.de\/wp-content\/uploads\/2024\/01\/2024-01-05-14h-39m-P1191369.jpg\" alt=\"\" class=\"wp-image-16734\" srcset=\"https:\/\/kerste.de\/wp-content\/uploads\/2024\/01\/2024-01-05-14h-39m-P1191369.jpg 1024w, https:\/\/kerste.de\/wp-content\/uploads\/2024\/01\/2024-01-05-14h-39m-P1191369-300x225.jpg 300w, https:\/\/kerste.de\/wp-content\/uploads\/2024\/01\/2024-01-05-14h-39m-P1191369-768x576.jpg 768w\" sizes=\"auto, (max-width: 1024px) 100vw, 1024px\" \/><\/a><\/figure>\n\n\n\n<figure class=\"wp-block-image size-large\"><a href=\"https:\/\/kerste.de\/?attachment_id=16732#main\"><img loading=\"lazy\" decoding=\"async\" width=\"768\" height=\"1024\" data-id=\"16732\" src=\"https:\/\/kerste.de\/wp-content\/uploads\/2024\/01\/2024-01-05-13h-54m-IMG_9515.jpg\" alt=\"\" class=\"wp-image-16732\" srcset=\"https:\/\/kerste.de\/wp-content\/uploads\/2024\/01\/2024-01-05-13h-54m-IMG_9515.jpg 768w, https:\/\/kerste.de\/wp-content\/uploads\/2024\/01\/2024-01-05-13h-54m-IMG_9515-225x300.jpg 225w\" sizes=\"auto, (max-width: 768px) 100vw, 768px\" \/><\/a><\/figure>\n\n\n\n<figure class=\"wp-block-image size-large\"><a href=\"https:\/\/kerste.de\/?attachment_id=16735#main\"><img loading=\"lazy\" decoding=\"async\" width=\"1024\" height=\"768\" data-id=\"16735\" src=\"https:\/\/kerste.de\/wp-content\/uploads\/2024\/01\/2024-01-05-14h-52m-P1191377.jpg\" alt=\"\" class=\"wp-image-16735\" srcset=\"https:\/\/kerste.de\/wp-content\/uploads\/2024\/01\/2024-01-05-14h-52m-P1191377.jpg 1024w, https:\/\/kerste.de\/wp-content\/uploads\/2024\/01\/2024-01-05-14h-52m-P1191377-300x225.jpg 300w, https:\/\/kerste.de\/wp-content\/uploads\/2024\/01\/2024-01-05-14h-52m-P1191377-768x576.jpg 768w\" sizes=\"auto, (max-width: 1024px) 100vw, 1024px\" \/><\/a><\/figure>\n\n\n\n<figure class=\"wp-block-image size-large\"><a href=\"https:\/\/kerste.de\/?attachment_id=16739#main\"><img loading=\"lazy\" decoding=\"async\" width=\"1024\" height=\"768\" data-id=\"16739\" src=\"https:\/\/kerste.de\/wp-content\/uploads\/2024\/01\/2024-01-05-14h-53m-P1191381.jpg\" alt=\"\" class=\"wp-image-16739\" srcset=\"https:\/\/kerste.de\/wp-content\/uploads\/2024\/01\/2024-01-05-14h-53m-P1191381.jpg 1024w, https:\/\/kerste.de\/wp-content\/uploads\/2024\/01\/2024-01-05-14h-53m-P1191381-300x225.jpg 300w, https:\/\/kerste.de\/wp-content\/uploads\/2024\/01\/2024-01-05-14h-53m-P1191381-768x576.jpg 768w\" sizes=\"auto, (max-width: 1024px) 100vw, 1024px\" \/><\/a><\/figure>\n<figcaption class=\"blocks-gallery-caption wp-element-caption\"><em>Im Stadtpark von \u00c5lesund<\/em><\/figcaption><\/figure>\n\n\n\n<p>So ganz l\u00e4sst mich die Idee mit dem Sonnenuntergang noch nicht los \u2013 es gibt ja den Waldweg hoch auf den Berg. Aber naja \u2013 die Treppen finde ich zwar, und sie sind nicht gesperrt, aber auch nicht wirklich passierbar. Mit Spikes w\u00fcrde man zwar hochkommen, aber nicht unbedingt auch wieder runter. Zumindest nicht heil&#8230; und die steile Stra\u00dfe, die zu den Treppen f\u00fchrt, ist auch schon heftig genug. <\/p>\n\n\n\n<p>Also drehe ich um und suche das \u00c5lesund Museum. Die Reste von Silvester sind noch gut zu sehen, von Altglas bis zu B\u00f6ller-Batterien. Hier wurde gut gefeiert. Das Museum liegt auf einem kleinen H\u00fcgel, ist deutlich besser erreichbar und bietet auch einen netten Ausblick.<\/p>\n\n\n\n<figure class=\"wp-block-gallery has-nested-images columns-default is-cropped wp-block-gallery-3 is-layout-flex wp-block-gallery-is-layout-flex\">\n<figure class=\"wp-block-image size-large\"><a href=\"https:\/\/kerste.de\/?attachment_id=16738#main\"><img loading=\"lazy\" decoding=\"async\" width=\"1024\" height=\"768\" data-id=\"16738\" src=\"https:\/\/kerste.de\/wp-content\/uploads\/2024\/01\/2024-01-05-15h-08m-P1191388.jpg\" alt=\"\" class=\"wp-image-16738\" srcset=\"https:\/\/kerste.de\/wp-content\/uploads\/2024\/01\/2024-01-05-15h-08m-P1191388.jpg 1024w, https:\/\/kerste.de\/wp-content\/uploads\/2024\/01\/2024-01-05-15h-08m-P1191388-300x225.jpg 300w, https:\/\/kerste.de\/wp-content\/uploads\/2024\/01\/2024-01-05-15h-08m-P1191388-768x576.jpg 768w\" sizes=\"auto, (max-width: 1024px) 100vw, 1024px\" \/><\/a><figcaption class=\"wp-element-caption\">Blick von den verschneiten Treppen<\/figcaption><\/figure>\n\n\n\n<figure class=\"wp-block-image size-large\"><a href=\"https:\/\/kerste.de\/?attachment_id=16740#main\"><img loading=\"lazy\" decoding=\"async\" width=\"1024\" height=\"768\" data-id=\"16740\" src=\"https:\/\/kerste.de\/wp-content\/uploads\/2024\/01\/2024-01-05-15h-23m-P1191390.jpg\" alt=\"\" class=\"wp-image-16740\" srcset=\"https:\/\/kerste.de\/wp-content\/uploads\/2024\/01\/2024-01-05-15h-23m-P1191390.jpg 1024w, https:\/\/kerste.de\/wp-content\/uploads\/2024\/01\/2024-01-05-15h-23m-P1191390-300x225.jpg 300w, https:\/\/kerste.de\/wp-content\/uploads\/2024\/01\/2024-01-05-15h-23m-P1191390-768x576.jpg 768w\" sizes=\"auto, (max-width: 1024px) 100vw, 1024px\" \/><\/a><figcaption class=\"wp-element-caption\">Silvester<\/figcaption><\/figure>\n\n\n\n<figure class=\"wp-block-image size-large\"><a href=\"https:\/\/kerste.de\/?attachment_id=16746#main\"><img loading=\"lazy\" decoding=\"async\" width=\"1024\" height=\"768\" data-id=\"16746\" src=\"https:\/\/kerste.de\/wp-content\/uploads\/2024\/01\/2024-01-05-15h-40m-P1191391.jpg\" alt=\"\" class=\"wp-image-16746\" srcset=\"https:\/\/kerste.de\/wp-content\/uploads\/2024\/01\/2024-01-05-15h-40m-P1191391.jpg 1024w, https:\/\/kerste.de\/wp-content\/uploads\/2024\/01\/2024-01-05-15h-40m-P1191391-300x225.jpg 300w, https:\/\/kerste.de\/wp-content\/uploads\/2024\/01\/2024-01-05-15h-40m-P1191391-768x576.jpg 768w\" sizes=\"auto, (max-width: 1024px) 100vw, 1024px\" \/><\/a><figcaption class=\"wp-element-caption\">\u00c5lesund Museum<\/figcaption><\/figure>\n\n\n\n<figure class=\"wp-block-image size-large\"><a href=\"https:\/\/kerste.de\/?attachment_id=16737#main\"><img loading=\"lazy\" decoding=\"async\" width=\"1024\" height=\"429\" data-id=\"16737\" src=\"https:\/\/kerste.de\/wp-content\/uploads\/2024\/01\/2024-01-05-14h-59m-IMG_9522-1024x429.jpg\" alt=\"\" class=\"wp-image-16737\" srcset=\"https:\/\/kerste.de\/wp-content\/uploads\/2024\/01\/2024-01-05-14h-59m-IMG_9522-1024x429.jpg 1024w, https:\/\/kerste.de\/wp-content\/uploads\/2024\/01\/2024-01-05-14h-59m-IMG_9522-300x126.jpg 300w, https:\/\/kerste.de\/wp-content\/uploads\/2024\/01\/2024-01-05-14h-59m-IMG_9522-768x322.jpg 768w, https:\/\/kerste.de\/wp-content\/uploads\/2024\/01\/2024-01-05-14h-59m-IMG_9522-1536x644.jpg 1536w, https:\/\/kerste.de\/wp-content\/uploads\/2024\/01\/2024-01-05-14h-59m-IMG_9522.jpg 1833w\" sizes=\"auto, (max-width: 1024px) 100vw, 1024px\" \/><\/a><\/figure>\n\n\n\n<figure class=\"wp-block-image size-large\"><a href=\"https:\/\/kerste.de\/?attachment_id=16748#main\"><img loading=\"lazy\" decoding=\"async\" width=\"1024\" height=\"768\" data-id=\"16748\" src=\"https:\/\/kerste.de\/wp-content\/uploads\/2024\/01\/2024-01-05-15h-55m-P1191398.jpg\" alt=\"\" class=\"wp-image-16748\" srcset=\"https:\/\/kerste.de\/wp-content\/uploads\/2024\/01\/2024-01-05-15h-55m-P1191398.jpg 1024w, https:\/\/kerste.de\/wp-content\/uploads\/2024\/01\/2024-01-05-15h-55m-P1191398-300x225.jpg 300w, https:\/\/kerste.de\/wp-content\/uploads\/2024\/01\/2024-01-05-15h-55m-P1191398-768x576.jpg 768w\" sizes=\"auto, (max-width: 1024px) 100vw, 1024px\" \/><\/a><\/figure>\n<\/figure>\n\n\n\n<p>Dann noch ein Blick in den Fluchttunnel unter dem Berg: Die Bilderausstellung vom letzten Besuch ist weg, und jetzt zieren ihn zwei Spr\u00fcche. Um <em>An attempt to turn this is the way it is into this is the was it was<\/em> zu verstehen, brauche ich ein bisschen. Mit Satzzeichen w\u00e4re es einfacher: <em>An attempt to turn &#8220;This is the way it is&#8221; into &#8220;This is the was it was&#8221;<\/em> w\u00e4re einfacher gewesen. Noch ein Blick in die L\u00e4den, und dann beende ich den Aufenthalt und kehre aufs Schiff zur\u00fcck. Keine schlechte Idee: Ich mache es mir auf Deck 7 bequem, komme mit den G\u00e4sten ins Gespr\u00e4ch und kann die ersten Kameras einstellen. Mittlerweile habe ich auch meinen ersten Vortragstermin: Morgen Abend um 19:45 Uhr. Das kann ja was geben&#8230;<\/p>\n\n\n\n<p>Die Schiffsveranstaltungen \u2013 das t\u00e4gliche Gathering mit dem Expeditionsteam \u2013 ignoriere ich, bis zum Abendessen um 18:30 gibt&#8217;s genug zu tun. Und die Hurtigrute ist zum Gl\u00fcck kein Kreuzfahrtschiff, auf dem man von Entertainern gejagt wird. Um 20 Uhr kommen Kai und ich dann endlich dazu, unsere G\u00e4ste zu begr\u00fc\u00dfen: Mit dem Welcome-Drink und ein paar kleinen Infos im Konferenzraum. Dann: Ab auf Deck 7, Flagge zeigen, Kameras vorbereiten (wobei das Handy heute oft die bessere Wahl ist), die Wetterprognose der n\u00e4chste Tage studieren (puh \u2013 Starkregen f\u00fcr Troms\u00f8, und viel zu viele Wolken, aber das kann sich ja noch jederzeit \u00e4ndern), w\u00e4hrend es im Panoramassalon eine Geschmacksprobe aus der K\u00fcche gibt, und dann zieht die MS Polarlys in der Dunkelheit an uns vorbei, ohne Ank\u00fcndigung. Beinahe h\u00e4tte ich diese Schiffsbegegnung verpasst, so sehe ich sie durch das Fenster und wei\u00df, dass wir gleich in Molde sind. <\/p>\n\n\n<div class=\"wp-block-image\">\n<figure class=\"aligncenter size-full\"><a href=\"https:\/\/kerste.de\/?attachment_id=16752#main\"><img loading=\"lazy\" decoding=\"async\" width=\"1024\" height=\"768\" src=\"https:\/\/kerste.de\/wp-content\/uploads\/2024\/01\/2024-01-05-22h-31m-P1191417.jpg\" alt=\"\" class=\"wp-image-16752\" srcset=\"https:\/\/kerste.de\/wp-content\/uploads\/2024\/01\/2024-01-05-22h-31m-P1191417.jpg 1024w, https:\/\/kerste.de\/wp-content\/uploads\/2024\/01\/2024-01-05-22h-31m-P1191417-300x225.jpg 300w, https:\/\/kerste.de\/wp-content\/uploads\/2024\/01\/2024-01-05-22h-31m-P1191417-768x576.jpg 768w\" sizes=\"auto, (max-width: 1024px) 100vw, 1024px\" \/><\/a><figcaption class=\"wp-element-caption\"><em>Das Scandic in Molde<\/em><\/figcaption><\/figure>\n<\/div>\n\n\n<p>Also noch kurz die Kamera schnappen und an Deck, wo sich weitere Gespr\u00e4che ergeben (das sch\u00f6ne an kleinen Gruppen: Man kennt sich besser), und einen kurzen Blick auf Molde werfen. Das Scandic-Hotel glitzer jetzt nicht im Sternenlicht, sondern ist ein dunkler Fleck unter dem wolkigen Himmel. Dann: Bilder sichten, Blog schreiben, und Feierabend machen.<\/p>\n<div class=\"shariff shariff-align-left shariff-widget-align-left\"><ul class=\"shariff-buttons theme-white orientation-horizontal buttonsize-small\"><li class=\"shariff-button twitter shariff-nocustomcolor\" style=\"background-color:#595959\"><a href=\"https:\/\/twitter.com\/share?url=https%3A%2F%2Fkerste.de%2F%3Fp%3D16715&text=Hurtigrute%20Tag%202%3A%20%C3%85lesund\" title=\"Bei X teilen\" aria-label=\"Bei X teilen\" role=\"button\" rel=\"noopener nofollow\" class=\"shariff-link\" style=\"; background-color:#000; color:#000\" target=\"_blank\"><span class=\"shariff-icon\" style=\"fill:#000\"><svg width=\"32px\" height=\"20px\" xmlns=\"http:\/\/www.w3.org\/2000\/svg\" viewBox=\"0 0 24 24\"><path fill=\"#000\" d=\"M14.258 10.152L23.176 0h-2.113l-7.747 8.813L7.133 0H0l9.352 13.328L0 23.973h2.113l8.176-9.309 6.531 9.309h7.133zm-2.895 3.293l-.949-1.328L2.875 1.56h3.246l6.086 8.523.945 1.328 7.91 11.078h-3.246zm0 0\"\/><\/svg><\/span><span class=\"shariff-text\" style=\"color:#000\">teilen<\/span>&nbsp;<\/a><\/li><li class=\"shariff-button facebook shariff-nocustomcolor\" style=\"background-color:#4273c8\"><a href=\"https:\/\/www.facebook.com\/sharer\/sharer.php?u=https%3A%2F%2Fkerste.de%2F%3Fp%3D16715\" title=\"Bei Facebook teilen\" aria-label=\"Bei Facebook teilen\" role=\"button\" rel=\"nofollow\" class=\"shariff-link\" style=\"; background-color:#3b5998; color:#3b5998\" target=\"_blank\"><span class=\"shariff-icon\" style=\"fill:#3b5998\"><svg width=\"32px\" height=\"20px\" xmlns=\"http:\/\/www.w3.org\/2000\/svg\" viewBox=\"0 0 18 32\"><path fill=\"#3b5998\" d=\"M17.1 0.2v4.7h-2.8q-1.5 0-2.1 0.6t-0.5 1.9v3.4h5.2l-0.7 5.3h-4.5v13.6h-5.5v-13.6h-4.5v-5.3h4.5v-3.9q0-3.3 1.9-5.2t5-1.8q2.6 0 4.1 0.2z\"\/><\/svg><\/span><span class=\"shariff-text\" style=\"color:#3b5998\">teilen<\/span>&nbsp;<\/a><\/li><li class=\"shariff-button tumblr shariff-nocustomcolor\" style=\"background-color:#529ecc\"><a href=\"https:\/\/www.tumblr.com\/widgets\/share\/tool?posttype=link&canonicalUrl=https%3A%2F%2Fkerste.de%2F%3Fp%3D16715&tags=kerste.de\" title=\"Bei tumblr teilen\" aria-label=\"Bei tumblr teilen\" role=\"button\" rel=\"noopener nofollow\" class=\"shariff-link\" style=\"; background-color:#36465d; color:#36465d\" target=\"_blank\"><span class=\"shariff-icon\" style=\"fill:#36465d\"><svg width=\"32px\" height=\"20px\" xmlns=\"http:\/\/www.w3.org\/2000\/svg\" viewBox=\"0 0 32 32\"><path fill=\"#36465d\" d=\"M18 14l0 7.3c0 1.9 0 2.9 0.2 3.5 0.2 0.5 0.7 1.1 1.2 1.4 0.7 0.4 1.5 0.6 2.4 0.6 1.6 0 2.6-0.2 4.2-1.3v4.8c-1.4 0.6-2.6 1-3.7 1.3-1.1 0.3-2.3 0.4-3.6 0.4-1.5 0-2.3-0.2-3.4-0.6-1.1-0.4-2.1-0.9-2.9-1.6-0.8-0.7-1.3-1.4-1.7-2.2s-0.5-1.9-0.5-3.4v-11.2h-4.3v-4.5c1.3-0.4 2.7-1 3.6-1.8 0.9-0.8 1.6-1.7 2.2-2.7 0.5-1.1 0.9-2.4 1.1-4.1h5.2l0 8h8v6h-8z\"\/><\/svg><\/span><span class=\"shariff-text\" style=\"color:#36465d\">teilen<\/span>&nbsp;<\/a><\/li><li class=\"shariff-button info shariff-nocustomcolor\" style=\"background-color:#a8a8a8\"><a href=\"http:\/\/ct.de\/-2467514\" title=\"Weitere Informationen\" aria-label=\"Weitere Informationen\" role=\"button\" rel=\"noopener \" class=\"shariff-link\" style=\"; background-color:#999; color:#999\" target=\"_blank\"><span class=\"shariff-icon\" style=\"fill:#999\"><svg width=\"32px\" height=\"20px\" xmlns=\"http:\/\/www.w3.org\/2000\/svg\" viewBox=\"0 0 11 32\"><path fill=\"#999\" d=\"M11.4 24v2.3q0 0.5-0.3 0.8t-0.8 0.4h-9.1q-0.5 0-0.8-0.4t-0.4-0.8v-2.3q0-0.5 0.4-0.8t0.8-0.4h1.1v-6.8h-1.1q-0.5 0-0.8-0.4t-0.4-0.8v-2.3q0-0.5 0.4-0.8t0.8-0.4h6.8q0.5 0 0.8 0.4t0.4 0.8v10.3h1.1q0.5 0 0.8 0.4t0.3 0.8zM9.2 3.4v3.4q0 0.5-0.4 0.8t-0.8 0.4h-4.6q-0.4 0-0.8-0.4t-0.4-0.8v-3.4q0-0.4 0.4-0.8t0.8-0.4h4.6q0.5 0 0.8 0.4t0.4 0.8z\"\/><\/svg><\/span><\/a><\/li><\/ul><\/div>","protected":false},"excerpt":{"rendered":"<p>Die erste entspannte Nacht an Bord ist vorbei \u2013 vom Westkap war nichts zu sp\u00fcren, und Torvik als erster Hafen liegt noch ruhig in der ersten Andeutung der Morgend\u00e4mmerung. Viel ist nicht zu sehen: Ein paar H\u00e4uschen, und bei der Anfahrt noch eine h\u00fcbsch beleuchtet Br\u00fccke. Torvik hat au\u00dfer ein paar H\u00e4uschen nicht viel zu [&hellip;]<\/p>\n","protected":false},"author":1,"featured_media":0,"comment_status":"open","ping_status":"open","sticky":false,"template":"","format":"standard","meta":{"footnotes":""},"categories":[432],"tags":[],"class_list":["post-16715","post","type-post","status-publish","format-standard","hentry","category-hurtigruten-2024-grp-108"],"_links":{"self":[{"href":"https:\/\/kerste.de\/index.php?rest_route=\/wp\/v2\/posts\/16715","targetHints":{"allow":["GET"]}}],"collection":[{"href":"https:\/\/kerste.de\/index.php?rest_route=\/wp\/v2\/posts"}],"about":[{"href":"https:\/\/kerste.de\/index.php?rest_route=\/wp\/v2\/types\/post"}],"author":[{"embeddable":true,"href":"https:\/\/kerste.de\/index.php?rest_route=\/wp\/v2\/users\/1"}],"replies":[{"embeddable":true,"href":"https:\/\/kerste.de\/index.php?rest_route=%2Fwp%2Fv2%2Fcomments&post=16715"}],"version-history":[{"count":3,"href":"https:\/\/kerste.de\/index.php?rest_route=\/wp\/v2\/posts\/16715\/revisions"}],"predecessor-version":[{"id":16757,"href":"https:\/\/kerste.de\/index.php?rest_route=\/wp\/v2\/posts\/16715\/revisions\/16757"}],"wp:attachment":[{"href":"https:\/\/kerste.de\/index.php?rest_route=%2Fwp%2Fv2%2Fmedia&parent=16715"}],"wp:term":[{"taxonomy":"category","embeddable":true,"href":"https:\/\/kerste.de\/index.php?rest_route=%2Fwp%2Fv2%2Fcategories&post=16715"},{"taxonomy":"post_tag","embeddable":true,"href":"https:\/\/kerste.de\/index.php?rest_route=%2Fwp%2Fv2%2Ftags&post=16715"}],"curies":[{"name":"wp","href":"https:\/\/api.w.org\/{rel}","templated":true}]}}