{"id":16682,"date":"2024-01-04T23:48:21","date_gmt":"2024-01-04T22:48:21","guid":{"rendered":"https:\/\/kerste.de\/?p=16682"},"modified":"2024-01-04T23:48:23","modified_gmt":"2024-01-04T22:48:23","slug":"hurtigrute-tag-1-bergen-7","status":"publish","type":"post","link":"https:\/\/kerste.de\/?p=16682","title":{"rendered":"Hurtigrute Tag 1: Bergen"},"content":{"rendered":"\n<p>Neues Jahr, neues Gl\u00fcck \u2013 wir haben den 4. Januar 2024, und ich gehe wieder auf Hurtigrute. Wir haben zwar gerade so ziemlich das Maximum der Sonnenaktivit\u00e4t, aber bislang war die Saison f\u00fcr mich nicht so prickelnd. Die <a href=\"https:\/\/kerste.de\/?cat=430\" data-type=\"link\" data-id=\"https:\/\/kerste.de\/?cat=430\">letzte Tour im September<\/a> war meine erste, bei der wegen konstanter Wolkendecke die Polarlichtgarantie griff, und mein Urlaub in Island Anfang November war zwar wundersch\u00f6n, aber entweder war bedeckt, oder kein Polarlicht. Leicht frustrierend das Ganze.<\/p>\n\n\n\n<p>Gef\u00fchlt gab es seit meiner September-Tour auch nur ein oder zwei klare N\u00e4chte, w\u00e4hrend denen ich in Deutschland war, und im S\u00fcdwesten soll es n\u00e4chste Woche klar werden \u2013\u00a0wenn ich noch in Norwegen bin, mitten in der Polarnacht. Mal sehen, was das gibt&#8230;<\/p>\n\n\n\n<p>Jetzt geht es erstmal morgens um 6:30 nach Stuttgart, und dann nach Amsterdam. So fr\u00fch im Jahr und mitten in den Ferien kriegt nicht mal die Dauerbaustelle auf der A8 bei Pforzheim einen Stau hin, und ich bin \u00fcberraschenderweise schon nach einer Stunde am Stuttgarter Flughafen, wo ich nach einer weiteren Stunde im Stau vor dem KLM-Schalter endlich mein Gep\u00e4ck aufgeben kann (von f\u00fcnf Schaltern arbeiten drei \u2013 links ist ein langes Beratungsgespr\u00e4ch, und der Kollege am Priority-Schalter schickt alle weiter zu den normalen Schaltern, statt selbst wen einzuchecken), mich frage, ob die Anzeigetafeln mit nicht registrierter Shareware laufen, in der Security weitere 20 Minuten mit Sprengstoffkontrolle &amp; Co verbringe, und anschlie\u00dfend eine kaputte Toilette finde (Stuttgart 21?). Die Sitzpl\u00e4tze am Gate vom letzten Mal wurden mittlerweile in eine weitere Lounge umgewandelt, sodass ich da nicht mehr hin komme (daf\u00fcr dr\u00e4ngen sich jetzt mehr Flugg\u00e4ste auf weniger Sitzpl\u00e4tzen, toll), und von den Getr\u00e4nkepreisen im Duty-Free-Bereich will ich gar nicht reden. Der Flughafen zeigt sich von seiner besten Seite&#8230; immerhin sind die Wege k\u00fcrzer als in Frankfurt. Aber mir geht&#8217;s noch gut: Ein paar von unseren G\u00e4sten standen wohl vor einem \u00fcberbuchten Flieger&#8230;<\/p>\n\n\n\n<figure class=\"wp-block-gallery has-nested-images columns-default is-cropped wp-block-gallery-1 is-layout-flex wp-block-gallery-is-layout-flex\">\n<figure class=\"wp-block-image size-large\"><a href=\"https:\/\/kerste.de\/?attachment_id=16698#main\"><img loading=\"lazy\" decoding=\"async\" width=\"768\" height=\"1024\" data-id=\"16698\" src=\"https:\/\/kerste.de\/wp-content\/uploads\/2024\/01\/2024-01-04-07h-52m-IMG_9414.jpg\" alt=\"\" class=\"wp-image-16698\" srcset=\"https:\/\/kerste.de\/wp-content\/uploads\/2024\/01\/2024-01-04-07h-52m-IMG_9414.jpg 768w, https:\/\/kerste.de\/wp-content\/uploads\/2024\/01\/2024-01-04-07h-52m-IMG_9414-225x300.jpg 225w\" sizes=\"auto, (max-width: 768px) 100vw, 768px\" \/><\/a><figcaption class=\"wp-element-caption\">Shareware?<\/figcaption><\/figure>\n\n\n\n<figure class=\"wp-block-image size-large\"><a href=\"https:\/\/kerste.de\/?attachment_id=16692#main\"><img loading=\"lazy\" decoding=\"async\" width=\"768\" height=\"1024\" data-id=\"16692\" src=\"https:\/\/kerste.de\/wp-content\/uploads\/2024\/01\/2024-01-04-08h-57m-IMG_9419.jpg\" alt=\"\" class=\"wp-image-16692\" srcset=\"https:\/\/kerste.de\/wp-content\/uploads\/2024\/01\/2024-01-04-08h-57m-IMG_9419.jpg 768w, https:\/\/kerste.de\/wp-content\/uploads\/2024\/01\/2024-01-04-08h-57m-IMG_9419-225x300.jpg 225w\" sizes=\"auto, (max-width: 768px) 100vw, 768px\" \/><\/a><figcaption class=\"wp-element-caption\">Stuttgart 21<\/figcaption><\/figure>\n\n\n\n<figure class=\"wp-block-image size-large\"><a href=\"https:\/\/kerste.de\/?attachment_id=16696#main\"><img loading=\"lazy\" decoding=\"async\" width=\"768\" height=\"1024\" data-id=\"16696\" src=\"https:\/\/kerste.de\/wp-content\/uploads\/2024\/01\/2024-01-04-09h-19m-IMG_9421.jpg\" alt=\"\" class=\"wp-image-16696\" srcset=\"https:\/\/kerste.de\/wp-content\/uploads\/2024\/01\/2024-01-04-09h-19m-IMG_9421.jpg 768w, https:\/\/kerste.de\/wp-content\/uploads\/2024\/01\/2024-01-04-09h-19m-IMG_9421-225x300.jpg 225w\" sizes=\"auto, (max-width: 768px) 100vw, 768px\" \/><\/a><figcaption class=\"wp-element-caption\">Cola Deluxe<\/figcaption><\/figure>\n\n\n\n<figure class=\"wp-block-image size-large\"><a href=\"https:\/\/kerste.de\/?attachment_id=16697#main\"><img loading=\"lazy\" decoding=\"async\" width=\"1024\" height=\"768\" data-id=\"16697\" src=\"https:\/\/kerste.de\/wp-content\/uploads\/2024\/01\/2024-01-04-08h-58m-IMG_9420.jpg\" alt=\"\" class=\"wp-image-16697\" srcset=\"https:\/\/kerste.de\/wp-content\/uploads\/2024\/01\/2024-01-04-08h-58m-IMG_9420.jpg 1024w, https:\/\/kerste.de\/wp-content\/uploads\/2024\/01\/2024-01-04-08h-58m-IMG_9420-300x225.jpg 300w, https:\/\/kerste.de\/wp-content\/uploads\/2024\/01\/2024-01-04-08h-58m-IMG_9420-768x576.jpg 768w\" sizes=\"auto, (max-width: 1024px) 100vw, 1024px\" \/><\/a><figcaption class=\"wp-element-caption\">Neue Lounge<\/figcaption><\/figure>\n\n\n\n<figure class=\"wp-block-image size-large\"><a href=\"https:\/\/kerste.de\/?attachment_id=16693#main\"><img loading=\"lazy\" decoding=\"async\" width=\"1024\" height=\"768\" data-id=\"16693\" src=\"https:\/\/kerste.de\/wp-content\/uploads\/2024\/01\/2024-01-04-09h-39m-IMG_9426.jpg\" alt=\"\" class=\"wp-image-16693\" srcset=\"https:\/\/kerste.de\/wp-content\/uploads\/2024\/01\/2024-01-04-09h-39m-IMG_9426.jpg 1024w, https:\/\/kerste.de\/wp-content\/uploads\/2024\/01\/2024-01-04-09h-39m-IMG_9426-300x225.jpg 300w, https:\/\/kerste.de\/wp-content\/uploads\/2024\/01\/2024-01-04-09h-39m-IMG_9426-768x576.jpg 768w\" sizes=\"auto, (max-width: 1024px) 100vw, 1024px\" \/><\/a><figcaption class=\"wp-element-caption\">Sonnenschein<\/figcaption><\/figure>\n<figcaption class=\"blocks-gallery-caption wp-element-caption\"><em>Flughafen Stuttgart<\/em><\/figcaption><\/figure>\n\n\n\n<p>Immerhin ist das Wetter sch\u00f6n. Aber wenn ich schon am L\u00e4stern bin: Ich habe keine Ahnung, warum jemand Inlandsfl\u00fcge machen will. Gegen Fr\u00fchling will ich mal privat Amsterdam anschauen, und die Fahrtzeiten ab S\u00fcddeutschland? Mit dem Flieger inklusive den Wartezeiten am Flughafen 4,5 Stunden bis zur Landung am Flughafen, und dann h\u00e4tte ich immer noch kein Gep\u00e4ck wieder in Empfang genommen. Mit dem Auto eine Stunde mehr, und ich bin direkt am Zielhotel \u2013 mindestens so schnell wie mit dem Flieger. Alternativ mit Bus und Bahn und Umsteigen: 6,25 Stunden. Da f\u00e4llt die Wahl leicht, und es wird auch kein Gep\u00e4ck besch\u00e4digt. Auch wenn es dann keinen Keks als Bordverpflegung gibt.<\/p>\n\n\n\n<p>Wie dem auch sei, immerhin ist das Wetter nach dem Regen der letzten Tage sch\u00f6n. Kai, unser Reiseleiter, ist ja schon einen Tag vorher nach Bergen geflogen \u2013 und wegen dem Wetter erst gegen 1 Uhr morgens angekommen. So musste er immerhin nicht zu lange auf uns warten. Und ich? Muss daran denken, dass uns der Pilot auf dem Islandflug begr\u00fc\u00dft hatte mit: &#8220;Machen Sie es sich so bequem, wie Ihr Sitznachbar es zul\u00e4sst.&#8221; Den musste ich n\u00e4mlich erst einmal von meinem Fensterplatz vertreiben. Eigentlich ist mir das ja egal, wo ich sitze, aber am Fensterplatz kann man besser schlafen \u2013 und diesmal lohnt sich der Blick aus dem Fenster. Also genug gel\u00e4stert, wenden wir uns den sch\u00f6nen Dingen zu: Vor der Landung gibt es noch eine sch\u00f6ne Glorie. <\/p>\n\n\n<div class=\"wp-block-image\">\n<figure class=\"aligncenter size-large\"><a href=\"https:\/\/kerste.de\/?attachment_id=16695#main\"><img loading=\"lazy\" decoding=\"async\" width=\"1024\" height=\"609\" src=\"https:\/\/kerste.de\/wp-content\/uploads\/2024\/01\/2024-01-04-09h-53m-Halo-1024x609.jpg\" alt=\"\" class=\"wp-image-16695\" srcset=\"https:\/\/kerste.de\/wp-content\/uploads\/2024\/01\/2024-01-04-09h-53m-Halo-1024x609.jpg 1024w, https:\/\/kerste.de\/wp-content\/uploads\/2024\/01\/2024-01-04-09h-53m-Halo-300x178.jpg 300w, https:\/\/kerste.de\/wp-content\/uploads\/2024\/01\/2024-01-04-09h-53m-Halo-768x457.jpg 768w, https:\/\/kerste.de\/wp-content\/uploads\/2024\/01\/2024-01-04-09h-53m-Halo.jpg 1292w\" sizes=\"auto, (max-width: 1024px) 100vw, 1024px\" \/><\/a><figcaption class=\"wp-element-caption\"><em>H\u00fcbsche Glorie<\/em><\/figcaption><\/figure>\n<\/div>\n\n\n<p>Sowas gibt&#8217;s im Auto nicht:-)<\/p>\n\n\n\n<p>Um kurz nach elf dann die Landung in Amsterdam, und eine halbe Stunde Fu\u00dfmarsch sp\u00e4ter bin ich auch schon am n\u00e4chsten Gate angekommen. Knapp vier Stunden Zeit \u2013 das langt, um sich auf dem Laptop einen kompletten Film anzuschauen. Viel mehr gibt&#8217;s hier eh nicht zu tun, der Flughafen wird umgebaut.<\/p>\n\n\n\n<figure class=\"wp-block-gallery has-nested-images columns-default is-cropped wp-block-gallery-2 is-layout-flex wp-block-gallery-is-layout-flex\">\n<figure class=\"wp-block-image size-large\"><a href=\"https:\/\/kerste.de\/?attachment_id=16694#main\"><img loading=\"lazy\" decoding=\"async\" width=\"1024\" height=\"768\" data-id=\"16694\" src=\"https:\/\/kerste.de\/wp-content\/uploads\/2024\/01\/2024-01-04-11h-16m-IMG_9434.jpg\" alt=\"\" class=\"wp-image-16694\" srcset=\"https:\/\/kerste.de\/wp-content\/uploads\/2024\/01\/2024-01-04-11h-16m-IMG_9434.jpg 1024w, https:\/\/kerste.de\/wp-content\/uploads\/2024\/01\/2024-01-04-11h-16m-IMG_9434-300x225.jpg 300w, https:\/\/kerste.de\/wp-content\/uploads\/2024\/01\/2024-01-04-11h-16m-IMG_9434-768x576.jpg 768w\" sizes=\"auto, (max-width: 1024px) 100vw, 1024px\" \/><\/a><figcaption class=\"wp-element-caption\">Aus dem Flieger&#8230;<\/figcaption><\/figure>\n\n\n\n<figure class=\"wp-block-image size-large\"><a href=\"https:\/\/kerste.de\/?attachment_id=16705#main\"><img loading=\"lazy\" decoding=\"async\" width=\"1024\" height=\"768\" data-id=\"16705\" src=\"https:\/\/kerste.de\/wp-content\/uploads\/2024\/01\/2024-01-04-11h-31m-IMG_9436.jpg\" alt=\"\" class=\"wp-image-16705\" srcset=\"https:\/\/kerste.de\/wp-content\/uploads\/2024\/01\/2024-01-04-11h-31m-IMG_9436.jpg 1024w, https:\/\/kerste.de\/wp-content\/uploads\/2024\/01\/2024-01-04-11h-31m-IMG_9436-300x225.jpg 300w, https:\/\/kerste.de\/wp-content\/uploads\/2024\/01\/2024-01-04-11h-31m-IMG_9436-768x576.jpg 768w\" sizes=\"auto, (max-width: 1024px) 100vw, 1024px\" \/><\/a><figcaption class=\"wp-element-caption\">Baustelle Amsterdam<\/figcaption><\/figure>\n\n\n\n<figure class=\"wp-block-image size-large\"><a href=\"https:\/\/kerste.de\/?attachment_id=16699#main\"><img loading=\"lazy\" decoding=\"async\" width=\"1024\" height=\"768\" data-id=\"16699\" src=\"https:\/\/kerste.de\/wp-content\/uploads\/2024\/01\/2024-01-04-14h-07m-IMG_9438.jpg\" alt=\"\" class=\"wp-image-16699\" srcset=\"https:\/\/kerste.de\/wp-content\/uploads\/2024\/01\/2024-01-04-14h-07m-IMG_9438.jpg 1024w, https:\/\/kerste.de\/wp-content\/uploads\/2024\/01\/2024-01-04-14h-07m-IMG_9438-300x225.jpg 300w, https:\/\/kerste.de\/wp-content\/uploads\/2024\/01\/2024-01-04-14h-07m-IMG_9438-768x576.jpg 768w\" sizes=\"auto, (max-width: 1024px) 100vw, 1024px\" \/><\/a><figcaption class=\"wp-element-caption\">&#8230; in den Flieger<\/figcaption><\/figure>\n<\/figure>\n\n\n\n<p>Das Selbstbedienungsrestaurant ist weg, mal sehen, was danach kommt.<\/p>\n\n\n\n<p>Kurz vor 15 Uhr geht es endlich weiter, und nach einem ereignislosen Flug (Bordverpflegung: ein Frischk\u00e4sebrot) erreichen wir im letzten Tageslicht Norwegen und landen in Bergen. Uff. <\/p>\n\n\n\n<figure class=\"wp-block-gallery has-nested-images columns-default is-cropped wp-block-gallery-3 is-layout-flex wp-block-gallery-is-layout-flex\">\n<figure class=\"wp-block-image size-full\"><a href=\"https:\/\/kerste.de\/?attachment_id=16708#main\"><img loading=\"lazy\" decoding=\"async\" width=\"1024\" height=\"768\" data-id=\"16708\" src=\"https:\/\/kerste.de\/wp-content\/uploads\/2024\/01\/2024-01-04-16h-25m-IMG_9445.jpg\" alt=\"\" class=\"wp-image-16708\" srcset=\"https:\/\/kerste.de\/wp-content\/uploads\/2024\/01\/2024-01-04-16h-25m-IMG_9445.jpg 1024w, https:\/\/kerste.de\/wp-content\/uploads\/2024\/01\/2024-01-04-16h-25m-IMG_9445-300x225.jpg 300w, https:\/\/kerste.de\/wp-content\/uploads\/2024\/01\/2024-01-04-16h-25m-IMG_9445-768x576.jpg 768w\" sizes=\"auto, (max-width: 1024px) 100vw, 1024px\" \/><\/a><\/figure>\n\n\n\n<figure class=\"wp-block-image size-large\"><a href=\"https:\/\/kerste.de\/?attachment_id=16702#main\"><img loading=\"lazy\" decoding=\"async\" width=\"1024\" height=\"768\" data-id=\"16702\" src=\"https:\/\/kerste.de\/wp-content\/uploads\/2024\/01\/2024-01-04-16h-29m-IMG_9451.jpg\" alt=\"\" class=\"wp-image-16702\" srcset=\"https:\/\/kerste.de\/wp-content\/uploads\/2024\/01\/2024-01-04-16h-29m-IMG_9451.jpg 1024w, https:\/\/kerste.de\/wp-content\/uploads\/2024\/01\/2024-01-04-16h-29m-IMG_9451-300x225.jpg 300w, https:\/\/kerste.de\/wp-content\/uploads\/2024\/01\/2024-01-04-16h-29m-IMG_9451-768x576.jpg 768w\" sizes=\"auto, (max-width: 1024px) 100vw, 1024px\" \/><\/a><\/figure>\n\n\n\n<figure class=\"wp-block-image size-large\"><a href=\"https:\/\/kerste.de\/?attachment_id=16703#main\"><img loading=\"lazy\" decoding=\"async\" width=\"1024\" height=\"768\" data-id=\"16703\" src=\"https:\/\/kerste.de\/wp-content\/uploads\/2024\/01\/2024-01-04-16h-27m-IMG_9448.jpg\" alt=\"\" class=\"wp-image-16703\" srcset=\"https:\/\/kerste.de\/wp-content\/uploads\/2024\/01\/2024-01-04-16h-27m-IMG_9448.jpg 1024w, https:\/\/kerste.de\/wp-content\/uploads\/2024\/01\/2024-01-04-16h-27m-IMG_9448-300x225.jpg 300w, https:\/\/kerste.de\/wp-content\/uploads\/2024\/01\/2024-01-04-16h-27m-IMG_9448-768x576.jpg 768w\" sizes=\"auto, (max-width: 1024px) 100vw, 1024px\" \/><\/a><\/figure>\n<\/figure>\n\n\n\n<p>Jetzt l\u00e4uft es aber auch alles glatt: Mein Koffer kommt als einer der ersten, Kai wartet schon drau\u00dfen auf uns, und wir k\u00f6nnen die G\u00e4ste gemeinsam in Empfang nehmen. Alle haben ihr Gep\u00e4ck (nur ein Koffer ist besch\u00e4digt), der Bus ist auch schon da, und wir k\u00f6nnen z\u00fcgig durchstarten. (Und bevor hier falsche Eindr\u00fccke entstehen: Ich erz\u00e4hle keine Horrorstories vom Fliegen \u2013 daf\u00fcr gibt es ja meine <a href=\"https:\/\/kerste.de\/?cat=412\">Tour vom Oktober 2021<\/a> \u2013 es sind nur die Zeiten vorbei, in denen Fliegen was mit Glamour zu tun hatte, heute nervt es nur noch.)<\/p>\n\n\n\n<p>Da wir mit 22 Teilnehmern nur eine kleine Gruppe sind, geht alles schnell, und es bleibt tats\u00e4chlich genug Zeit f\u00fcr eine Stadtrundfahrt durch Bergen.<\/p>\n\n\n<div class=\"wp-block-image\">\n<figure class=\"aligncenter size-full\"><a href=\"https:\/\/kerste.de\/?attachment_id=16701#main\"><img loading=\"lazy\" decoding=\"async\" width=\"1024\" height=\"768\" src=\"https:\/\/kerste.de\/wp-content\/uploads\/2024\/01\/2024-01-04-16h-49m-IMG_9455.jpg\" alt=\"\" class=\"wp-image-16701\" srcset=\"https:\/\/kerste.de\/wp-content\/uploads\/2024\/01\/2024-01-04-16h-49m-IMG_9455.jpg 1024w, https:\/\/kerste.de\/wp-content\/uploads\/2024\/01\/2024-01-04-16h-49m-IMG_9455-300x225.jpg 300w, https:\/\/kerste.de\/wp-content\/uploads\/2024\/01\/2024-01-04-16h-49m-IMG_9455-768x576.jpg 768w\" sizes=\"auto, (max-width: 1024px) 100vw, 1024px\" \/><\/a><figcaption class=\"wp-element-caption\"><em>Bergen<\/em><\/figcaption><\/figure>\n<\/div>\n\n\n<p>Das Problem: Um 17 Uhr ist es schon dunkel, und man sieht nicht viel. Durch die Scheiben vom Bus fotografieren bringt auch nicht viel, aber Kai packt einiges an Infos in unsere Rundfahrt. Trotz -5\u00b0 liegt hier kein Schnee mehr, und wir kommen schlie\u00dflich wohlbehalten am Schiff an. Jetzt wird es wieder hektisch: Jeder kriegt seine Cruisecard und mein Begleitbuch, um 19:30 und als Wiederholung um 21 Uhr gibt es die Infoveranstaltung vom Schiff (wie funktioniert alles an Bord), vorher die obligatorische Sicherheitseinweisung, zwischendrin Abendessen (bis 21 Uhr \u2013 wieder mit interessanten Essensschildchen), um 20:30 muss ich traditionsgem\u00e4\u00df an Deck sein, um das Anlegen anzuschauen, dann noch die Kabine beziehen, verlorenes Gep\u00e4ck suchen, zuhause melden, versuchen, die ersten Termine auszumachen&#8230; und dann ist 22 Uhr, es leert sich (war doch f\u00fcr alle ein langer Tag), und ich kann mich an mein Blog setzen, solange wir noch in der N\u00e4he von Bergen sind und Netz haben.<\/p>\n\n\n\n<figure class=\"wp-block-gallery has-nested-images columns-2 is-cropped wp-block-gallery-4 is-layout-flex wp-block-gallery-is-layout-flex\">\n<figure class=\"wp-block-image size-large\"><a href=\"https:\/\/kerste.de\/?attachment_id=16706#main\"><img loading=\"lazy\" decoding=\"async\" width=\"768\" height=\"1024\" data-id=\"16706\" src=\"https:\/\/kerste.de\/wp-content\/uploads\/2024\/01\/2024-01-04-20h-01m-IMG_9463.jpg\" alt=\"\" class=\"wp-image-16706\" srcset=\"https:\/\/kerste.de\/wp-content\/uploads\/2024\/01\/2024-01-04-20h-01m-IMG_9463.jpg 768w, https:\/\/kerste.de\/wp-content\/uploads\/2024\/01\/2024-01-04-20h-01m-IMG_9463-225x300.jpg 225w\" sizes=\"auto, (max-width: 768px) 100vw, 768px\" \/><\/a><figcaption class=\"wp-element-caption\">Rindfleisch hoch zur\u00fcck?<\/figcaption><\/figure>\n\n\n\n<figure class=\"wp-block-image size-large\"><a href=\"https:\/\/kerste.de\/?attachment_id=16709#main\"><img loading=\"lazy\" decoding=\"async\" width=\"1024\" height=\"768\" data-id=\"16709\" src=\"https:\/\/kerste.de\/wp-content\/uploads\/2024\/01\/2024-01-04-19h-34m-IMG_9462.jpg\" alt=\"\" class=\"wp-image-16709\" srcset=\"https:\/\/kerste.de\/wp-content\/uploads\/2024\/01\/2024-01-04-19h-34m-IMG_9462.jpg 1024w, https:\/\/kerste.de\/wp-content\/uploads\/2024\/01\/2024-01-04-19h-34m-IMG_9462-300x225.jpg 300w, https:\/\/kerste.de\/wp-content\/uploads\/2024\/01\/2024-01-04-19h-34m-IMG_9462-768x576.jpg 768w\" sizes=\"auto, (max-width: 1024px) 100vw, 1024px\" \/><\/a><figcaption class=\"wp-element-caption\">Meet the Crew<\/figcaption><\/figure>\n\n\n\n<figure class=\"wp-block-image size-large\"><a href=\"https:\/\/kerste.de\/?attachment_id=16707#main\"><img loading=\"lazy\" decoding=\"async\" width=\"1024\" height=\"768\" data-id=\"16707\" src=\"https:\/\/kerste.de\/wp-content\/uploads\/2024\/01\/2024-01-04-20h-36m-IMG_9466.jpg\" alt=\"\" class=\"wp-image-16707\" srcset=\"https:\/\/kerste.de\/wp-content\/uploads\/2024\/01\/2024-01-04-20h-36m-IMG_9466.jpg 1024w, https:\/\/kerste.de\/wp-content\/uploads\/2024\/01\/2024-01-04-20h-36m-IMG_9466-300x225.jpg 300w, https:\/\/kerste.de\/wp-content\/uploads\/2024\/01\/2024-01-04-20h-36m-IMG_9466-768x576.jpg 768w\" sizes=\"auto, (max-width: 1024px) 100vw, 1024px\" \/><\/a><figcaption class=\"wp-element-caption\">Goodbye, Bergen<\/figcaption><\/figure>\n<\/figure>\n\n\n\n<p>Schauen wir, was diese Reise bringt \u2013 bislang waren noch keine zwei Touren gleich!<\/p>\n<div class=\"shariff shariff-align-left shariff-widget-align-left\"><ul class=\"shariff-buttons theme-white orientation-horizontal buttonsize-small\"><li class=\"shariff-button twitter shariff-nocustomcolor\" style=\"background-color:#595959\"><a href=\"https:\/\/twitter.com\/share?url=https%3A%2F%2Fkerste.de%2F%3Fp%3D16682&text=Hurtigrute%20Tag%201%3A%20Bergen\" title=\"Bei X teilen\" aria-label=\"Bei X teilen\" role=\"button\" rel=\"noopener nofollow\" class=\"shariff-link\" style=\"; background-color:#000; color:#000\" target=\"_blank\"><span class=\"shariff-icon\" style=\"fill:#000\"><svg width=\"32px\" height=\"20px\" xmlns=\"http:\/\/www.w3.org\/2000\/svg\" viewBox=\"0 0 24 24\"><path fill=\"#000\" d=\"M14.258 10.152L23.176 0h-2.113l-7.747 8.813L7.133 0H0l9.352 13.328L0 23.973h2.113l8.176-9.309 6.531 9.309h7.133zm-2.895 3.293l-.949-1.328L2.875 1.56h3.246l6.086 8.523.945 1.328 7.91 11.078h-3.246zm0 0\"\/><\/svg><\/span><span class=\"shariff-text\" style=\"color:#000\">teilen<\/span>&nbsp;<\/a><\/li><li class=\"shariff-button facebook shariff-nocustomcolor\" style=\"background-color:#4273c8\"><a href=\"https:\/\/www.facebook.com\/sharer\/sharer.php?u=https%3A%2F%2Fkerste.de%2F%3Fp%3D16682\" title=\"Bei Facebook teilen\" aria-label=\"Bei Facebook teilen\" role=\"button\" rel=\"nofollow\" class=\"shariff-link\" style=\"; background-color:#3b5998; color:#3b5998\" target=\"_blank\"><span class=\"shariff-icon\" style=\"fill:#3b5998\"><svg width=\"32px\" height=\"20px\" xmlns=\"http:\/\/www.w3.org\/2000\/svg\" viewBox=\"0 0 18 32\"><path fill=\"#3b5998\" d=\"M17.1 0.2v4.7h-2.8q-1.5 0-2.1 0.6t-0.5 1.9v3.4h5.2l-0.7 5.3h-4.5v13.6h-5.5v-13.6h-4.5v-5.3h4.5v-3.9q0-3.3 1.9-5.2t5-1.8q2.6 0 4.1 0.2z\"\/><\/svg><\/span><span class=\"shariff-text\" style=\"color:#3b5998\">teilen<\/span>&nbsp;<\/a><\/li><li class=\"shariff-button tumblr shariff-nocustomcolor\" style=\"background-color:#529ecc\"><a href=\"https:\/\/www.tumblr.com\/widgets\/share\/tool?posttype=link&canonicalUrl=https%3A%2F%2Fkerste.de%2F%3Fp%3D16682&tags=kerste.de\" title=\"Bei tumblr teilen\" aria-label=\"Bei tumblr teilen\" role=\"button\" rel=\"noopener nofollow\" class=\"shariff-link\" style=\"; background-color:#36465d; color:#36465d\" target=\"_blank\"><span class=\"shariff-icon\" style=\"fill:#36465d\"><svg width=\"32px\" height=\"20px\" xmlns=\"http:\/\/www.w3.org\/2000\/svg\" viewBox=\"0 0 32 32\"><path fill=\"#36465d\" d=\"M18 14l0 7.3c0 1.9 0 2.9 0.2 3.5 0.2 0.5 0.7 1.1 1.2 1.4 0.7 0.4 1.5 0.6 2.4 0.6 1.6 0 2.6-0.2 4.2-1.3v4.8c-1.4 0.6-2.6 1-3.7 1.3-1.1 0.3-2.3 0.4-3.6 0.4-1.5 0-2.3-0.2-3.4-0.6-1.1-0.4-2.1-0.9-2.9-1.6-0.8-0.7-1.3-1.4-1.7-2.2s-0.5-1.9-0.5-3.4v-11.2h-4.3v-4.5c1.3-0.4 2.7-1 3.6-1.8 0.9-0.8 1.6-1.7 2.2-2.7 0.5-1.1 0.9-2.4 1.1-4.1h5.2l0 8h8v6h-8z\"\/><\/svg><\/span><span class=\"shariff-text\" style=\"color:#36465d\">teilen<\/span>&nbsp;<\/a><\/li><li class=\"shariff-button info shariff-nocustomcolor\" style=\"background-color:#a8a8a8\"><a href=\"http:\/\/ct.de\/-2467514\" title=\"Weitere Informationen\" aria-label=\"Weitere Informationen\" role=\"button\" rel=\"noopener \" class=\"shariff-link\" style=\"; background-color:#999; color:#999\" target=\"_blank\"><span class=\"shariff-icon\" style=\"fill:#999\"><svg width=\"32px\" height=\"20px\" xmlns=\"http:\/\/www.w3.org\/2000\/svg\" viewBox=\"0 0 11 32\"><path fill=\"#999\" d=\"M11.4 24v2.3q0 0.5-0.3 0.8t-0.8 0.4h-9.1q-0.5 0-0.8-0.4t-0.4-0.8v-2.3q0-0.5 0.4-0.8t0.8-0.4h1.1v-6.8h-1.1q-0.5 0-0.8-0.4t-0.4-0.8v-2.3q0-0.5 0.4-0.8t0.8-0.4h6.8q0.5 0 0.8 0.4t0.4 0.8v10.3h1.1q0.5 0 0.8 0.4t0.3 0.8zM9.2 3.4v3.4q0 0.5-0.4 0.8t-0.8 0.4h-4.6q-0.4 0-0.8-0.4t-0.4-0.8v-3.4q0-0.4 0.4-0.8t0.8-0.4h4.6q0.5 0 0.8 0.4t0.4 0.8z\"\/><\/svg><\/span><\/a><\/li><\/ul><\/div>","protected":false},"excerpt":{"rendered":"<p>Neues Jahr, neues Gl\u00fcck \u2013 wir haben den 4. Januar 2024, und ich gehe wieder auf Hurtigrute. Wir haben zwar gerade so ziemlich das Maximum der Sonnenaktivit\u00e4t, aber bislang war die Saison f\u00fcr mich nicht so prickelnd. Die letzte Tour im September war meine erste, bei der wegen konstanter Wolkendecke die Polarlichtgarantie griff, und mein [&hellip;]<\/p>\n","protected":false},"author":1,"featured_media":0,"comment_status":"open","ping_status":"open","sticky":false,"template":"","format":"standard","meta":{"footnotes":""},"categories":[432],"tags":[],"class_list":["post-16682","post","type-post","status-publish","format-standard","hentry","category-hurtigruten-2024-grp-108"],"_links":{"self":[{"href":"https:\/\/kerste.de\/index.php?rest_route=\/wp\/v2\/posts\/16682","targetHints":{"allow":["GET"]}}],"collection":[{"href":"https:\/\/kerste.de\/index.php?rest_route=\/wp\/v2\/posts"}],"about":[{"href":"https:\/\/kerste.de\/index.php?rest_route=\/wp\/v2\/types\/post"}],"author":[{"embeddable":true,"href":"https:\/\/kerste.de\/index.php?rest_route=\/wp\/v2\/users\/1"}],"replies":[{"embeddable":true,"href":"https:\/\/kerste.de\/index.php?rest_route=%2Fwp%2Fv2%2Fcomments&post=16682"}],"version-history":[{"count":4,"href":"https:\/\/kerste.de\/index.php?rest_route=\/wp\/v2\/posts\/16682\/revisions"}],"predecessor-version":[{"id":16713,"href":"https:\/\/kerste.de\/index.php?rest_route=\/wp\/v2\/posts\/16682\/revisions\/16713"}],"wp:attachment":[{"href":"https:\/\/kerste.de\/index.php?rest_route=%2Fwp%2Fv2%2Fmedia&parent=16682"}],"wp:term":[{"taxonomy":"category","embeddable":true,"href":"https:\/\/kerste.de\/index.php?rest_route=%2Fwp%2Fv2%2Fcategories&post=16682"},{"taxonomy":"post_tag","embeddable":true,"href":"https:\/\/kerste.de\/index.php?rest_route=%2Fwp%2Fv2%2Ftags&post=16682"}],"curies":[{"name":"wp","href":"https:\/\/api.w.org\/{rel}","templated":true}]}}