{"id":16637,"date":"2023-10-05T11:44:29","date_gmt":"2023-10-05T09:44:29","guid":{"rendered":"https:\/\/kerste.de\/?p=16637"},"modified":"2023-10-05T11:44:30","modified_gmt":"2023-10-05T09:44:30","slug":"hurtigrute-tag-12-back-to-bergen-4","status":"publish","type":"post","link":"https:\/\/kerste.de\/?p=16637","title":{"rendered":"Hurtigrute Tag 12: Back to Bergen"},"content":{"rendered":"<div class=\"wp-block-image\">\n<figure class=\"alignright size-medium\"><a href=\"https:\/\/kerste.de\/?attachment_id=16659#main\"><img loading=\"lazy\" decoding=\"async\" width=\"300\" height=\"225\" src=\"https:\/\/kerste.de\/wp-content\/uploads\/2023\/10\/20231004-09h-36m-IMG_8289-300x225.jpg\" alt=\"\" class=\"wp-image-16659\" srcset=\"https:\/\/kerste.de\/wp-content\/uploads\/2023\/10\/20231004-09h-36m-IMG_8289-300x225.jpg 300w, https:\/\/kerste.de\/wp-content\/uploads\/2023\/10\/20231004-09h-36m-IMG_8289-1024x768.jpg 1024w, https:\/\/kerste.de\/wp-content\/uploads\/2023\/10\/20231004-09h-36m-IMG_8289-768x576.jpg 768w, https:\/\/kerste.de\/wp-content\/uploads\/2023\/10\/20231004-09h-36m-IMG_8289.jpg 1067w\" sizes=\"auto, (max-width: 300px) 100vw, 300px\" \/><\/a><figcaption class=\"wp-element-caption\"><em>Der Tagesplan<\/em><\/figcaption><\/figure>\n<\/div>\n\n\n<p>So, das war es dann: Der letzte Tag bricht an, der Koffer ist gepackt (wieder 23 kg) und steht bei den Aufz\u00fcgen, und unserer letzter Zwischenstop ist Flor\u00f8 \u2013 eine halbe Stunde zwischen 8 und 8:30 in der Morgensonne. 9 Uhr ist die erste Dealine heute, bis dahin m\u00fcssen die Koffer bereit sein, damit sie im Laderaum zwischengelagert werden k\u00f6nnen. So erh\u00e4lt man sie bequem im Terminal in Bergen zur\u00fcck und muss nicht den ganzen Tag auf dem Gep\u00e4ck sitzen. Schlie\u00dflich muss die Kabine sp\u00e4testens um 10 Uhr ger\u00e4umt werden, solange man keine Suite hat.<\/p>\n\n\n\n<figure class=\"wp-block-gallery has-nested-images columns-default is-cropped wp-block-gallery-1 is-layout-flex wp-block-gallery-is-layout-flex\">\n<figure class=\"wp-block-image size-large\"><a href=\"https:\/\/kerste.de\/?attachment_id=16639#main\"><img loading=\"lazy\" decoding=\"async\" width=\"1024\" height=\"768\" data-id=\"16639\" src=\"https:\/\/kerste.de\/wp-content\/uploads\/2023\/10\/20231004-08h-17m-P1146170-1024x768.jpg\" alt=\"\" class=\"wp-image-16639\" srcset=\"https:\/\/kerste.de\/wp-content\/uploads\/2023\/10\/20231004-08h-17m-P1146170-1024x768.jpg 1024w, https:\/\/kerste.de\/wp-content\/uploads\/2023\/10\/20231004-08h-17m-P1146170-300x225.jpg 300w, https:\/\/kerste.de\/wp-content\/uploads\/2023\/10\/20231004-08h-17m-P1146170-768x576.jpg 768w, https:\/\/kerste.de\/wp-content\/uploads\/2023\/10\/20231004-08h-17m-P1146170.jpg 1067w\" sizes=\"auto, (max-width: 1024px) 100vw, 1024px\" \/><\/a><\/figure>\n\n\n\n<figure class=\"wp-block-image size-large\"><a href=\"https:\/\/kerste.de\/?attachment_id=16641#main\"><img loading=\"lazy\" decoding=\"async\" width=\"1024\" height=\"768\" data-id=\"16641\" src=\"https:\/\/kerste.de\/wp-content\/uploads\/2023\/10\/20231004-08h-17m-P1146171-1024x768.jpg\" alt=\"\" class=\"wp-image-16641\" srcset=\"https:\/\/kerste.de\/wp-content\/uploads\/2023\/10\/20231004-08h-17m-P1146171-1024x768.jpg 1024w, https:\/\/kerste.de\/wp-content\/uploads\/2023\/10\/20231004-08h-17m-P1146171-300x225.jpg 300w, https:\/\/kerste.de\/wp-content\/uploads\/2023\/10\/20231004-08h-17m-P1146171-768x576.jpg 768w, https:\/\/kerste.de\/wp-content\/uploads\/2023\/10\/20231004-08h-17m-P1146171.jpg 1067w\" sizes=\"auto, (max-width: 1024px) 100vw, 1024px\" \/><\/a><\/figure>\n<figcaption class=\"blocks-gallery-caption wp-element-caption\"><em>Flor\u00f8<\/em><\/figcaption><\/figure>\n\n\n\n<p>Flor\u00f8 pr\u00e4sentiert sich als Industriehafen und hat vom Schiff aus au\u00dfer Landschaft und einer sch\u00f6nen Spiegelung in einer Glasfassade nicht viel zu bieten. Zeit, um zu Fr\u00fchst\u00fccken und sich dann einen sch\u00f6nen Platz auf Deck 7 zu sichern. So weit im S\u00fcden fahren auch im tiefsten Winter viele Schiffe, sodass die Hurtigrute hier keinen Versorgungsauftrag hat und nur wenige H\u00e4fen anf\u00e4hrt. Daher brettern wir schnurstracks durch bis Bergen, zwischen Sch\u00e4ren hindurch und mit kurzen Passagen hin zur offenen See, in denen \u00fcberraschend viel Bewegung im Schiff ist. Heute fr\u00fch am Westkapp war auch schon genug Wellengang, um mich zu wecken. Eine Erholungsreise ist das auch an den Tagen ohne gro\u00dfes Programm nicht \u2013 aber schlafen kann man zuhause!<\/p>\n\n\n\n<figure class=\"wp-block-gallery has-nested-images columns-default is-cropped wp-block-gallery-2 is-layout-flex wp-block-gallery-is-layout-flex\">\n<figure class=\"wp-block-image size-large\"><a href=\"https:\/\/kerste.de\/?attachment_id=16643#main\"><img loading=\"lazy\" decoding=\"async\" width=\"1024\" height=\"768\" data-id=\"16643\" src=\"https:\/\/kerste.de\/wp-content\/uploads\/2023\/10\/20231004-09h-19m-P1146176-1024x768.jpg\" alt=\"\" class=\"wp-image-16643\" srcset=\"https:\/\/kerste.de\/wp-content\/uploads\/2023\/10\/20231004-09h-19m-P1146176-1024x768.jpg 1024w, https:\/\/kerste.de\/wp-content\/uploads\/2023\/10\/20231004-09h-19m-P1146176-300x225.jpg 300w, https:\/\/kerste.de\/wp-content\/uploads\/2023\/10\/20231004-09h-19m-P1146176-768x576.jpg 768w, https:\/\/kerste.de\/wp-content\/uploads\/2023\/10\/20231004-09h-19m-P1146176.jpg 1067w\" sizes=\"auto, (max-width: 1024px) 100vw, 1024px\" \/><\/a><\/figure>\n\n\n\n<figure class=\"wp-block-image size-large\"><a href=\"https:\/\/kerste.de\/?attachment_id=16644#main\"><img loading=\"lazy\" decoding=\"async\" width=\"1024\" height=\"768\" data-id=\"16644\" src=\"https:\/\/kerste.de\/wp-content\/uploads\/2023\/10\/20231004-10h-55m-P1146191-1024x768.jpg\" alt=\"\" class=\"wp-image-16644\" srcset=\"https:\/\/kerste.de\/wp-content\/uploads\/2023\/10\/20231004-10h-55m-P1146191-1024x768.jpg 1024w, https:\/\/kerste.de\/wp-content\/uploads\/2023\/10\/20231004-10h-55m-P1146191-300x225.jpg 300w, https:\/\/kerste.de\/wp-content\/uploads\/2023\/10\/20231004-10h-55m-P1146191-768x576.jpg 768w, https:\/\/kerste.de\/wp-content\/uploads\/2023\/10\/20231004-10h-55m-P1146191.jpg 1067w\" sizes=\"auto, (max-width: 1024px) 100vw, 1024px\" \/><\/a><\/figure>\n\n\n\n<figure class=\"wp-block-image size-large\"><a href=\"https:\/\/kerste.de\/?attachment_id=16645#main\"><img loading=\"lazy\" decoding=\"async\" width=\"1024\" height=\"703\" data-id=\"16645\" src=\"https:\/\/kerste.de\/wp-content\/uploads\/2023\/10\/20231004-10h-49m-P1146180-1024x703.jpg\" alt=\"\" class=\"wp-image-16645\" srcset=\"https:\/\/kerste.de\/wp-content\/uploads\/2023\/10\/20231004-10h-49m-P1146180-1024x703.jpg 1024w, https:\/\/kerste.de\/wp-content\/uploads\/2023\/10\/20231004-10h-49m-P1146180-300x206.jpg 300w, https:\/\/kerste.de\/wp-content\/uploads\/2023\/10\/20231004-10h-49m-P1146180-768x527.jpg 768w, https:\/\/kerste.de\/wp-content\/uploads\/2023\/10\/20231004-10h-49m-P1146180.jpg 1165w\" sizes=\"auto, (max-width: 1024px) 100vw, 1024px\" \/><\/a><\/figure>\n\n\n\n<figure class=\"wp-block-image size-large\"><a href=\"https:\/\/kerste.de\/?attachment_id=16646#main\"><img loading=\"lazy\" decoding=\"async\" width=\"1024\" height=\"768\" data-id=\"16646\" src=\"https:\/\/kerste.de\/wp-content\/uploads\/2023\/10\/20231004-10h-51m-P1146186-1024x768.jpg\" alt=\"\" class=\"wp-image-16646\" srcset=\"https:\/\/kerste.de\/wp-content\/uploads\/2023\/10\/20231004-10h-51m-P1146186-1024x768.jpg 1024w, https:\/\/kerste.de\/wp-content\/uploads\/2023\/10\/20231004-10h-51m-P1146186-300x225.jpg 300w, https:\/\/kerste.de\/wp-content\/uploads\/2023\/10\/20231004-10h-51m-P1146186-768x576.jpg 768w, https:\/\/kerste.de\/wp-content\/uploads\/2023\/10\/20231004-10h-51m-P1146186.jpg 1067w\" sizes=\"auto, (max-width: 1024px) 100vw, 1024px\" \/><\/a><\/figure>\n<\/figure>\n\n\n\n<p>Ab 10 Uhr l\u00e4uft im Konferenzraum der Tourfilm des Schiffs, und um 10:45 ist Treffen an Deck: Wir passieren den engen Steinsund, Johan ruft zum Gruppenfoto auf, und wir nutzen das auch f\u00fcr ein eigenes Gruppenbild mit allen, die gerade da sind. <\/p>\n\n\n\n<p>Es ist angenehm warm (irgendwas oberhalb von 10\u00b0 laut Wetter-App \u2013 ein Thermometer habe ich auf diesem Schiff noch nicht gefunden), die Wolken bieten alles von blauem Himmel bis bedrohlich, Norwegen zeigt sich nochmal von seiner besten Herbst-Seite, w\u00e4hrend die Landschaft fast in Reichweite an uns vorbei zieht. <\/p>\n\n\n\n<p>Ab 11:30 gibt es Mittagessen, und wir versuchen immer noch eine Antwort zu erhalten, wie es mit der <a rel=\"noreferrer noopener\" href=\"https:\/\/www.hurtigruten.de\/postschiffreise-angebote\/nordlicht-versprechen\/\" target=\"_blank\">Nordlicht-Garantie<\/a> l\u00e4uft. Sie gilt ja erst bei Reisen ab Oktober, andererseits sind wir ja die Gruppenreise Nordlicht und Sterne. Auf jeden Fall steht im Schiffs-Logbuch keine Sichtung \u2013 ein absolutes Novum f\u00fcr mich. Eine Reise ohne Nordlicht, und das w\u00e4hrend des Sonnenfleckenmaximums, und w\u00e4hrend zuhause immer noch sommerliche Temperaturen und Sonnenschein herrschen. Ich muss meine Niederlage eingestehen \ud83d\ude41<\/p>\n\n\n\n<p>Falls die Polarlichtgarantie f\u00fcr unsere Gruppenreise schon gilt, gibt es eine halbe Reise mit Innenkabine und Anreise auf eigene Kosten, wobei es sich aktuell durchaus lohnt, selbst einen Flug zu buchen (z.B. \u00fcber Fluege.de schauen und direkt bei der Airline oder eurem Reiseb\u00fcro buchen) und mit dem <a href=\"https:\/\/www.hurtigruten.de\/treueprogramm-1893-ambassador\/\">Ambassador-Status<\/a> (den ja nach Anmeldung jeder erh\u00e4lt, der eine Reise auf der Hurtigrute gemacht hat) gegebenenfalls upzugraden. Drei Varianten bieten sich dann an: Direktflug ab Frankfurt nach Bergen, mit dem Schiff entweder nur nach Kirkenes (die billigste Version), oder noch verl\u00e4ngern bis Troms\u00f8 und zwei, drei \u00dcbernachtungen f\u00fcr Hundeschlittenfahrten und\/oder Polarlichttour einplanen (die teuerste Version mit der h\u00f6chsten Polarlichtchance), oder weiter bis Trondheim, wo man dann mittags oder am fr\u00fchen Nachmittag direkt zur\u00fcckfliegen kann (die sch\u00f6nste Option) \u2013 einen Transferbus vom Hafen bietet das Schiff meistens an. Wenn es in den Winter geht, empfiehlt es sich, zur Sicherheit einen Tag vor dem R\u00fcckflug einzuplanen, falls das Schiff etwas Versp\u00e4tung hat und der Flug so knapp ist wie unser R\u00fcckflug diesmal. Und bei der Anreise einen Tag in Bergen einzuplanen lohnt sich eh! Meinen <a href=\"https:\/\/www.amazon.de\/Nordlicht-Sterne-mit-Hurtigruten-Polarlichtjagd\/dp\/B0BG5FXPDY\/\">Reisef\u00fchrer<\/a> habt ja schon:-)<\/p>\n\n\n\n<p>Und f\u00fcr alle, die l\u00e4nger in Troms\u00f8 vor Ort bleiben wollen, kann ich die lokalen Tourguides wie Dan Steinbakk von <a rel=\"noreferrer noopener\" href=\"http:\/\/arcticx.no\/\" target=\"_blank\">http:\/\/arcticx.no\/<\/a> empfehlen. Die fahren auch nach Finnland, falls es in Norwegen mal wieder nur Wolken gibt, und sind angenehmer als die gro\u00dfen Reisebusse. <\/p>\n\n\n\n<figure class=\"wp-block-gallery has-nested-images columns-default is-cropped wp-block-gallery-3 is-layout-flex wp-block-gallery-is-layout-flex\">\n<figure class=\"wp-block-image size-large\"><a href=\"https:\/\/kerste.de\/?attachment_id=16660#main\"><img loading=\"lazy\" decoding=\"async\" width=\"1024\" height=\"768\" data-id=\"16660\" src=\"https:\/\/kerste.de\/wp-content\/uploads\/2023\/10\/20231004-14h-34m-IMG_8307-1024x768.jpg\" alt=\"\" class=\"wp-image-16660\" srcset=\"https:\/\/kerste.de\/wp-content\/uploads\/2023\/10\/20231004-14h-34m-IMG_8307-1024x768.jpg 1024w, https:\/\/kerste.de\/wp-content\/uploads\/2023\/10\/20231004-14h-34m-IMG_8307-300x225.jpg 300w, https:\/\/kerste.de\/wp-content\/uploads\/2023\/10\/20231004-14h-34m-IMG_8307-768x576.jpg 768w, https:\/\/kerste.de\/wp-content\/uploads\/2023\/10\/20231004-14h-34m-IMG_8307.jpg 1067w\" sizes=\"auto, (max-width: 1024px) 100vw, 1024px\" \/><\/a><\/figure>\n\n\n\n<figure class=\"wp-block-image size-large\"><a href=\"https:\/\/kerste.de\/?attachment_id=16663#main\"><img loading=\"lazy\" decoding=\"async\" width=\"1024\" height=\"768\" data-id=\"16663\" src=\"https:\/\/kerste.de\/wp-content\/uploads\/2023\/10\/20231004-14h-26m-IMG_8297-1024x768.jpg\" alt=\"\" class=\"wp-image-16663\" srcset=\"https:\/\/kerste.de\/wp-content\/uploads\/2023\/10\/20231004-14h-26m-IMG_8297-1024x768.jpg 1024w, https:\/\/kerste.de\/wp-content\/uploads\/2023\/10\/20231004-14h-26m-IMG_8297-300x225.jpg 300w, https:\/\/kerste.de\/wp-content\/uploads\/2023\/10\/20231004-14h-26m-IMG_8297-768x576.jpg 768w, https:\/\/kerste.de\/wp-content\/uploads\/2023\/10\/20231004-14h-26m-IMG_8297.jpg 1067w\" sizes=\"auto, (max-width: 1024px) 100vw, 1024px\" \/><\/a><\/figure>\n\n\n\n<figure class=\"wp-block-image size-large\"><a href=\"https:\/\/kerste.de\/?attachment_id=16667#main\"><img loading=\"lazy\" decoding=\"async\" width=\"1024\" height=\"768\" data-id=\"16667\" src=\"https:\/\/kerste.de\/wp-content\/uploads\/2023\/10\/20231004-14h-38m-IMG_8308-1024x768.jpg\" alt=\"\" class=\"wp-image-16667\" srcset=\"https:\/\/kerste.de\/wp-content\/uploads\/2023\/10\/20231004-14h-38m-IMG_8308-1024x768.jpg 1024w, https:\/\/kerste.de\/wp-content\/uploads\/2023\/10\/20231004-14h-38m-IMG_8308-300x225.jpg 300w, https:\/\/kerste.de\/wp-content\/uploads\/2023\/10\/20231004-14h-38m-IMG_8308-768x576.jpg 768w, https:\/\/kerste.de\/wp-content\/uploads\/2023\/10\/20231004-14h-38m-IMG_8308.jpg 1067w\" sizes=\"auto, (max-width: 1024px) 100vw, 1024px\" \/><\/a><\/figure>\n<figcaption class=\"blocks-gallery-caption wp-element-caption\"><em>Ankunft in Bergen<\/em><\/figcaption><\/figure>\n\n\n\n<p>Nun, zur\u00fcck zur Tour: Wir sind zu schnell, sodass der Captain noch einen kleinen Umweg durch die landschaftlich (noch) reizvollere Route macht und wir Bergen trotzdem rechtzeitig erreichen. Und dann geht alles ganz schnell: Der angek\u00fcndigte Regen f\u00e4llt aus, und wir k\u00f6nnen trocken in den Bus einsteigen (nachdem ein Busfahrer doch noch zugibt, dass er f\u00fcr Gruppe Peter da ist (wenn schon nicht f\u00fcr Nordlicht und Sterne \u2013 aber Schwamm dr\u00fcber).<\/p>\n\n\n\n<figure class=\"wp-block-gallery has-nested-images columns-default is-cropped wp-block-gallery-4 is-layout-flex wp-block-gallery-is-layout-flex\">\n<figure class=\"wp-block-image size-large\"><a href=\"https:\/\/kerste.de\/?attachment_id=16662#main\"><img loading=\"lazy\" decoding=\"async\" width=\"1024\" height=\"768\" data-id=\"16662\" src=\"https:\/\/kerste.de\/wp-content\/uploads\/2023\/10\/20231004-14h-46m-IMG_8310-1024x768.jpg\" alt=\"\" class=\"wp-image-16662\" srcset=\"https:\/\/kerste.de\/wp-content\/uploads\/2023\/10\/20231004-14h-46m-IMG_8310-1024x768.jpg 1024w, https:\/\/kerste.de\/wp-content\/uploads\/2023\/10\/20231004-14h-46m-IMG_8310-300x225.jpg 300w, https:\/\/kerste.de\/wp-content\/uploads\/2023\/10\/20231004-14h-46m-IMG_8310-768x576.jpg 768w, https:\/\/kerste.de\/wp-content\/uploads\/2023\/10\/20231004-14h-46m-IMG_8310.jpg 1067w\" sizes=\"auto, (max-width: 1024px) 100vw, 1024px\" \/><\/a><\/figure>\n\n\n\n<figure class=\"wp-block-image size-large\"><a href=\"https:\/\/kerste.de\/?attachment_id=16666#main\"><img loading=\"lazy\" decoding=\"async\" width=\"1024\" height=\"768\" data-id=\"16666\" src=\"https:\/\/kerste.de\/wp-content\/uploads\/2023\/10\/20231004-15h-03m-IMG_8314-1024x768.jpg\" alt=\"\" class=\"wp-image-16666\" srcset=\"https:\/\/kerste.de\/wp-content\/uploads\/2023\/10\/20231004-15h-03m-IMG_8314-1024x768.jpg 1024w, https:\/\/kerste.de\/wp-content\/uploads\/2023\/10\/20231004-15h-03m-IMG_8314-300x225.jpg 300w, https:\/\/kerste.de\/wp-content\/uploads\/2023\/10\/20231004-15h-03m-IMG_8314-768x576.jpg 768w, https:\/\/kerste.de\/wp-content\/uploads\/2023\/10\/20231004-15h-03m-IMG_8314.jpg 1067w\" sizes=\"auto, (max-width: 1024px) 100vw, 1024px\" \/><\/a><\/figure>\n\n\n\n<figure class=\"wp-block-image size-large\"><a href=\"https:\/\/kerste.de\/?attachment_id=16665#main\"><img loading=\"lazy\" decoding=\"async\" width=\"1024\" height=\"768\" data-id=\"16665\" src=\"https:\/\/kerste.de\/wp-content\/uploads\/2023\/10\/20231004-15h-00m-IMG_8313-1024x768.jpg\" alt=\"\" class=\"wp-image-16665\" srcset=\"https:\/\/kerste.de\/wp-content\/uploads\/2023\/10\/20231004-15h-00m-IMG_8313-1024x768.jpg 1024w, https:\/\/kerste.de\/wp-content\/uploads\/2023\/10\/20231004-15h-00m-IMG_8313-300x225.jpg 300w, https:\/\/kerste.de\/wp-content\/uploads\/2023\/10\/20231004-15h-00m-IMG_8313-768x576.jpg 768w, https:\/\/kerste.de\/wp-content\/uploads\/2023\/10\/20231004-15h-00m-IMG_8313.jpg 1067w\" sizes=\"auto, (max-width: 1024px) 100vw, 1024px\" \/><\/a><\/figure>\n<figcaption class=\"blocks-gallery-caption wp-element-caption\"><em>Bergen<\/em><\/figcaption><\/figure>\n\n\n\n<p>Die knapp halbst\u00fcndige Fahrt zum Flughafen machen wir noch weitestgehend ohne in den drohenden Berufsverkehr zu kommen, dann alle zum KLM-Schalter, weil die Check-In-Automaten in der Regel \u00e4hnlich unkooperativ sind wie es Wolken und Nordlicht auf dieser Tour waren, weiter zur Ark-Buchhandlung direkt hinter der Security f\u00fcr den Tax Refund, und dann ab zum Gate \u2013 bleibt eine gute halbe bis dreiviertel Stunde Luft, um noch in den Duty Free zu gehen. Und dann ab in den Flieger, eineinhalb Stunden Umsteigezeit mit Gatewechsel in Amsterdam, ab nach Stuttgart, wo mein Parkplatz noch 20 Minuten lang bezahlt ist, und rechtzeitig ab auf die Autobahn. Kurz vor 1 Uhr bin ich dann zuhause, und wieder ist eine Tour zuende \u2013 die supergut war, auch wenn das Polarlicht diesmal gestreikt hatte. Aber es hat trotzdem Spa\u00df gemacht, mit einer tollen Gruppe! <\/p>\n\n\n\n<p>In diesem Sinne: Takk for turen, og alltid god tur!<\/p>\n<div class=\"shariff shariff-align-left shariff-widget-align-left\"><ul class=\"shariff-buttons theme-white orientation-horizontal buttonsize-small\"><li class=\"shariff-button twitter shariff-nocustomcolor\" style=\"background-color:#595959\"><a href=\"https:\/\/twitter.com\/share?url=https%3A%2F%2Fkerste.de%2F%3Fp%3D16637&text=Hurtigrute%20Tag%2012%3A%20Back%20to%20Bergen\" title=\"Bei X teilen\" aria-label=\"Bei X teilen\" role=\"button\" rel=\"noopener nofollow\" class=\"shariff-link\" style=\"; background-color:#000; color:#000\" target=\"_blank\"><span class=\"shariff-icon\" style=\"fill:#000\"><svg width=\"32px\" height=\"20px\" xmlns=\"http:\/\/www.w3.org\/2000\/svg\" viewBox=\"0 0 24 24\"><path fill=\"#000\" d=\"M14.258 10.152L23.176 0h-2.113l-7.747 8.813L7.133 0H0l9.352 13.328L0 23.973h2.113l8.176-9.309 6.531 9.309h7.133zm-2.895 3.293l-.949-1.328L2.875 1.56h3.246l6.086 8.523.945 1.328 7.91 11.078h-3.246zm0 0\"\/><\/svg><\/span><span class=\"shariff-text\" style=\"color:#000\">teilen<\/span>&nbsp;<\/a><\/li><li class=\"shariff-button facebook shariff-nocustomcolor\" style=\"background-color:#4273c8\"><a href=\"https:\/\/www.facebook.com\/sharer\/sharer.php?u=https%3A%2F%2Fkerste.de%2F%3Fp%3D16637\" title=\"Bei Facebook teilen\" aria-label=\"Bei Facebook teilen\" role=\"button\" rel=\"nofollow\" class=\"shariff-link\" style=\"; background-color:#3b5998; color:#3b5998\" target=\"_blank\"><span class=\"shariff-icon\" style=\"fill:#3b5998\"><svg width=\"32px\" height=\"20px\" xmlns=\"http:\/\/www.w3.org\/2000\/svg\" viewBox=\"0 0 18 32\"><path fill=\"#3b5998\" d=\"M17.1 0.2v4.7h-2.8q-1.5 0-2.1 0.6t-0.5 1.9v3.4h5.2l-0.7 5.3h-4.5v13.6h-5.5v-13.6h-4.5v-5.3h4.5v-3.9q0-3.3 1.9-5.2t5-1.8q2.6 0 4.1 0.2z\"\/><\/svg><\/span><span class=\"shariff-text\" style=\"color:#3b5998\">teilen<\/span>&nbsp;<\/a><\/li><li class=\"shariff-button tumblr shariff-nocustomcolor\" style=\"background-color:#529ecc\"><a href=\"https:\/\/www.tumblr.com\/widgets\/share\/tool?posttype=link&canonicalUrl=https%3A%2F%2Fkerste.de%2F%3Fp%3D16637&tags=kerste.de\" title=\"Bei tumblr teilen\" aria-label=\"Bei tumblr teilen\" role=\"button\" rel=\"noopener nofollow\" class=\"shariff-link\" style=\"; background-color:#36465d; color:#36465d\" target=\"_blank\"><span class=\"shariff-icon\" style=\"fill:#36465d\"><svg width=\"32px\" height=\"20px\" xmlns=\"http:\/\/www.w3.org\/2000\/svg\" viewBox=\"0 0 32 32\"><path fill=\"#36465d\" d=\"M18 14l0 7.3c0 1.9 0 2.9 0.2 3.5 0.2 0.5 0.7 1.1 1.2 1.4 0.7 0.4 1.5 0.6 2.4 0.6 1.6 0 2.6-0.2 4.2-1.3v4.8c-1.4 0.6-2.6 1-3.7 1.3-1.1 0.3-2.3 0.4-3.6 0.4-1.5 0-2.3-0.2-3.4-0.6-1.1-0.4-2.1-0.9-2.9-1.6-0.8-0.7-1.3-1.4-1.7-2.2s-0.5-1.9-0.5-3.4v-11.2h-4.3v-4.5c1.3-0.4 2.7-1 3.6-1.8 0.9-0.8 1.6-1.7 2.2-2.7 0.5-1.1 0.9-2.4 1.1-4.1h5.2l0 8h8v6h-8z\"\/><\/svg><\/span><span class=\"shariff-text\" style=\"color:#36465d\">teilen<\/span>&nbsp;<\/a><\/li><li class=\"shariff-button info shariff-nocustomcolor\" style=\"background-color:#a8a8a8\"><a href=\"http:\/\/ct.de\/-2467514\" title=\"Weitere Informationen\" aria-label=\"Weitere Informationen\" role=\"button\" rel=\"noopener \" class=\"shariff-link\" style=\"; background-color:#999; color:#999\" target=\"_blank\"><span class=\"shariff-icon\" style=\"fill:#999\"><svg width=\"32px\" height=\"20px\" xmlns=\"http:\/\/www.w3.org\/2000\/svg\" viewBox=\"0 0 11 32\"><path fill=\"#999\" d=\"M11.4 24v2.3q0 0.5-0.3 0.8t-0.8 0.4h-9.1q-0.5 0-0.8-0.4t-0.4-0.8v-2.3q0-0.5 0.4-0.8t0.8-0.4h1.1v-6.8h-1.1q-0.5 0-0.8-0.4t-0.4-0.8v-2.3q0-0.5 0.4-0.8t0.8-0.4h6.8q0.5 0 0.8 0.4t0.4 0.8v10.3h1.1q0.5 0 0.8 0.4t0.3 0.8zM9.2 3.4v3.4q0 0.5-0.4 0.8t-0.8 0.4h-4.6q-0.4 0-0.8-0.4t-0.4-0.8v-3.4q0-0.4 0.4-0.8t0.8-0.4h4.6q0.5 0 0.8 0.4t0.4 0.8z\"\/><\/svg><\/span><\/a><\/li><\/ul><\/div>","protected":false},"excerpt":{"rendered":"<p>So, das war es dann: Der letzte Tag bricht an, der Koffer ist gepackt (wieder 23 kg) und steht bei den Aufz\u00fcgen, und unserer letzter Zwischenstop ist Flor\u00f8 \u2013 eine halbe Stunde zwischen 8 und 8:30 in der Morgensonne. 9 Uhr ist die erste Dealine heute, bis dahin m\u00fcssen die Koffer bereit sein, damit sie [&hellip;]<\/p>\n","protected":false},"author":1,"featured_media":0,"comment_status":"open","ping_status":"open","sticky":false,"template":"","format":"standard","meta":{"footnotes":""},"categories":[430],"tags":[],"class_list":["post-16637","post","type-post","status-publish","format-standard","hentry","category-hurtigrute-2023-grp100"],"_links":{"self":[{"href":"https:\/\/kerste.de\/index.php?rest_route=\/wp\/v2\/posts\/16637","targetHints":{"allow":["GET"]}}],"collection":[{"href":"https:\/\/kerste.de\/index.php?rest_route=\/wp\/v2\/posts"}],"about":[{"href":"https:\/\/kerste.de\/index.php?rest_route=\/wp\/v2\/types\/post"}],"author":[{"embeddable":true,"href":"https:\/\/kerste.de\/index.php?rest_route=\/wp\/v2\/users\/1"}],"replies":[{"embeddable":true,"href":"https:\/\/kerste.de\/index.php?rest_route=%2Fwp%2Fv2%2Fcomments&post=16637"}],"version-history":[{"count":9,"href":"https:\/\/kerste.de\/index.php?rest_route=\/wp\/v2\/posts\/16637\/revisions"}],"predecessor-version":[{"id":16674,"href":"https:\/\/kerste.de\/index.php?rest_route=\/wp\/v2\/posts\/16637\/revisions\/16674"}],"wp:attachment":[{"href":"https:\/\/kerste.de\/index.php?rest_route=%2Fwp%2Fv2%2Fmedia&parent=16637"}],"wp:term":[{"taxonomy":"category","embeddable":true,"href":"https:\/\/kerste.de\/index.php?rest_route=%2Fwp%2Fv2%2Fcategories&post=16637"},{"taxonomy":"post_tag","embeddable":true,"href":"https:\/\/kerste.de\/index.php?rest_route=%2Fwp%2Fv2%2Ftags&post=16637"}],"curies":[{"name":"wp","href":"https:\/\/api.w.org\/{rel}","templated":true}]}}