{"id":16614,"date":"2023-10-04T08:59:19","date_gmt":"2023-10-04T06:59:19","guid":{"rendered":"https:\/\/kerste.de\/?p=16614"},"modified":"2023-10-04T08:59:21","modified_gmt":"2023-10-04T06:59:21","slug":"hurtigrute-tag-11-trondheim","status":"publish","type":"post","link":"https:\/\/kerste.de\/?p=16614","title":{"rendered":"Hurtigrute Tag 11: Trondheim"},"content":{"rendered":"<div class=\"wp-block-image\">\n<figure class=\"alignright size-medium\"><a href=\"https:\/\/kerste.de\/?attachment_id=16607#main\"><img loading=\"lazy\" decoding=\"async\" width=\"300\" height=\"171\" src=\"https:\/\/kerste.de\/wp-content\/uploads\/2023\/10\/20231002-17h-33m-P1146047-300x171.jpg\" alt=\"\" class=\"wp-image-16607\" srcset=\"https:\/\/kerste.de\/wp-content\/uploads\/2023\/10\/20231002-17h-33m-P1146047-300x171.jpg 300w, https:\/\/kerste.de\/wp-content\/uploads\/2023\/10\/20231002-17h-33m-P1146047-1024x585.jpg 1024w, https:\/\/kerste.de\/wp-content\/uploads\/2023\/10\/20231002-17h-33m-P1146047-768x439.jpg 768w, https:\/\/kerste.de\/wp-content\/uploads\/2023\/10\/20231002-17h-33m-P1146047.jpg 1401w\" sizes=\"auto, (max-width: 300px) 100vw, 300px\" \/><\/a><figcaption class=\"wp-element-caption\"><em>Der Tagesplan<\/em><\/figcaption><\/figure>\n<\/div>\n\n\n<p>Es gibt Tage, \u00fcber die gibt es wenig zu erz\u00e4hlen \u2013 die letzten beiden Reisetage geh\u00f6ren dazu. Wir legen fr\u00fchmorgens in Trondheim an, und das ist so ziemlich die letzte Gelegenheit, noch kurz im Rema Leergut abzugeben. F\u00fcr viel mehr reicht die Zeit hier nicht, au\u00dfer man steht extrem fr\u00fch auf. Ob der Ausflug in die geheimen Gem\u00e4cher des Nidaros-Doms stattfindet, wei\u00df ich nicht \u2013 aber wahrscheinlich nicht. Viele G\u00e4ste (auch die Gruppe aus dem Schw\u00e4bischen) verlassen uns hier, daf\u00fcr kommen zwei Gruppen f\u00fcr Konferenzen mit insgesamt 140 Teilnehmern an Bord, die bis Molde bzw. Kristiansund an Bord bleiben. Die angek\u00fcndigte Sch\u00fclergruppe entpuppt sich soweit ich das erkennen kann als Studenten einer Marineschule\/Technischen Hochschule, die die Laptop-Konzentration an Bord deutlich in die H\u00f6he treiben. Am Morgen hat jeder von denen entweder etwas zu Essen oder einen Laptop in der Hand, w\u00e4hrend f\u00fcr die andere Konferenzgruppe ein kleines Buffet vor dem Konferenzraum aufgebaut wird.<\/p>\n\n\n<div class=\"wp-block-image\">\n<figure class=\"alignleft size-medium\"><a href=\"https:\/\/kerste.de\/?attachment_id=16606#main\"><img loading=\"lazy\" decoding=\"async\" width=\"300\" height=\"225\" src=\"https:\/\/kerste.de\/wp-content\/uploads\/2023\/10\/20231003-09h-04m-P1146083-300x225.jpg\" alt=\"\" class=\"wp-image-16606\" srcset=\"https:\/\/kerste.de\/wp-content\/uploads\/2023\/10\/20231003-09h-04m-P1146083-300x225.jpg 300w, https:\/\/kerste.de\/wp-content\/uploads\/2023\/10\/20231003-09h-04m-P1146083-1024x768.jpg 1024w, https:\/\/kerste.de\/wp-content\/uploads\/2023\/10\/20231003-09h-04m-P1146083-768x576.jpg 768w, https:\/\/kerste.de\/wp-content\/uploads\/2023\/10\/20231003-09h-04m-P1146083.jpg 1067w\" sizes=\"auto, (max-width: 300px) 100vw, 300px\" \/><\/a><figcaption class=\"wp-element-caption\"><em>Trondheim<\/em><\/figcaption><\/figure>\n<\/div>\n\n\n<p>In Trondheim herrscht bestes Wetter, die Sonne lacht (uns aus). Das Coastal Experience Team nutzt die Neuank\u00f6mmlinge aus, als wir den Hafen verlassen und der nordgehenden Richard With begegnen: Mit den neuen G\u00e4sten der Marineschule auf Deck 5, die mit Norwegen-F\u00e4hnchen ausgestattet werden, hat die Richard With beim Winkewettbewerb keine Chance. <\/p>\n\n\n\n<p>Der Interessepunkt zu Munkholmen wird auch gleich auf Deck 5 verlegt bzw. auf das letzte Treffen im Konferenzraum sp\u00e4ter. Bei strahlendem Sonnenschein spurte ich nach der Schiffsbegegnung noch auf die andere Seite vom Schiff f\u00fcr ein paar Fotos von Munkholmen, und dann war es das f\u00fcrs erste: Ich gehe in meine Kabine und schaue nach dem kleinen Tourfilm, den ich wieder vorbereite. Und ich frage mich, warum wir so Wetter nicht \u00f6fter h\u00e4tten haben k\u00f6nnen, und vor allem nachts&#8230;<\/p>\n\n\n\n<figure class=\"wp-block-gallery has-nested-images columns-default is-cropped wp-block-gallery-1 is-layout-flex wp-block-gallery-is-layout-flex\">\n<figure class=\"wp-block-image size-large\"><a href=\"https:\/\/kerste.de\/?attachment_id=16605#main\"><img loading=\"lazy\" decoding=\"async\" width=\"1024\" height=\"768\" data-id=\"16605\" src=\"https:\/\/kerste.de\/wp-content\/uploads\/2023\/10\/20231003-08h-49m-P1146077-1024x768.jpg\" alt=\"\" class=\"wp-image-16605\" srcset=\"https:\/\/kerste.de\/wp-content\/uploads\/2023\/10\/20231003-08h-49m-P1146077-1024x768.jpg 1024w, https:\/\/kerste.de\/wp-content\/uploads\/2023\/10\/20231003-08h-49m-P1146077-300x225.jpg 300w, https:\/\/kerste.de\/wp-content\/uploads\/2023\/10\/20231003-08h-49m-P1146077-768x576.jpg 768w, https:\/\/kerste.de\/wp-content\/uploads\/2023\/10\/20231003-08h-49m-P1146077.jpg 1067w\" sizes=\"auto, (max-width: 1024px) 100vw, 1024px\" \/><\/a><\/figure>\n\n\n\n<figure class=\"wp-block-image size-large\"><a href=\"https:\/\/kerste.de\/?attachment_id=16604#main\"><img loading=\"lazy\" decoding=\"async\" width=\"1024\" height=\"768\" data-id=\"16604\" src=\"https:\/\/kerste.de\/wp-content\/uploads\/2023\/10\/20231003-09h-32m-P1146094-1024x768.jpg\" alt=\"\" class=\"wp-image-16604\" srcset=\"https:\/\/kerste.de\/wp-content\/uploads\/2023\/10\/20231003-09h-32m-P1146094-1024x768.jpg 1024w, https:\/\/kerste.de\/wp-content\/uploads\/2023\/10\/20231003-09h-32m-P1146094-300x225.jpg 300w, https:\/\/kerste.de\/wp-content\/uploads\/2023\/10\/20231003-09h-32m-P1146094-768x576.jpg 768w, https:\/\/kerste.de\/wp-content\/uploads\/2023\/10\/20231003-09h-32m-P1146094.jpg 1067w\" sizes=\"auto, (max-width: 1024px) 100vw, 1024px\" \/><\/a><\/figure>\n\n\n\n<figure class=\"wp-block-image size-large\"><a href=\"https:\/\/kerste.de\/?attachment_id=16612#main\"><img loading=\"lazy\" decoding=\"async\" width=\"1024\" height=\"768\" data-id=\"16612\" src=\"https:\/\/kerste.de\/wp-content\/uploads\/2023\/10\/20231003-09h-33m-P1146098-1024x768.jpg\" alt=\"\" class=\"wp-image-16612\" srcset=\"https:\/\/kerste.de\/wp-content\/uploads\/2023\/10\/20231003-09h-33m-P1146098-1024x768.jpg 1024w, https:\/\/kerste.de\/wp-content\/uploads\/2023\/10\/20231003-09h-33m-P1146098-300x225.jpg 300w, https:\/\/kerste.de\/wp-content\/uploads\/2023\/10\/20231003-09h-33m-P1146098-768x576.jpg 768w, https:\/\/kerste.de\/wp-content\/uploads\/2023\/10\/20231003-09h-33m-P1146098.jpg 1067w\" sizes=\"auto, (max-width: 1024px) 100vw, 1024px\" \/><\/a><\/figure>\n\n\n\n<figure class=\"wp-block-image size-large\"><a href=\"https:\/\/kerste.de\/?attachment_id=16611#main\"><img loading=\"lazy\" decoding=\"async\" width=\"1024\" height=\"768\" data-id=\"16611\" src=\"https:\/\/kerste.de\/wp-content\/uploads\/2023\/10\/20231003-09h-35m-P1146107-1024x768.jpg\" alt=\"\" class=\"wp-image-16611\" srcset=\"https:\/\/kerste.de\/wp-content\/uploads\/2023\/10\/20231003-09h-35m-P1146107-1024x768.jpg 1024w, https:\/\/kerste.de\/wp-content\/uploads\/2023\/10\/20231003-09h-35m-P1146107-300x225.jpg 300w, https:\/\/kerste.de\/wp-content\/uploads\/2023\/10\/20231003-09h-35m-P1146107-768x576.jpg 768w, https:\/\/kerste.de\/wp-content\/uploads\/2023\/10\/20231003-09h-35m-P1146107.jpg 1067w\" sizes=\"auto, (max-width: 1024px) 100vw, 1024px\" \/><\/a><\/figure>\n\n\n\n<figure class=\"wp-block-image size-large\"><a href=\"https:\/\/kerste.de\/?attachment_id=16609#main\"><img loading=\"lazy\" decoding=\"async\" width=\"1024\" height=\"768\" data-id=\"16609\" src=\"https:\/\/kerste.de\/wp-content\/uploads\/2023\/10\/20231003-09h-36m-P1146109-1024x768.jpg\" alt=\"\" class=\"wp-image-16609\" srcset=\"https:\/\/kerste.de\/wp-content\/uploads\/2023\/10\/20231003-09h-36m-P1146109-1024x768.jpg 1024w, https:\/\/kerste.de\/wp-content\/uploads\/2023\/10\/20231003-09h-36m-P1146109-300x225.jpg 300w, https:\/\/kerste.de\/wp-content\/uploads\/2023\/10\/20231003-09h-36m-P1146109-768x576.jpg 768w, https:\/\/kerste.de\/wp-content\/uploads\/2023\/10\/20231003-09h-36m-P1146109.jpg 1067w\" sizes=\"auto, (max-width: 1024px) 100vw, 1024px\" \/><\/a><\/figure>\n<figcaption class=\"blocks-gallery-caption wp-element-caption\"><em>Abschied von Trondheim<\/em><\/figcaption><\/figure>\n\n\n\n<p>Auf dem Schiff gibt es derweil den zweiten Vortrag \u00fcber die Polarforschung, mit Roald Amundsen zum S\u00fcdpol, und im Anschluss um 11:15 das letzte Treffen mit dem <s>Expeditions<\/s> Coastal Experience Team: Johan erkl\u00e4rt den Ablauf des letzten Tags und verabschiedet uns schon einmal von Giske: Sie steigt heute schon aus. Normalerweise wechselt die Besatzung frei durch, je nachdem in welchem Hafens ie wohnen \u2013 nur Restaurantchef und Coastal Experience Team wechseln in der Regel nur in Bergen, damit wir immer die selben Ansprechpartner haben. Aber wir sind ja fast da.<\/p>\n\n\n<div class=\"wp-block-image\">\n<figure class=\"alignright size-medium\"><a href=\"https:\/\/kerste.de\/?attachment_id=16618#main\"><img loading=\"lazy\" decoding=\"async\" width=\"300\" height=\"225\" src=\"https:\/\/kerste.de\/wp-content\/uploads\/2023\/10\/20231003-11h-14m-P1146114-300x225.jpg\" alt=\"\" class=\"wp-image-16618\" srcset=\"https:\/\/kerste.de\/wp-content\/uploads\/2023\/10\/20231003-11h-14m-P1146114-300x225.jpg 300w, https:\/\/kerste.de\/wp-content\/uploads\/2023\/10\/20231003-11h-14m-P1146114-1024x768.jpg 1024w, https:\/\/kerste.de\/wp-content\/uploads\/2023\/10\/20231003-11h-14m-P1146114-768x576.jpg 768w, https:\/\/kerste.de\/wp-content\/uploads\/2023\/10\/20231003-11h-14m-P1146114.jpg 1067w\" sizes=\"auto, (max-width: 300px) 100vw, 300px\" \/><\/a><figcaption class=\"wp-element-caption\"><em>Agdenes Fyr<\/em><\/figcaption><\/figure>\n<\/div>\n\n\n<p>Derweil verlassen wir bei immer noch sch\u00f6nem Wetter den Trondheimfjord und haben noch einen Blick auf den 200 Jahre alten Agdenes Fyr an der Fjordm\u00fcndung. Wer will, kann Essen gehen, und um 15 Uhr ist dann unsere Abschiedsveranstaltung: Mein Tourfilm ist fertig und kann im steuerbord-rechten Konferenzraum gezeigt werden, und Peter hat schon mit dem Check-In der G\u00e4ste f\u00fcr das Flugzeug begonnen. Nach dem Film m\u00fcssen wir den Konferenzraum frei machen und geben die \u00fcbrigen Abreiseinformationen im Panoramasalon \u2013 nicht ganz einfach, da wir zwar einen Teil reserviert haben, sich andere Passagiere aber entweder gest\u00f6rt f\u00fchlen oder lautstark unterhalten. Naja.<\/p>\n\n\n\n<p>Bis wir Kristiansund erreichen, sind wir fertig, also ab zu einem letzten Landgang mit einer Stipvisite bei den Statuen der Klippfiskkjerringa, der Klippfischfrau, die das Symbold der Stadt ist und an die Arbeiterinnen der Klippfisch-Industrie erinnert, sowie die des Heringsjungen gegen\u00fcber. Der Ausflug zum Marmorbergwerk Bergtatt startet jetzt ebenfalls \u2013 anders als bei meinem Besuch seinerzeit sogar bei Tageslicht, sodass man etwas von der Atlantikstra\u00dfe sieht.<\/p>\n\n\n\n<figure class=\"wp-block-gallery has-nested-images columns-default is-cropped wp-block-gallery-2 is-layout-flex wp-block-gallery-is-layout-flex\">\n<figure class=\"wp-block-image size-large\"><a href=\"https:\/\/kerste.de\/?attachment_id=16623#main\"><img loading=\"lazy\" decoding=\"async\" width=\"1024\" height=\"768\" data-id=\"16623\" src=\"https:\/\/kerste.de\/wp-content\/uploads\/2023\/10\/20231003-16h-31m-P1146129-1024x768.jpg\" alt=\"\" class=\"wp-image-16623\" srcset=\"https:\/\/kerste.de\/wp-content\/uploads\/2023\/10\/20231003-16h-31m-P1146129-1024x768.jpg 1024w, https:\/\/kerste.de\/wp-content\/uploads\/2023\/10\/20231003-16h-31m-P1146129-300x225.jpg 300w, https:\/\/kerste.de\/wp-content\/uploads\/2023\/10\/20231003-16h-31m-P1146129-768x576.jpg 768w, https:\/\/kerste.de\/wp-content\/uploads\/2023\/10\/20231003-16h-31m-P1146129.jpg 1067w\" sizes=\"auto, (max-width: 1024px) 100vw, 1024px\" \/><\/a><figcaption class=\"wp-element-caption\">Kristiansund<\/figcaption><\/figure>\n\n\n\n<figure class=\"wp-block-image size-large\"><a href=\"https:\/\/kerste.de\/?attachment_id=16628#main\"><img loading=\"lazy\" decoding=\"async\" width=\"1024\" height=\"768\" data-id=\"16628\" src=\"https:\/\/kerste.de\/wp-content\/uploads\/2023\/10\/20231003-16h-50m-P1146143-1024x768.jpg\" alt=\"\" class=\"wp-image-16628\" srcset=\"https:\/\/kerste.de\/wp-content\/uploads\/2023\/10\/20231003-16h-50m-P1146143-1024x768.jpg 1024w, https:\/\/kerste.de\/wp-content\/uploads\/2023\/10\/20231003-16h-50m-P1146143-300x225.jpg 300w, https:\/\/kerste.de\/wp-content\/uploads\/2023\/10\/20231003-16h-50m-P1146143-768x576.jpg 768w, https:\/\/kerste.de\/wp-content\/uploads\/2023\/10\/20231003-16h-50m-P1146143.jpg 1067w\" sizes=\"auto, (max-width: 1024px) 100vw, 1024px\" \/><\/a><figcaption class=\"wp-element-caption\">Klippfiskkjerringa<\/figcaption><\/figure>\n\n\n\n<figure class=\"wp-block-image size-large\"><a href=\"https:\/\/kerste.de\/?attachment_id=16620#main\"><img loading=\"lazy\" decoding=\"async\" width=\"1024\" height=\"768\" data-id=\"16620\" src=\"https:\/\/kerste.de\/wp-content\/uploads\/2023\/10\/20231003-16h-22m-P1146124-1024x768.jpg\" alt=\"\" class=\"wp-image-16620\" srcset=\"https:\/\/kerste.de\/wp-content\/uploads\/2023\/10\/20231003-16h-22m-P1146124-1024x768.jpg 1024w, https:\/\/kerste.de\/wp-content\/uploads\/2023\/10\/20231003-16h-22m-P1146124-300x225.jpg 300w, https:\/\/kerste.de\/wp-content\/uploads\/2023\/10\/20231003-16h-22m-P1146124-768x576.jpg 768w, https:\/\/kerste.de\/wp-content\/uploads\/2023\/10\/20231003-16h-22m-P1146124.jpg 1067w\" sizes=\"auto, (max-width: 1024px) 100vw, 1024px\" \/><\/a><figcaption class=\"wp-element-caption\">Nebensonne<\/figcaption><\/figure>\n<\/figure>\n\n\n\n<p>Dann: Ab aufs Schiff, Ablegen genie\u00dfen und auf zum letzten Abendmahl. Als wir ablegen, zeigt sich rechts der Sonne auch noch eine kleine Nebensonne als bunte Leuchterscheinung \u2013 \u00e4hnlich wie ein Regenbogen, nur an Eiskristallen in der Atmosph\u00e4re. <\/p>\n\n\n\n<p>Beim Abendessen f\u00e4llt meine Wahl auf die Rindshaxe. Derweil wechselt das Wetter drau\u00dfen, f\u00fcr Molde ist Regen angesagt, und die Prognose scheint zu stimmen. Damit verschwindet auch unsere letzte Chance f\u00fcr Polarlicht auf dieser Reise. Der Captain hat auch keine Polarlichtsichtung eingetragen \u2013 jetzt m\u00fcssen wir kl\u00e4ren, wie das mit Polarlichtgarantie funktioniert und ob die bei Gruppenreisen im September greift. Aber heute ist Feiertag in Deutschland (3. Oktober), die Antwort muss dann morgen fr\u00fch kommen.<\/p>\n\n\n<div class=\"wp-block-image\">\n<figure class=\"alignright size-medium\"><a href=\"https:\/\/kerste.de\/?attachment_id=16631#main\"><img loading=\"lazy\" decoding=\"async\" width=\"300\" height=\"225\" src=\"https:\/\/kerste.de\/wp-content\/uploads\/2023\/10\/20231003-21h-03m-P1146163-300x225.jpg\" alt=\"\" class=\"wp-image-16631\" srcset=\"https:\/\/kerste.de\/wp-content\/uploads\/2023\/10\/20231003-21h-03m-P1146163-300x225.jpg 300w, https:\/\/kerste.de\/wp-content\/uploads\/2023\/10\/20231003-21h-03m-P1146163-1024x768.jpg 1024w, https:\/\/kerste.de\/wp-content\/uploads\/2023\/10\/20231003-21h-03m-P1146163-768x576.jpg 768w, https:\/\/kerste.de\/wp-content\/uploads\/2023\/10\/20231003-21h-03m-P1146163.jpg 1067w\" sizes=\"auto, (max-width: 300px) 100vw, 300px\" \/><\/a><figcaption class=\"wp-element-caption\"><em>Molde<\/em><\/figcaption><\/figure>\n<\/div>\n\n\n<p>Die Fahrt nach Molde verl\u00e4uft dann in finsterer Nacht, aber die Hustavika ist friedlich und schaukelt kaum. Von der Erdgasanlage &#8220;Ormen Lange&#8221; sehe ich heute nichts. Normalerweise ist sie hell beleuchtet, aber vielleicht besch\u00e4ftigt mich mein Blog zu sehr&#8230; Ein Blick nach drau\u00dfen, es nieselt, ich mache ein paar Bilder von Molde und gehe wieder rein.<\/p>\n\n\n\n<p>Und dann bimmelt das Handy, eine Whatsapp mit Polarlichtbildern von der Gangway, falls die wer brauchen kann. Panik! Ist das <em>jetzt?<\/em> Ich war vor 5 Minuten drau\u00dfen und stand im Nieselregen&#8230; Aber nein, das Foto ist von Freitag und nicht aktuell. Also keine Panik, ich habe nichts \u00fcbersehen. Schade eigentlich, aber hier ist aktuell ohnehin keine gro\u00dfe Show zu erwarten. <\/p>\n\n\n\n<p>So langsam muss man aber auch ans Kofferpacken denken \u2013 bis morgen fr\u00fch um 9 sollten die Koffer bei den Aufz\u00fcgen stehen, damit man sie nach dem Anlegen des Schiffs in Bergen im Terminal abholen und zum Bus bringen kann. In diesem Sinne: Gute Nacht!<\/p>\n<div class=\"shariff shariff-align-left shariff-widget-align-left\"><ul class=\"shariff-buttons theme-white orientation-horizontal buttonsize-small\"><li class=\"shariff-button twitter shariff-nocustomcolor\" style=\"background-color:#595959\"><a href=\"https:\/\/twitter.com\/share?url=https%3A%2F%2Fkerste.de%2F%3Fp%3D16614&text=Hurtigrute%20Tag%2011%3A%20Trondheim\" title=\"Bei X teilen\" aria-label=\"Bei X teilen\" role=\"button\" rel=\"noopener nofollow\" class=\"shariff-link\" style=\"; background-color:#000; color:#000\" target=\"_blank\"><span class=\"shariff-icon\" style=\"fill:#000\"><svg width=\"32px\" height=\"20px\" xmlns=\"http:\/\/www.w3.org\/2000\/svg\" viewBox=\"0 0 24 24\"><path fill=\"#000\" d=\"M14.258 10.152L23.176 0h-2.113l-7.747 8.813L7.133 0H0l9.352 13.328L0 23.973h2.113l8.176-9.309 6.531 9.309h7.133zm-2.895 3.293l-.949-1.328L2.875 1.56h3.246l6.086 8.523.945 1.328 7.91 11.078h-3.246zm0 0\"\/><\/svg><\/span><span class=\"shariff-text\" style=\"color:#000\">teilen<\/span>&nbsp;<\/a><\/li><li class=\"shariff-button facebook shariff-nocustomcolor\" style=\"background-color:#4273c8\"><a href=\"https:\/\/www.facebook.com\/sharer\/sharer.php?u=https%3A%2F%2Fkerste.de%2F%3Fp%3D16614\" title=\"Bei Facebook teilen\" aria-label=\"Bei Facebook teilen\" role=\"button\" rel=\"nofollow\" class=\"shariff-link\" style=\"; background-color:#3b5998; color:#3b5998\" target=\"_blank\"><span class=\"shariff-icon\" style=\"fill:#3b5998\"><svg width=\"32px\" height=\"20px\" xmlns=\"http:\/\/www.w3.org\/2000\/svg\" viewBox=\"0 0 18 32\"><path fill=\"#3b5998\" d=\"M17.1 0.2v4.7h-2.8q-1.5 0-2.1 0.6t-0.5 1.9v3.4h5.2l-0.7 5.3h-4.5v13.6h-5.5v-13.6h-4.5v-5.3h4.5v-3.9q0-3.3 1.9-5.2t5-1.8q2.6 0 4.1 0.2z\"\/><\/svg><\/span><span class=\"shariff-text\" style=\"color:#3b5998\">teilen<\/span>&nbsp;<\/a><\/li><li class=\"shariff-button tumblr shariff-nocustomcolor\" style=\"background-color:#529ecc\"><a href=\"https:\/\/www.tumblr.com\/widgets\/share\/tool?posttype=link&canonicalUrl=https%3A%2F%2Fkerste.de%2F%3Fp%3D16614&tags=kerste.de\" title=\"Bei tumblr teilen\" aria-label=\"Bei tumblr teilen\" role=\"button\" rel=\"noopener nofollow\" class=\"shariff-link\" style=\"; background-color:#36465d; color:#36465d\" target=\"_blank\"><span class=\"shariff-icon\" style=\"fill:#36465d\"><svg width=\"32px\" height=\"20px\" xmlns=\"http:\/\/www.w3.org\/2000\/svg\" viewBox=\"0 0 32 32\"><path fill=\"#36465d\" d=\"M18 14l0 7.3c0 1.9 0 2.9 0.2 3.5 0.2 0.5 0.7 1.1 1.2 1.4 0.7 0.4 1.5 0.6 2.4 0.6 1.6 0 2.6-0.2 4.2-1.3v4.8c-1.4 0.6-2.6 1-3.7 1.3-1.1 0.3-2.3 0.4-3.6 0.4-1.5 0-2.3-0.2-3.4-0.6-1.1-0.4-2.1-0.9-2.9-1.6-0.8-0.7-1.3-1.4-1.7-2.2s-0.5-1.9-0.5-3.4v-11.2h-4.3v-4.5c1.3-0.4 2.7-1 3.6-1.8 0.9-0.8 1.6-1.7 2.2-2.7 0.5-1.1 0.9-2.4 1.1-4.1h5.2l0 8h8v6h-8z\"\/><\/svg><\/span><span class=\"shariff-text\" style=\"color:#36465d\">teilen<\/span>&nbsp;<\/a><\/li><li class=\"shariff-button info shariff-nocustomcolor\" style=\"background-color:#a8a8a8\"><a href=\"http:\/\/ct.de\/-2467514\" title=\"Weitere Informationen\" aria-label=\"Weitere Informationen\" role=\"button\" rel=\"noopener \" class=\"shariff-link\" style=\"; background-color:#999; color:#999\" target=\"_blank\"><span class=\"shariff-icon\" style=\"fill:#999\"><svg width=\"32px\" height=\"20px\" xmlns=\"http:\/\/www.w3.org\/2000\/svg\" viewBox=\"0 0 11 32\"><path fill=\"#999\" d=\"M11.4 24v2.3q0 0.5-0.3 0.8t-0.8 0.4h-9.1q-0.5 0-0.8-0.4t-0.4-0.8v-2.3q0-0.5 0.4-0.8t0.8-0.4h1.1v-6.8h-1.1q-0.5 0-0.8-0.4t-0.4-0.8v-2.3q0-0.5 0.4-0.8t0.8-0.4h6.8q0.5 0 0.8 0.4t0.4 0.8v10.3h1.1q0.5 0 0.8 0.4t0.3 0.8zM9.2 3.4v3.4q0 0.5-0.4 0.8t-0.8 0.4h-4.6q-0.4 0-0.8-0.4t-0.4-0.8v-3.4q0-0.4 0.4-0.8t0.8-0.4h4.6q0.5 0 0.8 0.4t0.4 0.8z\"\/><\/svg><\/span><\/a><\/li><\/ul><\/div>","protected":false},"excerpt":{"rendered":"<p>Es gibt Tage, \u00fcber die gibt es wenig zu erz\u00e4hlen \u2013 die letzten beiden Reisetage geh\u00f6ren dazu. Wir legen fr\u00fchmorgens in Trondheim an, und das ist so ziemlich die letzte Gelegenheit, noch kurz im Rema Leergut abzugeben. F\u00fcr viel mehr reicht die Zeit hier nicht, au\u00dfer man steht extrem fr\u00fch auf. Ob der Ausflug in [&hellip;]<\/p>\n","protected":false},"author":1,"featured_media":0,"comment_status":"open","ping_status":"open","sticky":false,"template":"","format":"standard","meta":{"footnotes":""},"categories":[430],"tags":[],"class_list":["post-16614","post","type-post","status-publish","format-standard","hentry","category-hurtigrute-2023-grp100"],"_links":{"self":[{"href":"https:\/\/kerste.de\/index.php?rest_route=\/wp\/v2\/posts\/16614","targetHints":{"allow":["GET"]}}],"collection":[{"href":"https:\/\/kerste.de\/index.php?rest_route=\/wp\/v2\/posts"}],"about":[{"href":"https:\/\/kerste.de\/index.php?rest_route=\/wp\/v2\/types\/post"}],"author":[{"embeddable":true,"href":"https:\/\/kerste.de\/index.php?rest_route=\/wp\/v2\/users\/1"}],"replies":[{"embeddable":true,"href":"https:\/\/kerste.de\/index.php?rest_route=%2Fwp%2Fv2%2Fcomments&post=16614"}],"version-history":[{"count":6,"href":"https:\/\/kerste.de\/index.php?rest_route=\/wp\/v2\/posts\/16614\/revisions"}],"predecessor-version":[{"id":16636,"href":"https:\/\/kerste.de\/index.php?rest_route=\/wp\/v2\/posts\/16614\/revisions\/16636"}],"wp:attachment":[{"href":"https:\/\/kerste.de\/index.php?rest_route=%2Fwp%2Fv2%2Fmedia&parent=16614"}],"wp:term":[{"taxonomy":"category","embeddable":true,"href":"https:\/\/kerste.de\/index.php?rest_route=%2Fwp%2Fv2%2Fcategories&post=16614"},{"taxonomy":"post_tag","embeddable":true,"href":"https:\/\/kerste.de\/index.php?rest_route=%2Fwp%2Fv2%2Ftags&post=16614"}],"curies":[{"name":"wp","href":"https:\/\/api.w.org\/{rel}","templated":true}]}}