{"id":13667,"date":"2021-12-12T22:28:23","date_gmt":"2021-12-12T21:28:23","guid":{"rendered":"https:\/\/kerste.de\/?p=13667"},"modified":"2021-12-12T22:28:26","modified_gmt":"2021-12-12T21:28:26","slug":"hurtigrute-tag-11-suedlich-von-trondheim","status":"publish","type":"post","link":"https:\/\/kerste.de\/?p=13667","title":{"rendered":"Hurtigrute Tag 11: S\u00fcdlich von Trondheim"},"content":{"rendered":"\n<div class=\"wp-block-image\"><figure class=\"alignright size-medium\"><a href=\"https:\/\/kerste.de\/?attachment_id=13649#main\"><img loading=\"lazy\" decoding=\"async\" width=\"300\" height=\"225\" src=\"https:\/\/kerste.de\/wp-content\/uploads\/2021\/12\/20211212-08h-54m-IMG_8558-300x225.jpg\" alt=\"\" class=\"wp-image-13649\" srcset=\"https:\/\/kerste.de\/wp-content\/uploads\/2021\/12\/20211212-08h-54m-IMG_8558-300x225.jpg 300w, https:\/\/kerste.de\/wp-content\/uploads\/2021\/12\/20211212-08h-54m-IMG_8558-768x576.jpg 768w, https:\/\/kerste.de\/wp-content\/uploads\/2021\/12\/20211212-08h-54m-IMG_8558.jpg 1024w\" sizes=\"auto, (max-width: 300px) 100vw, 300px\" \/><\/a><figcaption><em>Trondheim am Morgen<\/em><\/figcaption><\/figure><\/div>\n\n\n\n<p>\u00dcber Tag 11 der Reise gibt es nicht viel zu berichten \u2013 au\u00dfer vielleicht, dass Tag 11 der vorletzte unserer 11-t\u00e4gigen Seereise ist. Die dreieinhalb Stunden am ersten Abend in Bergen zwischen dem Ablegen um 20:30 und Mitternacht z\u00e4hlen als erster Tag des Tagesprogramms; die 11 Tage Reisedauer beginnen also jeweils um 20:30 \u2013 und da wir am letzten Tag gegen 14:45 Bergen erreichen, vergehen somit nur 11 Reisetage. <\/p>\n\n\n\n<p>Viel passiert heute aber nicht. In Trondheim g\u00e4be es f\u00fcr Fr\u00fchaufsteher die M\u00f6glichkeit zu einer Stadtrundfahrt, aber um 7:20 bin ich nicht in Ausflugsstimmung. Von den drei Stunden Aufenthalt bleibt somit nicht genug \u00fcbrig, um einmal in die Stadt zu gehen, also gibt es Fr\u00fchst\u00fcck und ein paar Bilder von Deck, w\u00e4hrend die D\u00e4mmerung langsam einsetzt. <\/p>\n\n\n\n<p>Wir legen kurz nach halb zehn ab, w\u00e4hrend die Richard With schon vor Trondheim rumd\u00fcmpelt und darauf wartet, dass wir den Anleger frei machen.<\/p>\n\n\n\n<figure class=\"wp-block-gallery columns-3 is-cropped wp-block-gallery-1 is-layout-flex wp-block-gallery-is-layout-flex\"><ul class=\"blocks-gallery-grid\"><li class=\"blocks-gallery-item\"><figure><a href=\"https:\/\/kerste.de\/?attachment_id=13651#main\"><img loading=\"lazy\" decoding=\"async\" width=\"1024\" height=\"769\" src=\"https:\/\/kerste.de\/wp-content\/uploads\/2021\/12\/20211212-09h-34m-P1360441.jpg\" alt=\"\" data-id=\"13651\" data-full-url=\"https:\/\/kerste.de\/wp-content\/uploads\/2021\/12\/20211212-09h-34m-P1360441.jpg\" data-link=\"https:\/\/kerste.de\/?attachment_id=13651#main\" class=\"wp-image-13651\" srcset=\"https:\/\/kerste.de\/wp-content\/uploads\/2021\/12\/20211212-09h-34m-P1360441.jpg 1024w, https:\/\/kerste.de\/wp-content\/uploads\/2021\/12\/20211212-09h-34m-P1360441-300x225.jpg 300w, https:\/\/kerste.de\/wp-content\/uploads\/2021\/12\/20211212-09h-34m-P1360441-768x577.jpg 768w\" sizes=\"auto, (max-width: 1024px) 100vw, 1024px\" \/><\/a><figcaption class=\"blocks-gallery-item__caption\">Richard With vor Munkholmen<\/figcaption><\/figure><\/li><li class=\"blocks-gallery-item\"><figure><a href=\"https:\/\/kerste.de\/?attachment_id=13652#main\"><img loading=\"lazy\" decoding=\"async\" width=\"1024\" height=\"769\" src=\"https:\/\/kerste.de\/wp-content\/uploads\/2021\/12\/20211212-09h-34m-P1360442.jpg\" alt=\"\" data-id=\"13652\" data-full-url=\"https:\/\/kerste.de\/wp-content\/uploads\/2021\/12\/20211212-09h-34m-P1360442.jpg\" data-link=\"https:\/\/kerste.de\/?attachment_id=13652#main\" class=\"wp-image-13652\" srcset=\"https:\/\/kerste.de\/wp-content\/uploads\/2021\/12\/20211212-09h-34m-P1360442.jpg 1024w, https:\/\/kerste.de\/wp-content\/uploads\/2021\/12\/20211212-09h-34m-P1360442-300x225.jpg 300w, https:\/\/kerste.de\/wp-content\/uploads\/2021\/12\/20211212-09h-34m-P1360442-768x577.jpg 768w\" sizes=\"auto, (max-width: 1024px) 100vw, 1024px\" \/><\/a><\/figure><\/li><li class=\"blocks-gallery-item\"><figure><a href=\"https:\/\/kerste.de\/?attachment_id=13653#main\"><img loading=\"lazy\" decoding=\"async\" width=\"1024\" height=\"769\" src=\"https:\/\/kerste.de\/wp-content\/uploads\/2021\/12\/20211212-09h-36m-P1360454.jpg\" alt=\"\" data-id=\"13653\" data-full-url=\"https:\/\/kerste.de\/wp-content\/uploads\/2021\/12\/20211212-09h-36m-P1360454.jpg\" data-link=\"https:\/\/kerste.de\/?attachment_id=13653#main\" class=\"wp-image-13653\" srcset=\"https:\/\/kerste.de\/wp-content\/uploads\/2021\/12\/20211212-09h-36m-P1360454.jpg 1024w, https:\/\/kerste.de\/wp-content\/uploads\/2021\/12\/20211212-09h-36m-P1360454-300x225.jpg 300w, https:\/\/kerste.de\/wp-content\/uploads\/2021\/12\/20211212-09h-36m-P1360454-768x577.jpg 768w\" sizes=\"auto, (max-width: 1024px) 100vw, 1024px\" \/><\/a><\/figure><\/li><\/ul><\/figure>\n\n\n\n<p>Nachdem wir den Anleger verlassen haben, geben wir nicht etwa Gas, sondern werden langsamer: Eine kleine Sicherheits\u00fcbung kostet uns eine halbe Stunde. Eigentlich wird sowas ja in \u00c5lesund oder Honningsv\u00e5g gemacht, wo das Schiff einige Stunden im Hafen liegt; heute wird in Sichtweite von Trondheim ein Beiboot zu Wasser gelassen, dreht einige Runden ums Schiff und wird dann wieder hochgeholt. Wir witzeln, ob da noch jemand was aus Trondheim braucht, oder ob f\u00fcr die st\u00fcrmische Fahrt nach Bergen ge\u00fcbt wird&#8230;<\/p>\n\n\n\n<figure class=\"wp-block-gallery columns-3 is-cropped wp-block-gallery-2 is-layout-flex wp-block-gallery-is-layout-flex\"><ul class=\"blocks-gallery-grid\"><li class=\"blocks-gallery-item\"><figure><a href=\"https:\/\/kerste.de\/?attachment_id=13654#main\"><img loading=\"lazy\" decoding=\"async\" width=\"1024\" height=\"769\" src=\"https:\/\/kerste.de\/wp-content\/uploads\/2021\/12\/20211212-09h-43m-P1360473.jpg\" alt=\"\" data-id=\"13654\" data-full-url=\"https:\/\/kerste.de\/wp-content\/uploads\/2021\/12\/20211212-09h-43m-P1360473.jpg\" data-link=\"https:\/\/kerste.de\/?attachment_id=13654#main\" class=\"wp-image-13654\" srcset=\"https:\/\/kerste.de\/wp-content\/uploads\/2021\/12\/20211212-09h-43m-P1360473.jpg 1024w, https:\/\/kerste.de\/wp-content\/uploads\/2021\/12\/20211212-09h-43m-P1360473-300x225.jpg 300w, https:\/\/kerste.de\/wp-content\/uploads\/2021\/12\/20211212-09h-43m-P1360473-768x577.jpg 768w\" sizes=\"auto, (max-width: 1024px) 100vw, 1024px\" \/><\/a><\/figure><\/li><li class=\"blocks-gallery-item\"><figure><a href=\"https:\/\/kerste.de\/?attachment_id=13655#main\"><img loading=\"lazy\" decoding=\"async\" width=\"1024\" height=\"769\" src=\"https:\/\/kerste.de\/wp-content\/uploads\/2021\/12\/20211212-09h-45m-P1360474.jpg\" alt=\"\" data-id=\"13655\" data-full-url=\"https:\/\/kerste.de\/wp-content\/uploads\/2021\/12\/20211212-09h-45m-P1360474.jpg\" data-link=\"https:\/\/kerste.de\/?attachment_id=13655#main\" class=\"wp-image-13655\" srcset=\"https:\/\/kerste.de\/wp-content\/uploads\/2021\/12\/20211212-09h-45m-P1360474.jpg 1024w, https:\/\/kerste.de\/wp-content\/uploads\/2021\/12\/20211212-09h-45m-P1360474-300x225.jpg 300w, https:\/\/kerste.de\/wp-content\/uploads\/2021\/12\/20211212-09h-45m-P1360474-768x577.jpg 768w\" sizes=\"auto, (max-width: 1024px) 100vw, 1024px\" \/><\/a><\/figure><\/li><li class=\"blocks-gallery-item\"><figure><a href=\"https:\/\/kerste.de\/?attachment_id=13656#main\"><img loading=\"lazy\" decoding=\"async\" width=\"1024\" height=\"769\" src=\"https:\/\/kerste.de\/wp-content\/uploads\/2021\/12\/20211212-09h-47m-P1360479.jpg\" alt=\"\" data-id=\"13656\" data-full-url=\"https:\/\/kerste.de\/wp-content\/uploads\/2021\/12\/20211212-09h-47m-P1360479.jpg\" data-link=\"https:\/\/kerste.de\/?attachment_id=13656#main\" class=\"wp-image-13656\" srcset=\"https:\/\/kerste.de\/wp-content\/uploads\/2021\/12\/20211212-09h-47m-P1360479.jpg 1024w, https:\/\/kerste.de\/wp-content\/uploads\/2021\/12\/20211212-09h-47m-P1360479-300x225.jpg 300w, https:\/\/kerste.de\/wp-content\/uploads\/2021\/12\/20211212-09h-47m-P1360479-768x577.jpg 768w\" sizes=\"auto, (max-width: 1024px) 100vw, 1024px\" \/><\/a><\/figure><\/li><\/ul><figcaption class=\"blocks-gallery-caption\"><em>Boot \u00fcber Bord<\/em> \u2013 <em>Rettungs\u00fcbung<\/em><\/figcaption><\/figure>\n\n\n\n<div class=\"wp-block-image\"><figure class=\"alignright size-medium\"><a href=\"https:\/\/kerste.de\/?attachment_id=13659#main\"><img loading=\"lazy\" decoding=\"async\" width=\"300\" height=\"225\" src=\"https:\/\/kerste.de\/wp-content\/uploads\/2021\/12\/20211212-14h-31m-IMG_8582-300x225.jpg\" alt=\"\" class=\"wp-image-13659\" srcset=\"https:\/\/kerste.de\/wp-content\/uploads\/2021\/12\/20211212-14h-31m-IMG_8582-300x225.jpg 300w, https:\/\/kerste.de\/wp-content\/uploads\/2021\/12\/20211212-14h-31m-IMG_8582-768x576.jpg 768w, https:\/\/kerste.de\/wp-content\/uploads\/2021\/12\/20211212-14h-31m-IMG_8582.jpg 1024w\" sizes=\"auto, (max-width: 300px) 100vw, 300px\" \/><\/a><figcaption><em>Norwegen unter Wolken<\/em><\/figcaption><\/figure><\/div>\n\n\n\n<p>Anschlie\u00dfend beginnt ein weitestgehend ereignisloser Tag. Wir tuckern durch den Trondheimfjord und das Wetter wird schmuddelig: Zu den Wolken gesellt sich gelegentlich etwas Regen. Ansonsten ist die See noch ruhig, nach Mittag macht sich etwas Seegang bemerkbar.<\/p>\n\n\n\n<p>An Bord gibt es um 10 Uhr einen Vortrag vom Schiff, dann Mittagessen (Altnordischer Pilzeintopf mit Kartoffelbrei) und das letzte Treffen mit dem Expeditionsteam. Onkel Heinz warnt vor bis zu vier Meter hohen Wellen, die uns heute Abend und morgen erwarten \u2013 einige G\u00e4ste \u00fcberlegen sich, die Hustadvika auszulassen und mit dem Ausflug ins Marmorbergwerk \u00fcber Land nach Molde zu fahren. Seegang sind wir auf der Tour ja praktisch noch gar nicht begegnet. Morgen k\u00f6nnte es interessant werden&#8230;<\/p>\n\n\n\n<div class=\"wp-block-image\"><figure class=\"alignleft size-medium\"><a href=\"https:\/\/kerste.de\/?attachment_id=13663#main\"><img loading=\"lazy\" decoding=\"async\" width=\"300\" height=\"225\" src=\"https:\/\/kerste.de\/wp-content\/uploads\/2021\/12\/20211212-17h-37m-IMG_8592-300x225.jpg\" alt=\"\" class=\"wp-image-13663\" srcset=\"https:\/\/kerste.de\/wp-content\/uploads\/2021\/12\/20211212-17h-37m-IMG_8592-300x225.jpg 300w, https:\/\/kerste.de\/wp-content\/uploads\/2021\/12\/20211212-17h-37m-IMG_8592-768x576.jpg 768w, https:\/\/kerste.de\/wp-content\/uploads\/2021\/12\/20211212-17h-37m-IMG_8592.jpg 1024w\" sizes=\"auto, (max-width: 300px) 100vw, 300px\" \/><\/a><figcaption><em>Neue M\u00fclleimer<\/em><\/figcaption><\/figure><\/div>\n\n\n\n<p>An Bord gibt es sonst wenig neues. In Trondheim kamen lange Kartons an Bord, in denen neue M\u00fclleimer steckten \u2013 langsam wird das Schiff durchrenoviert und die alten Eimer ersetzt. Neu im M\u00fclltrennungssystem sind Essensreste; gebrauchte Masken haben weiterhin eine eigene Tonne.<\/p>\n\n\n\n<p>Um 14:45 nutzt Margit die freie Zeit f\u00fcr einen abwechslungsreichen Vortrag \u00fcber norwegische Weihnachtsbr\u00e4uche, und das war es dann auch fast schon f\u00fcr heute. Die Zeit bis Kristiansund vergeht mit Gespr\u00e4chen, und trotz der Rettungs\u00fcbung kommen wir nur etwas versp\u00e4tet an \u2013 das Schiff hat doch tats\u00e4chlich etwas Zeit aufgeholt. F\u00fcr einen kleinen Spaziergang durch den Ort, an dem uns die Bergwerks-Ausfl\u00fcgler verlassen, ist die Zeit trotzdem etwas knapp \u2013 schlie\u00dflich will der Vortragsraum noch aufger\u00e4umt werden.<\/p>\n\n\n\n<figure class=\"wp-block-gallery columns-3 is-cropped wp-block-gallery-3 is-layout-flex wp-block-gallery-is-layout-flex\"><ul class=\"blocks-gallery-grid\"><li class=\"blocks-gallery-item\"><figure><a href=\"https:\/\/kerste.de\/?attachment_id=13660#main\"><img loading=\"lazy\" decoding=\"async\" width=\"1024\" height=\"769\" src=\"https:\/\/kerste.de\/wp-content\/uploads\/2021\/12\/20211212-17h-19m-P1360494.jpg\" alt=\"\" data-id=\"13660\" data-full-url=\"https:\/\/kerste.de\/wp-content\/uploads\/2021\/12\/20211212-17h-19m-P1360494.jpg\" data-link=\"https:\/\/kerste.de\/?attachment_id=13660#main\" class=\"wp-image-13660\" srcset=\"https:\/\/kerste.de\/wp-content\/uploads\/2021\/12\/20211212-17h-19m-P1360494.jpg 1024w, https:\/\/kerste.de\/wp-content\/uploads\/2021\/12\/20211212-17h-19m-P1360494-300x225.jpg 300w, https:\/\/kerste.de\/wp-content\/uploads\/2021\/12\/20211212-17h-19m-P1360494-768x577.jpg 768w\" sizes=\"auto, (max-width: 1024px) 100vw, 1024px\" \/><\/a><\/figure><\/li><li class=\"blocks-gallery-item\"><figure><a href=\"https:\/\/kerste.de\/?attachment_id=13661#main\"><img loading=\"lazy\" decoding=\"async\" width=\"1024\" height=\"769\" src=\"https:\/\/kerste.de\/wp-content\/uploads\/2021\/12\/20211212-17h-20m-P1360497.jpg\" alt=\"\" data-id=\"13661\" data-full-url=\"https:\/\/kerste.de\/wp-content\/uploads\/2021\/12\/20211212-17h-20m-P1360497.jpg\" data-link=\"https:\/\/kerste.de\/?attachment_id=13661#main\" class=\"wp-image-13661\" srcset=\"https:\/\/kerste.de\/wp-content\/uploads\/2021\/12\/20211212-17h-20m-P1360497.jpg 1024w, https:\/\/kerste.de\/wp-content\/uploads\/2021\/12\/20211212-17h-20m-P1360497-300x225.jpg 300w, https:\/\/kerste.de\/wp-content\/uploads\/2021\/12\/20211212-17h-20m-P1360497-768x577.jpg 768w\" sizes=\"auto, (max-width: 1024px) 100vw, 1024px\" \/><\/a><\/figure><\/li><li class=\"blocks-gallery-item\"><figure><a href=\"https:\/\/kerste.de\/?attachment_id=13662#main\"><img loading=\"lazy\" decoding=\"async\" width=\"1024\" height=\"769\" src=\"https:\/\/kerste.de\/wp-content\/uploads\/2021\/12\/20211212-17h-25m-P1360512.jpg\" alt=\"\" data-id=\"13662\" data-full-url=\"https:\/\/kerste.de\/wp-content\/uploads\/2021\/12\/20211212-17h-25m-P1360512.jpg\" data-link=\"https:\/\/kerste.de\/?attachment_id=13662#main\" class=\"wp-image-13662\" srcset=\"https:\/\/kerste.de\/wp-content\/uploads\/2021\/12\/20211212-17h-25m-P1360512.jpg 1024w, https:\/\/kerste.de\/wp-content\/uploads\/2021\/12\/20211212-17h-25m-P1360512-300x225.jpg 300w, https:\/\/kerste.de\/wp-content\/uploads\/2021\/12\/20211212-17h-25m-P1360512-768x577.jpg 768w\" sizes=\"auto, (max-width: 1024px) 100vw, 1024px\" \/><\/a><\/figure><\/li><\/ul><figcaption class=\"blocks-gallery-caption\"><em>Kristiansund<\/em><\/figcaption><\/figure>\n\n\n\n<p>Aber immerhin lockert die Wolkendecke in Kristiansund auf, und der Halbmond bietet einen netten Anblick \u00fcber dem n\u00e4chtlichen \u00d6rtchen.<\/p>\n\n\n\n<div class=\"wp-block-image\"><figure class=\"alignright size-medium\"><a href=\"https:\/\/kerste.de\/?attachment_id=13664#main\"><img loading=\"lazy\" decoding=\"async\" width=\"225\" height=\"300\" src=\"https:\/\/kerste.de\/wp-content\/uploads\/2021\/12\/20211212-19h-11m-IMG_8601-225x300.jpg\" alt=\"\" class=\"wp-image-13664\" srcset=\"https:\/\/kerste.de\/wp-content\/uploads\/2021\/12\/20211212-19h-11m-IMG_8601-225x300.jpg 225w, https:\/\/kerste.de\/wp-content\/uploads\/2021\/12\/20211212-19h-11m-IMG_8601.jpg 768w\" sizes=\"auto, (max-width: 225px) 100vw, 225px\" \/><\/a><figcaption><em>Auf der Hustadvika<\/em><\/figcaption><\/figure><\/div>\n\n\n\n<p>Danach geht es auf die Hustadvika \u2013 im letzten August war die Kong Harald hier mit Motorproblemen einige Stunden in Seenot geraten, diesmal geht alles gut \u2013 auch wenn der etwas st\u00e4rkere Seegang einige \u00fcberredet, zu Reisetabletten zu greifen. Von bis zu drei Meter hohen Wellen ist aber nicht viel zu sehen: Die See wirkt ruhig, nur wenn man am Schiff entlang schaut sieht man, dass das Heck sich doch sichtbar hebt und senkt.<\/p>\n\n\n\n<p>Gegen 20 Uhr passieren wir Bud und biegen in gesch\u00fctzteres Fahrwasser ab. Die Lichter eines Gasterminals bei Aukra zeigen, dass die Fahrt nun erst einmal ruhiger wird. Molde erreichen wir ziemlich p\u00fcnktlich, der Bus mit den Ausfl\u00fcglern erreicht auch gerade den Kai, als wir anlegen.<\/p>\n\n\n\n<div class=\"wp-block-image\"><figure class=\"alignleft size-medium\"><a href=\"https:\/\/kerste.de\/?attachment_id=13673#main\"><img loading=\"lazy\" decoding=\"async\" width=\"300\" height=\"225\" src=\"https:\/\/kerste.de\/wp-content\/uploads\/2021\/12\/20211212-21h-21m-P1360517-300x225.jpg\" alt=\"\" class=\"wp-image-13673\" srcset=\"https:\/\/kerste.de\/wp-content\/uploads\/2021\/12\/20211212-21h-21m-P1360517-300x225.jpg 300w, https:\/\/kerste.de\/wp-content\/uploads\/2021\/12\/20211212-21h-21m-P1360517-768x577.jpg 768w, https:\/\/kerste.de\/wp-content\/uploads\/2021\/12\/20211212-21h-21m-P1360517.jpg 1024w\" sizes=\"auto, (max-width: 300px) 100vw, 300px\" \/><\/a><figcaption><em>Molde<\/em><\/figcaption><\/figure><\/div>\n\n\n\n<p>Und damit beginnt unsere letzte Nacht an Bord so richtig. Die n\u00e4chsten H\u00e4fen \u2013 \u00c5lesund um halb eins, Torvik um halb drei und M\u00e5loy um halb sechs \u2013 sind weitestgehend uninteressant. Wenn es heller w\u00e4re, w\u00e4re M\u00e5l\u00f8y interessant: Dort begegnen wir der nordgehenden Havila Capella, die nun endlich auf ihre Jungfernfahrt geht. Aber f\u00fcr ein Treffen in der Finsternis stehe ich nicht um die Zeit auf. <\/p>\n\n\n\n<p>Zwischen Torvik und M\u00e5l\u00f8y liegt auch die Stad-Halbinsel mit dem Vestkapp (eigentlich die Halbinsel Kjerringa) und einem \u00d6rtchen namens Honningsv\u00e5gen \u2013 fast wie am Nordkapp. Da k\u00f6nnte es st\u00fcrmisch werden \u2013 nicht umsonst wurde jetzt der Bau eines Schiffstunnels beschlossen, um die Halbinsel Stad nicht mehr umrunden zu m\u00fcssen. Mehrere Meeresstr\u00f6mungen kreuzen sich dort, und uns erwartet ordentlicher Gegenwinf.<\/p>\n\n\n\n<p>Ein Highlight gibt&#8217;s am Abend noch: Wir begegnen der nordgehenden Nordnorge. Allerdings ohne Ansage, daher schaue ich ihr nur aus dem Multe zu. Irgendwie scheint sie eine neue Hupe zu haben&#8230;<\/p>\n\n\n\n<p>Im gro\u00dfen Ganzen war&#8217;s das f\u00fcr die heute. Noch ein paar Bilder tauschen, und dann gehen die meisten ins Bett, bevor wir wieder offene See erreichen. In diesem Sinne schon einmal: Gute Nacht.<\/p>\n<div class=\"shariff shariff-align-left shariff-widget-align-left\"><ul class=\"shariff-buttons theme-white orientation-horizontal buttonsize-small\"><li class=\"shariff-button twitter shariff-nocustomcolor\" style=\"background-color:#595959\"><a href=\"https:\/\/twitter.com\/share?url=https%3A%2F%2Fkerste.de%2F%3Fp%3D13667&text=Hurtigrute%20Tag%2011%3A%20S%C3%BCdlich%20von%20Trondheim\" title=\"Bei X teilen\" aria-label=\"Bei X teilen\" role=\"button\" rel=\"noopener nofollow\" class=\"shariff-link\" style=\"; background-color:#000; color:#000\" target=\"_blank\"><span class=\"shariff-icon\" style=\"fill:#000\"><svg width=\"32px\" height=\"20px\" xmlns=\"http:\/\/www.w3.org\/2000\/svg\" viewBox=\"0 0 24 24\"><path fill=\"#000\" d=\"M14.258 10.152L23.176 0h-2.113l-7.747 8.813L7.133 0H0l9.352 13.328L0 23.973h2.113l8.176-9.309 6.531 9.309h7.133zm-2.895 3.293l-.949-1.328L2.875 1.56h3.246l6.086 8.523.945 1.328 7.91 11.078h-3.246zm0 0\"\/><\/svg><\/span><span class=\"shariff-text\" style=\"color:#000\">teilen<\/span>&nbsp;<\/a><\/li><li class=\"shariff-button facebook shariff-nocustomcolor\" style=\"background-color:#4273c8\"><a href=\"https:\/\/www.facebook.com\/sharer\/sharer.php?u=https%3A%2F%2Fkerste.de%2F%3Fp%3D13667\" title=\"Bei Facebook teilen\" aria-label=\"Bei Facebook teilen\" role=\"button\" rel=\"nofollow\" class=\"shariff-link\" style=\"; background-color:#3b5998; color:#3b5998\" target=\"_blank\"><span class=\"shariff-icon\" style=\"fill:#3b5998\"><svg width=\"32px\" height=\"20px\" xmlns=\"http:\/\/www.w3.org\/2000\/svg\" viewBox=\"0 0 18 32\"><path fill=\"#3b5998\" d=\"M17.1 0.2v4.7h-2.8q-1.5 0-2.1 0.6t-0.5 1.9v3.4h5.2l-0.7 5.3h-4.5v13.6h-5.5v-13.6h-4.5v-5.3h4.5v-3.9q0-3.3 1.9-5.2t5-1.8q2.6 0 4.1 0.2z\"\/><\/svg><\/span><span class=\"shariff-text\" style=\"color:#3b5998\">teilen<\/span>&nbsp;<\/a><\/li><li class=\"shariff-button tumblr shariff-nocustomcolor\" style=\"background-color:#529ecc\"><a href=\"https:\/\/www.tumblr.com\/widgets\/share\/tool?posttype=link&canonicalUrl=https%3A%2F%2Fkerste.de%2F%3Fp%3D13667&tags=kerste.de\" title=\"Bei tumblr teilen\" aria-label=\"Bei tumblr teilen\" role=\"button\" rel=\"noopener nofollow\" class=\"shariff-link\" style=\"; background-color:#36465d; color:#36465d\" target=\"_blank\"><span class=\"shariff-icon\" style=\"fill:#36465d\"><svg width=\"32px\" height=\"20px\" xmlns=\"http:\/\/www.w3.org\/2000\/svg\" viewBox=\"0 0 32 32\"><path fill=\"#36465d\" d=\"M18 14l0 7.3c0 1.9 0 2.9 0.2 3.5 0.2 0.5 0.7 1.1 1.2 1.4 0.7 0.4 1.5 0.6 2.4 0.6 1.6 0 2.6-0.2 4.2-1.3v4.8c-1.4 0.6-2.6 1-3.7 1.3-1.1 0.3-2.3 0.4-3.6 0.4-1.5 0-2.3-0.2-3.4-0.6-1.1-0.4-2.1-0.9-2.9-1.6-0.8-0.7-1.3-1.4-1.7-2.2s-0.5-1.9-0.5-3.4v-11.2h-4.3v-4.5c1.3-0.4 2.7-1 3.6-1.8 0.9-0.8 1.6-1.7 2.2-2.7 0.5-1.1 0.9-2.4 1.1-4.1h5.2l0 8h8v6h-8z\"\/><\/svg><\/span><span class=\"shariff-text\" style=\"color:#36465d\">teilen<\/span>&nbsp;<\/a><\/li><li class=\"shariff-button info shariff-nocustomcolor\" style=\"background-color:#a8a8a8\"><a href=\"http:\/\/ct.de\/-2467514\" title=\"Weitere Informationen\" aria-label=\"Weitere Informationen\" role=\"button\" rel=\"noopener \" class=\"shariff-link\" style=\"; background-color:#999; color:#999\" target=\"_blank\"><span class=\"shariff-icon\" style=\"fill:#999\"><svg width=\"32px\" height=\"20px\" xmlns=\"http:\/\/www.w3.org\/2000\/svg\" viewBox=\"0 0 11 32\"><path fill=\"#999\" d=\"M11.4 24v2.3q0 0.5-0.3 0.8t-0.8 0.4h-9.1q-0.5 0-0.8-0.4t-0.4-0.8v-2.3q0-0.5 0.4-0.8t0.8-0.4h1.1v-6.8h-1.1q-0.5 0-0.8-0.4t-0.4-0.8v-2.3q0-0.5 0.4-0.8t0.8-0.4h6.8q0.5 0 0.8 0.4t0.4 0.8v10.3h1.1q0.5 0 0.8 0.4t0.3 0.8zM9.2 3.4v3.4q0 0.5-0.4 0.8t-0.8 0.4h-4.6q-0.4 0-0.8-0.4t-0.4-0.8v-3.4q0-0.4 0.4-0.8t0.8-0.4h4.6q0.5 0 0.8 0.4t0.4 0.8z\"\/><\/svg><\/span><\/a><\/li><\/ul><\/div>","protected":false},"excerpt":{"rendered":"<p>\u00dcber Tag 11 der Reise gibt es nicht viel zu berichten \u2013 au\u00dfer vielleicht, dass Tag 11 der vorletzte unserer 11-t\u00e4gigen Seereise ist. Die dreieinhalb Stunden am ersten Abend in Bergen zwischen dem Ablegen um 20:30 und Mitternacht z\u00e4hlen als erster Tag des Tagesprogramms; die 11 Tage Reisedauer beginnen also jeweils um 20:30 \u2013 und [&hellip;]<\/p>\n","protected":false},"author":1,"featured_media":0,"comment_status":"open","ping_status":"open","sticky":false,"template":"","format":"standard","meta":{"footnotes":""},"categories":[417],"tags":[],"class_list":["post-13667","post","type-post","status-publish","format-standard","hentry","category-hurtigruten-2021-grp126"],"_links":{"self":[{"href":"https:\/\/kerste.de\/index.php?rest_route=\/wp\/v2\/posts\/13667","targetHints":{"allow":["GET"]}}],"collection":[{"href":"https:\/\/kerste.de\/index.php?rest_route=\/wp\/v2\/posts"}],"about":[{"href":"https:\/\/kerste.de\/index.php?rest_route=\/wp\/v2\/types\/post"}],"author":[{"embeddable":true,"href":"https:\/\/kerste.de\/index.php?rest_route=\/wp\/v2\/users\/1"}],"replies":[{"embeddable":true,"href":"https:\/\/kerste.de\/index.php?rest_route=%2Fwp%2Fv2%2Fcomments&post=13667"}],"version-history":[{"count":6,"href":"https:\/\/kerste.de\/index.php?rest_route=\/wp\/v2\/posts\/13667\/revisions"}],"predecessor-version":[{"id":13677,"href":"https:\/\/kerste.de\/index.php?rest_route=\/wp\/v2\/posts\/13667\/revisions\/13677"}],"wp:attachment":[{"href":"https:\/\/kerste.de\/index.php?rest_route=%2Fwp%2Fv2%2Fmedia&parent=13667"}],"wp:term":[{"taxonomy":"category","embeddable":true,"href":"https:\/\/kerste.de\/index.php?rest_route=%2Fwp%2Fv2%2Fcategories&post=13667"},{"taxonomy":"post_tag","embeddable":true,"href":"https:\/\/kerste.de\/index.php?rest_route=%2Fwp%2Fv2%2Ftags&post=13667"}],"curies":[{"name":"wp","href":"https:\/\/api.w.org\/{rel}","templated":true}]}}