{"id":13639,"date":"2021-12-11T22:59:08","date_gmt":"2021-12-11T21:59:08","guid":{"rendered":"https:\/\/kerste.de\/?p=13639"},"modified":"2021-12-11T22:59:11","modified_gmt":"2021-12-11T21:59:11","slug":"hurtigrute-tag-10-helgelandkueste","status":"publish","type":"post","link":"https:\/\/kerste.de\/?p=13639","title":{"rendered":"Hurtigrute Tag 10: Helgelandk\u00fcste"},"content":{"rendered":"\n<div class=\"wp-block-image\"><figure class=\"alignright size-medium\"><a href=\"https:\/\/kerste.de\/?attachment_id=13625#main\"><img loading=\"lazy\" decoding=\"async\" width=\"300\" height=\"225\" src=\"https:\/\/kerste.de\/wp-content\/uploads\/2021\/12\/20211211-08h-33m-P1360337-300x225.jpg\" alt=\"\" class=\"wp-image-13625\" srcset=\"https:\/\/kerste.de\/wp-content\/uploads\/2021\/12\/20211211-08h-33m-P1360337-300x225.jpg 300w, https:\/\/kerste.de\/wp-content\/uploads\/2021\/12\/20211211-08h-33m-P1360337-768x577.jpg 768w, https:\/\/kerste.de\/wp-content\/uploads\/2021\/12\/20211211-08h-33m-P1360337.jpg 1024w\" sizes=\"auto, (max-width: 300px) 100vw, 300px\" \/><\/a><figcaption><em>MS Polarlys<\/em><\/figcaption><\/figure><\/div>\n\n\n\n<p>Schwups, schon sind wir wieder im S\u00fcden: Heute fr\u00fch steht die s\u00fcdgehende Polarkreis\u00fcberquerung an. Vorher begegnen wir um halb neun, kurz nach dem Fr\u00fchst\u00fcck, noch der nordgehenden Polarlys.<\/p>\n\n\n\n<p>Da wir wieder etwas sp\u00e4ter dran sind, erreichen wir den Polarkreis mit der Insel Vikingen etwa zehn nach neun. Diesmal ist es auf Deck 5 deutlich voller als bei der nordgehenden Polarkreis\u00fcberquerung \u2013 jetzt wei\u00df jeder, dass da mehr Platz ist als auf Deck 7. Mitten im Dezember mit Wolken am Himmel ist es aber nicht wesentlich heller als auf der nordgehenden Passage, auch wenn die Uhrzeit jetzt deutlich angenehmer ist. Unscharfe Bilder gibt es trotzdem genug; nicht immer trifft der Scheinwerfer die Kugel.<\/p>\n\n\n\n<p>A propos fr\u00fch: Irgendwie hat heute die M\u00fcdigkeit alle im Griff. Nicht jedes bekannte Gesicht taucht \u00fcberhaupt vor dem Sonnenaufgang auf&#8230;<\/p>\n\n\n\n<div class=\"wp-block-image\"><figure class=\"alignleft size-medium\"><a href=\"https:\/\/kerste.de\/?attachment_id=13626#main\"><img loading=\"lazy\" decoding=\"async\" width=\"300\" height=\"225\" src=\"https:\/\/kerste.de\/wp-content\/uploads\/2021\/12\/20211211-09h-10m-P1360344-300x225.jpg\" alt=\"\" class=\"wp-image-13626\" srcset=\"https:\/\/kerste.de\/wp-content\/uploads\/2021\/12\/20211211-09h-10m-P1360344-300x225.jpg 300w, https:\/\/kerste.de\/wp-content\/uploads\/2021\/12\/20211211-09h-10m-P1360344-768x577.jpg 768w, https:\/\/kerste.de\/wp-content\/uploads\/2021\/12\/20211211-09h-10m-P1360344.jpg 1024w\" sizes=\"auto, (max-width: 300px) 100vw, 300px\" \/><\/a><figcaption><em>Am Polarkreis<\/em><\/figcaption><\/figure><\/div>\n\n\n\n<p>Das arktische Tradition der s\u00fcdgehenden Polarkreistaufe \u2013 ein L\u00f6ffel Lebertran f\u00fcr alle, und man darf den L\u00f6ffel behalten! \u2013 findet diesmal in zwei Schichten statt: Um 10 Uhr f\u00fcr Deck 3 und 5, anschlie\u00dfend f\u00fcr Deck 6. Wegen Corona wird Abstand gehalten. Die Reaktionen auf den Lebertran schwanken zwischen &#8220;nochmal&#8221; und &#8220;nie wieder, das <em>kann<\/em> nicht gesund sein&#8221;; ich lehne mich lieber an unserem Stammplatz im Multe gem\u00fctlich zur\u00fcck und \u00fcberlasse das Erlebnis unseren G\u00e4sten. Dadurch verpasse ich aber das Geburtstagsst\u00e4ndchen, das auf Deck 7 zweimal ert\u00f6nt. <\/p>\n\n\n\n<p>Davon abgesehen ist es ein ereignisloser Tag. Nesna erreichen wir zehn Minuten nach unserer geplanten Ankunft; am Kai steht ein Leichenwagen und erinnert daran, dass wir nicht nur Fracht und Passagiere bef\u00f6rdern, sondern auch immer wieder S\u00e4rge \u00fcberf\u00fchren, wenn jemand fern der Heimat gestorben ist. Nicht jeder kleine Ort hat ein Krankenhaus.<\/p>\n\n\n\n<div class=\"wp-block-image\"><figure class=\"alignright size-medium\"><a href=\"https:\/\/kerste.de\/?attachment_id=13627#main\"><img loading=\"lazy\" decoding=\"async\" width=\"300\" height=\"225\" src=\"https:\/\/kerste.de\/wp-content\/uploads\/2021\/12\/20211211-10h-48m-P1360366-300x225.jpg\" alt=\"\" class=\"wp-image-13627\" srcset=\"https:\/\/kerste.de\/wp-content\/uploads\/2021\/12\/20211211-10h-48m-P1360366-300x225.jpg 300w, https:\/\/kerste.de\/wp-content\/uploads\/2021\/12\/20211211-10h-48m-P1360366-768x577.jpg 768w, https:\/\/kerste.de\/wp-content\/uploads\/2021\/12\/20211211-10h-48m-P1360366.jpg 1024w\" sizes=\"auto, (max-width: 300px) 100vw, 300px\" \/><\/a><figcaption><em>Nesna<\/em><\/figcaption><\/figure><\/div>\n\n\n\n<p>Von Nesna geht es unter bedecktem Himmel und auf ruhiger See weiter nach Sandnessj\u00f8en, das wir sieben Minuten vor der geplanten Abfahrt erreichen. \u00dcber die Durchsage &#8220;only a short stay&#8221; muss ich dann doch schmunzeln.<\/p>\n\n\n\n<p>Damit haben wir nat\u00fcrlich keine Chance, in Sandnessj\u00f8en von Bord zu gehen und einen kurzen Streifzug durch die Fu\u00dfg\u00e4ngerzone zu unternehmen. Schade eigentlich: Letztes Mal, als ich hier von Bord gehen konnte, gab es eine ganze Reihe von Kunst und Statuen zu sehen.<\/p>\n\n\n\n<p>So bleibt es bei einem Blick vom Schiff. Sch\u00f6n: Im Hintergrund ist die Gipfelkette der Sieben Schwestern zu sehen \u2013 die Wolken h\u00e4ngen nicht so tief, dass sie die Gipfel verh\u00fcllen w\u00fcrden.<\/p>\n\n\n\n<p>Nachdem wir ablegen, umrunden wir den Hafen und fahren an den Sieben Schwestern vorbei. Die Sage dazu habe ich wohl schon oft genug verbloggt, dass ich sie hier nicht wiederholen muss&#8230; Diesmal sei nur gesagt, dass sie gut zu sehen waren und wieder einmal die Fotografen angelockt haben. <\/p>\n\n\n\n<figure class=\"wp-block-gallery columns-3 is-cropped wp-block-gallery-1 is-layout-flex wp-block-gallery-is-layout-flex\"><ul class=\"blocks-gallery-grid\"><li class=\"blocks-gallery-item\"><figure><a href=\"https:\/\/kerste.de\/?attachment_id=13628#main\"><img loading=\"lazy\" decoding=\"async\" width=\"1024\" height=\"769\" src=\"https:\/\/kerste.de\/wp-content\/uploads\/2021\/12\/20211211-12h-08m-P1360384.jpg\" alt=\"\" data-id=\"13628\" data-full-url=\"https:\/\/kerste.de\/wp-content\/uploads\/2021\/12\/20211211-12h-08m-P1360384.jpg\" data-link=\"https:\/\/kerste.de\/?attachment_id=13628#main\" class=\"wp-image-13628\" srcset=\"https:\/\/kerste.de\/wp-content\/uploads\/2021\/12\/20211211-12h-08m-P1360384.jpg 1024w, https:\/\/kerste.de\/wp-content\/uploads\/2021\/12\/20211211-12h-08m-P1360384-300x225.jpg 300w, https:\/\/kerste.de\/wp-content\/uploads\/2021\/12\/20211211-12h-08m-P1360384-768x577.jpg 768w\" sizes=\"auto, (max-width: 1024px) 100vw, 1024px\" \/><\/a><figcaption class=\"blocks-gallery-item__caption\">Sandnessj\u00f8en<\/figcaption><\/figure><\/li><li class=\"blocks-gallery-item\"><figure><a href=\"https:\/\/kerste.de\/?attachment_id=13629#main\"><img loading=\"lazy\" decoding=\"async\" width=\"1024\" height=\"769\" src=\"https:\/\/kerste.de\/wp-content\/uploads\/2021\/12\/20211211-12h-45m-P1360394.jpg\" alt=\"\" data-id=\"13629\" data-full-url=\"https:\/\/kerste.de\/wp-content\/uploads\/2021\/12\/20211211-12h-45m-P1360394.jpg\" data-link=\"https:\/\/kerste.de\/?attachment_id=13629#main\" class=\"wp-image-13629\" srcset=\"https:\/\/kerste.de\/wp-content\/uploads\/2021\/12\/20211211-12h-45m-P1360394.jpg 1024w, https:\/\/kerste.de\/wp-content\/uploads\/2021\/12\/20211211-12h-45m-P1360394-300x225.jpg 300w, https:\/\/kerste.de\/wp-content\/uploads\/2021\/12\/20211211-12h-45m-P1360394-768x577.jpg 768w\" sizes=\"auto, (max-width: 1024px) 100vw, 1024px\" \/><\/a><\/figure><\/li><li class=\"blocks-gallery-item\"><figure><a href=\"https:\/\/kerste.de\/?attachment_id=13631#main\"><img loading=\"lazy\" decoding=\"async\" width=\"1024\" height=\"768\" src=\"https:\/\/kerste.de\/wp-content\/uploads\/2021\/12\/20211211-13h-07m-IMG_8543.jpg\" alt=\"\" data-id=\"13631\" data-full-url=\"https:\/\/kerste.de\/wp-content\/uploads\/2021\/12\/20211211-13h-07m-IMG_8543.jpg\" data-link=\"https:\/\/kerste.de\/?attachment_id=13631#main\" class=\"wp-image-13631\" srcset=\"https:\/\/kerste.de\/wp-content\/uploads\/2021\/12\/20211211-13h-07m-IMG_8543.jpg 1024w, https:\/\/kerste.de\/wp-content\/uploads\/2021\/12\/20211211-13h-07m-IMG_8543-300x225.jpg 300w, https:\/\/kerste.de\/wp-content\/uploads\/2021\/12\/20211211-13h-07m-IMG_8543-768x576.jpg 768w\" sizes=\"auto, (max-width: 1024px) 100vw, 1024px\" \/><\/a><\/figure><\/li><li class=\"blocks-gallery-item\"><figure><a href=\"https:\/\/kerste.de\/?attachment_id=13630#main\"><img loading=\"lazy\" decoding=\"async\" width=\"1024\" height=\"424\" src=\"https:\/\/kerste.de\/wp-content\/uploads\/2021\/12\/20211211-13h-06m-P1360401.jpg\" alt=\"\" data-id=\"13630\" data-full-url=\"https:\/\/kerste.de\/wp-content\/uploads\/2021\/12\/20211211-13h-06m-P1360401.jpg\" data-link=\"https:\/\/kerste.de\/?attachment_id=13630#main\" class=\"wp-image-13630\" srcset=\"https:\/\/kerste.de\/wp-content\/uploads\/2021\/12\/20211211-13h-06m-P1360401.jpg 1024w, https:\/\/kerste.de\/wp-content\/uploads\/2021\/12\/20211211-13h-06m-P1360401-300x124.jpg 300w, https:\/\/kerste.de\/wp-content\/uploads\/2021\/12\/20211211-13h-06m-P1360401-768x318.jpg 768w\" sizes=\"auto, (max-width: 1024px) 100vw, 1024px\" \/><\/a><figcaption class=\"blocks-gallery-item__caption\">Die Sieben Schwestern<\/figcaption><\/figure><\/li><\/ul><\/figure>\n\n\n\n<p>Danach schl\u00e4gt die M\u00fcdigkeit zu: Ich verziehe mich f\u00fcr eine Stunde oder so in die Kabine. Die N\u00e4chte waren lang und polarlichtreich. Da muss die Helgelandk\u00fcste heute auf mich verzichten, ich bin ab kurz vor Br\u00f8nn\u00f8ysund wieder ansprechbar. Ich brauche Urlaub&#8230;<\/p>\n\n\n\n<p>Br\u00f8nn\u00f8ysund erreichen wir mit einer Viertelstunde Versp\u00e4tung; die Abfahrt ist dann wieder p\u00fcnktlich. Im Ort wird gro\u00df gebaut: Das Br\u00f8nn\u00f8ysundregister rei\u00dft den h\u00fcbschen, nicht allzu hohen Anbau ab und erweitert wohl. Gut zwei Stunden haben wir im Ort; das gen\u00fcgt f\u00fcr einige G\u00e4ste f\u00fcr den Ausflug zur Lachsfarm, der angeboten wird, und mir f\u00fcr einen Gang zum Schild in der Mitte Norwegens, dem neu gestalteten Hafenbecken im Anschluss mit Kletterwand, und dann zum letzten Norwegen-Shopping ins Amfi: Getr\u00e4nke, Weihnachtsschmuck, ein Blick in die Buchhandlung, und dann war es das mit Einkaufsm\u00f6glichkeiten: In Trondheim ist Sonntag, und am Montag sind wir ohnehin nur auf See unterwegs.<\/p>\n\n\n\n<figure class=\"wp-block-gallery columns-3 is-cropped wp-block-gallery-2 is-layout-flex wp-block-gallery-is-layout-flex\"><ul class=\"blocks-gallery-grid\"><li class=\"blocks-gallery-item\"><figure><a href=\"https:\/\/kerste.de\/?attachment_id=13632#main\"><img loading=\"lazy\" decoding=\"async\" width=\"1024\" height=\"769\" src=\"https:\/\/kerste.de\/wp-content\/uploads\/2021\/12\/20211211-15h-16m-P1360406.jpg\" alt=\"\" data-id=\"13632\" data-full-url=\"https:\/\/kerste.de\/wp-content\/uploads\/2021\/12\/20211211-15h-16m-P1360406.jpg\" data-link=\"https:\/\/kerste.de\/?attachment_id=13632#main\" class=\"wp-image-13632\" srcset=\"https:\/\/kerste.de\/wp-content\/uploads\/2021\/12\/20211211-15h-16m-P1360406.jpg 1024w, https:\/\/kerste.de\/wp-content\/uploads\/2021\/12\/20211211-15h-16m-P1360406-300x225.jpg 300w, https:\/\/kerste.de\/wp-content\/uploads\/2021\/12\/20211211-15h-16m-P1360406-768x577.jpg 768w\" sizes=\"auto, (max-width: 1024px) 100vw, 1024px\" \/><\/a><\/figure><\/li><li class=\"blocks-gallery-item\"><figure><a href=\"https:\/\/kerste.de\/?attachment_id=13633#main\"><img loading=\"lazy\" decoding=\"async\" width=\"1024\" height=\"769\" src=\"https:\/\/kerste.de\/wp-content\/uploads\/2021\/12\/20211211-15h-29m-P1360411.jpg\" alt=\"\" data-id=\"13633\" data-full-url=\"https:\/\/kerste.de\/wp-content\/uploads\/2021\/12\/20211211-15h-29m-P1360411.jpg\" data-link=\"https:\/\/kerste.de\/?attachment_id=13633#main\" class=\"wp-image-13633\" srcset=\"https:\/\/kerste.de\/wp-content\/uploads\/2021\/12\/20211211-15h-29m-P1360411.jpg 1024w, https:\/\/kerste.de\/wp-content\/uploads\/2021\/12\/20211211-15h-29m-P1360411-300x225.jpg 300w, https:\/\/kerste.de\/wp-content\/uploads\/2021\/12\/20211211-15h-29m-P1360411-768x577.jpg 768w\" sizes=\"auto, (max-width: 1024px) 100vw, 1024px\" \/><\/a><\/figure><\/li><li class=\"blocks-gallery-item\"><figure><a href=\"https:\/\/kerste.de\/?attachment_id=13634#main\"><img loading=\"lazy\" decoding=\"async\" width=\"1024\" height=\"769\" src=\"https:\/\/kerste.de\/wp-content\/uploads\/2021\/12\/20211211-15h-34m-P1360415.jpg\" alt=\"\" data-id=\"13634\" data-full-url=\"https:\/\/kerste.de\/wp-content\/uploads\/2021\/12\/20211211-15h-34m-P1360415.jpg\" data-link=\"https:\/\/kerste.de\/?attachment_id=13634#main\" class=\"wp-image-13634\" srcset=\"https:\/\/kerste.de\/wp-content\/uploads\/2021\/12\/20211211-15h-34m-P1360415.jpg 1024w, https:\/\/kerste.de\/wp-content\/uploads\/2021\/12\/20211211-15h-34m-P1360415-300x225.jpg 300w, https:\/\/kerste.de\/wp-content\/uploads\/2021\/12\/20211211-15h-34m-P1360415-768x577.jpg 768w\" sizes=\"auto, (max-width: 1024px) 100vw, 1024px\" \/><\/a><\/figure><\/li><\/ul><figcaption class=\"blocks-gallery-caption\"><em>Br\u00f8nn\u00f8ysund<\/em><\/figcaption><\/figure>\n\n\n\n<p>Zum Abschluss noch ein Softeis (das muss sein), dann geht es zur\u00fcck aufs Schiff. Um 17:30, f\u00fcnf Minuten nach der Abfahrt, haben wir den n\u00e4chsten Termin: Margit und Andreas geben die Infos zu Abreise, Abflug und den ganzen organisatorischen Sachen, die wir \u00fcbermorgen zu beachten haben. Dann geht es nahtlos weiter zum Abendessen, gefolgt vom gem\u00fctlichen Teil mit Handy, Blog und Stricken im Multe auf Deck 7. Der sporadische Blick in den Himmel zeigt nur gelegentliche Wolkenl\u00fccken \u2013 wir haben also frei.<\/p>\n\n\n\n<div class=\"wp-block-image\"><figure class=\"alignright size-medium\"><a href=\"https:\/\/kerste.de\/?attachment_id=13636#main\"><img loading=\"lazy\" decoding=\"async\" width=\"300\" height=\"225\" src=\"https:\/\/kerste.de\/wp-content\/uploads\/2021\/12\/20211211-21h-01m-IMG_8556-300x225.jpg\" alt=\"\" class=\"wp-image-13636\" srcset=\"https:\/\/kerste.de\/wp-content\/uploads\/2021\/12\/20211211-21h-01m-IMG_8556-300x225.jpg 300w, https:\/\/kerste.de\/wp-content\/uploads\/2021\/12\/20211211-21h-01m-IMG_8556-768x576.jpg 768w, https:\/\/kerste.de\/wp-content\/uploads\/2021\/12\/20211211-21h-01m-IMG_8556.jpg 1024w\" sizes=\"auto, (max-width: 300px) 100vw, 300px\" \/><\/a><figcaption><em>R\u00f8rvik<\/em><\/figcaption><\/figure><\/div>\n\n\n\n<p>R\u00f8rvik erreichen wir p\u00fcnktlich und legen sogar \u00fcberp\u00fcnktlich ab \u2013 folgt mir der Captain etwa auf Twitter? L\u00e4stere ich zu viel?<\/p>\n\n\n\n<p>Egal \u2013 wann wir morgen fr\u00fch Trondheim erreichen, ist mir erst einmal egal. Nach R\u00f8rvik fahren wir auf die Folda, auf der zwar der Wind pfeift, die aber wellentechnisch sehr harmlos ist. So k\u00f6nnte es bleiben&#8230;<\/p>\n\n\n\n<p>Allzu sp\u00e4t wird es f\u00fcr uns heute nicht \u2013 einmal ausschlafen w\u00e4re doch ganz nett, auch wenn f\u00fcr mich morgen nicht viel auf dem Programm steht. Wer die Ausfl\u00fcge in Trondheim gebucht hat, muss fr\u00fcher raus.<\/p>\n\n\n\n<p>In diesem Sinn: Allseits eine gute Nacht!<\/p>\n<div class=\"shariff shariff-align-left shariff-widget-align-left\"><ul class=\"shariff-buttons theme-white orientation-horizontal buttonsize-small\"><li class=\"shariff-button twitter shariff-nocustomcolor\" style=\"background-color:#595959\"><a href=\"https:\/\/twitter.com\/share?url=https%3A%2F%2Fkerste.de%2F%3Fp%3D13639&text=Hurtigrute%20Tag%2010%3A%20Helgelandk%C3%BCste\" title=\"Bei X teilen\" aria-label=\"Bei X teilen\" role=\"button\" rel=\"noopener nofollow\" class=\"shariff-link\" style=\"; background-color:#000; color:#000\" target=\"_blank\"><span class=\"shariff-icon\" style=\"fill:#000\"><svg width=\"32px\" height=\"20px\" xmlns=\"http:\/\/www.w3.org\/2000\/svg\" viewBox=\"0 0 24 24\"><path fill=\"#000\" d=\"M14.258 10.152L23.176 0h-2.113l-7.747 8.813L7.133 0H0l9.352 13.328L0 23.973h2.113l8.176-9.309 6.531 9.309h7.133zm-2.895 3.293l-.949-1.328L2.875 1.56h3.246l6.086 8.523.945 1.328 7.91 11.078h-3.246zm0 0\"\/><\/svg><\/span><span class=\"shariff-text\" style=\"color:#000\">teilen<\/span>&nbsp;<\/a><\/li><li class=\"shariff-button facebook shariff-nocustomcolor\" style=\"background-color:#4273c8\"><a href=\"https:\/\/www.facebook.com\/sharer\/sharer.php?u=https%3A%2F%2Fkerste.de%2F%3Fp%3D13639\" title=\"Bei Facebook teilen\" aria-label=\"Bei Facebook teilen\" role=\"button\" rel=\"nofollow\" class=\"shariff-link\" style=\"; background-color:#3b5998; color:#3b5998\" target=\"_blank\"><span class=\"shariff-icon\" style=\"fill:#3b5998\"><svg width=\"32px\" height=\"20px\" xmlns=\"http:\/\/www.w3.org\/2000\/svg\" viewBox=\"0 0 18 32\"><path fill=\"#3b5998\" d=\"M17.1 0.2v4.7h-2.8q-1.5 0-2.1 0.6t-0.5 1.9v3.4h5.2l-0.7 5.3h-4.5v13.6h-5.5v-13.6h-4.5v-5.3h4.5v-3.9q0-3.3 1.9-5.2t5-1.8q2.6 0 4.1 0.2z\"\/><\/svg><\/span><span class=\"shariff-text\" style=\"color:#3b5998\">teilen<\/span>&nbsp;<\/a><\/li><li class=\"shariff-button tumblr shariff-nocustomcolor\" style=\"background-color:#529ecc\"><a href=\"https:\/\/www.tumblr.com\/widgets\/share\/tool?posttype=link&canonicalUrl=https%3A%2F%2Fkerste.de%2F%3Fp%3D13639&tags=kerste.de\" title=\"Bei tumblr teilen\" aria-label=\"Bei tumblr teilen\" role=\"button\" rel=\"noopener nofollow\" class=\"shariff-link\" style=\"; background-color:#36465d; color:#36465d\" target=\"_blank\"><span class=\"shariff-icon\" style=\"fill:#36465d\"><svg width=\"32px\" height=\"20px\" xmlns=\"http:\/\/www.w3.org\/2000\/svg\" viewBox=\"0 0 32 32\"><path fill=\"#36465d\" d=\"M18 14l0 7.3c0 1.9 0 2.9 0.2 3.5 0.2 0.5 0.7 1.1 1.2 1.4 0.7 0.4 1.5 0.6 2.4 0.6 1.6 0 2.6-0.2 4.2-1.3v4.8c-1.4 0.6-2.6 1-3.7 1.3-1.1 0.3-2.3 0.4-3.6 0.4-1.5 0-2.3-0.2-3.4-0.6-1.1-0.4-2.1-0.9-2.9-1.6-0.8-0.7-1.3-1.4-1.7-2.2s-0.5-1.9-0.5-3.4v-11.2h-4.3v-4.5c1.3-0.4 2.7-1 3.6-1.8 0.9-0.8 1.6-1.7 2.2-2.7 0.5-1.1 0.9-2.4 1.1-4.1h5.2l0 8h8v6h-8z\"\/><\/svg><\/span><span class=\"shariff-text\" style=\"color:#36465d\">teilen<\/span>&nbsp;<\/a><\/li><li class=\"shariff-button info shariff-nocustomcolor\" style=\"background-color:#a8a8a8\"><a href=\"http:\/\/ct.de\/-2467514\" title=\"Weitere Informationen\" aria-label=\"Weitere Informationen\" role=\"button\" rel=\"noopener \" class=\"shariff-link\" style=\"; background-color:#999; color:#999\" target=\"_blank\"><span class=\"shariff-icon\" style=\"fill:#999\"><svg width=\"32px\" height=\"20px\" xmlns=\"http:\/\/www.w3.org\/2000\/svg\" viewBox=\"0 0 11 32\"><path fill=\"#999\" d=\"M11.4 24v2.3q0 0.5-0.3 0.8t-0.8 0.4h-9.1q-0.5 0-0.8-0.4t-0.4-0.8v-2.3q0-0.5 0.4-0.8t0.8-0.4h1.1v-6.8h-1.1q-0.5 0-0.8-0.4t-0.4-0.8v-2.3q0-0.5 0.4-0.8t0.8-0.4h6.8q0.5 0 0.8 0.4t0.4 0.8v10.3h1.1q0.5 0 0.8 0.4t0.3 0.8zM9.2 3.4v3.4q0 0.5-0.4 0.8t-0.8 0.4h-4.6q-0.4 0-0.8-0.4t-0.4-0.8v-3.4q0-0.4 0.4-0.8t0.8-0.4h4.6q0.5 0 0.8 0.4t0.4 0.8z\"\/><\/svg><\/span><\/a><\/li><\/ul><\/div>","protected":false},"excerpt":{"rendered":"<p>Schwups, schon sind wir wieder im S\u00fcden: Heute fr\u00fch steht die s\u00fcdgehende Polarkreis\u00fcberquerung an. Vorher begegnen wir um halb neun, kurz nach dem Fr\u00fchst\u00fcck, noch der nordgehenden Polarlys. Da wir wieder etwas sp\u00e4ter dran sind, erreichen wir den Polarkreis mit der Insel Vikingen etwa zehn nach neun. Diesmal ist es auf Deck 5 deutlich voller [&hellip;]<\/p>\n","protected":false},"author":1,"featured_media":0,"comment_status":"open","ping_status":"open","sticky":false,"template":"","format":"standard","meta":{"footnotes":""},"categories":[417],"tags":[],"class_list":["post-13639","post","type-post","status-publish","format-standard","hentry","category-hurtigruten-2021-grp126"],"_links":{"self":[{"href":"https:\/\/kerste.de\/index.php?rest_route=\/wp\/v2\/posts\/13639","targetHints":{"allow":["GET"]}}],"collection":[{"href":"https:\/\/kerste.de\/index.php?rest_route=\/wp\/v2\/posts"}],"about":[{"href":"https:\/\/kerste.de\/index.php?rest_route=\/wp\/v2\/types\/post"}],"author":[{"embeddable":true,"href":"https:\/\/kerste.de\/index.php?rest_route=\/wp\/v2\/users\/1"}],"replies":[{"embeddable":true,"href":"https:\/\/kerste.de\/index.php?rest_route=%2Fwp%2Fv2%2Fcomments&post=13639"}],"version-history":[{"count":8,"href":"https:\/\/kerste.de\/index.php?rest_route=\/wp\/v2\/posts\/13639\/revisions"}],"predecessor-version":[{"id":13647,"href":"https:\/\/kerste.de\/index.php?rest_route=\/wp\/v2\/posts\/13639\/revisions\/13647"}],"wp:attachment":[{"href":"https:\/\/kerste.de\/index.php?rest_route=%2Fwp%2Fv2%2Fmedia&parent=13639"}],"wp:term":[{"taxonomy":"category","embeddable":true,"href":"https:\/\/kerste.de\/index.php?rest_route=%2Fwp%2Fv2%2Fcategories&post=13639"},{"taxonomy":"post_tag","embeddable":true,"href":"https:\/\/kerste.de\/index.php?rest_route=%2Fwp%2Fv2%2Ftags&post=13639"}],"curies":[{"name":"wp","href":"https:\/\/api.w.org\/{rel}","templated":true}]}}