{"id":13257,"date":"2021-12-07T17:28:10","date_gmt":"2021-12-07T16:28:10","guid":{"rendered":"https:\/\/kerste.de\/?p=13257"},"modified":"2021-12-08T13:53:19","modified_gmt":"2021-12-08T12:53:19","slug":"hurtigrute-tag-5","status":"publish","type":"post","link":"https:\/\/kerste.de\/?p=13257","title":{"rendered":"Hurtigrute Tag 5: Troms\u00f8"},"content":{"rendered":"\n<p>Der Plan f\u00fcr heute: Erst einmal ausschlafen. Klappt beinahe, irgendwann gegen acht bin ich wach und k\u00fcmmere mich um die ganzen Bilder, die \u00fcber Nacht zu einem Zeitraffer gerendert wurden. Das ist auch ganz gut so, da sich um halb neun die Zimmert\u00fcre \u00f6ffnet, ob meine Kabine gereinigt werden soll? Soviel zum Bitte-nicht-st\u00f6ren-Schild.<\/p>\n\n\n\n<p>Von Harstad viertel vor acht bekomme ich dankenswerterweise nichts bis wenig mit, und nach dem Aufstehen geht es mit dem Laptop und Keksen auf Deck 7. <\/p>\n\n\n\n<p>Der erste Hafen den ich mitbekomme ist Finnsnes. Das Bordthermometer zeigt -13\u00b0, die Wetterprognose -15\u00b0. Das ist schon frisch&#8230; aber ein paar Fotos von Deck aus sind kein Problem.<\/p>\n\n\n\n<figure class=\"wp-block-gallery columns-3 is-cropped wp-block-gallery-1 is-layout-flex wp-block-gallery-is-layout-flex\"><ul class=\"blocks-gallery-grid\"><li class=\"blocks-gallery-item\"><figure><a href=\"https:\/\/kerste.de\/?attachment_id=13260#main\"><img loading=\"lazy\" decoding=\"async\" width=\"1024\" height=\"769\" src=\"https:\/\/kerste.de\/wp-content\/uploads\/2021\/12\/20211206-10h-50m-P1350014.jpg\" alt=\"\" data-id=\"13260\" data-full-url=\"https:\/\/kerste.de\/wp-content\/uploads\/2021\/12\/20211206-10h-50m-P1350014.jpg\" data-link=\"https:\/\/kerste.de\/?attachment_id=13260#main\" class=\"wp-image-13260\" srcset=\"https:\/\/kerste.de\/wp-content\/uploads\/2021\/12\/20211206-10h-50m-P1350014.jpg 1024w, https:\/\/kerste.de\/wp-content\/uploads\/2021\/12\/20211206-10h-50m-P1350014-300x225.jpg 300w, https:\/\/kerste.de\/wp-content\/uploads\/2021\/12\/20211206-10h-50m-P1350014-768x577.jpg 768w\" sizes=\"auto, (max-width: 1024px) 100vw, 1024px\" \/><\/a><figcaption class=\"blocks-gallery-item__caption\">Rauchende See<\/figcaption><\/figure><\/li><li class=\"blocks-gallery-item\"><figure><a href=\"https:\/\/kerste.de\/?attachment_id=13261#main\"><img loading=\"lazy\" decoding=\"async\" width=\"1024\" height=\"769\" src=\"https:\/\/kerste.de\/wp-content\/uploads\/2021\/12\/20211206-10h-52m-P1350019.jpg\" alt=\"\" data-id=\"13261\" data-full-url=\"https:\/\/kerste.de\/wp-content\/uploads\/2021\/12\/20211206-10h-52m-P1350019.jpg\" data-link=\"https:\/\/kerste.de\/?attachment_id=13261#main\" class=\"wp-image-13261\" srcset=\"https:\/\/kerste.de\/wp-content\/uploads\/2021\/12\/20211206-10h-52m-P1350019.jpg 1024w, https:\/\/kerste.de\/wp-content\/uploads\/2021\/12\/20211206-10h-52m-P1350019-300x225.jpg 300w, https:\/\/kerste.de\/wp-content\/uploads\/2021\/12\/20211206-10h-52m-P1350019-768x577.jpg 768w\" sizes=\"auto, (max-width: 1024px) 100vw, 1024px\" \/><\/a><\/figure><\/li><li class=\"blocks-gallery-item\"><figure><a href=\"https:\/\/kerste.de\/?attachment_id=13263#main\"><img loading=\"lazy\" decoding=\"async\" width=\"1024\" height=\"769\" src=\"https:\/\/kerste.de\/wp-content\/uploads\/2021\/12\/20211206-10h-56m-P1350027.jpg\" alt=\"\" data-id=\"13263\" data-full-url=\"https:\/\/kerste.de\/wp-content\/uploads\/2021\/12\/20211206-10h-56m-P1350027.jpg\" data-link=\"https:\/\/kerste.de\/?attachment_id=13263#main\" class=\"wp-image-13263\" srcset=\"https:\/\/kerste.de\/wp-content\/uploads\/2021\/12\/20211206-10h-56m-P1350027.jpg 1024w, https:\/\/kerste.de\/wp-content\/uploads\/2021\/12\/20211206-10h-56m-P1350027-300x225.jpg 300w, https:\/\/kerste.de\/wp-content\/uploads\/2021\/12\/20211206-10h-56m-P1350027-768x577.jpg 768w\" sizes=\"auto, (max-width: 1024px) 100vw, 1024px\" \/><\/a><\/figure><\/li><li class=\"blocks-gallery-item\"><figure><a href=\"https:\/\/kerste.de\/?attachment_id=13264#main\"><img loading=\"lazy\" decoding=\"async\" width=\"1024\" height=\"769\" src=\"https:\/\/kerste.de\/wp-content\/uploads\/2021\/12\/20211206-10h-57m-P1350028.jpg\" alt=\"\" data-id=\"13264\" data-full-url=\"https:\/\/kerste.de\/wp-content\/uploads\/2021\/12\/20211206-10h-57m-P1350028.jpg\" data-link=\"https:\/\/kerste.de\/?attachment_id=13264#main\" class=\"wp-image-13264\" srcset=\"https:\/\/kerste.de\/wp-content\/uploads\/2021\/12\/20211206-10h-57m-P1350028.jpg 1024w, https:\/\/kerste.de\/wp-content\/uploads\/2021\/12\/20211206-10h-57m-P1350028-300x225.jpg 300w, https:\/\/kerste.de\/wp-content\/uploads\/2021\/12\/20211206-10h-57m-P1350028-768x577.jpg 768w\" sizes=\"auto, (max-width: 1024px) 100vw, 1024px\" \/><\/a><\/figure><\/li><\/ul><figcaption class=\"blocks-gallery-caption\"><em>Finnsnes<\/em><\/figcaption><\/figure>\n\n\n\n<div class=\"wp-block-image\"><figure class=\"alignright size-medium\"><a href=\"https:\/\/kerste.de\/?attachment_id=13265#main\"><img loading=\"lazy\" decoding=\"async\" width=\"300\" height=\"225\" src=\"https:\/\/kerste.de\/wp-content\/uploads\/2021\/12\/20211206-12h-29m-P1350035-300x225.jpg\" alt=\"\" class=\"wp-image-13265\" srcset=\"https:\/\/kerste.de\/wp-content\/uploads\/2021\/12\/20211206-12h-29m-P1350035-300x225.jpg 300w, https:\/\/kerste.de\/wp-content\/uploads\/2021\/12\/20211206-12h-29m-P1350035-768x577.jpg 768w, https:\/\/kerste.de\/wp-content\/uploads\/2021\/12\/20211206-12h-29m-P1350035.jpg 1024w\" sizes=\"auto, (max-width: 300px) 100vw, 300px\" \/><\/a><figcaption><em>Wolken Richtung Troms\u00f8<\/em><\/figcaption><\/figure><\/div>\n\n\n\n<p>Durchaus beeindruckend: Der Golfstrom dampft hier. Ohne k\u00f6nnte man es in diesen Breitengraden wirklich nicht aushalten. Zumindest w\u00fcrde hier dann niemand freiwillig Urlaub machen. Die weitere Fahrt nach Troms\u00f8 ist recht ereignislos und wird nur von ein paar Filmen und dem Mittagessen unterbrochen. Zumindest eine Suppe g\u00f6nne ich mir, bevor um 15 Uhr unser dritter Vortrag ansteht: Die Sonne, der Stern von dem wir leben. Wenn wir schon in der Polarnacht sind, darf es wenigstens um die Sonne gehen. Wir hatten zwar den Vortragsraum gebucht, aber der Captain hatte ihn f\u00fcr eine interne Veranstaltung \u00fcbernommen \u2013 also weichen wir in den zweiten, offenen Vortragsraum aus.<\/p>\n\n\n\n<p>Etwas zeitversetzt passieren wir den Rystraumen mit einem Interessenspunkt auf Deck 7 \u2013 bei der Veranstaltungsdichte auf der Kong Harald ist es fast unm\u00f6glich, Vortr\u00e4ge ohne \u00dcberschneidung mit anderen Veranstaltungen durchzuf\u00fchren. Aber am Rystraumen gibt es auch nicht viel zu sehen: Eine Insel, und das Schiff braucht mehr Treibstoff, um gegen die Str\u00f6mung anzuk\u00e4mpfen. Was ist das schon gegen die Wunder des Universums? Nun, der Tip, den ich f\u00fcr jede Fahrt mit der Hurtigrute gebe, gilt immer: Alle Veranstaltungen sind keine Pflichtveranstaltungen, wichtig ist, die Reise zu genie\u00dfen und sich nicht unter Stress zu setzen.<\/p>\n\n\n\n<p>Nach unserem Vortrag bleibt noch eine gute Dreiviertelstunde, bis wir Troms\u00f8 erreichen \u2013 mit leichter Versp\u00e4tung. Aktuell dauert der Aufenthalt vier Stunden, das war auch schon einmal etwas l\u00e4nger. Aber ich kenne Troms\u00f8 ja \u2013 da langt das f\u00fcr die \u00fcblichen Fotostops und L\u00e4den. Damit ist das Weihnachtsshopping auch erledigt. Neu ist das Riesenrad am Kai bei der alten Touri-Info und die gro\u00dfe Anzahl der Souvenirshops. Ein paar Ladenleerst\u00e4nde gibt es noch, aber es f\u00fcllt sich. Die ehemalige Ark-Buchhandlung ist jetzt eine Galerie.<\/p>\n\n\n\n<figure class=\"wp-block-gallery columns-3 is-cropped wp-block-gallery-2 is-layout-flex wp-block-gallery-is-layout-flex\"><ul class=\"blocks-gallery-grid\"><li class=\"blocks-gallery-item\"><figure><a href=\"https:\/\/kerste.de\/?attachment_id=13266#main\"><img loading=\"lazy\" decoding=\"async\" width=\"1024\" height=\"769\" src=\"https:\/\/kerste.de\/wp-content\/uploads\/2021\/12\/20211206-14h-20m-P1350039.jpg\" alt=\"\" data-id=\"13266\" data-full-url=\"https:\/\/kerste.de\/wp-content\/uploads\/2021\/12\/20211206-14h-20m-P1350039.jpg\" data-link=\"https:\/\/kerste.de\/?attachment_id=13266#main\" class=\"wp-image-13266\" srcset=\"https:\/\/kerste.de\/wp-content\/uploads\/2021\/12\/20211206-14h-20m-P1350039.jpg 1024w, https:\/\/kerste.de\/wp-content\/uploads\/2021\/12\/20211206-14h-20m-P1350039-300x225.jpg 300w, https:\/\/kerste.de\/wp-content\/uploads\/2021\/12\/20211206-14h-20m-P1350039-768x577.jpg 768w\" sizes=\"auto, (max-width: 1024px) 100vw, 1024px\" \/><\/a><\/figure><\/li><li class=\"blocks-gallery-item\"><figure><a href=\"https:\/\/kerste.de\/?attachment_id=13267#main\"><img loading=\"lazy\" decoding=\"async\" width=\"1024\" height=\"769\" src=\"https:\/\/kerste.de\/wp-content\/uploads\/2021\/12\/20211206-14h-21m-P1350042.jpg\" alt=\"\" data-id=\"13267\" data-full-url=\"https:\/\/kerste.de\/wp-content\/uploads\/2021\/12\/20211206-14h-21m-P1350042.jpg\" data-link=\"https:\/\/kerste.de\/?attachment_id=13267#main\" class=\"wp-image-13267\" srcset=\"https:\/\/kerste.de\/wp-content\/uploads\/2021\/12\/20211206-14h-21m-P1350042.jpg 1024w, https:\/\/kerste.de\/wp-content\/uploads\/2021\/12\/20211206-14h-21m-P1350042-300x225.jpg 300w, https:\/\/kerste.de\/wp-content\/uploads\/2021\/12\/20211206-14h-21m-P1350042-768x577.jpg 768w\" sizes=\"auto, (max-width: 1024px) 100vw, 1024px\" \/><\/a><\/figure><\/li><li class=\"blocks-gallery-item\"><figure><a href=\"https:\/\/kerste.de\/?attachment_id=13268#main\"><img loading=\"lazy\" decoding=\"async\" width=\"1024\" height=\"769\" src=\"https:\/\/kerste.de\/wp-content\/uploads\/2021\/12\/20211206-14h-24m-P1350045.jpg\" alt=\"\" data-id=\"13268\" data-full-url=\"https:\/\/kerste.de\/wp-content\/uploads\/2021\/12\/20211206-14h-24m-P1350045.jpg\" data-link=\"https:\/\/kerste.de\/?attachment_id=13268#main\" class=\"wp-image-13268\" srcset=\"https:\/\/kerste.de\/wp-content\/uploads\/2021\/12\/20211206-14h-24m-P1350045.jpg 1024w, https:\/\/kerste.de\/wp-content\/uploads\/2021\/12\/20211206-14h-24m-P1350045-300x225.jpg 300w, https:\/\/kerste.de\/wp-content\/uploads\/2021\/12\/20211206-14h-24m-P1350045-768x577.jpg 768w\" sizes=\"auto, (max-width: 1024px) 100vw, 1024px\" \/><\/a><\/figure><\/li><li class=\"blocks-gallery-item\"><figure><a href=\"https:\/\/kerste.de\/?attachment_id=13269#main\"><img loading=\"lazy\" decoding=\"async\" width=\"1024\" height=\"769\" src=\"https:\/\/kerste.de\/wp-content\/uploads\/2021\/12\/20211206-14h-39m-P1350047.jpg\" alt=\"\" data-id=\"13269\" data-full-url=\"https:\/\/kerste.de\/wp-content\/uploads\/2021\/12\/20211206-14h-39m-P1350047.jpg\" data-link=\"https:\/\/kerste.de\/?attachment_id=13269#main\" class=\"wp-image-13269\" srcset=\"https:\/\/kerste.de\/wp-content\/uploads\/2021\/12\/20211206-14h-39m-P1350047.jpg 1024w, https:\/\/kerste.de\/wp-content\/uploads\/2021\/12\/20211206-14h-39m-P1350047-300x225.jpg 300w, https:\/\/kerste.de\/wp-content\/uploads\/2021\/12\/20211206-14h-39m-P1350047-768x577.jpg 768w\" sizes=\"auto, (max-width: 1024px) 100vw, 1024px\" \/><\/a><\/figure><\/li><li class=\"blocks-gallery-item\"><figure><a href=\"https:\/\/kerste.de\/?attachment_id=13272#main\"><img loading=\"lazy\" decoding=\"async\" width=\"1024\" height=\"768\" src=\"https:\/\/kerste.de\/wp-content\/uploads\/2021\/12\/20211206-14h-49m-IMG_8171.jpg\" alt=\"\" data-id=\"13272\" data-full-url=\"https:\/\/kerste.de\/wp-content\/uploads\/2021\/12\/20211206-14h-49m-IMG_8171.jpg\" data-link=\"https:\/\/kerste.de\/?attachment_id=13272#main\" class=\"wp-image-13272\" srcset=\"https:\/\/kerste.de\/wp-content\/uploads\/2021\/12\/20211206-14h-49m-IMG_8171.jpg 1024w, https:\/\/kerste.de\/wp-content\/uploads\/2021\/12\/20211206-14h-49m-IMG_8171-300x225.jpg 300w, https:\/\/kerste.de\/wp-content\/uploads\/2021\/12\/20211206-14h-49m-IMG_8171-768x576.jpg 768w\" sizes=\"auto, (max-width: 1024px) 100vw, 1024px\" \/><\/a><\/figure><\/li><li class=\"blocks-gallery-item\"><figure><a href=\"https:\/\/kerste.de\/?attachment_id=13271#main\"><img loading=\"lazy\" decoding=\"async\" width=\"1024\" height=\"768\" src=\"https:\/\/kerste.de\/wp-content\/uploads\/2021\/12\/20211206-14h-46m-IMG_8170.jpg\" alt=\"\" data-id=\"13271\" data-full-url=\"https:\/\/kerste.de\/wp-content\/uploads\/2021\/12\/20211206-14h-46m-IMG_8170.jpg\" data-link=\"https:\/\/kerste.de\/?attachment_id=13271#main\" class=\"wp-image-13271\" srcset=\"https:\/\/kerste.de\/wp-content\/uploads\/2021\/12\/20211206-14h-46m-IMG_8170.jpg 1024w, https:\/\/kerste.de\/wp-content\/uploads\/2021\/12\/20211206-14h-46m-IMG_8170-300x225.jpg 300w, https:\/\/kerste.de\/wp-content\/uploads\/2021\/12\/20211206-14h-46m-IMG_8170-768x576.jpg 768w\" sizes=\"auto, (max-width: 1024px) 100vw, 1024px\" \/><\/a><\/figure><\/li><li class=\"blocks-gallery-item\"><figure><a href=\"https:\/\/kerste.de\/?attachment_id=13274#main\"><img loading=\"lazy\" decoding=\"async\" width=\"1024\" height=\"769\" src=\"https:\/\/kerste.de\/wp-content\/uploads\/2021\/12\/20211206-14h-53m-P1350060.jpg\" alt=\"\" data-id=\"13274\" data-full-url=\"https:\/\/kerste.de\/wp-content\/uploads\/2021\/12\/20211206-14h-53m-P1350060.jpg\" data-link=\"https:\/\/kerste.de\/?attachment_id=13274#main\" class=\"wp-image-13274\" srcset=\"https:\/\/kerste.de\/wp-content\/uploads\/2021\/12\/20211206-14h-53m-P1350060.jpg 1024w, https:\/\/kerste.de\/wp-content\/uploads\/2021\/12\/20211206-14h-53m-P1350060-300x225.jpg 300w, https:\/\/kerste.de\/wp-content\/uploads\/2021\/12\/20211206-14h-53m-P1350060-768x577.jpg 768w\" sizes=\"auto, (max-width: 1024px) 100vw, 1024px\" \/><\/a><\/figure><\/li><li class=\"blocks-gallery-item\"><figure><a href=\"https:\/\/kerste.de\/?attachment_id=13275#main\"><img loading=\"lazy\" decoding=\"async\" width=\"1024\" height=\"768\" src=\"https:\/\/kerste.de\/wp-content\/uploads\/2021\/12\/20211206-14h-57m-IMG_8177.jpg\" alt=\"\" data-id=\"13275\" data-full-url=\"https:\/\/kerste.de\/wp-content\/uploads\/2021\/12\/20211206-14h-57m-IMG_8177.jpg\" data-link=\"https:\/\/kerste.de\/?attachment_id=13275#main\" class=\"wp-image-13275\" srcset=\"https:\/\/kerste.de\/wp-content\/uploads\/2021\/12\/20211206-14h-57m-IMG_8177.jpg 1024w, https:\/\/kerste.de\/wp-content\/uploads\/2021\/12\/20211206-14h-57m-IMG_8177-300x225.jpg 300w, https:\/\/kerste.de\/wp-content\/uploads\/2021\/12\/20211206-14h-57m-IMG_8177-768x576.jpg 768w\" sizes=\"auto, (max-width: 1024px) 100vw, 1024px\" \/><\/a><\/figure><\/li><li class=\"blocks-gallery-item\"><figure><a href=\"https:\/\/kerste.de\/?attachment_id=13276#main\"><img loading=\"lazy\" decoding=\"async\" width=\"1024\" height=\"769\" src=\"https:\/\/kerste.de\/wp-content\/uploads\/2021\/12\/20211206-14h-57m-P1350063.jpg\" alt=\"\" data-id=\"13276\" data-full-url=\"https:\/\/kerste.de\/wp-content\/uploads\/2021\/12\/20211206-14h-57m-P1350063.jpg\" data-link=\"https:\/\/kerste.de\/?attachment_id=13276#main\" class=\"wp-image-13276\" srcset=\"https:\/\/kerste.de\/wp-content\/uploads\/2021\/12\/20211206-14h-57m-P1350063.jpg 1024w, https:\/\/kerste.de\/wp-content\/uploads\/2021\/12\/20211206-14h-57m-P1350063-300x225.jpg 300w, https:\/\/kerste.de\/wp-content\/uploads\/2021\/12\/20211206-14h-57m-P1350063-768x577.jpg 768w\" sizes=\"auto, (max-width: 1024px) 100vw, 1024px\" \/><\/a><\/figure><\/li><li class=\"blocks-gallery-item\"><figure><a href=\"https:\/\/kerste.de\/?attachment_id=13280#main\"><img loading=\"lazy\" decoding=\"async\" width=\"1024\" height=\"769\" src=\"https:\/\/kerste.de\/wp-content\/uploads\/2021\/12\/20211206-15h-27m-P1350082.jpg\" alt=\"\" data-id=\"13280\" data-full-url=\"https:\/\/kerste.de\/wp-content\/uploads\/2021\/12\/20211206-15h-27m-P1350082.jpg\" data-link=\"https:\/\/kerste.de\/?attachment_id=13280#main\" class=\"wp-image-13280\" srcset=\"https:\/\/kerste.de\/wp-content\/uploads\/2021\/12\/20211206-15h-27m-P1350082.jpg 1024w, https:\/\/kerste.de\/wp-content\/uploads\/2021\/12\/20211206-15h-27m-P1350082-300x225.jpg 300w, https:\/\/kerste.de\/wp-content\/uploads\/2021\/12\/20211206-15h-27m-P1350082-768x577.jpg 768w\" sizes=\"auto, (max-width: 1024px) 100vw, 1024px\" \/><\/a><\/figure><\/li><li class=\"blocks-gallery-item\"><figure><a href=\"https:\/\/kerste.de\/?attachment_id=13279#main\"><img loading=\"lazy\" decoding=\"async\" width=\"769\" height=\"1024\" src=\"https:\/\/kerste.de\/wp-content\/uploads\/2021\/12\/20211206-15h-24m-P1350081.jpg\" alt=\"\" data-id=\"13279\" data-full-url=\"https:\/\/kerste.de\/wp-content\/uploads\/2021\/12\/20211206-15h-24m-P1350081.jpg\" data-link=\"https:\/\/kerste.de\/?attachment_id=13279#main\" class=\"wp-image-13279\" srcset=\"https:\/\/kerste.de\/wp-content\/uploads\/2021\/12\/20211206-15h-24m-P1350081.jpg 769w, https:\/\/kerste.de\/wp-content\/uploads\/2021\/12\/20211206-15h-24m-P1350081-225x300.jpg 225w\" sizes=\"auto, (max-width: 769px) 100vw, 769px\" \/><\/a><\/figure><\/li><li class=\"blocks-gallery-item\"><figure><a href=\"https:\/\/kerste.de\/?attachment_id=13282#main\"><img loading=\"lazy\" decoding=\"async\" width=\"1024\" height=\"769\" src=\"https:\/\/kerste.de\/wp-content\/uploads\/2021\/12\/20211206-15h-37m-P1350091.jpg\" alt=\"\" data-id=\"13282\" data-full-url=\"https:\/\/kerste.de\/wp-content\/uploads\/2021\/12\/20211206-15h-37m-P1350091.jpg\" data-link=\"https:\/\/kerste.de\/?attachment_id=13282#main\" class=\"wp-image-13282\" srcset=\"https:\/\/kerste.de\/wp-content\/uploads\/2021\/12\/20211206-15h-37m-P1350091.jpg 1024w, https:\/\/kerste.de\/wp-content\/uploads\/2021\/12\/20211206-15h-37m-P1350091-300x225.jpg 300w, https:\/\/kerste.de\/wp-content\/uploads\/2021\/12\/20211206-15h-37m-P1350091-768x577.jpg 768w\" sizes=\"auto, (max-width: 1024px) 100vw, 1024px\" \/><\/a><\/figure><\/li><\/ul><figcaption class=\"blocks-gallery-caption\"><em>Immer wieder sch\u00f6n: Troms\u00f8.<\/em><\/figcaption><\/figure>\n\n\n\n<p>Troms\u00f8, das &#8220;Paris des Nordens&#8221;, ist immer noch meine Lieblingsstadt auf der Route. Leider wird Urlaub hier gerade immer unbezahlbarer, obwohl ein Hotel nach dem anderen aus dem Boden gestampft wird. Das Gute daran, wenn man einen Ort schon kennt: Man kann ihn ganz entspannt besuchen. Wir enden im Yonas, einer Pizzeria am Hafen. Bestellt und gleich auch bezahlt wird per QR-Code und Webseite, mit Kredikarte oder Apple Pay. Man braucht in Norwegen wirklich kein Bargeld mehr. Die Pizza ist eine willkommene Abwechslung zur gehobeneren Schiffsk\u00fcche.<\/p>\n\n\n\n<div class=\"wp-block-image\"><figure class=\"alignright size-medium\"><a href=\"https:\/\/kerste.de\/?attachment_id=13283#main\"><img loading=\"lazy\" decoding=\"async\" width=\"300\" height=\"225\" src=\"https:\/\/kerste.de\/wp-content\/uploads\/2021\/12\/20211206-17h-09m-IMG_8189-300x225.jpg\" alt=\"\" class=\"wp-image-13283\" srcset=\"https:\/\/kerste.de\/wp-content\/uploads\/2021\/12\/20211206-17h-09m-IMG_8189-300x225.jpg 300w, https:\/\/kerste.de\/wp-content\/uploads\/2021\/12\/20211206-17h-09m-IMG_8189-768x576.jpg 768w, https:\/\/kerste.de\/wp-content\/uploads\/2021\/12\/20211206-17h-09m-IMG_8189.jpg 1024w\" sizes=\"auto, (max-width: 300px) 100vw, 300px\" \/><\/a><\/figure><\/div>\n\n\n\n<p>Und auf dem R\u00fcckweg zum Schiff: Polarlicht \u00fcber dem Hafen. Der Bogen ist \u00fcber der Stadt sichtbar; die Ausfl\u00fcgler bei der Hundeschlittensafari sehen in deutlich gr\u00fcn \u00fcber sich, wie sie sp\u00e4ter erz\u00e4hlen. Genau wie beim Sternegucken ist ein dunkler Himmel wichtig, um das Polarlicht gut zu sehen.<\/p>\n\n\n\n<p>Es war also wieder eine weise Entscheidung, das Abendessen vom Schiffsrestaurant nach Troms\u00f8 zu verlegen. Sogar das Schiff macht eine Durchsage, bevor wir ablegen \u2013 trotz Essenszeit. Da unsere Sitzung noch vor der Abfahrt beginnt, kann man aber bei Bedarf vorher essen.<\/p>\n\n\n\n<p>Wir bauen trotzdem eine Kamera auf, wann hat man schon einmal Polarlicht \u00fcber Troms\u00f8? In den letzten Jahren war hier gerne bedeckter Himmel, und auf der Herfahrt sah es auch eher nach Wolken aus.<\/p>\n\n\n\n<p>Sch\u00f6n, dass Troms\u00f8 doch noch funktioniert.<\/p>\n\n\n\n<figure class=\"wp-block-gallery columns-3 is-cropped wp-block-gallery-3 is-layout-flex wp-block-gallery-is-layout-flex\"><ul class=\"blocks-gallery-grid\"><li class=\"blocks-gallery-item\"><figure><a href=\"https:\/\/kerste.de\/?attachment_id=13285#main\"><img loading=\"lazy\" decoding=\"async\" width=\"1024\" height=\"683\" src=\"https:\/\/kerste.de\/wp-content\/uploads\/2021\/12\/20211206-17h-59m-DSC_5978.jpg\" alt=\"\" data-id=\"13285\" data-full-url=\"https:\/\/kerste.de\/wp-content\/uploads\/2021\/12\/20211206-17h-59m-DSC_5978.jpg\" data-link=\"https:\/\/kerste.de\/?attachment_id=13285#main\" class=\"wp-image-13285\" srcset=\"https:\/\/kerste.de\/wp-content\/uploads\/2021\/12\/20211206-17h-59m-DSC_5978.jpg 1024w, https:\/\/kerste.de\/wp-content\/uploads\/2021\/12\/20211206-17h-59m-DSC_5978-300x200.jpg 300w, https:\/\/kerste.de\/wp-content\/uploads\/2021\/12\/20211206-17h-59m-DSC_5978-768x512.jpg 768w\" sizes=\"auto, (max-width: 1024px) 100vw, 1024px\" \/><\/a><\/figure><\/li><li class=\"blocks-gallery-item\"><figure><a href=\"https:\/\/kerste.de\/?attachment_id=13284#main\"><img loading=\"lazy\" decoding=\"async\" width=\"1024\" height=\"683\" src=\"https:\/\/kerste.de\/wp-content\/uploads\/2021\/12\/20211206-17h-52m-DSC_5788.jpg\" alt=\"\" data-id=\"13284\" data-full-url=\"https:\/\/kerste.de\/wp-content\/uploads\/2021\/12\/20211206-17h-52m-DSC_5788.jpg\" data-link=\"https:\/\/kerste.de\/?attachment_id=13284#main\" class=\"wp-image-13284\" srcset=\"https:\/\/kerste.de\/wp-content\/uploads\/2021\/12\/20211206-17h-52m-DSC_5788.jpg 1024w, https:\/\/kerste.de\/wp-content\/uploads\/2021\/12\/20211206-17h-52m-DSC_5788-300x200.jpg 300w, https:\/\/kerste.de\/wp-content\/uploads\/2021\/12\/20211206-17h-52m-DSC_5788-768x512.jpg 768w\" sizes=\"auto, (max-width: 1024px) 100vw, 1024px\" \/><\/a><\/figure><\/li><li class=\"blocks-gallery-item\"><figure><a href=\"https:\/\/kerste.de\/?attachment_id=13286#main\"><img loading=\"lazy\" decoding=\"async\" width=\"683\" height=\"1024\" src=\"https:\/\/kerste.de\/wp-content\/uploads\/2021\/12\/20211206-18h-04m-DSC_6086.jpg\" alt=\"\" data-id=\"13286\" data-full-url=\"https:\/\/kerste.de\/wp-content\/uploads\/2021\/12\/20211206-18h-04m-DSC_6086.jpg\" data-link=\"https:\/\/kerste.de\/?attachment_id=13286#main\" class=\"wp-image-13286\" srcset=\"https:\/\/kerste.de\/wp-content\/uploads\/2021\/12\/20211206-18h-04m-DSC_6086.jpg 683w, https:\/\/kerste.de\/wp-content\/uploads\/2021\/12\/20211206-18h-04m-DSC_6086-200x300.jpg 200w\" sizes=\"auto, (max-width: 683px) 100vw, 683px\" \/><\/a><\/figure><\/li><\/ul><\/figure>\n\n\n\n<p>Ein Zeitraffer musste davon nat\u00fcrlich auch noch sein:<\/p>\n\n\n\n<figure class=\"wp-block-embed aligncenter is-type-rich is-provider-twitter wp-block-embed-twitter\"><div class=\"wp-block-embed__wrapper\">\n<blockquote class=\"twitter-tweet\" data-width=\"550\" data-dnt=\"true\"><p lang=\"de\" dir=\"ltr\"><a href=\"https:\/\/twitter.com\/hashtag\/Polarlicht?src=hash&amp;ref_src=twsrc%5Etfw\">#Polarlicht<\/a> in <a href=\"https:\/\/twitter.com\/hashtag\/Troms%C3%B8?src=hash&amp;ref_src=twsrc%5Etfw\">#Troms\u00f8<\/a> ist auch eher selten. Das gestern konnte sich gegen das Stadtlicht durchsetzen. Sehr chic. <a href=\"https:\/\/t.co\/flUKGUlrYP\">pic.twitter.com\/flUKGUlrYP<\/a><\/p>&mdash; Alexander Kerste (@AlexKerste) <a href=\"https:\/\/twitter.com\/AlexKerste\/status\/1468199417509462022?ref_src=twsrc%5Etfw\">December 7, 2021<\/a><\/blockquote><script async src=\"https:\/\/platform.twitter.com\/widgets.js\" charset=\"utf-8\"><\/script>\n<\/div><\/figure>\n\n\n\n<p>F\u00fcr Volker und mich bedeutete das eine lange, kalte Nacht: Ab Troms\u00f8 stehen wir an Deck und fahren ziemlich genau am Rand einer Wolkendecke entlang \u2013 mit klarer Sicht bis etwa eine Stunde vor Skjerv\u00f8y. Das bedeutet \u00fcber drei Stunden Polarlicht, vom deutlichen, blassgr\u00fcnen Band zu zahlreichen breiten, hellen B\u00e4ndern, die immer wieder kurz vor dem gro\u00dfen Ausbruch stehen und im Sonnenwind flattern. Und dann, als wir uns den Wolken n\u00e4hern, wird sie wieder heller, und es gibt kurze T\u00e4nze und bessere Farben: Das ist das, wir sehen wollen!<\/p>\n\n\n\n<figure class=\"wp-block-gallery columns-3 is-cropped wp-block-gallery-4 is-layout-flex wp-block-gallery-is-layout-flex\"><ul class=\"blocks-gallery-grid\"><li class=\"blocks-gallery-item\"><figure><a href=\"https:\/\/kerste.de\/?attachment_id=13292#main\"><img loading=\"lazy\" decoding=\"async\" width=\"769\" height=\"1024\" src=\"https:\/\/kerste.de\/wp-content\/uploads\/2021\/12\/20211206-19h-14m-P1350289.jpg\" alt=\"\" data-id=\"13292\" data-full-url=\"https:\/\/kerste.de\/wp-content\/uploads\/2021\/12\/20211206-19h-14m-P1350289.jpg\" data-link=\"https:\/\/kerste.de\/?attachment_id=13292#main\" class=\"wp-image-13292\" srcset=\"https:\/\/kerste.de\/wp-content\/uploads\/2021\/12\/20211206-19h-14m-P1350289.jpg 769w, https:\/\/kerste.de\/wp-content\/uploads\/2021\/12\/20211206-19h-14m-P1350289-225x300.jpg 225w\" sizes=\"auto, (max-width: 769px) 100vw, 769px\" \/><\/a><\/figure><\/li><li class=\"blocks-gallery-item\"><figure><a href=\"https:\/\/kerste.de\/?attachment_id=13294#main\"><img loading=\"lazy\" decoding=\"async\" width=\"1024\" height=\"769\" src=\"https:\/\/kerste.de\/wp-content\/uploads\/2021\/12\/20211206-19h-53m-P1350311.jpg\" alt=\"\" data-id=\"13294\" data-full-url=\"https:\/\/kerste.de\/wp-content\/uploads\/2021\/12\/20211206-19h-53m-P1350311.jpg\" data-link=\"https:\/\/kerste.de\/?attachment_id=13294#main\" class=\"wp-image-13294\" srcset=\"https:\/\/kerste.de\/wp-content\/uploads\/2021\/12\/20211206-19h-53m-P1350311.jpg 1024w, https:\/\/kerste.de\/wp-content\/uploads\/2021\/12\/20211206-19h-53m-P1350311-300x225.jpg 300w, https:\/\/kerste.de\/wp-content\/uploads\/2021\/12\/20211206-19h-53m-P1350311-768x577.jpg 768w\" sizes=\"auto, (max-width: 1024px) 100vw, 1024px\" \/><\/a><\/figure><\/li><li class=\"blocks-gallery-item\"><figure><a href=\"https:\/\/kerste.de\/?attachment_id=13297#main\"><img loading=\"lazy\" decoding=\"async\" width=\"1024\" height=\"769\" src=\"https:\/\/kerste.de\/wp-content\/uploads\/2021\/12\/20211206-20h-10m-P1350496.jpg\" alt=\"\" data-id=\"13297\" data-full-url=\"https:\/\/kerste.de\/wp-content\/uploads\/2021\/12\/20211206-20h-10m-P1350496.jpg\" data-link=\"https:\/\/kerste.de\/?attachment_id=13297#main\" class=\"wp-image-13297\" srcset=\"https:\/\/kerste.de\/wp-content\/uploads\/2021\/12\/20211206-20h-10m-P1350496.jpg 1024w, https:\/\/kerste.de\/wp-content\/uploads\/2021\/12\/20211206-20h-10m-P1350496-300x225.jpg 300w, https:\/\/kerste.de\/wp-content\/uploads\/2021\/12\/20211206-20h-10m-P1350496-768x577.jpg 768w\" sizes=\"auto, (max-width: 1024px) 100vw, 1024px\" \/><\/a><\/figure><\/li><li class=\"blocks-gallery-item\"><figure><a href=\"https:\/\/kerste.de\/?attachment_id=13301#main\"><img loading=\"lazy\" decoding=\"async\" width=\"1024\" height=\"769\" src=\"https:\/\/kerste.de\/wp-content\/uploads\/2021\/12\/20211206-20h-13m-P1350552.jpg\" alt=\"\" data-id=\"13301\" data-full-url=\"https:\/\/kerste.de\/wp-content\/uploads\/2021\/12\/20211206-20h-13m-P1350552.jpg\" data-link=\"https:\/\/kerste.de\/?attachment_id=13301#main\" class=\"wp-image-13301\" srcset=\"https:\/\/kerste.de\/wp-content\/uploads\/2021\/12\/20211206-20h-13m-P1350552.jpg 1024w, https:\/\/kerste.de\/wp-content\/uploads\/2021\/12\/20211206-20h-13m-P1350552-300x225.jpg 300w, https:\/\/kerste.de\/wp-content\/uploads\/2021\/12\/20211206-20h-13m-P1350552-768x577.jpg 768w\" sizes=\"auto, (max-width: 1024px) 100vw, 1024px\" \/><\/a><\/figure><\/li><li class=\"blocks-gallery-item\"><figure><a href=\"https:\/\/kerste.de\/?attachment_id=13303#main\"><img loading=\"lazy\" decoding=\"async\" width=\"1024\" height=\"769\" src=\"https:\/\/kerste.de\/wp-content\/uploads\/2021\/12\/20211206-20h-16m-P1350615.jpg\" alt=\"\" data-id=\"13303\" data-full-url=\"https:\/\/kerste.de\/wp-content\/uploads\/2021\/12\/20211206-20h-16m-P1350615.jpg\" data-link=\"https:\/\/kerste.de\/?attachment_id=13303#main\" class=\"wp-image-13303\" srcset=\"https:\/\/kerste.de\/wp-content\/uploads\/2021\/12\/20211206-20h-16m-P1350615.jpg 1024w, https:\/\/kerste.de\/wp-content\/uploads\/2021\/12\/20211206-20h-16m-P1350615-300x225.jpg 300w, https:\/\/kerste.de\/wp-content\/uploads\/2021\/12\/20211206-20h-16m-P1350615-768x577.jpg 768w\" sizes=\"auto, (max-width: 1024px) 100vw, 1024px\" \/><\/a><\/figure><\/li><li class=\"blocks-gallery-item\"><figure><a href=\"https:\/\/kerste.de\/?attachment_id=13304#main\"><img loading=\"lazy\" decoding=\"async\" width=\"1024\" height=\"769\" src=\"https:\/\/kerste.de\/wp-content\/uploads\/2021\/12\/20211206-20h-17m-P1350644.jpg\" alt=\"\" data-id=\"13304\" data-full-url=\"https:\/\/kerste.de\/wp-content\/uploads\/2021\/12\/20211206-20h-17m-P1350644.jpg\" data-link=\"https:\/\/kerste.de\/?attachment_id=13304#main\" class=\"wp-image-13304\" srcset=\"https:\/\/kerste.de\/wp-content\/uploads\/2021\/12\/20211206-20h-17m-P1350644.jpg 1024w, https:\/\/kerste.de\/wp-content\/uploads\/2021\/12\/20211206-20h-17m-P1350644-300x225.jpg 300w, https:\/\/kerste.de\/wp-content\/uploads\/2021\/12\/20211206-20h-17m-P1350644-768x577.jpg 768w\" sizes=\"auto, (max-width: 1024px) 100vw, 1024px\" \/><\/a><\/figure><\/li><li class=\"blocks-gallery-item\"><figure><a href=\"https:\/\/kerste.de\/?attachment_id=13307#main\"><img loading=\"lazy\" decoding=\"async\" width=\"1024\" height=\"769\" src=\"https:\/\/kerste.de\/wp-content\/uploads\/2021\/12\/20211206-20h-20m-P1350719.jpg\" alt=\"\" data-id=\"13307\" data-full-url=\"https:\/\/kerste.de\/wp-content\/uploads\/2021\/12\/20211206-20h-20m-P1350719.jpg\" data-link=\"https:\/\/kerste.de\/?attachment_id=13307#main\" class=\"wp-image-13307\" srcset=\"https:\/\/kerste.de\/wp-content\/uploads\/2021\/12\/20211206-20h-20m-P1350719.jpg 1024w, https:\/\/kerste.de\/wp-content\/uploads\/2021\/12\/20211206-20h-20m-P1350719-300x225.jpg 300w, https:\/\/kerste.de\/wp-content\/uploads\/2021\/12\/20211206-20h-20m-P1350719-768x577.jpg 768w\" sizes=\"auto, (max-width: 1024px) 100vw, 1024px\" \/><\/a><\/figure><\/li><li class=\"blocks-gallery-item\"><figure><a href=\"https:\/\/kerste.de\/?attachment_id=13309#main\"><img loading=\"lazy\" decoding=\"async\" width=\"1024\" height=\"769\" src=\"https:\/\/kerste.de\/wp-content\/uploads\/2021\/12\/20211206-20h-21m-P1350743.jpg\" alt=\"\" data-id=\"13309\" data-full-url=\"https:\/\/kerste.de\/wp-content\/uploads\/2021\/12\/20211206-20h-21m-P1350743.jpg\" data-link=\"https:\/\/kerste.de\/?attachment_id=13309#main\" class=\"wp-image-13309\" srcset=\"https:\/\/kerste.de\/wp-content\/uploads\/2021\/12\/20211206-20h-21m-P1350743.jpg 1024w, https:\/\/kerste.de\/wp-content\/uploads\/2021\/12\/20211206-20h-21m-P1350743-300x225.jpg 300w, https:\/\/kerste.de\/wp-content\/uploads\/2021\/12\/20211206-20h-21m-P1350743-768x577.jpg 768w\" sizes=\"auto, (max-width: 1024px) 100vw, 1024px\" \/><\/a><\/figure><\/li><li class=\"blocks-gallery-item\"><figure><a href=\"https:\/\/kerste.de\/?attachment_id=13310#main\"><img loading=\"lazy\" decoding=\"async\" width=\"1024\" height=\"768\" src=\"https:\/\/kerste.de\/wp-content\/uploads\/2021\/12\/20211206-20h-22m-IMG_8206.jpg\" alt=\"\" data-id=\"13310\" data-full-url=\"https:\/\/kerste.de\/wp-content\/uploads\/2021\/12\/20211206-20h-22m-IMG_8206.jpg\" data-link=\"https:\/\/kerste.de\/?attachment_id=13310#main\" class=\"wp-image-13310\" srcset=\"https:\/\/kerste.de\/wp-content\/uploads\/2021\/12\/20211206-20h-22m-IMG_8206.jpg 1024w, https:\/\/kerste.de\/wp-content\/uploads\/2021\/12\/20211206-20h-22m-IMG_8206-300x225.jpg 300w, https:\/\/kerste.de\/wp-content\/uploads\/2021\/12\/20211206-20h-22m-IMG_8206-768x576.jpg 768w\" sizes=\"auto, (max-width: 1024px) 100vw, 1024px\" \/><\/a><\/figure><\/li><\/ul><\/figure>\n\n\n\n<p>Die Bilder oben stammen alle von meiner Panasonic G70, auch wenn die mit der K\u00e4lte zu k\u00e4mpfen hat und sich immer wieder aufh\u00e4ngt. Aber deshalb habe ich ja zwei Kameras: Die Panasonic, um flexibel zu sein, und die Nikon D7100, die an der Reling Zeitraffer macht. Neu ist die Handy-Kamera, die sich jetzt auch wacker schl\u00e4gt \u2013 besser als meine Thermosohlen jedenfalls&#8230;<\/p>\n\n\n\n<div class=\"wp-block-image\"><figure class=\"alignright size-medium\"><a href=\"https:\/\/kerste.de\/?attachment_id=13311#main\"><img loading=\"lazy\" decoding=\"async\" width=\"300\" height=\"225\" src=\"https:\/\/kerste.de\/wp-content\/uploads\/2021\/12\/20211206-22h-23m-IMG_8218-300x225.jpg\" alt=\"\" class=\"wp-image-13311\" srcset=\"https:\/\/kerste.de\/wp-content\/uploads\/2021\/12\/20211206-22h-23m-IMG_8218-300x225.jpg 300w, https:\/\/kerste.de\/wp-content\/uploads\/2021\/12\/20211206-22h-23m-IMG_8218-768x576.jpg 768w, https:\/\/kerste.de\/wp-content\/uploads\/2021\/12\/20211206-22h-23m-IMG_8218.jpg 1024w\" sizes=\"auto, (max-width: 300px) 100vw, 300px\" \/><\/a><figcaption><em>Skjerv\u00f8y<\/em><\/figcaption><\/figure><\/div>\n\n\n\n<p>Schade nur, dass wir weitestgehend alleine an Deck sind, trotz Durchsagen. Aber im Vortragsraum laufen Filme \u00fcber Spitzbergen und Antarktis, die man ja nicht verpassen darf (Die Filmkritik sagt sp\u00e4ter: Das waren <em>\u00fcberhaupt<\/em> keine Hurtigruten-Werbefilme, <em>neiiin<\/em>). Wie dem auch sei, keiner ist allzu b\u00f6se (wenn auch vielleicht traurig), als die Polarlichtaktivit\u00e4t nachl\u00e4sst und die Wolken kommen. Es wird nicht w\u00e4rmer&#8230; Ich habe eine 32 GB Karte vollgemacht (p\u00fcnktlich zur st\u00e4rkeren Aktivit\u00e4t \u2013 dann schaue ich es halt einfach so an), und auf der Nikon sind noch zwei von 128 GB frei. <\/p>\n\n\n\n<p>Das Ende des Polarlichts fiel \u00fcbrigens ziemlich genau mit der Schiffsbegegnung mit der s\u00fcdgehenden Richard With zusammen (bei der keine brauchbaren Fotos). In Skjerv\u00f8y schaue ich noch kurz an Deck f\u00fcr ein paar schnelle Handy-Fotos, danach geht es in die Kabine, aufw\u00e4rmen und Bilder \u00fcberspielen und bearbeiten.<\/p>\n\n\n\n<p>Das gibt eine lange Nacht, vor allem, weil LRTimelapse nicht mehr startet und ich es morgens um 2 Uhr noch neu installieren darf&#8230; Aber das Ergebnis ist doch ganz nett:<\/p>\n\n\n\n<figure class=\"wp-block-embed is-type-rich is-provider-twitter wp-block-embed-twitter\"><div class=\"wp-block-embed__wrapper\">\n<blockquote class=\"twitter-tweet\" data-width=\"550\" data-dnt=\"true\"><p lang=\"de\" dir=\"ltr\">Und last not least die Fahrt von Trom\u00f8s Richtung Skjerv\u00f8y, wo uns dann Wolken erwarteten. Langsame, aber eindrucksvolle Show. <a href=\"https:\/\/t.co\/8Qq4I8cmUC\">pic.twitter.com\/8Qq4I8cmUC<\/a><\/p>&mdash; Alexander Kerste (@AlexKerste) <a href=\"https:\/\/twitter.com\/AlexKerste\/status\/1468199919156617217?ref_src=twsrc%5Etfw\">December 7, 2021<\/a><\/blockquote><script async src=\"https:\/\/platform.twitter.com\/widgets.js\" charset=\"utf-8\"><\/script>\n<\/div><\/figure>\n\n\n\n<p><\/p>\n<div class=\"shariff shariff-align-left shariff-widget-align-left\"><ul class=\"shariff-buttons theme-white orientation-horizontal buttonsize-small\"><li class=\"shariff-button twitter shariff-nocustomcolor\" style=\"background-color:#595959\"><a href=\"https:\/\/twitter.com\/share?url=https%3A%2F%2Fkerste.de%2F%3Fp%3D13257&text=Hurtigrute%20Tag%205%3A%20Troms%C3%B8\" title=\"Bei X teilen\" aria-label=\"Bei X teilen\" role=\"button\" rel=\"noopener nofollow\" class=\"shariff-link\" style=\"; background-color:#000; color:#000\" target=\"_blank\"><span class=\"shariff-icon\" style=\"fill:#000\"><svg width=\"32px\" height=\"20px\" xmlns=\"http:\/\/www.w3.org\/2000\/svg\" viewBox=\"0 0 24 24\"><path fill=\"#000\" d=\"M14.258 10.152L23.176 0h-2.113l-7.747 8.813L7.133 0H0l9.352 13.328L0 23.973h2.113l8.176-9.309 6.531 9.309h7.133zm-2.895 3.293l-.949-1.328L2.875 1.56h3.246l6.086 8.523.945 1.328 7.91 11.078h-3.246zm0 0\"\/><\/svg><\/span><span class=\"shariff-text\" style=\"color:#000\">teilen<\/span>&nbsp;<\/a><\/li><li class=\"shariff-button facebook shariff-nocustomcolor\" style=\"background-color:#4273c8\"><a href=\"https:\/\/www.facebook.com\/sharer\/sharer.php?u=https%3A%2F%2Fkerste.de%2F%3Fp%3D13257\" title=\"Bei Facebook teilen\" aria-label=\"Bei Facebook teilen\" role=\"button\" rel=\"nofollow\" class=\"shariff-link\" style=\"; background-color:#3b5998; color:#3b5998\" target=\"_blank\"><span class=\"shariff-icon\" style=\"fill:#3b5998\"><svg width=\"32px\" height=\"20px\" xmlns=\"http:\/\/www.w3.org\/2000\/svg\" viewBox=\"0 0 18 32\"><path fill=\"#3b5998\" d=\"M17.1 0.2v4.7h-2.8q-1.5 0-2.1 0.6t-0.5 1.9v3.4h5.2l-0.7 5.3h-4.5v13.6h-5.5v-13.6h-4.5v-5.3h4.5v-3.9q0-3.3 1.9-5.2t5-1.8q2.6 0 4.1 0.2z\"\/><\/svg><\/span><span class=\"shariff-text\" style=\"color:#3b5998\">teilen<\/span>&nbsp;<\/a><\/li><li class=\"shariff-button tumblr shariff-nocustomcolor\" style=\"background-color:#529ecc\"><a href=\"https:\/\/www.tumblr.com\/widgets\/share\/tool?posttype=link&canonicalUrl=https%3A%2F%2Fkerste.de%2F%3Fp%3D13257&tags=kerste.de\" title=\"Bei tumblr teilen\" aria-label=\"Bei tumblr teilen\" role=\"button\" rel=\"noopener nofollow\" class=\"shariff-link\" style=\"; background-color:#36465d; color:#36465d\" target=\"_blank\"><span class=\"shariff-icon\" style=\"fill:#36465d\"><svg width=\"32px\" height=\"20px\" xmlns=\"http:\/\/www.w3.org\/2000\/svg\" viewBox=\"0 0 32 32\"><path fill=\"#36465d\" d=\"M18 14l0 7.3c0 1.9 0 2.9 0.2 3.5 0.2 0.5 0.7 1.1 1.2 1.4 0.7 0.4 1.5 0.6 2.4 0.6 1.6 0 2.6-0.2 4.2-1.3v4.8c-1.4 0.6-2.6 1-3.7 1.3-1.1 0.3-2.3 0.4-3.6 0.4-1.5 0-2.3-0.2-3.4-0.6-1.1-0.4-2.1-0.9-2.9-1.6-0.8-0.7-1.3-1.4-1.7-2.2s-0.5-1.9-0.5-3.4v-11.2h-4.3v-4.5c1.3-0.4 2.7-1 3.6-1.8 0.9-0.8 1.6-1.7 2.2-2.7 0.5-1.1 0.9-2.4 1.1-4.1h5.2l0 8h8v6h-8z\"\/><\/svg><\/span><span class=\"shariff-text\" style=\"color:#36465d\">teilen<\/span>&nbsp;<\/a><\/li><li class=\"shariff-button info shariff-nocustomcolor\" style=\"background-color:#a8a8a8\"><a href=\"http:\/\/ct.de\/-2467514\" title=\"Weitere Informationen\" aria-label=\"Weitere Informationen\" role=\"button\" rel=\"noopener \" class=\"shariff-link\" style=\"; background-color:#999; color:#999\" target=\"_blank\"><span class=\"shariff-icon\" style=\"fill:#999\"><svg width=\"32px\" height=\"20px\" xmlns=\"http:\/\/www.w3.org\/2000\/svg\" viewBox=\"0 0 11 32\"><path fill=\"#999\" d=\"M11.4 24v2.3q0 0.5-0.3 0.8t-0.8 0.4h-9.1q-0.5 0-0.8-0.4t-0.4-0.8v-2.3q0-0.5 0.4-0.8t0.8-0.4h1.1v-6.8h-1.1q-0.5 0-0.8-0.4t-0.4-0.8v-2.3q0-0.5 0.4-0.8t0.8-0.4h6.8q0.5 0 0.8 0.4t0.4 0.8v10.3h1.1q0.5 0 0.8 0.4t0.3 0.8zM9.2 3.4v3.4q0 0.5-0.4 0.8t-0.8 0.4h-4.6q-0.4 0-0.8-0.4t-0.4-0.8v-3.4q0-0.4 0.4-0.8t0.8-0.4h4.6q0.5 0 0.8 0.4t0.4 0.8z\"\/><\/svg><\/span><\/a><\/li><\/ul><\/div>","protected":false},"excerpt":{"rendered":"<p>Der Plan f\u00fcr heute: Erst einmal ausschlafen. Klappt beinahe, irgendwann gegen acht bin ich wach und k\u00fcmmere mich um die ganzen Bilder, die \u00fcber Nacht zu einem Zeitraffer gerendert wurden. Das ist auch ganz gut so, da sich um halb neun die Zimmert\u00fcre \u00f6ffnet, ob meine Kabine gereinigt werden soll? Soviel zum Bitte-nicht-st\u00f6ren-Schild. Von Harstad [&hellip;]<\/p>\n","protected":false},"author":1,"featured_media":0,"comment_status":"open","ping_status":"open","sticky":false,"template":"","format":"standard","meta":{"footnotes":""},"categories":[417],"tags":[],"class_list":["post-13257","post","type-post","status-publish","format-standard","hentry","category-hurtigruten-2021-grp126"],"_links":{"self":[{"href":"https:\/\/kerste.de\/index.php?rest_route=\/wp\/v2\/posts\/13257","targetHints":{"allow":["GET"]}}],"collection":[{"href":"https:\/\/kerste.de\/index.php?rest_route=\/wp\/v2\/posts"}],"about":[{"href":"https:\/\/kerste.de\/index.php?rest_route=\/wp\/v2\/types\/post"}],"author":[{"embeddable":true,"href":"https:\/\/kerste.de\/index.php?rest_route=\/wp\/v2\/users\/1"}],"replies":[{"embeddable":true,"href":"https:\/\/kerste.de\/index.php?rest_route=%2Fwp%2Fv2%2Fcomments&post=13257"}],"version-history":[{"count":6,"href":"https:\/\/kerste.de\/index.php?rest_route=\/wp\/v2\/posts\/13257\/revisions"}],"predecessor-version":[{"id":13362,"href":"https:\/\/kerste.de\/index.php?rest_route=\/wp\/v2\/posts\/13257\/revisions\/13362"}],"wp:attachment":[{"href":"https:\/\/kerste.de\/index.php?rest_route=%2Fwp%2Fv2%2Fmedia&parent=13257"}],"wp:term":[{"taxonomy":"category","embeddable":true,"href":"https:\/\/kerste.de\/index.php?rest_route=%2Fwp%2Fv2%2Fcategories&post=13257"},{"taxonomy":"post_tag","embeddable":true,"href":"https:\/\/kerste.de\/index.php?rest_route=%2Fwp%2Fv2%2Ftags&post=13257"}],"curies":[{"name":"wp","href":"https:\/\/api.w.org\/{rel}","templated":true}]}}