{"id":130,"date":"2014-01-06T22:12:25","date_gmt":"2014-01-06T21:12:25","guid":{"rendered":"http:\/\/kerste.de\/?p=130"},"modified":"2014-02-07T22:34:44","modified_gmt":"2014-02-07T21:34:44","slug":"apps-unter-ios-manuell-uebertragen","status":"publish","type":"post","link":"https:\/\/kerste.de\/?p=130","title":{"rendered":"Apps unter iOS manuell \u00fcbertragen"},"content":{"rendered":"<p>Ich leg das mal hier ab, damit ich es bei Bedarf wiederfinde&#8230;<\/p>\n<div id=\"attachment_131\" style=\"width: 221px\" class=\"wp-caption alignright\"><a href=\"http:\/\/kerste.de\/wp-content\/uploads\/2014\/01\/Wetter-com.jpg\"><img loading=\"lazy\" decoding=\"async\" aria-describedby=\"caption-attachment-131\" class=\"size-full wp-image-131\" alt=\"Die alte Version der Wetter.com-App\" src=\"https:\/\/kerste.de\/wp-content\/uploads\/2014\/01\/Wetter-com.jpg\" width=\"211\" height=\"362\" srcset=\"https:\/\/kerste.de\/wp-content\/uploads\/2014\/01\/Wetter-com.jpg 211w, https:\/\/kerste.de\/wp-content\/uploads\/2014\/01\/Wetter-com-174x300.jpg 174w\" sizes=\"auto, (max-width: 211px) 100vw, 211px\" \/><\/a><p id=\"caption-attachment-131\" class=\"wp-caption-text\">Die alte Version der Wetter.com-App<\/p><\/div>\n<p>Alle reden \u00fcber das Wetter, ich auch: Die <a href=\"https:\/\/itunes.apple.com\/de\/app\/wetter.com\/id388938083?mt=8\" target=\"_blank\">App von Wetter.com<\/a> war mal sehr gut, bevor sie von den Programmierern ein Update erhalten hatte. Dummerweise war das kein Update, sondern eine v\u00f6llig neue App, die mit der Version eigentlich nichts mehr zu tun hatte, die ich mal gekauft hatte. Die neue Version ist extrem un\u00fcbersichtlich und bietet nur noch eine Vier-Tage-\u00dcbersicht &#8211; daf\u00fcr mehr Videos (Klasse im Land der Volumen-Tarife) und fette Facebook-Buttons (die immerhin jetzt verschwunden sind &#8211; aber mit dem Design, f\u00fcr das ich gezahlt hatte, hat sie trotzdem nichts mehr zu tun. Und warum sollte ich auf Facebook posten, wie das Wetter laut Prognose gerade ist? Wenn ich das will, stelle ich ein Foto ins Netz). Das hat Wetter.com nicht nur jede Menge schlechte Bewertungen gebracht, sondern auch mich dazu, mich etwas n\u00e4her mit iOS zu besch\u00e4ftigen &#8211; um die alte Version wieder auf das Handy zu kriegen.<\/p>\n<p>Die gute Nachricht: Es geht, auch wenn ich immer wieder vergesse, wie:-)<\/p>\n<p>Wichtig ist, dass man die Original-Version noch hat. Die Apps sind wohl an den iTunes-Account gebunden, aber das ist in diesem Fall kein Problem &#8211; bevor sie von Wetter.com verhunzt wurde, habe ich ja f\u00fcr die App bezahlt, die ich nutzen will. Nach der Synchronisierung mit dem iPhone ist die alte Version der App im M\u00fclleimer vom Mac zu finden. Also: Auf keinen Fall den M\u00fclleimer leeren! Wenn die Datei noch vorhanden ist, geht alles ganz einfach. Im Fall von Wetter.com hei\u00dft die Datei <em>Weather XXL 1.5.1.ipa.<\/em> Also: Diese Datei irgendwo sichern, und sei es auf dem Schreibtisch vom Mac.<\/p>\n<p>F\u00fcr das Downgrade am besten zuerst einmal die App vom iPhone l\u00f6schen (Icon lange gedr\u00fcckt halten, bis das x am Icon erscheint. Darauf tippen, und man ist die neue Version los.) Jetzt vielleicht kurz mit iTunes synchronisieren, damit auch iTunes wei\u00df, dass sie weg ist.<\/p>\n<div id=\"attachment_132\" style=\"width: 251px\" class=\"wp-caption alignleft\"><a href=\"http:\/\/kerste.de\/wp-content\/uploads\/2014\/01\/itunes.jpg\"><img loading=\"lazy\" decoding=\"async\" aria-describedby=\"caption-attachment-132\" class=\"size-full wp-image-132\" alt=\"Die Apps in der Mediathek\" src=\"https:\/\/kerste.de\/wp-content\/uploads\/2014\/01\/itunes.jpg\" width=\"241\" height=\"326\" srcset=\"https:\/\/kerste.de\/wp-content\/uploads\/2014\/01\/itunes.jpg 241w, https:\/\/kerste.de\/wp-content\/uploads\/2014\/01\/itunes-221x300.jpg 221w\" sizes=\"auto, (max-width: 241px) 100vw, 241px\" \/><\/a><p id=\"caption-attachment-132\" class=\"wp-caption-text\">Die Apps in der Mediathek<\/p><\/div>\n<p>Und jetzt der Trick, den ich immer vergesse: Die Apps sind in der Mediathek von iTunes versteckt. Also erst einmal in den Reiter Apps der Mediathek gehen und auch hier die ungew\u00fcnschte neue Version der App l\u00f6schen. Dann muss nur noch die alte Version der App in diesen Ordner kopiert werden und von dort auf das iPhone gezogen werden. Direkt vom Schreibtisch auf das iPhone ziehen geht nicht.<\/p>\n<p>Sch\u00f6n: Jailbreak oder \u00e4hnliche Kr\u00fccken sind daf\u00fcr nicht n\u00f6tig.<\/p>\n<p>Bl\u00f6d: Der AppStore jammert immer rum, dass es nun eine neue Version gibt. Also unbedingt die automatischen Updates von iOS abschalten und den AppStore vom HomeScreen auf einen Screen weiter hinten verschieben, damit das Update-Symbol nicht so nervt. Vielleicht l\u00e4sst Apple es ja irgendwann zu, einzelne Apps vom Update auszuschlie\u00dfen.<\/p>\n<div class=\"shariff shariff-align-left shariff-widget-align-left\"><ul class=\"shariff-buttons theme-white orientation-horizontal buttonsize-small\"><li class=\"shariff-button twitter shariff-nocustomcolor\" style=\"background-color:#595959\"><a href=\"https:\/\/twitter.com\/share?url=https%3A%2F%2Fkerste.de%2F%3Fp%3D130&text=Apps%20unter%20iOS%20manuell%20%C3%BCbertragen\" title=\"Bei X teilen\" aria-label=\"Bei X teilen\" role=\"button\" rel=\"noopener nofollow\" class=\"shariff-link\" style=\"; background-color:#000; color:#000\" target=\"_blank\"><span class=\"shariff-icon\" style=\"fill:#000\"><svg width=\"32px\" height=\"20px\" xmlns=\"http:\/\/www.w3.org\/2000\/svg\" viewBox=\"0 0 24 24\"><path fill=\"#000\" d=\"M14.258 10.152L23.176 0h-2.113l-7.747 8.813L7.133 0H0l9.352 13.328L0 23.973h2.113l8.176-9.309 6.531 9.309h7.133zm-2.895 3.293l-.949-1.328L2.875 1.56h3.246l6.086 8.523.945 1.328 7.91 11.078h-3.246zm0 0\"\/><\/svg><\/span><span class=\"shariff-text\" style=\"color:#000\">teilen<\/span>&nbsp;<\/a><\/li><li class=\"shariff-button facebook shariff-nocustomcolor\" style=\"background-color:#4273c8\"><a href=\"https:\/\/www.facebook.com\/sharer\/sharer.php?u=https%3A%2F%2Fkerste.de%2F%3Fp%3D130\" title=\"Bei Facebook teilen\" aria-label=\"Bei Facebook teilen\" role=\"button\" rel=\"nofollow\" class=\"shariff-link\" style=\"; background-color:#3b5998; color:#3b5998\" target=\"_blank\"><span class=\"shariff-icon\" style=\"fill:#3b5998\"><svg width=\"32px\" height=\"20px\" xmlns=\"http:\/\/www.w3.org\/2000\/svg\" viewBox=\"0 0 18 32\"><path fill=\"#3b5998\" d=\"M17.1 0.2v4.7h-2.8q-1.5 0-2.1 0.6t-0.5 1.9v3.4h5.2l-0.7 5.3h-4.5v13.6h-5.5v-13.6h-4.5v-5.3h4.5v-3.9q0-3.3 1.9-5.2t5-1.8q2.6 0 4.1 0.2z\"\/><\/svg><\/span><span class=\"shariff-text\" style=\"color:#3b5998\">teilen<\/span>&nbsp;<\/a><\/li><li class=\"shariff-button tumblr shariff-nocustomcolor\" style=\"background-color:#529ecc\"><a href=\"https:\/\/www.tumblr.com\/widgets\/share\/tool?posttype=link&canonicalUrl=https%3A%2F%2Fkerste.de%2F%3Fp%3D130&tags=kerste.de\" title=\"Bei tumblr teilen\" aria-label=\"Bei tumblr teilen\" role=\"button\" rel=\"noopener nofollow\" class=\"shariff-link\" style=\"; background-color:#36465d; color:#36465d\" target=\"_blank\"><span class=\"shariff-icon\" style=\"fill:#36465d\"><svg width=\"32px\" height=\"20px\" xmlns=\"http:\/\/www.w3.org\/2000\/svg\" viewBox=\"0 0 32 32\"><path fill=\"#36465d\" d=\"M18 14l0 7.3c0 1.9 0 2.9 0.2 3.5 0.2 0.5 0.7 1.1 1.2 1.4 0.7 0.4 1.5 0.6 2.4 0.6 1.6 0 2.6-0.2 4.2-1.3v4.8c-1.4 0.6-2.6 1-3.7 1.3-1.1 0.3-2.3 0.4-3.6 0.4-1.5 0-2.3-0.2-3.4-0.6-1.1-0.4-2.1-0.9-2.9-1.6-0.8-0.7-1.3-1.4-1.7-2.2s-0.5-1.9-0.5-3.4v-11.2h-4.3v-4.5c1.3-0.4 2.7-1 3.6-1.8 0.9-0.8 1.6-1.7 2.2-2.7 0.5-1.1 0.9-2.4 1.1-4.1h5.2l0 8h8v6h-8z\"\/><\/svg><\/span><span class=\"shariff-text\" style=\"color:#36465d\">teilen<\/span>&nbsp;<\/a><\/li><li class=\"shariff-button info shariff-nocustomcolor\" style=\"background-color:#a8a8a8\"><a href=\"http:\/\/ct.de\/-2467514\" title=\"Weitere Informationen\" aria-label=\"Weitere Informationen\" role=\"button\" rel=\"noopener \" class=\"shariff-link\" style=\"; background-color:#999; color:#999\" target=\"_blank\"><span class=\"shariff-icon\" style=\"fill:#999\"><svg width=\"32px\" height=\"20px\" xmlns=\"http:\/\/www.w3.org\/2000\/svg\" viewBox=\"0 0 11 32\"><path fill=\"#999\" d=\"M11.4 24v2.3q0 0.5-0.3 0.8t-0.8 0.4h-9.1q-0.5 0-0.8-0.4t-0.4-0.8v-2.3q0-0.5 0.4-0.8t0.8-0.4h1.1v-6.8h-1.1q-0.5 0-0.8-0.4t-0.4-0.8v-2.3q0-0.5 0.4-0.8t0.8-0.4h6.8q0.5 0 0.8 0.4t0.4 0.8v10.3h1.1q0.5 0 0.8 0.4t0.3 0.8zM9.2 3.4v3.4q0 0.5-0.4 0.8t-0.8 0.4h-4.6q-0.4 0-0.8-0.4t-0.4-0.8v-3.4q0-0.4 0.4-0.8t0.8-0.4h4.6q0.5 0 0.8 0.4t0.4 0.8z\"\/><\/svg><\/span><\/a><\/li><\/ul><\/div>","protected":false},"excerpt":{"rendered":"<p>Ich leg das mal hier ab, damit ich es bei Bedarf wiederfinde&#8230; Alle reden \u00fcber das Wetter, ich auch: Die App von Wetter.com war mal sehr gut, bevor sie von den Programmierern ein Update erhalten hatte. Dummerweise war das kein Update, sondern eine v\u00f6llig neue App, die mit der Version eigentlich nichts mehr zu tun [&hellip;]<\/p>\n","protected":false},"author":1,"featured_media":132,"comment_status":"open","ping_status":"open","sticky":false,"template":"","format":"standard","meta":{"footnotes":""},"categories":[1],"tags":[39,42,40,37,38,41,43],"class_list":["post-130","post","type-post","status-publish","format-standard","has-post-thumbnail","hentry","category-allgemein","tag-apps","tag-apps-manuell-uebertragen","tag-downgrade","tag-ios","tag-itunes","tag-manuell","tag-wetter-com"],"_links":{"self":[{"href":"https:\/\/kerste.de\/index.php?rest_route=\/wp\/v2\/posts\/130","targetHints":{"allow":["GET"]}}],"collection":[{"href":"https:\/\/kerste.de\/index.php?rest_route=\/wp\/v2\/posts"}],"about":[{"href":"https:\/\/kerste.de\/index.php?rest_route=\/wp\/v2\/types\/post"}],"author":[{"embeddable":true,"href":"https:\/\/kerste.de\/index.php?rest_route=\/wp\/v2\/users\/1"}],"replies":[{"embeddable":true,"href":"https:\/\/kerste.de\/index.php?rest_route=%2Fwp%2Fv2%2Fcomments&post=130"}],"version-history":[{"count":3,"href":"https:\/\/kerste.de\/index.php?rest_route=\/wp\/v2\/posts\/130\/revisions"}],"predecessor-version":[{"id":136,"href":"https:\/\/kerste.de\/index.php?rest_route=\/wp\/v2\/posts\/130\/revisions\/136"}],"wp:featuredmedia":[{"embeddable":true,"href":"https:\/\/kerste.de\/index.php?rest_route=\/wp\/v2\/media\/132"}],"wp:attachment":[{"href":"https:\/\/kerste.de\/index.php?rest_route=%2Fwp%2Fv2%2Fmedia&parent=130"}],"wp:term":[{"taxonomy":"category","embeddable":true,"href":"https:\/\/kerste.de\/index.php?rest_route=%2Fwp%2Fv2%2Fcategories&post=130"},{"taxonomy":"post_tag","embeddable":true,"href":"https:\/\/kerste.de\/index.php?rest_route=%2Fwp%2Fv2%2Ftags&post=130"}],"curies":[{"name":"wp","href":"https:\/\/api.w.org\/{rel}","templated":true}]}}