{"id":12975,"date":"2021-12-04T00:28:31","date_gmt":"2021-12-03T23:28:31","guid":{"rendered":"https:\/\/kerste.de\/?p=12975"},"modified":"2021-12-04T00:28:32","modified_gmt":"2021-12-03T23:28:32","slug":"hurtigrute-tag-2-alesund-3","status":"publish","type":"post","link":"https:\/\/kerste.de\/?p=12975","title":{"rendered":"Hurtigrute Tag 2: \u00c5lesund"},"content":{"rendered":"\n<p>Der Tag beginnt viel zu fr\u00fch: gegen halb sechs sind wir in M\u00e5l\u00f8y. Davon kriege ich zwar eigentlich nicht viel mit, aber es ist wohl das Pfeifen und Quietschen der Ladeluke, das ich um die Uhrzeit h\u00f6re. Und wenn ich schon wach bin, kriege ich auch mit, dass in der Folgezeit gut Bewegung im Schiff ist: Wir umrunden das Westkapp mitten in der Nacht, aber es sind doch einige Wellen \u2013 nicht schlimm, aber ein regelm\u00e4\u00dfiges Auf und Ab, das das Wiedereinschlafen erschwert. Erst als ich gegen halb acht in der Dusche bin, h\u00f6rt es schlagartig auf.<\/p>\n\n\n\n<p>Wir haben feste Fr\u00fchst\u00fcckszeiten, um eine \u00dcberf\u00fcllung des Restaurants zu vermeiden \u2013 von 7:00-8:30. Aber erwartungsgem\u00e4\u00df bedeutet das, dass von den Teilnehmern der ersten Sitzung fast alle erst kurz nach 8 Uhr auftauchen (man hat ja Urlaub), dementsprechend gedr\u00e4ngt geht es zu. Ein bisschen mulmig ist einem da schon.<\/p>\n\n\n\n<p>Also wird nicht zu lange gefr\u00fchst\u00fcckt, und dann der Morgenhimmel genossen: Wir erreichen Torvik fast p\u00fcnktlich gegen halb neun, und der Himmel zeigt sich mit einer pr\u00e4chtigen Morgend\u00e4mmerung. Dazu der verschneite Hafen \u2013 sch\u00f6n!<\/p>\n\n\n\n<figure class=\"wp-block-gallery columns-3 is-cropped wp-block-gallery-1 is-layout-flex wp-block-gallery-is-layout-flex\"><ul class=\"blocks-gallery-grid\"><li class=\"blocks-gallery-item\"><figure><a href=\"https:\/\/kerste.de\/?attachment_id=12978#main\"><img loading=\"lazy\" decoding=\"async\" width=\"1024\" height=\"768\" src=\"https:\/\/kerste.de\/wp-content\/uploads\/2021\/12\/20211203-08h-26m-IMG_7933.jpg\" alt=\"\" data-id=\"12978\" data-full-url=\"https:\/\/kerste.de\/wp-content\/uploads\/2021\/12\/20211203-08h-26m-IMG_7933.jpg\" data-link=\"https:\/\/kerste.de\/?attachment_id=12978#main\" class=\"wp-image-12978\" srcset=\"https:\/\/kerste.de\/wp-content\/uploads\/2021\/12\/20211203-08h-26m-IMG_7933.jpg 1024w, https:\/\/kerste.de\/wp-content\/uploads\/2021\/12\/20211203-08h-26m-IMG_7933-300x225.jpg 300w, https:\/\/kerste.de\/wp-content\/uploads\/2021\/12\/20211203-08h-26m-IMG_7933-768x576.jpg 768w\" sizes=\"auto, (max-width: 1024px) 100vw, 1024px\" \/><\/a><\/figure><\/li><li class=\"blocks-gallery-item\"><figure><a href=\"https:\/\/kerste.de\/?attachment_id=12979#main\"><img loading=\"lazy\" decoding=\"async\" width=\"1024\" height=\"769\" src=\"https:\/\/kerste.de\/wp-content\/uploads\/2021\/12\/20211203-08h-32m-P1340032.jpg\" alt=\"\" data-id=\"12979\" data-full-url=\"https:\/\/kerste.de\/wp-content\/uploads\/2021\/12\/20211203-08h-32m-P1340032.jpg\" data-link=\"https:\/\/kerste.de\/?attachment_id=12979#main\" class=\"wp-image-12979\" srcset=\"https:\/\/kerste.de\/wp-content\/uploads\/2021\/12\/20211203-08h-32m-P1340032.jpg 1024w, https:\/\/kerste.de\/wp-content\/uploads\/2021\/12\/20211203-08h-32m-P1340032-300x225.jpg 300w, https:\/\/kerste.de\/wp-content\/uploads\/2021\/12\/20211203-08h-32m-P1340032-768x577.jpg 768w\" sizes=\"auto, (max-width: 1024px) 100vw, 1024px\" \/><\/a><\/figure><\/li><li class=\"blocks-gallery-item\"><figure><a href=\"https:\/\/kerste.de\/?attachment_id=12981#main\"><img loading=\"lazy\" decoding=\"async\" width=\"1024\" height=\"768\" src=\"https:\/\/kerste.de\/wp-content\/uploads\/2021\/12\/20211203-08h-35m-IMG_7935.jpg\" alt=\"\" data-id=\"12981\" data-full-url=\"https:\/\/kerste.de\/wp-content\/uploads\/2021\/12\/20211203-08h-35m-IMG_7935.jpg\" data-link=\"https:\/\/kerste.de\/?attachment_id=12981#main\" class=\"wp-image-12981\" srcset=\"https:\/\/kerste.de\/wp-content\/uploads\/2021\/12\/20211203-08h-35m-IMG_7935.jpg 1024w, https:\/\/kerste.de\/wp-content\/uploads\/2021\/12\/20211203-08h-35m-IMG_7935-300x225.jpg 300w, https:\/\/kerste.de\/wp-content\/uploads\/2021\/12\/20211203-08h-35m-IMG_7935-768x576.jpg 768w\" sizes=\"auto, (max-width: 1024px) 100vw, 1024px\" \/><\/a><\/figure><\/li><\/ul><figcaption class=\"blocks-gallery-caption\"><em>Morgend\u00e4mmerung in Torvik<\/em><\/figcaption><\/figure>\n\n\n\n<div class=\"wp-block-image\"><figure class=\"alignright size-medium\"><a href=\"https:\/\/kerste.de\/?attachment_id=12982#main\"><img loading=\"lazy\" decoding=\"async\" width=\"300\" height=\"225\" src=\"https:\/\/kerste.de\/wp-content\/uploads\/2021\/12\/20211203-09h-13m-IMG_7936-300x225.jpg\" alt=\"\" class=\"wp-image-12982\" srcset=\"https:\/\/kerste.de\/wp-content\/uploads\/2021\/12\/20211203-09h-13m-IMG_7936-300x225.jpg 300w, https:\/\/kerste.de\/wp-content\/uploads\/2021\/12\/20211203-09h-13m-IMG_7936-768x576.jpg 768w, https:\/\/kerste.de\/wp-content\/uploads\/2021\/12\/20211203-09h-13m-IMG_7936.jpg 1024w\" sizes=\"auto, (max-width: 300px) 100vw, 300px\" \/><\/a><figcaption><em>Morgendliche Lichtspiele<\/em><\/figcaption><\/figure><\/div>\n\n\n\n<p>Der geplante Aufenthalt in Torvik betr\u00e4gt nur 10 Minuten \u2013\u00a0gerade lang genug, um zwei Paletten und ein Auto auszuladen. Fr\u00fcher konnte man hier sogar noch kurz von Land gehen, aber w\u00e4hrend Corona wurde der Winter-Fahrplan ge\u00e4ndert. Jetzt legen wir schon um 20:30 in Bergen ab statt wie fr\u00fcher um 22:30, was das ganze etwas stressiger macht. In der Zeit von Fr\u00fchjahr bis Herbst lohnt sich das sogar, weil es dann Abstecher in den Geiranger- oder den Hj\u00f8rundfjord gibt; im Winter liegen wir stattdessen \u00fcber 10 Stunden in \u00c5lesund.<\/p>\n\n\n\n<p>F\u00fcr uns bedeutet das ein anderes Programm als in den letzten Jahren: Statt den Vormittag f\u00fcr die Willkommensveranstaltung zu nutzen, in der unsere Reiseleiter Margit und Andreas sowie Volker und ich als Lektoren und vorstellen, bevor wir \u00c5lesund erreichen, kommen wir schon um 9:45 in der Jugendstilstadt an. Da es Ausfl\u00fcge gibt und man nie wei\u00df, wer da alles wann teilnimmt, k\u00f6nnen wir da nat\u00fcrlich kein Programm anbieten. Daf\u00fcr gibt es die erste Reiseleitersprechstunde mit Ausflugstipps und Tipps zu \u00c5lesund, und wir kl\u00e4ren mit dem Schiff unsere Vortragstermine ab. Sowas klappt leider nie im Voraus und muss an Bord gemacht werden. Aber auch wenn der Bordreiseleiter Onkel Heinz wieder volles Programm f\u00e4hrt, finden wir auch noch Termine. Tja, und dann haben wir noch 10 Stunden Liegezeit in \u00c5lesund zu f\u00fcllen. Ich komme mir vor wie auf einem Kreuzfahrtschiff und nicht wie auf der Hurtigrute&#8230;<\/p>\n\n\n\n<figure class=\"wp-block-gallery columns-2 is-cropped wp-block-gallery-2 is-layout-flex wp-block-gallery-is-layout-flex\"><ul class=\"blocks-gallery-grid\"><li class=\"blocks-gallery-item\"><figure><a href=\"https:\/\/kerste.de\/?attachment_id=12983#main\"><img loading=\"lazy\" decoding=\"async\" width=\"1024\" height=\"768\" src=\"https:\/\/kerste.de\/wp-content\/uploads\/2021\/12\/20211203-10h-13m-IMG_7938.jpg\" alt=\"\" data-id=\"12983\" data-full-url=\"https:\/\/kerste.de\/wp-content\/uploads\/2021\/12\/20211203-10h-13m-IMG_7938.jpg\" data-link=\"https:\/\/kerste.de\/?attachment_id=12983#main\" class=\"wp-image-12983\" srcset=\"https:\/\/kerste.de\/wp-content\/uploads\/2021\/12\/20211203-10h-13m-IMG_7938.jpg 1024w, https:\/\/kerste.de\/wp-content\/uploads\/2021\/12\/20211203-10h-13m-IMG_7938-300x225.jpg 300w, https:\/\/kerste.de\/wp-content\/uploads\/2021\/12\/20211203-10h-13m-IMG_7938-768x576.jpg 768w\" sizes=\"auto, (max-width: 1024px) 100vw, 1024px\" \/><\/a><figcaption class=\"blocks-gallery-item__caption\">Der Anleger<\/figcaption><\/figure><\/li><li class=\"blocks-gallery-item\"><figure><a href=\"https:\/\/kerste.de\/?attachment_id=12985#main\"><img loading=\"lazy\" decoding=\"async\" width=\"1024\" height=\"769\" src=\"https:\/\/kerste.de\/wp-content\/uploads\/2021\/12\/20211203-10h-43m-P1340042.jpg\" alt=\"\" data-id=\"12985\" data-full-url=\"https:\/\/kerste.de\/wp-content\/uploads\/2021\/12\/20211203-10h-43m-P1340042.jpg\" data-link=\"https:\/\/kerste.de\/?attachment_id=12985#main\" class=\"wp-image-12985\" srcset=\"https:\/\/kerste.de\/wp-content\/uploads\/2021\/12\/20211203-10h-43m-P1340042.jpg 1024w, https:\/\/kerste.de\/wp-content\/uploads\/2021\/12\/20211203-10h-43m-P1340042-300x225.jpg 300w, https:\/\/kerste.de\/wp-content\/uploads\/2021\/12\/20211203-10h-43m-P1340042-768x577.jpg 768w\" sizes=\"auto, (max-width: 1024px) 100vw, 1024px\" \/><\/a><figcaption class=\"blocks-gallery-item__caption\">Kunst am Terminal<\/figcaption><\/figure><\/li><li class=\"blocks-gallery-item\"><figure><a href=\"https:\/\/kerste.de\/?attachment_id=12987#main\"><img loading=\"lazy\" decoding=\"async\" width=\"1024\" height=\"769\" src=\"https:\/\/kerste.de\/wp-content\/uploads\/2021\/12\/20211203-10h-50m-P1340048.jpg\" alt=\"\" data-id=\"12987\" data-full-url=\"https:\/\/kerste.de\/wp-content\/uploads\/2021\/12\/20211203-10h-50m-P1340048.jpg\" data-link=\"https:\/\/kerste.de\/?attachment_id=12987#main\" class=\"wp-image-12987\" srcset=\"https:\/\/kerste.de\/wp-content\/uploads\/2021\/12\/20211203-10h-50m-P1340048.jpg 1024w, https:\/\/kerste.de\/wp-content\/uploads\/2021\/12\/20211203-10h-50m-P1340048-300x225.jpg 300w, https:\/\/kerste.de\/wp-content\/uploads\/2021\/12\/20211203-10h-50m-P1340048-768x577.jpg 768w\" sizes=\"auto, (max-width: 1024px) 100vw, 1024px\" \/><\/a><figcaption class=\"blocks-gallery-item__caption\">In \u00c5lesund<\/figcaption><\/figure><\/li><li class=\"blocks-gallery-item\"><figure><a href=\"https:\/\/kerste.de\/?attachment_id=12986#main\"><img loading=\"lazy\" decoding=\"async\" width=\"1024\" height=\"769\" src=\"https:\/\/kerste.de\/wp-content\/uploads\/2021\/12\/20211203-10h-44m-P1340044.jpg\" alt=\"\" data-id=\"12986\" data-full-url=\"https:\/\/kerste.de\/wp-content\/uploads\/2021\/12\/20211203-10h-44m-P1340044.jpg\" data-link=\"https:\/\/kerste.de\/?attachment_id=12986#main\" class=\"wp-image-12986\" srcset=\"https:\/\/kerste.de\/wp-content\/uploads\/2021\/12\/20211203-10h-44m-P1340044.jpg 1024w, https:\/\/kerste.de\/wp-content\/uploads\/2021\/12\/20211203-10h-44m-P1340044-300x225.jpg 300w, https:\/\/kerste.de\/wp-content\/uploads\/2021\/12\/20211203-10h-44m-P1340044-768x577.jpg 768w\" sizes=\"auto, (max-width: 1024px) 100vw, 1024px\" \/><\/a><figcaption class=\"blocks-gallery-item__caption\">Lichtspiele<\/figcaption><\/figure><\/li><\/ul><\/figure>\n\n\n\n<p>Daher gehen wir ganz entspannt auf Einkaufstour, statt einen der Ausfl\u00fcge zu machen, die angeboten werden (die 8-Stunden-Fahrt zur Trollwand findet \u00fcbrigens diesmal nicht statt). Das erste Ziel hat <a rel=\"noreferrer noopener\" href=\"http:\/\/nostalgische-postschiffreisen.de\/\" target=\"_blank\">Margit<\/a> ausgegraben: Der Korsatunnel, der unter dem Park mit dem \u00c5lesund Museum hindurch f\u00fchrt. Er entpuppt sich als alter Schutzraum und ist \u00fcberraschend gro\u00df, wenn auch nicht besonders lang. Aber er hat genug Platz f\u00fcr Verkaufsbuden, Autos und Stra\u00dfenlaternen. Mal was Neues. <\/p>\n\n\n\n<figure class=\"wp-block-gallery columns-3 is-cropped wp-block-gallery-3 is-layout-flex wp-block-gallery-is-layout-flex\"><ul class=\"blocks-gallery-grid\"><li class=\"blocks-gallery-item\"><figure><a href=\"https:\/\/kerste.de\/?attachment_id=12989#main\"><img loading=\"lazy\" decoding=\"async\" width=\"1024\" height=\"769\" src=\"https:\/\/kerste.de\/wp-content\/uploads\/2021\/12\/20211203-10h-56m-P1340052.jpg\" alt=\"\" data-id=\"12989\" data-full-url=\"https:\/\/kerste.de\/wp-content\/uploads\/2021\/12\/20211203-10h-56m-P1340052.jpg\" data-link=\"https:\/\/kerste.de\/?attachment_id=12989#main\" class=\"wp-image-12989\" srcset=\"https:\/\/kerste.de\/wp-content\/uploads\/2021\/12\/20211203-10h-56m-P1340052.jpg 1024w, https:\/\/kerste.de\/wp-content\/uploads\/2021\/12\/20211203-10h-56m-P1340052-300x225.jpg 300w, https:\/\/kerste.de\/wp-content\/uploads\/2021\/12\/20211203-10h-56m-P1340052-768x577.jpg 768w\" sizes=\"auto, (max-width: 1024px) 100vw, 1024px\" \/><\/a><\/figure><\/li><li class=\"blocks-gallery-item\"><figure><a href=\"https:\/\/kerste.de\/?attachment_id=12988#main\"><img loading=\"lazy\" decoding=\"async\" width=\"1024\" height=\"768\" src=\"https:\/\/kerste.de\/wp-content\/uploads\/2021\/12\/20211203-10h-56m-IMG_7944.jpg\" alt=\"\" data-id=\"12988\" data-full-url=\"https:\/\/kerste.de\/wp-content\/uploads\/2021\/12\/20211203-10h-56m-IMG_7944.jpg\" data-link=\"https:\/\/kerste.de\/?attachment_id=12988#main\" class=\"wp-image-12988\" srcset=\"https:\/\/kerste.de\/wp-content\/uploads\/2021\/12\/20211203-10h-56m-IMG_7944.jpg 1024w, https:\/\/kerste.de\/wp-content\/uploads\/2021\/12\/20211203-10h-56m-IMG_7944-300x225.jpg 300w, https:\/\/kerste.de\/wp-content\/uploads\/2021\/12\/20211203-10h-56m-IMG_7944-768x576.jpg 768w\" sizes=\"auto, (max-width: 1024px) 100vw, 1024px\" \/><\/a><\/figure><\/li><li class=\"blocks-gallery-item\"><figure><a href=\"https:\/\/kerste.de\/?attachment_id=12990#main\"><img loading=\"lazy\" decoding=\"async\" width=\"1024\" height=\"769\" src=\"https:\/\/kerste.de\/wp-content\/uploads\/2021\/12\/20211203-10h-57m-P1340054.jpg\" alt=\"\" data-id=\"12990\" data-full-url=\"https:\/\/kerste.de\/wp-content\/uploads\/2021\/12\/20211203-10h-57m-P1340054.jpg\" data-link=\"https:\/\/kerste.de\/?attachment_id=12990#main\" class=\"wp-image-12990\" srcset=\"https:\/\/kerste.de\/wp-content\/uploads\/2021\/12\/20211203-10h-57m-P1340054.jpg 1024w, https:\/\/kerste.de\/wp-content\/uploads\/2021\/12\/20211203-10h-57m-P1340054-300x225.jpg 300w, https:\/\/kerste.de\/wp-content\/uploads\/2021\/12\/20211203-10h-57m-P1340054-768x577.jpg 768w\" sizes=\"auto, (max-width: 1024px) 100vw, 1024px\" \/><\/a><\/figure><\/li><\/ul><figcaption class=\"blocks-gallery-caption\"><em>Der Korsatunnel<\/em><\/figcaption><\/figure>\n\n\n\n<p>Und dann? Wir trennen uns, ich peile den Aussichtspunkt hinter der Kirche an, bevor es in den Kremmerg\u00e5rden geht. Da oben war ich auch noch nie, und es ergibt sich mal ein anderer Blick auf \u00c5lesund. Auf dem Weg geht es durch das Jugendstil-Stadtzentrum, und zur Otto Sverdrup: Die ehemalige MS Finnmarken f\u00e4hrt heute keinen Liniendienst mehr, sondern &#8220;Expeditionsreisen&#8221; ab Hamburg. Wir hatten sie gerade noch auf der anderen Seite von \u00c5lesund einfahren sehen, und zumindest einen Abstecher dorthin g\u00f6nnen wir uns. Da sie keine F\u00e4hre mehr ist, k\u00f6nnten wir sie aber nicht einmal besuchen, wenn gerade keine Corona-Regeln w\u00e4ren&#8230;<\/p>\n\n\n\n<figure class=\"wp-block-gallery columns-3 is-cropped wp-block-gallery-4 is-layout-flex wp-block-gallery-is-layout-flex\"><ul class=\"blocks-gallery-grid\"><li class=\"blocks-gallery-item\"><figure><a href=\"https:\/\/kerste.de\/?attachment_id=12992#main\"><img loading=\"lazy\" decoding=\"async\" width=\"1024\" height=\"769\" src=\"https:\/\/kerste.de\/wp-content\/uploads\/2021\/12\/20211203-11h-11m-P1340061.jpg\" alt=\"\" data-id=\"12992\" data-full-url=\"https:\/\/kerste.de\/wp-content\/uploads\/2021\/12\/20211203-11h-11m-P1340061.jpg\" data-link=\"https:\/\/kerste.de\/?attachment_id=12992#main\" class=\"wp-image-12992\" srcset=\"https:\/\/kerste.de\/wp-content\/uploads\/2021\/12\/20211203-11h-11m-P1340061.jpg 1024w, https:\/\/kerste.de\/wp-content\/uploads\/2021\/12\/20211203-11h-11m-P1340061-300x225.jpg 300w, https:\/\/kerste.de\/wp-content\/uploads\/2021\/12\/20211203-11h-11m-P1340061-768x577.jpg 768w\" sizes=\"auto, (max-width: 1024px) 100vw, 1024px\" \/><\/a><\/figure><\/li><li class=\"blocks-gallery-item\"><figure><a href=\"https:\/\/kerste.de\/?attachment_id=12991#main\"><img loading=\"lazy\" decoding=\"async\" width=\"1024\" height=\"769\" src=\"https:\/\/kerste.de\/wp-content\/uploads\/2021\/12\/20211203-11h-10m-P1340060.jpg\" alt=\"\" data-id=\"12991\" data-full-url=\"https:\/\/kerste.de\/wp-content\/uploads\/2021\/12\/20211203-11h-10m-P1340060.jpg\" data-link=\"https:\/\/kerste.de\/?attachment_id=12991#main\" class=\"wp-image-12991\" srcset=\"https:\/\/kerste.de\/wp-content\/uploads\/2021\/12\/20211203-11h-10m-P1340060.jpg 1024w, https:\/\/kerste.de\/wp-content\/uploads\/2021\/12\/20211203-11h-10m-P1340060-300x225.jpg 300w, https:\/\/kerste.de\/wp-content\/uploads\/2021\/12\/20211203-11h-10m-P1340060-768x577.jpg 768w\" sizes=\"auto, (max-width: 1024px) 100vw, 1024px\" \/><\/a><\/figure><\/li><li class=\"blocks-gallery-item\"><figure><a href=\"https:\/\/kerste.de\/?attachment_id=12993#main\"><img loading=\"lazy\" decoding=\"async\" width=\"1024\" height=\"769\" src=\"https:\/\/kerste.de\/wp-content\/uploads\/2021\/12\/20211203-11h-19m-P1340065.jpg\" alt=\"\" data-id=\"12993\" data-full-url=\"https:\/\/kerste.de\/wp-content\/uploads\/2021\/12\/20211203-11h-19m-P1340065.jpg\" data-link=\"https:\/\/kerste.de\/?attachment_id=12993#main\" class=\"wp-image-12993\" srcset=\"https:\/\/kerste.de\/wp-content\/uploads\/2021\/12\/20211203-11h-19m-P1340065.jpg 1024w, https:\/\/kerste.de\/wp-content\/uploads\/2021\/12\/20211203-11h-19m-P1340065-300x225.jpg 300w, https:\/\/kerste.de\/wp-content\/uploads\/2021\/12\/20211203-11h-19m-P1340065-768x577.jpg 768w\" sizes=\"auto, (max-width: 1024px) 100vw, 1024px\" \/><\/a><\/figure><\/li><\/ul><figcaption class=\"blocks-gallery-caption\"><em>Die andere Seite von \u00c5lesund und die Ex-Finnmarken<\/em><\/figcaption><\/figure>\n\n\n\n<p>Ein bisschen nostalgisch wird man da ja: Sie liegt fast dort, wo die normalen Hurtigrutenschiffe angelegt hatten, als ich mit den Touren angefangen hatte. Unser aktueller Anleger ist erst ein paar Jahre alt.<\/p>\n\n\n\n<p>Da uns der Zugang zur Otto Sverdrup verwehrt ist, geht es also hoch zur Kirche, dann an der prominenten gelben Schule vorbei zum Aussichtspunkt Storhaugen. H\u00fcbsch.<\/p>\n\n\n\n<figure class=\"wp-block-gallery columns-3 is-cropped wp-block-gallery-5 is-layout-flex wp-block-gallery-is-layout-flex\"><ul class=\"blocks-gallery-grid\"><li class=\"blocks-gallery-item\"><figure><a href=\"https:\/\/kerste.de\/?attachment_id=12994#main\"><img loading=\"lazy\" decoding=\"async\" width=\"1024\" height=\"769\" src=\"https:\/\/kerste.de\/wp-content\/uploads\/2021\/12\/20211203-11h-28m-P1340072.jpg\" alt=\"\" data-id=\"12994\" data-full-url=\"https:\/\/kerste.de\/wp-content\/uploads\/2021\/12\/20211203-11h-28m-P1340072.jpg\" data-link=\"https:\/\/kerste.de\/?attachment_id=12994#main\" class=\"wp-image-12994\" srcset=\"https:\/\/kerste.de\/wp-content\/uploads\/2021\/12\/20211203-11h-28m-P1340072.jpg 1024w, https:\/\/kerste.de\/wp-content\/uploads\/2021\/12\/20211203-11h-28m-P1340072-300x225.jpg 300w, https:\/\/kerste.de\/wp-content\/uploads\/2021\/12\/20211203-11h-28m-P1340072-768x577.jpg 768w\" sizes=\"auto, (max-width: 1024px) 100vw, 1024px\" \/><\/a><\/figure><\/li><li class=\"blocks-gallery-item\"><figure><a href=\"https:\/\/kerste.de\/?attachment_id=12995#main\"><img loading=\"lazy\" decoding=\"async\" width=\"1024\" height=\"769\" src=\"https:\/\/kerste.de\/wp-content\/uploads\/2021\/12\/20211203-11h-29m-P1340074.jpg\" alt=\"\" data-id=\"12995\" data-full-url=\"https:\/\/kerste.de\/wp-content\/uploads\/2021\/12\/20211203-11h-29m-P1340074.jpg\" data-link=\"https:\/\/kerste.de\/?attachment_id=12995#main\" class=\"wp-image-12995\" srcset=\"https:\/\/kerste.de\/wp-content\/uploads\/2021\/12\/20211203-11h-29m-P1340074.jpg 1024w, https:\/\/kerste.de\/wp-content\/uploads\/2021\/12\/20211203-11h-29m-P1340074-300x225.jpg 300w, https:\/\/kerste.de\/wp-content\/uploads\/2021\/12\/20211203-11h-29m-P1340074-768x577.jpg 768w\" sizes=\"auto, (max-width: 1024px) 100vw, 1024px\" \/><\/a><\/figure><\/li><li class=\"blocks-gallery-item\"><figure><a href=\"https:\/\/kerste.de\/?attachment_id=12996#main\"><img loading=\"lazy\" decoding=\"async\" width=\"1024\" height=\"768\" src=\"https:\/\/kerste.de\/wp-content\/uploads\/2021\/12\/20211203-11h-31m-IMG_7949.jpg\" alt=\"\" data-id=\"12996\" data-full-url=\"https:\/\/kerste.de\/wp-content\/uploads\/2021\/12\/20211203-11h-31m-IMG_7949.jpg\" data-link=\"https:\/\/kerste.de\/?attachment_id=12996#main\" class=\"wp-image-12996\" srcset=\"https:\/\/kerste.de\/wp-content\/uploads\/2021\/12\/20211203-11h-31m-IMG_7949.jpg 1024w, https:\/\/kerste.de\/wp-content\/uploads\/2021\/12\/20211203-11h-31m-IMG_7949-300x225.jpg 300w, https:\/\/kerste.de\/wp-content\/uploads\/2021\/12\/20211203-11h-31m-IMG_7949-768x576.jpg 768w\" sizes=\"auto, (max-width: 1024px) 100vw, 1024px\" \/><\/a><\/figure><\/li><li class=\"blocks-gallery-item\"><figure><a href=\"https:\/\/kerste.de\/?attachment_id=12998#main\"><img loading=\"lazy\" decoding=\"async\" width=\"1024\" height=\"293\" src=\"https:\/\/kerste.de\/wp-content\/uploads\/2021\/12\/20211203-11h-37m-P1340082.jpg\" alt=\"\" data-id=\"12998\" data-full-url=\"https:\/\/kerste.de\/wp-content\/uploads\/2021\/12\/20211203-11h-37m-P1340082.jpg\" data-link=\"https:\/\/kerste.de\/?attachment_id=12998#main\" class=\"wp-image-12998\" srcset=\"https:\/\/kerste.de\/wp-content\/uploads\/2021\/12\/20211203-11h-37m-P1340082.jpg 1024w, https:\/\/kerste.de\/wp-content\/uploads\/2021\/12\/20211203-11h-37m-P1340082-300x86.jpg 300w, https:\/\/kerste.de\/wp-content\/uploads\/2021\/12\/20211203-11h-37m-P1340082-768x220.jpg 768w\" sizes=\"auto, (max-width: 1024px) 100vw, 1024px\" \/><\/a><\/figure><\/li><\/ul><\/figure>\n\n\n\n<p>Der R\u00fcckweg ist auf den tief verschneiten, steilen Stra\u00dfen teils etwas sportlich und f\u00fchrt \u00fcber das Stadtzentrum zum Kremmerg\u00e5rden. Noch einmal entspannt erste Weihnachtseink\u00e4ufe t\u00e4tigen, w\u00e4hrend in Deutschland 2G+ eingef\u00fchrt wird. A propos: Wir sind die letzten, die noch halbwegs entspannt nach Norwegen kommen konnten: Seit heute muss man nach der Ankunft in Norwegen einen Corona-Schnelltest machen. Uns langte noch der Impfnachweis und f\u00fcr das Boarding ein Corona-Test vom Vortag.<\/p>\n\n\n\n<p>Nach gut zwei Stunden war dann das normale Besuchsprogramm abgehakt. F\u00fcr mich ist das der erste so lange Aufenthalt in \u00c5lesund, meine letzte <a href=\"https:\/\/kerste.de\/?cat=412\" data-type=\"category\" data-id=\"412\">Chaos-Tour<\/a> im Oktober hatte ja wegen Motorschaden am Flugzeug erst abends in \u00c5lesund begonnen.<\/p>\n\n\n\n<p>Und jetzt? Die Beute auf&#8217;s Schiff bringen. Am Hafenbecken noch ein paar schnelle Standard-Fotos, und ein paar ungew\u00f6hnliche: Am Hafenbecken stehen beheizte B\u00e4nke, und die Tauben freuen sich, dass in Norwegen einige Gehwege ebenfalls beheizt sind. Wir g\u00f6nnen uns auf dem Schiff das erste Eis der Route, bevor es weiter geht. Im Multe-Cafe auf Deck 7 sitzt immer noch der <a rel=\"noreferrer noopener\" href=\"https:\/\/kerste.de\/?p=10736\" target=\"_blank\">mitgenommene arme Schiffshund<\/a>, der mir von meiner letzten Fahrt auf der Kong Harald noch im Ged\u00e4chtnis geblieben ist. Mittlerweile hat er ein neues Auge erhalten, immerhin. <\/p>\n\n\n\n<figure class=\"wp-block-gallery columns-3 is-cropped wp-block-gallery-6 is-layout-flex wp-block-gallery-is-layout-flex\"><ul class=\"blocks-gallery-grid\"><li class=\"blocks-gallery-item\"><figure><a href=\"https:\/\/kerste.de\/?attachment_id=13000#main\"><img loading=\"lazy\" decoding=\"async\" width=\"1024\" height=\"768\" src=\"https:\/\/kerste.de\/wp-content\/uploads\/2021\/12\/20211203-12h-00m-IMG_7957.jpg\" alt=\"\" data-id=\"13000\" data-full-url=\"https:\/\/kerste.de\/wp-content\/uploads\/2021\/12\/20211203-12h-00m-IMG_7957.jpg\" data-link=\"https:\/\/kerste.de\/?attachment_id=13000#main\" class=\"wp-image-13000\" srcset=\"https:\/\/kerste.de\/wp-content\/uploads\/2021\/12\/20211203-12h-00m-IMG_7957.jpg 1024w, https:\/\/kerste.de\/wp-content\/uploads\/2021\/12\/20211203-12h-00m-IMG_7957-300x225.jpg 300w, https:\/\/kerste.de\/wp-content\/uploads\/2021\/12\/20211203-12h-00m-IMG_7957-768x576.jpg 768w\" sizes=\"auto, (max-width: 1024px) 100vw, 1024px\" \/><\/a><figcaption class=\"blocks-gallery-item__caption\">Coole Tauben<\/figcaption><\/figure><\/li><li class=\"blocks-gallery-item\"><figure><a href=\"https:\/\/kerste.de\/?attachment_id=13002#main\"><img loading=\"lazy\" decoding=\"async\" width=\"1024\" height=\"769\" src=\"https:\/\/kerste.de\/wp-content\/uploads\/2021\/12\/20211203-13h-20m-P1340096.jpg\" alt=\"\" data-id=\"13002\" data-full-url=\"https:\/\/kerste.de\/wp-content\/uploads\/2021\/12\/20211203-13h-20m-P1340096.jpg\" data-link=\"https:\/\/kerste.de\/?attachment_id=13002#main\" class=\"wp-image-13002\" srcset=\"https:\/\/kerste.de\/wp-content\/uploads\/2021\/12\/20211203-13h-20m-P1340096.jpg 1024w, https:\/\/kerste.de\/wp-content\/uploads\/2021\/12\/20211203-13h-20m-P1340096-300x225.jpg 300w, https:\/\/kerste.de\/wp-content\/uploads\/2021\/12\/20211203-13h-20m-P1340096-768x577.jpg 768w\" sizes=\"auto, (max-width: 1024px) 100vw, 1024px\" \/><\/a><figcaption class=\"blocks-gallery-item__caption\">Die Kong Harald<\/figcaption><\/figure><\/li><li class=\"blocks-gallery-item\"><figure><a href=\"https:\/\/kerste.de\/?attachment_id=13003#main\"><img loading=\"lazy\" decoding=\"async\" width=\"1024\" height=\"769\" src=\"https:\/\/kerste.de\/wp-content\/uploads\/2021\/12\/20211203-13h-30m-P1340098.jpg\" alt=\"\" data-id=\"13003\" data-full-url=\"https:\/\/kerste.de\/wp-content\/uploads\/2021\/12\/20211203-13h-30m-P1340098.jpg\" data-link=\"https:\/\/kerste.de\/?attachment_id=13003#main\" class=\"wp-image-13003\" srcset=\"https:\/\/kerste.de\/wp-content\/uploads\/2021\/12\/20211203-13h-30m-P1340098.jpg 1024w, https:\/\/kerste.de\/wp-content\/uploads\/2021\/12\/20211203-13h-30m-P1340098-300x225.jpg 300w, https:\/\/kerste.de\/wp-content\/uploads\/2021\/12\/20211203-13h-30m-P1340098-768x577.jpg 768w\" sizes=\"auto, (max-width: 1024px) 100vw, 1024px\" \/><\/a><figcaption class=\"blocks-gallery-item__caption\">Der Schiffshund<\/figcaption><\/figure><\/li><\/ul><\/figure>\n\n\n\n<p>Nat\u00fcrlich m\u00fcssen wir noch den Hausberg Aksla in Angriff nehmen. Der Plan war, kurz nach 14 Uhr aufzubrechen, um den Sonnenuntergang mitzunehmen. Das mit dem Sonnenuntergang klappt prinzipiell, wir sind gut in der Zeit, nachdem wir die \u00fcber 400 verschneiten Stufen erklommen haben. Nur mit blauer Stunde wird das nichts \u2013 dank der flach stehenden Wintersonne dauert es noch bis zur D\u00e4mmerung, und in \u00c5lesund sind noch keine Lichter an. <\/p>\n\n\n\n<figure class=\"wp-block-gallery columns-3 is-cropped wp-block-gallery-7 is-layout-flex wp-block-gallery-is-layout-flex\"><ul class=\"blocks-gallery-grid\"><li class=\"blocks-gallery-item\"><figure><a href=\"https:\/\/kerste.de\/?attachment_id=13004#main\"><img loading=\"lazy\" decoding=\"async\" width=\"1024\" height=\"768\" src=\"https:\/\/kerste.de\/wp-content\/uploads\/2021\/12\/20211203-14h-13m-IMG_7965.jpg\" alt=\"\" data-id=\"13004\" data-full-url=\"https:\/\/kerste.de\/wp-content\/uploads\/2021\/12\/20211203-14h-13m-IMG_7965.jpg\" data-link=\"https:\/\/kerste.de\/?attachment_id=13004#main\" class=\"wp-image-13004\" srcset=\"https:\/\/kerste.de\/wp-content\/uploads\/2021\/12\/20211203-14h-13m-IMG_7965.jpg 1024w, https:\/\/kerste.de\/wp-content\/uploads\/2021\/12\/20211203-14h-13m-IMG_7965-300x225.jpg 300w, https:\/\/kerste.de\/wp-content\/uploads\/2021\/12\/20211203-14h-13m-IMG_7965-768x576.jpg 768w\" sizes=\"auto, (max-width: 1024px) 100vw, 1024px\" \/><\/a><\/figure><\/li><li class=\"blocks-gallery-item\"><figure><a href=\"https:\/\/kerste.de\/?attachment_id=13005#main\"><img loading=\"lazy\" decoding=\"async\" width=\"1024\" height=\"769\" src=\"https:\/\/kerste.de\/wp-content\/uploads\/2021\/12\/20211203-14h-17m-P1340105.jpg\" alt=\"\" data-id=\"13005\" data-full-url=\"https:\/\/kerste.de\/wp-content\/uploads\/2021\/12\/20211203-14h-17m-P1340105.jpg\" data-link=\"https:\/\/kerste.de\/?attachment_id=13005#main\" class=\"wp-image-13005\" srcset=\"https:\/\/kerste.de\/wp-content\/uploads\/2021\/12\/20211203-14h-17m-P1340105.jpg 1024w, https:\/\/kerste.de\/wp-content\/uploads\/2021\/12\/20211203-14h-17m-P1340105-300x225.jpg 300w, https:\/\/kerste.de\/wp-content\/uploads\/2021\/12\/20211203-14h-17m-P1340105-768x577.jpg 768w\" sizes=\"auto, (max-width: 1024px) 100vw, 1024px\" \/><\/a><\/figure><\/li><li class=\"blocks-gallery-item\"><figure><a href=\"https:\/\/kerste.de\/?attachment_id=13006#main\"><img loading=\"lazy\" decoding=\"async\" width=\"1024\" height=\"769\" src=\"https:\/\/kerste.de\/wp-content\/uploads\/2021\/12\/20211203-14h-32m-P1340114.jpg\" alt=\"\" data-id=\"13006\" data-full-url=\"https:\/\/kerste.de\/wp-content\/uploads\/2021\/12\/20211203-14h-32m-P1340114.jpg\" data-link=\"https:\/\/kerste.de\/?attachment_id=13006#main\" class=\"wp-image-13006\" srcset=\"https:\/\/kerste.de\/wp-content\/uploads\/2021\/12\/20211203-14h-32m-P1340114.jpg 1024w, https:\/\/kerste.de\/wp-content\/uploads\/2021\/12\/20211203-14h-32m-P1340114-300x225.jpg 300w, https:\/\/kerste.de\/wp-content\/uploads\/2021\/12\/20211203-14h-32m-P1340114-768x577.jpg 768w\" sizes=\"auto, (max-width: 1024px) 100vw, 1024px\" \/><\/a><\/figure><\/li><\/ul><\/figure>\n\n\n\n<div class=\"wp-block-image\"><figure class=\"alignright size-medium is-resized\"><a href=\"https:\/\/kerste.de\/?attachment_id=13008#main\"><img loading=\"lazy\" decoding=\"async\" src=\"https:\/\/kerste.de\/wp-content\/uploads\/2021\/12\/20211203-15h-14m-P1340126-300x225.jpg\" alt=\"\" class=\"wp-image-13008\" width=\"300\" height=\"225\" srcset=\"https:\/\/kerste.de\/wp-content\/uploads\/2021\/12\/20211203-15h-14m-P1340126-300x225.jpg 300w, https:\/\/kerste.de\/wp-content\/uploads\/2021\/12\/20211203-15h-14m-P1340126-768x577.jpg 768w, https:\/\/kerste.de\/wp-content\/uploads\/2021\/12\/20211203-15h-14m-P1340126.jpg 1024w\" sizes=\"auto, (max-width: 300px) 100vw, 300px\" \/><\/a><figcaption><em>Das Waldehus<\/em><\/figcaption><\/figure><\/div>\n\n\n\n<p>Der R\u00fcckweg f\u00fchrt uns durch den verschneiten Wald und ist gut machbar, bis die zugeschneite Treppe in die Stadt kommt. Zum Gl\u00fcck ist ein Norweger schon halb damit fertig, sie zu r\u00e4umen, und wir m\u00fcssen nur noch eine steile Stra\u00dfe heil herunterkommen, bevor wir wieder in der Stadt sind. Dort erwartet und das Waldehus, das vom Stadtbrand verschont bliebt \u2013 es ist somit eines der wenigen klassischen Holzh\u00e4user, w\u00e4hrend der Rest der Stadt im Jugendstil neu aufgebaut wurde.<\/p>\n\n\n\n<p>Au\u00dferdem kommen wir an der Stelle vorbei, die 2019 noch eine Baugrube war und wo heute das Stadtbad steht. Gro\u00dfer Bau und kurze Bauzeit. Die warme Abluft des Hallenbads k\u00f6nnte man genie\u00dfen, wenn sie nicht so chlorgeschw\u00e4ngert w\u00e4re&#8230;<\/p>\n\n\n\n<p>Bevor es zum Schiff zur\u00fcck geht, machen wir noch einen Abstecher zum \u00c5lesund Museum, das einen weiteren h\u00fcbschen Aussichtspunkt auf die Stadt hat.<\/p>\n\n\n\n<figure class=\"wp-block-gallery columns-3 is-cropped wp-block-gallery-8 is-layout-flex wp-block-gallery-is-layout-flex\"><ul class=\"blocks-gallery-grid\"><li class=\"blocks-gallery-item\"><figure><a href=\"https:\/\/kerste.de\/?attachment_id=13009#main\"><img loading=\"lazy\" decoding=\"async\" width=\"1024\" height=\"768\" src=\"https:\/\/kerste.de\/wp-content\/uploads\/2021\/12\/20211203-15h-19m-IMG_7975.jpg\" alt=\"\" data-id=\"13009\" data-full-url=\"https:\/\/kerste.de\/wp-content\/uploads\/2021\/12\/20211203-15h-19m-IMG_7975.jpg\" data-link=\"https:\/\/kerste.de\/?attachment_id=13009#main\" class=\"wp-image-13009\" srcset=\"https:\/\/kerste.de\/wp-content\/uploads\/2021\/12\/20211203-15h-19m-IMG_7975.jpg 1024w, https:\/\/kerste.de\/wp-content\/uploads\/2021\/12\/20211203-15h-19m-IMG_7975-300x225.jpg 300w, https:\/\/kerste.de\/wp-content\/uploads\/2021\/12\/20211203-15h-19m-IMG_7975-768x576.jpg 768w\" sizes=\"auto, (max-width: 1024px) 100vw, 1024px\" \/><\/a><figcaption class=\"blocks-gallery-item__caption\">Das Stadtbad<\/figcaption><\/figure><\/li><li class=\"blocks-gallery-item\"><figure><a href=\"https:\/\/kerste.de\/?attachment_id=13011#main\"><img loading=\"lazy\" decoding=\"async\" width=\"1024\" height=\"769\" src=\"https:\/\/kerste.de\/wp-content\/uploads\/2021\/12\/20211203-15h-31m-P1340138.jpg\" alt=\"\" data-id=\"13011\" data-full-url=\"https:\/\/kerste.de\/wp-content\/uploads\/2021\/12\/20211203-15h-31m-P1340138.jpg\" data-link=\"https:\/\/kerste.de\/?attachment_id=13011#main\" class=\"wp-image-13011\" srcset=\"https:\/\/kerste.de\/wp-content\/uploads\/2021\/12\/20211203-15h-31m-P1340138.jpg 1024w, https:\/\/kerste.de\/wp-content\/uploads\/2021\/12\/20211203-15h-31m-P1340138-300x225.jpg 300w, https:\/\/kerste.de\/wp-content\/uploads\/2021\/12\/20211203-15h-31m-P1340138-768x577.jpg 768w\" sizes=\"auto, (max-width: 1024px) 100vw, 1024px\" \/><\/a><figcaption class=\"blocks-gallery-item__caption\">Blick vom \u00c5lesund Museum<\/figcaption><\/figure><\/li><li class=\"blocks-gallery-item\"><figure><a href=\"https:\/\/kerste.de\/?attachment_id=13010#main\"><img loading=\"lazy\" decoding=\"async\" width=\"1024\" height=\"769\" src=\"https:\/\/kerste.de\/wp-content\/uploads\/2021\/12\/20211203-15h-30m-P1340136.jpg\" alt=\"\" data-id=\"13010\" data-full-url=\"https:\/\/kerste.de\/wp-content\/uploads\/2021\/12\/20211203-15h-30m-P1340136.jpg\" data-link=\"https:\/\/kerste.de\/?attachment_id=13010#main\" class=\"wp-image-13010\" srcset=\"https:\/\/kerste.de\/wp-content\/uploads\/2021\/12\/20211203-15h-30m-P1340136.jpg 1024w, https:\/\/kerste.de\/wp-content\/uploads\/2021\/12\/20211203-15h-30m-P1340136-300x225.jpg 300w, https:\/\/kerste.de\/wp-content\/uploads\/2021\/12\/20211203-15h-30m-P1340136-768x577.jpg 768w\" sizes=\"auto, (max-width: 1024px) 100vw, 1024px\" \/><\/a><figcaption class=\"blocks-gallery-item__caption\">\u00c5lesund-Museum<\/figcaption><\/figure><\/li><\/ul><\/figure>\n\n\n\n<p>Damit ist 15:30, und wir haben eigentlich alles wichtigen fu\u00dfl\u00e4ufig erreichbaren Sehensw\u00fcrdigkeiten gesehen (und, zugegeben, auf das Mittagessen um 12 Uhr verzichtet). Na dann: Feierabend, zur\u00fcck zum schiff und unsere Willkommensveranstaltung um 20:45 vorbereiten. Um 18 Uhr steht das Abendessen auf dem Programm: Unsere Sitzung ist im hinteren, voll besetzten Teil des Restaurants. Es zieht sich \u2013 wir k\u00f6nnen wieder zwischen drei verschiedenen Vor-, Haupt- und Nachspeisen w\u00e4hlen, aber bis zum Nachtisch dauert es \u00fcber eine Stunde. Das ging im Oktober schneller&#8230;<\/p>\n\n\n\n<p>Aber es langt noch gut bis zu unserer Willkommensveranstaltung, bei der wir uns endlich unseren G\u00e4sten vorstellen und erste Tipps geben. Den Abend lassen wir gem\u00fctlich ausklingen. Molde erreichen wir etwas versp\u00e4tet kurz vor 23 Uhr, damit ist der Aufenthalt zu kurz, um von Bord zu gehen. Noch schnell ein Handy-Foto vom Scandic-Hotel, und dann ist endg\u00fcltig Feierabend \u2013 Polarlichtaktivit\u00e4t w\u00e4re zwar da, aber die Wolken sind st\u00e4rker. <\/p>\n\n\n\n<figure class=\"wp-block-image size-full\"><a href=\"https:\/\/kerste.de\/?attachment_id=13012#main\"><img loading=\"lazy\" decoding=\"async\" width=\"1024\" height=\"768\" src=\"https:\/\/kerste.de\/wp-content\/uploads\/2021\/12\/20211203-22h-42m-IMG_7984.jpg\" alt=\"\" class=\"wp-image-13012\" srcset=\"https:\/\/kerste.de\/wp-content\/uploads\/2021\/12\/20211203-22h-42m-IMG_7984.jpg 1024w, https:\/\/kerste.de\/wp-content\/uploads\/2021\/12\/20211203-22h-42m-IMG_7984-300x225.jpg 300w, https:\/\/kerste.de\/wp-content\/uploads\/2021\/12\/20211203-22h-42m-IMG_7984-768x576.jpg 768w\" sizes=\"auto, (max-width: 1024px) 100vw, 1024px\" \/><\/a><figcaption><em>Molde<\/em><\/figcaption><\/figure>\n<div class=\"shariff shariff-align-left shariff-widget-align-left\"><ul class=\"shariff-buttons theme-white orientation-horizontal buttonsize-small\"><li class=\"shariff-button twitter shariff-nocustomcolor\" style=\"background-color:#595959\"><a href=\"https:\/\/twitter.com\/share?url=https%3A%2F%2Fkerste.de%2F%3Fp%3D12975&text=Hurtigrute%20Tag%202%3A%20%C3%85lesund\" title=\"Bei X teilen\" aria-label=\"Bei X teilen\" role=\"button\" rel=\"noopener nofollow\" class=\"shariff-link\" style=\"; background-color:#000; color:#000\" target=\"_blank\"><span class=\"shariff-icon\" style=\"fill:#000\"><svg width=\"32px\" height=\"20px\" xmlns=\"http:\/\/www.w3.org\/2000\/svg\" viewBox=\"0 0 24 24\"><path fill=\"#000\" d=\"M14.258 10.152L23.176 0h-2.113l-7.747 8.813L7.133 0H0l9.352 13.328L0 23.973h2.113l8.176-9.309 6.531 9.309h7.133zm-2.895 3.293l-.949-1.328L2.875 1.56h3.246l6.086 8.523.945 1.328 7.91 11.078h-3.246zm0 0\"\/><\/svg><\/span><span class=\"shariff-text\" style=\"color:#000\">teilen<\/span>&nbsp;<\/a><\/li><li class=\"shariff-button facebook shariff-nocustomcolor\" style=\"background-color:#4273c8\"><a href=\"https:\/\/www.facebook.com\/sharer\/sharer.php?u=https%3A%2F%2Fkerste.de%2F%3Fp%3D12975\" title=\"Bei Facebook teilen\" aria-label=\"Bei Facebook teilen\" role=\"button\" rel=\"nofollow\" class=\"shariff-link\" style=\"; background-color:#3b5998; color:#3b5998\" target=\"_blank\"><span class=\"shariff-icon\" style=\"fill:#3b5998\"><svg width=\"32px\" height=\"20px\" xmlns=\"http:\/\/www.w3.org\/2000\/svg\" viewBox=\"0 0 18 32\"><path fill=\"#3b5998\" d=\"M17.1 0.2v4.7h-2.8q-1.5 0-2.1 0.6t-0.5 1.9v3.4h5.2l-0.7 5.3h-4.5v13.6h-5.5v-13.6h-4.5v-5.3h4.5v-3.9q0-3.3 1.9-5.2t5-1.8q2.6 0 4.1 0.2z\"\/><\/svg><\/span><span class=\"shariff-text\" style=\"color:#3b5998\">teilen<\/span>&nbsp;<\/a><\/li><li class=\"shariff-button tumblr shariff-nocustomcolor\" style=\"background-color:#529ecc\"><a href=\"https:\/\/www.tumblr.com\/widgets\/share\/tool?posttype=link&canonicalUrl=https%3A%2F%2Fkerste.de%2F%3Fp%3D12975&tags=kerste.de\" title=\"Bei tumblr teilen\" aria-label=\"Bei tumblr teilen\" role=\"button\" rel=\"noopener nofollow\" class=\"shariff-link\" style=\"; background-color:#36465d; color:#36465d\" target=\"_blank\"><span class=\"shariff-icon\" style=\"fill:#36465d\"><svg width=\"32px\" height=\"20px\" xmlns=\"http:\/\/www.w3.org\/2000\/svg\" viewBox=\"0 0 32 32\"><path fill=\"#36465d\" d=\"M18 14l0 7.3c0 1.9 0 2.9 0.2 3.5 0.2 0.5 0.7 1.1 1.2 1.4 0.7 0.4 1.5 0.6 2.4 0.6 1.6 0 2.6-0.2 4.2-1.3v4.8c-1.4 0.6-2.6 1-3.7 1.3-1.1 0.3-2.3 0.4-3.6 0.4-1.5 0-2.3-0.2-3.4-0.6-1.1-0.4-2.1-0.9-2.9-1.6-0.8-0.7-1.3-1.4-1.7-2.2s-0.5-1.9-0.5-3.4v-11.2h-4.3v-4.5c1.3-0.4 2.7-1 3.6-1.8 0.9-0.8 1.6-1.7 2.2-2.7 0.5-1.1 0.9-2.4 1.1-4.1h5.2l0 8h8v6h-8z\"\/><\/svg><\/span><span class=\"shariff-text\" style=\"color:#36465d\">teilen<\/span>&nbsp;<\/a><\/li><li class=\"shariff-button info shariff-nocustomcolor\" style=\"background-color:#a8a8a8\"><a href=\"http:\/\/ct.de\/-2467514\" title=\"Weitere Informationen\" aria-label=\"Weitere Informationen\" role=\"button\" rel=\"noopener \" class=\"shariff-link\" style=\"; background-color:#999; color:#999\" target=\"_blank\"><span class=\"shariff-icon\" style=\"fill:#999\"><svg width=\"32px\" height=\"20px\" xmlns=\"http:\/\/www.w3.org\/2000\/svg\" viewBox=\"0 0 11 32\"><path fill=\"#999\" d=\"M11.4 24v2.3q0 0.5-0.3 0.8t-0.8 0.4h-9.1q-0.5 0-0.8-0.4t-0.4-0.8v-2.3q0-0.5 0.4-0.8t0.8-0.4h1.1v-6.8h-1.1q-0.5 0-0.8-0.4t-0.4-0.8v-2.3q0-0.5 0.4-0.8t0.8-0.4h6.8q0.5 0 0.8 0.4t0.4 0.8v10.3h1.1q0.5 0 0.8 0.4t0.3 0.8zM9.2 3.4v3.4q0 0.5-0.4 0.8t-0.8 0.4h-4.6q-0.4 0-0.8-0.4t-0.4-0.8v-3.4q0-0.4 0.4-0.8t0.8-0.4h4.6q0.5 0 0.8 0.4t0.4 0.8z\"\/><\/svg><\/span><\/a><\/li><\/ul><\/div>","protected":false},"excerpt":{"rendered":"<p>Der Tag beginnt viel zu fr\u00fch: gegen halb sechs sind wir in M\u00e5l\u00f8y. Davon kriege ich zwar eigentlich nicht viel mit, aber es ist wohl das Pfeifen und Quietschen der Ladeluke, das ich um die Uhrzeit h\u00f6re. Und wenn ich schon wach bin, kriege ich auch mit, dass in der Folgezeit gut Bewegung im Schiff [&hellip;]<\/p>\n","protected":false},"author":1,"featured_media":0,"comment_status":"open","ping_status":"open","sticky":false,"template":"","format":"standard","meta":{"footnotes":""},"categories":[417],"tags":[],"class_list":["post-12975","post","type-post","status-publish","format-standard","hentry","category-hurtigruten-2021-grp126"],"_links":{"self":[{"href":"https:\/\/kerste.de\/index.php?rest_route=\/wp\/v2\/posts\/12975","targetHints":{"allow":["GET"]}}],"collection":[{"href":"https:\/\/kerste.de\/index.php?rest_route=\/wp\/v2\/posts"}],"about":[{"href":"https:\/\/kerste.de\/index.php?rest_route=\/wp\/v2\/types\/post"}],"author":[{"embeddable":true,"href":"https:\/\/kerste.de\/index.php?rest_route=\/wp\/v2\/users\/1"}],"replies":[{"embeddable":true,"href":"https:\/\/kerste.de\/index.php?rest_route=%2Fwp%2Fv2%2Fcomments&post=12975"}],"version-history":[{"count":2,"href":"https:\/\/kerste.de\/index.php?rest_route=\/wp\/v2\/posts\/12975\/revisions"}],"predecessor-version":[{"id":13015,"href":"https:\/\/kerste.de\/index.php?rest_route=\/wp\/v2\/posts\/12975\/revisions\/13015"}],"wp:attachment":[{"href":"https:\/\/kerste.de\/index.php?rest_route=%2Fwp%2Fv2%2Fmedia&parent=12975"}],"wp:term":[{"taxonomy":"category","embeddable":true,"href":"https:\/\/kerste.de\/index.php?rest_route=%2Fwp%2Fv2%2Fcategories&post=12975"},{"taxonomy":"post_tag","embeddable":true,"href":"https:\/\/kerste.de\/index.php?rest_route=%2Fwp%2Fv2%2Ftags&post=12975"}],"curies":[{"name":"wp","href":"https:\/\/api.w.org\/{rel}","templated":true}]}}