{"id":11701,"date":"2020-08-18T11:32:43","date_gmt":"2020-08-18T10:32:43","guid":{"rendered":"https:\/\/kerste.de\/?p=11701"},"modified":"2020-08-19T17:43:44","modified_gmt":"2020-08-19T16:43:44","slug":"abenteuer-strasse-der-megalithkultur-teil-1","status":"publish","type":"post","link":"https:\/\/kerste.de\/?p=11701","title":{"rendered":"Abenteuer-Stra\u00dfe der Megalithkultur, Tag 1"},"content":{"rendered":"\n<p>Was hatte ich dieses Jahr nicht alles an Touren geplant! Im Mai war Urlaub angedacht \u2013 zwei Wochen Irland. Wegen Corona wurde das gestrichen, und auf die Flugerstattung der Lufthansa warte ich immer noch. Stattdessen ging es ein paar Mal in den nahen Schwarzwald, was ich nur auf Twitter dokumentiert hatte.<\/p>\n\n\n\n<p>Im August stand mein dritter Schottland-Trip an \u2013 unserem Reisemonster Nessie mal wieder seine Heimat zeigen, und meinen Schottland-Reisef\u00fchrer erweitern. Pustekuchen. Es h\u00e4tte vielleicht sogar klappen k\u00f6nnen, aber einen Monat vorher war Schottland noch weitestgehend im Lockdown, und vierzehn Tage Quarant\u00e4ne in Inverness waren auch nicht so verlockend. Als KLM dann mit Umbuchen begann, nutzen wir die Chance, um die Reise zu stornieren. Ich bin mir immer noch unsicher, ob die F\u00e4hren auf die Orkneys mittlerweile wieder regelm\u00e4\u00dfig verkehren. Aber in den Highlands sind sie nicht ungl\u00fccklich, wenn keiner kommt und das einzige Krankenhausbett belegt&#8230;<\/p>\n\n\n\n<div class=\"wp-block-image\"><figure class=\"alignright size-medium\"><a href=\"https:\/\/kerste.de\/?attachment_id=11713#main\"><img loading=\"lazy\" decoding=\"async\" width=\"300\" height=\"225\" src=\"https:\/\/kerste.de\/wp-content\/uploads\/2020\/08\/20200810-13h-48m-P1220154-300x225.jpg\" alt=\"\" class=\"wp-image-11713\" srcset=\"https:\/\/kerste.de\/wp-content\/uploads\/2020\/08\/20200810-13h-48m-P1220154-300x225.jpg 300w, https:\/\/kerste.de\/wp-content\/uploads\/2020\/08\/20200810-13h-48m-P1220154-768x577.jpg 768w, https:\/\/kerste.de\/wp-content\/uploads\/2020\/08\/20200810-13h-48m-P1220154.jpg 1024w\" sizes=\"auto, (max-width: 300px) 100vw, 300px\" \/><\/a><figcaption><em>Stra\u00dfe der Megalithkultur<\/em><\/figcaption><\/figure><\/div>\n\n\n\n<p>Was tun, sprach Zeus? Zum Jahreswechsel 2017\/18 waren wir in der Bretagne gewesen, die Megalithbauten in den Winterst\u00fcrmen erleben. Durchaus ein Erlebnis, auch weil die Franzosen es mit der Weihnachtsbeleuchtung wirklich ernst meinen. Und abseits vom Mont Saint Michel war da um die Zeit auch nicht so viel los. Dadurch wurden wir auch auf die <a rel=\"noreferrer noopener\" href=\"http:\/\/www.strassedermegalithkultur.de\/de\/\" target=\"_blank\">Stra\u00dfe der Megalithkultur<\/a> aufmerksam \u2013 eine 330 km lange Tour durch Niedersachsen, die 2006 vorgestellt und 2008\/9 ausgeschildert wurde. Alternativ als achtt\u00e4gige Fahrradtour machbar. 33 Stationen mit H\u00fcnengr\u00e4bern erwarten einen da \u2013 das m\u00fcsste doch eigentlich in 5-6 Tagen mit dem Auto machbar sein. Dieser Raum Oldenburg\/Osnabr\u00fcck ist von S\u00fcddeutschland auch gar nicht mal so weit weg&#8230; <\/p>\n\n\n\n<p>\u00dcber das Fremdenverkehrsamt kam dann auch eine sch\u00f6ne \u00dcbersichtskarte und die Beschreibung der Radroute, aber die Radtour konnte ich nicht durchsetzen. Also wurde es die Rundfahrt mit dem Auto. Leider beschreibt der Reisef\u00fchrer, der auf der Webseite beworben wird, zwar die Stationen sehr sch\u00f6n, gibt aber wenig Tipps zur Tourenplanung. Heute wei\u00df ich, dass wir im S\u00fcden bei Station 1 h\u00e4tten anfangen sollen, die Route ist eine Einbahnstra\u00dfe. So finden wir in Bremen an und arbeiteten uns nach S\u00fcden weiter, mit dem Ziel, schon mal eine Stunde bei der Heimfahrt einzusparen. Dadurch und durch eine angepasste Reihenfolge der Stationen wurde das ganze zur Abenteuer-Stra\u00dfe der Megalithkultur. Zum Gl\u00fcck gibt es auf der Webseite der Stra\u00dfe auch die GPS-Daten der Stationen (wenn auch nicht der Parkpl\u00e4tze), sonst w\u00e4re das ganze noch abenteuerlicher geworden. Immerhin: Wenn man bei #1 anf\u00e4ngt, ist sie wohl besser ausgeschildert. So hatten wir keine Ahnung, was uns erwartet, und wurden nicht entt\u00e4uscht.<\/p>\n\n\n\n<p>Los gings am Samstag, dem 8. August, im Hochsommer bei gut 35\u00b0 mit Reiseziel Bremen. Wichtigste Fracht an Bord: Die K\u00fchlbox f\u00fcr Getr\u00e4nke. Sonst w\u00e4re die Tour zur Tortur geworden, von wegen k\u00fchler Norden. Und nachdem wir einmal Frankfurt hinter uns gelassen hatten, ging die Fahrt sogar recht z\u00fcgig \u2013 sieben Stunden f\u00fcr die 528 km von Karlsruhe nach Bremen. Macht einen Schnitt von 75 km\/h, vor allem dank der Baustellen auf der A5\u2026<\/p>\n\n\n\n<p>Ich muss zugeben, dass ich von Bremen keine Vorstellung hatte au\u00dfer Hansestadt, irgendwas mit Hafen und einem Abi, das nichts wert ist. Als Gro\u00dfstadt (elftgr\u00f6\u00dfte Stadt Deutschlands) wohl voll mit Menschen und gro\u00dfen H\u00e4usern. Aber Reisen bildet: Am Marktplatz gab&#8217;s die erwarteten gr\u00f6\u00dferen Stadth\u00e4user, aber das Schnoor-Viertel mit winzigen Einfamilienh\u00e4uschen h\u00e4tte ich in einer alten Stadt nicht erwartet. Da sind die Fachwerkst\u00e4dte bei uns im S\u00fcden ja imposanter. Schnucklig. <\/p>\n\n\n\n<figure class=\"wp-block-gallery columns-3 is-cropped wp-block-gallery-1 is-layout-flex wp-block-gallery-is-layout-flex\"><ul class=\"blocks-gallery-grid\"><li class=\"blocks-gallery-item\"><figure><a href=\"https:\/\/kerste.de\/?attachment_id=11702#main\"><img loading=\"lazy\" decoding=\"async\" width=\"1024\" height=\"769\" src=\"https:\/\/kerste.de\/wp-content\/uploads\/2020\/08\/20200808-17h-31m-P1210322.jpg\" alt=\"\" data-id=\"11702\" data-link=\"https:\/\/kerste.de\/?attachment_id=11702#main\" class=\"wp-image-11702\" srcset=\"https:\/\/kerste.de\/wp-content\/uploads\/2020\/08\/20200808-17h-31m-P1210322.jpg 1024w, https:\/\/kerste.de\/wp-content\/uploads\/2020\/08\/20200808-17h-31m-P1210322-300x225.jpg 300w, https:\/\/kerste.de\/wp-content\/uploads\/2020\/08\/20200808-17h-31m-P1210322-768x577.jpg 768w\" sizes=\"auto, (max-width: 1024px) 100vw, 1024px\" \/><\/a><figcaption class=\"blocks-gallery-item__caption\">Marktplatz<\/figcaption><\/figure><\/li><li class=\"blocks-gallery-item\"><figure><a href=\"https:\/\/kerste.de\/?attachment_id=11704#main\"><img loading=\"lazy\" decoding=\"async\" width=\"1024\" height=\"769\" src=\"https:\/\/kerste.de\/wp-content\/uploads\/2020\/08\/20200808-17h-57m-P1210349.jpg\" alt=\"\" data-id=\"11704\" data-full-url=\"https:\/\/kerste.de\/wp-content\/uploads\/2020\/08\/20200808-17h-57m-P1210349.jpg\" data-link=\"https:\/\/kerste.de\/?attachment_id=11704#main\" class=\"wp-image-11704\" srcset=\"https:\/\/kerste.de\/wp-content\/uploads\/2020\/08\/20200808-17h-57m-P1210349.jpg 1024w, https:\/\/kerste.de\/wp-content\/uploads\/2020\/08\/20200808-17h-57m-P1210349-300x225.jpg 300w, https:\/\/kerste.de\/wp-content\/uploads\/2020\/08\/20200808-17h-57m-P1210349-768x577.jpg 768w\" sizes=\"auto, (max-width: 1024px) 100vw, 1024px\" \/><\/a><figcaption class=\"blocks-gallery-item__caption\">Alexander von Humboldt<\/figcaption><\/figure><\/li><li class=\"blocks-gallery-item\"><figure><a href=\"https:\/\/kerste.de\/?attachment_id=11705#main\"><img loading=\"lazy\" decoding=\"async\" width=\"769\" height=\"1024\" src=\"https:\/\/kerste.de\/wp-content\/uploads\/2020\/08\/20200808-19h-02m-P1210378.jpg\" alt=\"\" data-id=\"11705\" data-full-url=\"https:\/\/kerste.de\/wp-content\/uploads\/2020\/08\/20200808-19h-02m-P1210378.jpg\" data-link=\"https:\/\/kerste.de\/?attachment_id=11705#main\" class=\"wp-image-11705\" srcset=\"https:\/\/kerste.de\/wp-content\/uploads\/2020\/08\/20200808-19h-02m-P1210378.jpg 769w, https:\/\/kerste.de\/wp-content\/uploads\/2020\/08\/20200808-19h-02m-P1210378-225x300.jpg 225w\" sizes=\"auto, (max-width: 769px) 100vw, 769px\" \/><\/a><figcaption class=\"blocks-gallery-item__caption\">Schnoor-Viertel<\/figcaption><\/figure><\/li><li class=\"blocks-gallery-item\"><figure><a href=\"https:\/\/kerste.de\/?attachment_id=11703#main\"><img loading=\"lazy\" decoding=\"async\" width=\"1024\" height=\"792\" src=\"https:\/\/kerste.de\/wp-content\/uploads\/2020\/08\/20200808-17h-33m-P1210324.jpg\" alt=\"\" data-id=\"11703\" data-link=\"https:\/\/kerste.de\/?attachment_id=11703#main\" class=\"wp-image-11703\" srcset=\"https:\/\/kerste.de\/wp-content\/uploads\/2020\/08\/20200808-17h-33m-P1210324.jpg 1024w, https:\/\/kerste.de\/wp-content\/uploads\/2020\/08\/20200808-17h-33m-P1210324-300x232.jpg 300w, https:\/\/kerste.de\/wp-content\/uploads\/2020\/08\/20200808-17h-33m-P1210324-768x594.jpg 768w\" sizes=\"auto, (max-width: 1024px) 100vw, 1024px\" \/><\/a><figcaption class=\"blocks-gallery-item__caption\">Dom und Rathaus<\/figcaption><\/figure><\/li><\/ul><\/figure>\n\n\n\n<p>Und Menschen waren auch kaum unterwegs, man hatte viel Platz. Wobei auf dem Marktplatz eine Kundgebung von AFD-Sympathisanten daf\u00fcr sorgte, dass au\u00dfer Polizei kaum jemand da war. Denen wollte praktisch keiner zuh\u00f6ren:-) Jedenfalls wirkte das ganze schon eher d\u00f6rflich als st\u00e4dtisch. Nix mit Touristen-Hochburg (was uns in Corona-Zeiten auch durchaus recht war). Aber dass die Souvenirshops samstags zwischen 12:30 und 18 Uhr zu machen, ist schon ungewohnt&#8230; Um 17 Uhr kamen wir in Bremen an, das langte gerade noch, um in der B\u00f6ttchergasse nach Souvenirs zu schauen. Dann war auch schon Feierabend. Die Gasse ist durchaus sehenswert: Interessante Backsteingeb\u00e4ude, und am Eingang ein protziges goldenes Wandbild, das urspr\u00fcnglich wohl den <a rel=\"noreferrer noopener\" href=\"https:\/\/www.atlasobscura.com\/places\/der-lichtbringer\" target=\"_blank\">F\u00fchrer als Lichtbringer<\/a> verherrlichen wollte. Hitler gefiel es als entartete Kunst aber nicht, also stellt es heute den Erzengel Michael im Kampf gegen den Teufel dar und ist politisch korrekt. <\/p>\n\n\n\n<figure class=\"wp-block-gallery columns-2 is-cropped wp-block-gallery-2 is-layout-flex wp-block-gallery-is-layout-flex\"><ul class=\"blocks-gallery-grid\"><li class=\"blocks-gallery-item\"><figure><a href=\"https:\/\/kerste.de\/?attachment_id=11706#main\"><img loading=\"lazy\" decoding=\"async\" width=\"769\" height=\"1024\" src=\"https:\/\/kerste.de\/wp-content\/uploads\/2020\/08\/20200808-17h-37m-P1210331.jpg\" alt=\"\" data-id=\"11706\" data-full-url=\"https:\/\/kerste.de\/wp-content\/uploads\/2020\/08\/20200808-17h-37m-P1210331.jpg\" data-link=\"https:\/\/kerste.de\/?attachment_id=11706#main\" class=\"wp-image-11706\" srcset=\"https:\/\/kerste.de\/wp-content\/uploads\/2020\/08\/20200808-17h-37m-P1210331.jpg 769w, https:\/\/kerste.de\/wp-content\/uploads\/2020\/08\/20200808-17h-37m-P1210331-225x300.jpg 225w\" sizes=\"auto, (max-width: 769px) 100vw, 769px\" \/><\/a><figcaption class=\"blocks-gallery-item__caption\">Lichtbringer<\/figcaption><\/figure><\/li><li class=\"blocks-gallery-item\"><figure><a href=\"https:\/\/kerste.de\/?attachment_id=11707#main\"><img loading=\"lazy\" decoding=\"async\" width=\"768\" height=\"1024\" src=\"https:\/\/kerste.de\/wp-content\/uploads\/2020\/08\/20200808-17h-40m-IMG_1934.jpg\" alt=\"\" data-id=\"11707\" data-full-url=\"https:\/\/kerste.de\/wp-content\/uploads\/2020\/08\/20200808-17h-40m-IMG_1934.jpg\" data-link=\"https:\/\/kerste.de\/?attachment_id=11707#main\" class=\"wp-image-11707\" srcset=\"https:\/\/kerste.de\/wp-content\/uploads\/2020\/08\/20200808-17h-40m-IMG_1934.jpg 768w, https:\/\/kerste.de\/wp-content\/uploads\/2020\/08\/20200808-17h-40m-IMG_1934-225x300.jpg 225w\" sizes=\"auto, (max-width: 768px) 100vw, 768px\" \/><\/a><figcaption class=\"blocks-gallery-item__caption\">B\u00f6ttchergasse<\/figcaption><\/figure><\/li><\/ul><\/figure>\n\n\n\n<p>Die Innenstadt ist recht schnell erkundet (vielleicht zwei Stunden, aber man kann auch mehr Zeit hier verbringen \u2013 wenn die Laden\u00f6ffnungszeiten nicht eher zur bairischen Provinz passen w\u00fcrden). Fehlen eigentlich nur noch die Bremer Stadtmusikanten. Die fanden wir dann auch mehrmals, wobei die am Marktplatz am wenigsten beeindruckten.<\/p>\n\n\n\n<figure class=\"wp-block-gallery columns-3 is-cropped wp-block-gallery-3 is-layout-flex wp-block-gallery-is-layout-flex\"><ul class=\"blocks-gallery-grid\"><li class=\"blocks-gallery-item\"><figure><a href=\"https:\/\/kerste.de\/?attachment_id=11708#main\"><img loading=\"lazy\" decoding=\"async\" width=\"1024\" height=\"769\" src=\"https:\/\/kerste.de\/wp-content\/uploads\/2020\/08\/20200808-17h-41m-P1210338.jpg\" alt=\"\" data-id=\"11708\" data-full-url=\"https:\/\/kerste.de\/wp-content\/uploads\/2020\/08\/20200808-17h-41m-P1210338.jpg\" data-link=\"https:\/\/kerste.de\/?attachment_id=11708#main\" class=\"wp-image-11708\" srcset=\"https:\/\/kerste.de\/wp-content\/uploads\/2020\/08\/20200808-17h-41m-P1210338.jpg 1024w, https:\/\/kerste.de\/wp-content\/uploads\/2020\/08\/20200808-17h-41m-P1210338-300x225.jpg 300w, https:\/\/kerste.de\/wp-content\/uploads\/2020\/08\/20200808-17h-41m-P1210338-768x577.jpg 768w\" sizes=\"auto, (max-width: 1024px) 100vw, 1024px\" \/><\/a><\/figure><\/li><li class=\"blocks-gallery-item\"><figure><a href=\"https:\/\/kerste.de\/?attachment_id=11709#main\"><img loading=\"lazy\" decoding=\"async\" width=\"1024\" height=\"769\" src=\"https:\/\/kerste.de\/wp-content\/uploads\/2020\/08\/20200808-17h-41m-P1210341.jpg\" alt=\"\" data-id=\"11709\" data-full-url=\"https:\/\/kerste.de\/wp-content\/uploads\/2020\/08\/20200808-17h-41m-P1210341.jpg\" data-link=\"https:\/\/kerste.de\/?attachment_id=11709#main\" class=\"wp-image-11709\" srcset=\"https:\/\/kerste.de\/wp-content\/uploads\/2020\/08\/20200808-17h-41m-P1210341.jpg 1024w, https:\/\/kerste.de\/wp-content\/uploads\/2020\/08\/20200808-17h-41m-P1210341-300x225.jpg 300w, https:\/\/kerste.de\/wp-content\/uploads\/2020\/08\/20200808-17h-41m-P1210341-768x577.jpg 768w\" sizes=\"auto, (max-width: 1024px) 100vw, 1024px\" \/><\/a><figcaption class=\"blocks-gallery-item__caption\">Der Hahn ist fort&#8230;<\/figcaption><\/figure><\/li><li class=\"blocks-gallery-item\"><figure><a href=\"https:\/\/kerste.de\/?attachment_id=11710#main\"><img loading=\"lazy\" decoding=\"async\" width=\"769\" height=\"1024\" src=\"https:\/\/kerste.de\/wp-content\/uploads\/2020\/08\/20200808-19h-05m-P1210383.jpg\" alt=\"\" data-id=\"11710\" data-full-url=\"https:\/\/kerste.de\/wp-content\/uploads\/2020\/08\/20200808-19h-05m-P1210383.jpg\" data-link=\"https:\/\/kerste.de\/?attachment_id=11710#main\" class=\"wp-image-11710\" srcset=\"https:\/\/kerste.de\/wp-content\/uploads\/2020\/08\/20200808-19h-05m-P1210383.jpg 769w, https:\/\/kerste.de\/wp-content\/uploads\/2020\/08\/20200808-19h-05m-P1210383-225x300.jpg 225w\" sizes=\"auto, (max-width: 769px) 100vw, 769px\" \/><\/a><\/figure><\/li><li class=\"blocks-gallery-item\"><figure><a href=\"https:\/\/kerste.de\/?attachment_id=11711#main\"><img loading=\"lazy\" decoding=\"async\" width=\"1024\" height=\"769\" src=\"https:\/\/kerste.de\/wp-content\/uploads\/2020\/08\/20200808-19h-30m-P1210409.jpg\" alt=\"\" data-id=\"11711\" data-full-url=\"https:\/\/kerste.de\/wp-content\/uploads\/2020\/08\/20200808-19h-30m-P1210409.jpg\" data-link=\"https:\/\/kerste.de\/?attachment_id=11711#main\" class=\"wp-image-11711\" srcset=\"https:\/\/kerste.de\/wp-content\/uploads\/2020\/08\/20200808-19h-30m-P1210409.jpg 1024w, https:\/\/kerste.de\/wp-content\/uploads\/2020\/08\/20200808-19h-30m-P1210409-300x225.jpg 300w, https:\/\/kerste.de\/wp-content\/uploads\/2020\/08\/20200808-19h-30m-P1210409-768x577.jpg 768w\" sizes=\"auto, (max-width: 1024px) 100vw, 1024px\" \/><\/a><\/figure><\/li><\/ul><figcaption class=\"blocks-gallery-caption\"><em>Die Bremer Stadtmusikanten<\/em><\/figcaption><\/figure>\n\n\n\n<p>\u00dcbrigens, wer die Sage auch schon wieder vergessen hat, kann sie zum Beispiel hier nachh\u00f6ren:<\/p>\n\n\n\n<figure class=\"wp-block-embed-youtube wp-block-embed is-type-video is-provider-youtube wp-embed-aspect-16-9 wp-has-aspect-ratio\"><div class=\"wp-block-embed__wrapper\">\n<div class=\"video-wrapped\" style=\"width: 1176px; height: 662px; background-image: url('https:\/\/kerste.de\/wp-content\/plugins\/video-embed-privacy\/preview\/70cLcMis6rw.jpg')\" data-embed-frame=\"&lt;iframe title=&quot;Die Bremer Stadtmusikanten - Gebr\u00fcder Grimm&quot; width=&quot;1176&quot; height=&quot;662&quot; src=&quot;https:\/\/www.youtube.com\/embed\/70cLcMis6rw?feature=oembed&quot; frameborder=&quot;0&quot; allow=&quot;accelerometer; autoplay; encrypted-media; gyroscope; picture-in-picture&quot; allowfullscreen&gt;&lt;\/iframe&gt;\" data-embed-play=\"Abspielen&lt;div class=&quot;small&quot;&gt;Das Video wird von Youtube eingebettet abespielt. Es gilt die &lt;a href=&quot;https:\/\/www.google.com\/intl\/de\/policies\/privacy\/&quot; target=&quot;_blank&quot;&gt;Datenschutzerkl\u00e4rung von Google&lt;\/a&gt;&lt;\/div&gt;\"><div class=\"video-wrapped-nojs\">Aktivieren Sie JavaScript um das Video zu sehen.<br\/><a href=\"https:\/\/youtu.be\/70cLcMis6rw\">https:\/\/youtu.be\/70cLcMis6rw<\/a><\/div><\/div>\n<\/div><\/figure>\n\n\n\n<p>Den Punkt Abendessen verschoben wir auf das Hotel in Ganderkesee, rund 20 Minuten au\u00dferhalb von Bremen (und gef\u00fchlt meilenweit von der n\u00e4chsten Gro\u00dfstadt entfernt). Check-In ganz entspannt bis 22 Uhr; gegen 20 Uhr waren wir da und erfuhren, dass es kein Fr\u00fchst\u00fcck gibt. Auch eine M\u00f6glichkeit, die Corona-Hygiene zu erf\u00fcllen, und wir w\u00fcrden doch bestimmt jemanden besuchen, bei dem wir Fr\u00fchst\u00fccken k\u00f6nnten. \u2013 Nein, wir wollen hier Urlaub machen. \u2013 Verwunderte Blicke&#8230; Die Gegend scheint nicht auf Touristen eingestellt zu sein.<\/p>\n\n\n\n<div class=\"wp-block-image\"><figure class=\"alignright size-medium\"><a href=\"https:\/\/kerste.de\/?attachment_id=11712#main\"><img loading=\"lazy\" decoding=\"async\" width=\"225\" height=\"300\" src=\"https:\/\/kerste.de\/wp-content\/uploads\/2020\/08\/20200808-20h-46m-IMG_1954-225x300.jpg\" alt=\"\" class=\"wp-image-11712\" srcset=\"https:\/\/kerste.de\/wp-content\/uploads\/2020\/08\/20200808-20h-46m-IMG_1954-225x300.jpg 225w, https:\/\/kerste.de\/wp-content\/uploads\/2020\/08\/20200808-20h-46m-IMG_1954.jpg 768w\" sizes=\"auto, (max-width: 225px) 100vw, 225px\" \/><\/a><figcaption><em>Matjes<\/em><\/figcaption><\/figure><\/div>\n\n\n\n<p>Immerhin ein Hotelrestaurant gibt es, und wenn wir uns beeilen, kriegen wir sogar noch was \u2013 es ist immerhin schon fast 20 Uhr, da schlie\u00dft die K\u00fcche gleich. <\/p>\n\n\n\n<p>Ich entschied mich f\u00fcr Matjes, was auch die einzige Begegnung mit der einheimischen K\u00fcche blieb, mangels weiterer Gelegenheiten. Lecker, aber teuer. Und die Wespe, die in meinem Radler Selbstmord begehen wollte, steigerte den Genuss auch nur m\u00e4\u00dfig \u2013 die Plagegeister gibt es dort zu Hauf.<\/p>\n\n\n\n<p>Das Hotel selbst war okay, nur das Bad war hei\u00df \u2013 eher ein Dampfbad als ein normales Bad. Am n\u00e4chsten Morgen wollten wir dann endlich auf die eigentliche Stra\u00dfe der Megalithkultur starten \u2013 Alte Steine gucken.<\/p>\n<div class=\"shariff shariff-align-left shariff-widget-align-left\"><ul class=\"shariff-buttons theme-white orientation-horizontal buttonsize-small\"><li class=\"shariff-button twitter shariff-nocustomcolor\" style=\"background-color:#595959\"><a href=\"https:\/\/twitter.com\/share?url=https%3A%2F%2Fkerste.de%2F%3Fp%3D11701&text=Abenteuer-Stra%C3%9Fe%20der%20Megalithkultur%2C%20Tag%201\" title=\"Bei X teilen\" aria-label=\"Bei X teilen\" role=\"button\" rel=\"noopener nofollow\" class=\"shariff-link\" style=\"; background-color:#000; color:#000\" target=\"_blank\"><span class=\"shariff-icon\" style=\"fill:#000\"><svg width=\"32px\" height=\"20px\" xmlns=\"http:\/\/www.w3.org\/2000\/svg\" viewBox=\"0 0 24 24\"><path fill=\"#000\" d=\"M14.258 10.152L23.176 0h-2.113l-7.747 8.813L7.133 0H0l9.352 13.328L0 23.973h2.113l8.176-9.309 6.531 9.309h7.133zm-2.895 3.293l-.949-1.328L2.875 1.56h3.246l6.086 8.523.945 1.328 7.91 11.078h-3.246zm0 0\"\/><\/svg><\/span><span class=\"shariff-text\" style=\"color:#000\">teilen<\/span>&nbsp;<\/a><\/li><li class=\"shariff-button facebook shariff-nocustomcolor\" style=\"background-color:#4273c8\"><a href=\"https:\/\/www.facebook.com\/sharer\/sharer.php?u=https%3A%2F%2Fkerste.de%2F%3Fp%3D11701\" title=\"Bei Facebook teilen\" aria-label=\"Bei Facebook teilen\" role=\"button\" rel=\"nofollow\" class=\"shariff-link\" style=\"; background-color:#3b5998; color:#3b5998\" target=\"_blank\"><span class=\"shariff-icon\" style=\"fill:#3b5998\"><svg width=\"32px\" height=\"20px\" xmlns=\"http:\/\/www.w3.org\/2000\/svg\" viewBox=\"0 0 18 32\"><path fill=\"#3b5998\" d=\"M17.1 0.2v4.7h-2.8q-1.5 0-2.1 0.6t-0.5 1.9v3.4h5.2l-0.7 5.3h-4.5v13.6h-5.5v-13.6h-4.5v-5.3h4.5v-3.9q0-3.3 1.9-5.2t5-1.8q2.6 0 4.1 0.2z\"\/><\/svg><\/span><span class=\"shariff-text\" style=\"color:#3b5998\">teilen<\/span>&nbsp;<\/a><\/li><li class=\"shariff-button tumblr shariff-nocustomcolor\" style=\"background-color:#529ecc\"><a href=\"https:\/\/www.tumblr.com\/widgets\/share\/tool?posttype=link&canonicalUrl=https%3A%2F%2Fkerste.de%2F%3Fp%3D11701&tags=kerste.de\" title=\"Bei tumblr teilen\" aria-label=\"Bei tumblr teilen\" role=\"button\" rel=\"noopener nofollow\" class=\"shariff-link\" style=\"; background-color:#36465d; color:#36465d\" target=\"_blank\"><span class=\"shariff-icon\" style=\"fill:#36465d\"><svg width=\"32px\" height=\"20px\" xmlns=\"http:\/\/www.w3.org\/2000\/svg\" viewBox=\"0 0 32 32\"><path fill=\"#36465d\" d=\"M18 14l0 7.3c0 1.9 0 2.9 0.2 3.5 0.2 0.5 0.7 1.1 1.2 1.4 0.7 0.4 1.5 0.6 2.4 0.6 1.6 0 2.6-0.2 4.2-1.3v4.8c-1.4 0.6-2.6 1-3.7 1.3-1.1 0.3-2.3 0.4-3.6 0.4-1.5 0-2.3-0.2-3.4-0.6-1.1-0.4-2.1-0.9-2.9-1.6-0.8-0.7-1.3-1.4-1.7-2.2s-0.5-1.9-0.5-3.4v-11.2h-4.3v-4.5c1.3-0.4 2.7-1 3.6-1.8 0.9-0.8 1.6-1.7 2.2-2.7 0.5-1.1 0.9-2.4 1.1-4.1h5.2l0 8h8v6h-8z\"\/><\/svg><\/span><span class=\"shariff-text\" style=\"color:#36465d\">teilen<\/span>&nbsp;<\/a><\/li><li class=\"shariff-button info shariff-nocustomcolor\" style=\"background-color:#a8a8a8\"><a href=\"http:\/\/ct.de\/-2467514\" title=\"Weitere Informationen\" aria-label=\"Weitere Informationen\" role=\"button\" rel=\"noopener \" class=\"shariff-link\" style=\"; background-color:#999; color:#999\" target=\"_blank\"><span class=\"shariff-icon\" style=\"fill:#999\"><svg width=\"32px\" height=\"20px\" xmlns=\"http:\/\/www.w3.org\/2000\/svg\" viewBox=\"0 0 11 32\"><path fill=\"#999\" d=\"M11.4 24v2.3q0 0.5-0.3 0.8t-0.8 0.4h-9.1q-0.5 0-0.8-0.4t-0.4-0.8v-2.3q0-0.5 0.4-0.8t0.8-0.4h1.1v-6.8h-1.1q-0.5 0-0.8-0.4t-0.4-0.8v-2.3q0-0.5 0.4-0.8t0.8-0.4h6.8q0.5 0 0.8 0.4t0.4 0.8v10.3h1.1q0.5 0 0.8 0.4t0.3 0.8zM9.2 3.4v3.4q0 0.5-0.4 0.8t-0.8 0.4h-4.6q-0.4 0-0.8-0.4t-0.4-0.8v-3.4q0-0.4 0.4-0.8t0.8-0.4h4.6q0.5 0 0.8 0.4t0.4 0.8z\"\/><\/svg><\/span><\/a><\/li><\/ul><\/div>","protected":false},"excerpt":{"rendered":"<p>Was hatte ich dieses Jahr nicht alles an Touren geplant! Im Mai war Urlaub angedacht \u2013 zwei Wochen Irland. Wegen Corona wurde das gestrichen, und auf die Flugerstattung der Lufthansa warte ich immer noch. Stattdessen ging es ein paar Mal in den nahen Schwarzwald, was ich nur auf Twitter dokumentiert hatte. Im August stand mein [&hellip;]<\/p>\n","protected":false},"author":1,"featured_media":0,"comment_status":"open","ping_status":"open","sticky":false,"template":"","format":"standard","meta":{"footnotes":""},"categories":[406],"tags":[],"class_list":["post-11701","post","type-post","status-publish","format-standard","hentry","category-strasse-der-megalithkultur-2020"],"_links":{"self":[{"href":"https:\/\/kerste.de\/index.php?rest_route=\/wp\/v2\/posts\/11701","targetHints":{"allow":["GET"]}}],"collection":[{"href":"https:\/\/kerste.de\/index.php?rest_route=\/wp\/v2\/posts"}],"about":[{"href":"https:\/\/kerste.de\/index.php?rest_route=\/wp\/v2\/types\/post"}],"author":[{"embeddable":true,"href":"https:\/\/kerste.de\/index.php?rest_route=\/wp\/v2\/users\/1"}],"replies":[{"embeddable":true,"href":"https:\/\/kerste.de\/index.php?rest_route=%2Fwp%2Fv2%2Fcomments&post=11701"}],"version-history":[{"count":6,"href":"https:\/\/kerste.de\/index.php?rest_route=\/wp\/v2\/posts\/11701\/revisions"}],"predecessor-version":[{"id":11859,"href":"https:\/\/kerste.de\/index.php?rest_route=\/wp\/v2\/posts\/11701\/revisions\/11859"}],"wp:attachment":[{"href":"https:\/\/kerste.de\/index.php?rest_route=%2Fwp%2Fv2%2Fmedia&parent=11701"}],"wp:term":[{"taxonomy":"category","embeddable":true,"href":"https:\/\/kerste.de\/index.php?rest_route=%2Fwp%2Fv2%2Fcategories&post=11701"},{"taxonomy":"post_tag","embeddable":true,"href":"https:\/\/kerste.de\/index.php?rest_route=%2Fwp%2Fv2%2Ftags&post=11701"}],"curies":[{"name":"wp","href":"https:\/\/api.w.org\/{rel}","templated":true}]}}