{"id":10921,"date":"2019-10-01T19:44:56","date_gmt":"2019-10-01T18:44:56","guid":{"rendered":"https:\/\/kerste.de\/?p=10921"},"modified":"2019-10-01T19:45:05","modified_gmt":"2019-10-01T18:45:05","slug":"hurtigrute-tag-9-vesteralen-und-lofoten-2","status":"publish","type":"post","link":"https:\/\/kerste.de\/?p=10921","title":{"rendered":"Hurtigrute Tag 9: Vester\u00e5len und Lofoten"},"content":{"rendered":"\n<div class=\"wp-block-image\"><figure class=\"alignright\"><a href=\"https:\/\/kerste.de\/wp-content\/uploads\/2019\/09\/20190929-08h-31m-P1110457.jpg\"><img loading=\"lazy\" decoding=\"async\" width=\"300\" height=\"225\" src=\"https:\/\/kerste.de\/wp-content\/uploads\/2019\/09\/20190929-08h-31m-P1110457-300x225.jpg\" alt=\"\" class=\"wp-image-10757\" srcset=\"https:\/\/kerste.de\/wp-content\/uploads\/2019\/09\/20190929-08h-31m-P1110457-300x225.jpg 300w, https:\/\/kerste.de\/wp-content\/uploads\/2019\/09\/20190929-08h-31m-P1110457-768x577.jpg 768w, https:\/\/kerste.de\/wp-content\/uploads\/2019\/09\/20190929-08h-31m-P1110457.jpg 1024w\" sizes=\"auto, (max-width: 300px) 100vw, 300px\" \/><\/a><figcaption>Harstad<\/figcaption><\/figure><\/div>\n\n\n\n<p>Harstad geh\u00f6rt immer noch zu den H\u00e4fen, die ich am seltensten sehe: Wir legen n\u00e4mlich bereits um 8:30 ab. Das ist <em>so<\/em> nicht meine Zeit \u2013 vor allem, weil morgens um sechs ein lautes Pfeifen durch die Kabine schallte und mich aus den Tr\u00e4umen riss. Keine Ahnung, was das war&#8230; Dabei lohnt Harstad sich durchaus. Der Ort liegt inmitten der Vester\u00e5len, eingebettet in eine grandiose Bergkulisse. Die Teilnehmer der Vester\u00e5len-Busrundfahrt steigen hier aus, um Norwegen einmal von Land zu sehen, und steigen in Sortland wieder zu. <\/p>\n\n\n\n<div class=\"wp-block-image\"><figure class=\"alignleft\"><a href=\"https:\/\/kerste.de\/wp-content\/uploads\/2019\/09\/20190929-08h-34m-P1110465.jpg\"><img loading=\"lazy\" decoding=\"async\" width=\"300\" height=\"225\" src=\"https:\/\/kerste.de\/wp-content\/uploads\/2019\/09\/20190929-08h-34m-P1110465-300x225.jpg\" alt=\"\" class=\"wp-image-10758\" srcset=\"https:\/\/kerste.de\/wp-content\/uploads\/2019\/09\/20190929-08h-34m-P1110465-300x225.jpg 300w, https:\/\/kerste.de\/wp-content\/uploads\/2019\/09\/20190929-08h-34m-P1110465-768x577.jpg 768w, https:\/\/kerste.de\/wp-content\/uploads\/2019\/09\/20190929-08h-34m-P1110465.jpg 1024w\" sizes=\"auto, (max-width: 300px) 100vw, 300px\" \/><\/a><figcaption>Trondenes-Kirche<\/figcaption><\/figure><\/div>\n\n\n\n<p>Mit dem Schiff geht die Reise um 8:30 weiter, vorbei an der Trondenes-Kirche \u2013 Norwegens \u00e4ltester Steinkirche. Der Troll, der sie einst baute, kam nicht mehr dazu, den Kirchturm zu bauen, daher steht die Glocke heute in einem separaten T\u00fcrmchen. Vom Schiff aus sind auch die Busse zu erkennen, die zur Bustour geh\u00f6ren \u2013 insgesamt vier St\u00fcck. An Bord entgeht uns zwar das h\u00fcbsche Museum und das Inland, aber die Schiffsfahrt durch die Vester\u00e5len ist auch reizvoll. Die gro\u00dfe Font\u00e4ne im Hafen, die auf meinen letzten Fahrten gerade eingeweiht worden war, ist jetzt \u00fcbrigens aus.<\/p>\n\n\n\n<div class=\"wp-block-image\"><figure class=\"alignright\"><a href=\"https:\/\/kerste.de\/wp-content\/uploads\/2019\/09\/20190929-10h-22m-P1110517.jpg\"><img loading=\"lazy\" decoding=\"async\" width=\"300\" height=\"225\" src=\"https:\/\/kerste.de\/wp-content\/uploads\/2019\/09\/20190929-10h-22m-P1110517-300x225.jpg\" alt=\"\" class=\"wp-image-10762\" srcset=\"https:\/\/kerste.de\/wp-content\/uploads\/2019\/09\/20190929-10h-22m-P1110517-300x225.jpg 300w, https:\/\/kerste.de\/wp-content\/uploads\/2019\/09\/20190929-10h-22m-P1110517-768x577.jpg 768w, https:\/\/kerste.de\/wp-content\/uploads\/2019\/09\/20190929-10h-22m-P1110517.jpg 1024w\" sizes=\"auto, (max-width: 300px) 100vw, 300px\" \/><\/a><figcaption>Ris\u00f8yrinne<\/figcaption><\/figure><\/div>\n\n\n\n<p>Mit Schleichfahrt geht es durch die Ris\u00f8yrinne, die nur wenig tiefer ist als unser Schiff und nicht zuletzt wegen der Hurtigrute gegraben wurde. Zahlreiche Bojen markieren den Weg. In Ris\u00f8yhamn haben wir fast 20 Minuten. Das langt f\u00fcr einen kurzen Spurt zum K\u00f6nigsstein auf der anderen Stra\u00dfenseite, wo sich die norwegischen K\u00f6nige anl\u00e4sslich der Er\u00f6ffnung oder Erweiterung der Rinne verewigt haben.<\/p>\n\n\n\n<div class=\"wp-block-image\"><figure class=\"alignleft\"><a href=\"https:\/\/kerste.de\/wp-content\/uploads\/2019\/09\/20190929-10h-44m-P1110545.jpg\"><img loading=\"lazy\" decoding=\"async\" width=\"225\" height=\"300\" src=\"https:\/\/kerste.de\/wp-content\/uploads\/2019\/09\/20190929-10h-44m-P1110545-225x300.jpg\" alt=\"\" class=\"wp-image-10763\" srcset=\"https:\/\/kerste.de\/wp-content\/uploads\/2019\/09\/20190929-10h-44m-P1110545-225x300.jpg 225w, https:\/\/kerste.de\/wp-content\/uploads\/2019\/09\/20190929-10h-44m-P1110545-768x1023.jpg 768w, https:\/\/kerste.de\/wp-content\/uploads\/2019\/09\/20190929-10h-44m-P1110545.jpg 769w\" sizes=\"auto, (max-width: 225px) 100vw, 225px\" \/><\/a><figcaption>Der K\u00f6nigsstein in Ris\u00f8yhamn<\/figcaption><\/figure><\/div>\n\n\n\n<p>Nach dem kurzen Stop geht es weiter Richtung Sortland. Das bedeutet f\u00fcr mich theoretisch ein fr\u00fches Mittagessen, denn mit etwas Gl\u00fcck sehen wir die vier Ausflugsbusse zur selben Zeit \u00fcber die Br\u00fccke bei Sortland fahren, wenn wir darunter hindurch fahren. Da so viele am Ausflug teilnehmen, gibt es diesmal feste Essenszeiten und ein Drei-G\u00e4nge-Men\u00fc \u2013 das bereits um 11:30 serviert wird. Das ist mir definitv zu fr\u00fch, also faste ich einmal (definitiv kein Fehler) und treffe kurz vor Sortland am Bug auf das Expeditionsteam \u2013 ausger\u00fcstet mit Flaggen, von denen ich prompt eine in die Hand kriege: Wir winken den Bussen doch!<\/p>\n\n\n\n<div class=\"wp-block-image\"><figure class=\"alignright\"><a href=\"https:\/\/kerste.de\/wp-content\/uploads\/2019\/09\/20190929-12h-14m-P1110573.jpg\"><img loading=\"lazy\" decoding=\"async\" width=\"300\" height=\"225\" src=\"https:\/\/kerste.de\/wp-content\/uploads\/2019\/09\/20190929-12h-14m-P1110573-300x225.jpg\" alt=\"\" class=\"wp-image-10764\" srcset=\"https:\/\/kerste.de\/wp-content\/uploads\/2019\/09\/20190929-12h-14m-P1110573-300x225.jpg 300w, https:\/\/kerste.de\/wp-content\/uploads\/2019\/09\/20190929-12h-14m-P1110573-768x577.jpg 768w, https:\/\/kerste.de\/wp-content\/uploads\/2019\/09\/20190929-12h-14m-P1110573.jpg 1024w\" sizes=\"auto, (max-width: 300px) 100vw, 300px\" \/><\/a><figcaption>Busse-Winken<\/figcaption><\/figure><\/div>\n\n\n\n<p>Zumindest probieren wir es: Es gibt eine neue Busgesellschaft, und zwei der Busse erreichen die Br\u00fccke erst, als wir schon fast darunter hindurch sind. Die beiden anderen kommen erst noch sp\u00e4ter&#8230; Gut, dass das Event wegen der Essenszeiten nicht gro\u00df angek\u00fcndigt wurde. Immerhin k\u00f6nnen wir die Ausfl\u00fcgler im Hafen mit wehenden Fahnen begr\u00fc\u00dfen.<\/p>\n\n\n\n<div class=\"wp-block-image\"><figure class=\"alignleft\"><a href=\"https:\/\/kerste.de\/wp-content\/uploads\/2019\/09\/20190929-14h-10m-P1110610.jpg\"><img loading=\"lazy\" decoding=\"async\" width=\"300\" height=\"225\" src=\"https:\/\/kerste.de\/wp-content\/uploads\/2019\/09\/20190929-14h-10m-P1110610-300x225.jpg\" alt=\"\" class=\"wp-image-10767\" srcset=\"https:\/\/kerste.de\/wp-content\/uploads\/2019\/09\/20190929-14h-10m-P1110610-300x225.jpg 300w, https:\/\/kerste.de\/wp-content\/uploads\/2019\/09\/20190929-14h-10m-P1110610-768x577.jpg 768w, https:\/\/kerste.de\/wp-content\/uploads\/2019\/09\/20190929-14h-10m-P1110610.jpg 1024w\" sizes=\"auto, (max-width: 300px) 100vw, 300px\" \/><\/a><figcaption>Die Finnmarken<\/figcaption><\/figure><\/div>\n\n\n\n<p>Der n\u00e4chste Halt ist Stokmarknes, bekannt als Gr\u00fcndungsort der Hurtigrute und Heimat des Hurtigruten-Museums. Letztes geh\u00f6rt \u00fcbrigens nicht zu Hurtigruten, sondern wird privat von Ehemaligen und Enthusiasten betrieben. Das Haupt-Objekt ist die alte Finnmarken von 1956. Aktuell ist sie auch von au\u00dfen in ihrer ganzen Pracht zu sehen, das sch\u00fctzende Wellblechdach auf dem Oberdeck ist weg. Schon bald wird sie am selben Ort gesch\u00fctzt in einem Glasbau stehen \u2013 zum Gl\u00fcck konnte er finanziert werden, es tat mir in der Seele weh, wie das Schiff in den letzten vier Jahren langsam verfallen war, da es den Elementen ungesch\u00fctzt ausgesetzt war. <\/p>\n\n\n\n<p>Ich nutze die Zeit f\u00fcr einen kurzen Rundgang am Hafen, bevor es wieder auf unsere Kong Harald geht. N\u00e4chstes Ziel: Mit meinen EMails auf den aktuellen Stand kommen, bevor wir den Raftsund erreichen. Der Fluch des Freiberuflers&#8230; ich schaffe es nicht ganz, aber zur Einfahrt in den Raftsund bin ich trotzdem am Bug, genau wie sp\u00e4ter, als wir in den Trollfjord hinein fahren. Immer wieder beeindruckend, und wir haben Gl\u00fcck: Normalerweise sind die Nordlicht-Reisen mehr im Winter, wenn der Trollfjord wegen Lawinengefahr geschlossen ist. Die steilen W\u00e4nde sind genau das, was man von einem Fjord erwartet.<\/p>\n\n\n\n<ul class=\"wp-block-gallery columns-3 is-cropped wp-block-gallery-1 is-layout-flex wp-block-gallery-is-layout-flex\"><li class=\"blocks-gallery-item\"><figure><a href=\"https:\/\/kerste.de\/wp-content\/uploads\/2019\/09\/20190929-15h-58m-P1110678-1024x769.jpg\"><img loading=\"lazy\" decoding=\"async\" width=\"1024\" height=\"769\" src=\"https:\/\/kerste.de\/wp-content\/uploads\/2019\/09\/20190929-15h-58m-P1110678-1024x769.jpg\" alt=\"\" data-id=\"10773\" data-link=\"https:\/\/kerste.de\/?attachment_id=10773#main\" class=\"wp-image-10773\" srcset=\"https:\/\/kerste.de\/wp-content\/uploads\/2019\/09\/20190929-15h-58m-P1110678.jpg 1024w, https:\/\/kerste.de\/wp-content\/uploads\/2019\/09\/20190929-15h-58m-P1110678-300x225.jpg 300w, https:\/\/kerste.de\/wp-content\/uploads\/2019\/09\/20190929-15h-58m-P1110678-768x577.jpg 768w\" sizes=\"auto, (max-width: 1024px) 100vw, 1024px\" \/><\/a><figcaption>Kurs Raftsund<\/figcaption><\/figure><\/li><li class=\"blocks-gallery-item\"><figure><a href=\"https:\/\/kerste.de\/wp-content\/uploads\/2019\/09\/20190929-16h-22m-P1110714-1024x769.jpg\"><img loading=\"lazy\" decoding=\"async\" width=\"1024\" height=\"769\" src=\"https:\/\/kerste.de\/wp-content\/uploads\/2019\/09\/20190929-16h-22m-P1110714-1024x769.jpg\" alt=\"\" data-id=\"10776\" data-link=\"https:\/\/kerste.de\/?attachment_id=10776#main\" class=\"wp-image-10776\" srcset=\"https:\/\/kerste.de\/wp-content\/uploads\/2019\/09\/20190929-16h-22m-P1110714.jpg 1024w, https:\/\/kerste.de\/wp-content\/uploads\/2019\/09\/20190929-16h-22m-P1110714-300x225.jpg 300w, https:\/\/kerste.de\/wp-content\/uploads\/2019\/09\/20190929-16h-22m-P1110714-768x577.jpg 768w\" sizes=\"auto, (max-width: 1024px) 100vw, 1024px\" \/><\/a><figcaption>Raftsund im Herbst<\/figcaption><\/figure><\/li><li class=\"blocks-gallery-item\"><figure><a href=\"https:\/\/kerste.de\/wp-content\/uploads\/2019\/09\/20190929-16h-27m-P1110724-769x1024.jpg\"><img loading=\"lazy\" decoding=\"async\" width=\"769\" height=\"1024\" src=\"https:\/\/kerste.de\/wp-content\/uploads\/2019\/09\/20190929-16h-27m-P1110724-769x1024.jpg\" alt=\"\" data-id=\"10777\" data-link=\"https:\/\/kerste.de\/?attachment_id=10777#main\" class=\"wp-image-10777\" srcset=\"https:\/\/kerste.de\/wp-content\/uploads\/2019\/09\/20190929-16h-27m-P1110724.jpg 769w, https:\/\/kerste.de\/wp-content\/uploads\/2019\/09\/20190929-16h-27m-P1110724-225x300.jpg 225w, https:\/\/kerste.de\/wp-content\/uploads\/2019\/09\/20190929-16h-27m-P1110724-768x1023.jpg 768w\" sizes=\"auto, (max-width: 769px) 100vw, 769px\" \/><\/a><figcaption>Seeadlersafari<\/figcaption><\/figure><\/li><li class=\"blocks-gallery-item\"><figure><a href=\"https:\/\/kerste.de\/wp-content\/uploads\/2019\/09\/20190929-16h-38m-P1110740-1024x769.jpg\"><img loading=\"lazy\" decoding=\"async\" width=\"1024\" height=\"769\" src=\"https:\/\/kerste.de\/wp-content\/uploads\/2019\/09\/20190929-16h-38m-P1110740-1024x769.jpg\" alt=\"\" data-id=\"10778\" data-link=\"https:\/\/kerste.de\/?attachment_id=10778#main\" class=\"wp-image-10778\" srcset=\"https:\/\/kerste.de\/wp-content\/uploads\/2019\/09\/20190929-16h-38m-P1110740.jpg 1024w, https:\/\/kerste.de\/wp-content\/uploads\/2019\/09\/20190929-16h-38m-P1110740-300x225.jpg 300w, https:\/\/kerste.de\/wp-content\/uploads\/2019\/09\/20190929-16h-38m-P1110740-768x577.jpg 768w\" sizes=\"auto, (max-width: 1024px) 100vw, 1024px\" \/><\/a><figcaption>Am Trollfjord<\/figcaption><\/figure><\/li><li class=\"blocks-gallery-item\"><figure><a href=\"https:\/\/kerste.de\/wp-content\/uploads\/2019\/09\/20190929-17h-02m-P1110788-1024x769.jpg\"><img loading=\"lazy\" decoding=\"async\" width=\"1024\" height=\"769\" src=\"https:\/\/kerste.de\/wp-content\/uploads\/2019\/09\/20190929-17h-02m-P1110788-1024x769.jpg\" alt=\"\" data-id=\"10780\" data-link=\"https:\/\/kerste.de\/?attachment_id=10780#main\" class=\"wp-image-10780\" srcset=\"https:\/\/kerste.de\/wp-content\/uploads\/2019\/09\/20190929-17h-02m-P1110788.jpg 1024w, https:\/\/kerste.de\/wp-content\/uploads\/2019\/09\/20190929-17h-02m-P1110788-300x225.jpg 300w, https:\/\/kerste.de\/wp-content\/uploads\/2019\/09\/20190929-17h-02m-P1110788-768x577.jpg 768w\" sizes=\"auto, (max-width: 1024px) 100vw, 1024px\" \/><\/a><figcaption>Trollfjord<\/figcaption><\/figure><\/li><li class=\"blocks-gallery-item\"><figure><a href=\"https:\/\/kerste.de\/wp-content\/uploads\/2019\/09\/20190929-17h-10m-P1110814-1024x769.jpg\"><img loading=\"lazy\" decoding=\"async\" width=\"1024\" height=\"769\" src=\"https:\/\/kerste.de\/wp-content\/uploads\/2019\/09\/20190929-17h-10m-P1110814-1024x769.jpg\" alt=\"\" data-id=\"10781\" data-link=\"https:\/\/kerste.de\/?attachment_id=10781#main\" class=\"wp-image-10781\" srcset=\"https:\/\/kerste.de\/wp-content\/uploads\/2019\/09\/20190929-17h-10m-P1110814.jpg 1024w, https:\/\/kerste.de\/wp-content\/uploads\/2019\/09\/20190929-17h-10m-P1110814-300x225.jpg 300w, https:\/\/kerste.de\/wp-content\/uploads\/2019\/09\/20190929-17h-10m-P1110814-768x577.jpg 768w\" sizes=\"auto, (max-width: 1024px) 100vw, 1024px\" \/><\/a><figcaption>Trollfjord<\/figcaption><\/figure><\/li><li class=\"blocks-gallery-item\"><figure><a href=\"https:\/\/kerste.de\/wp-content\/uploads\/2019\/09\/20190929-17h-15m-P1110830-1024x769.jpg\"><img loading=\"lazy\" decoding=\"async\" width=\"1024\" height=\"769\" src=\"https:\/\/kerste.de\/wp-content\/uploads\/2019\/09\/20190929-17h-15m-P1110830-1024x769.jpg\" alt=\"\" data-id=\"10782\" data-link=\"https:\/\/kerste.de\/?attachment_id=10782#main\" class=\"wp-image-10782\" srcset=\"https:\/\/kerste.de\/wp-content\/uploads\/2019\/09\/20190929-17h-15m-P1110830.jpg 1024w, https:\/\/kerste.de\/wp-content\/uploads\/2019\/09\/20190929-17h-15m-P1110830-300x225.jpg 300w, https:\/\/kerste.de\/wp-content\/uploads\/2019\/09\/20190929-17h-15m-P1110830-768x577.jpg 768w\" sizes=\"auto, (max-width: 1024px) 100vw, 1024px\" \/><\/a><figcaption>Trollfjord<\/figcaption><\/figure><\/li><\/ul>\n\n\n\n<p>Bevor es in den Trollfjord geht, setzen wir noch die Teilnehmer der Seeadlersafari aus \u2013 sie steigen im Raftsund auf ein kleineres Boot um und sto\u00dfen erst in Svolv\u00e6r wieder zu uns. <\/p>\n\n\n\n<p>Nach dem Raftsund h\u00e4ngen drohende Wolkenberge \u00fcber Svolv\u00e6r. Schlechte Zeichen f\u00fcr heute Nacht? Jedenfalls nutze ich die Abendd\u00e4mmerung f\u00fcr einen kurzen Gang durch den h\u00fcbschen Ort, und der Himmel macht sich.<\/p>\n\n\n\n<ul class=\"wp-block-gallery columns-3 is-cropped wp-block-gallery-2 is-layout-flex wp-block-gallery-is-layout-flex\"><li class=\"blocks-gallery-item\"><figure><a href=\"https:\/\/kerste.de\/wp-content\/uploads\/2019\/09\/20190929-18h-24m-P1110840-1024x769.jpg\"><img loading=\"lazy\" decoding=\"async\" width=\"1024\" height=\"769\" src=\"https:\/\/kerste.de\/wp-content\/uploads\/2019\/09\/20190929-18h-24m-P1110840-1024x769.jpg\" alt=\"\" data-id=\"10783\" data-link=\"https:\/\/kerste.de\/?attachment_id=10783#main\" class=\"wp-image-10783\" srcset=\"https:\/\/kerste.de\/wp-content\/uploads\/2019\/09\/20190929-18h-24m-P1110840.jpg 1024w, https:\/\/kerste.de\/wp-content\/uploads\/2019\/09\/20190929-18h-24m-P1110840-300x225.jpg 300w, https:\/\/kerste.de\/wp-content\/uploads\/2019\/09\/20190929-18h-24m-P1110840-768x577.jpg 768w\" sizes=\"auto, (max-width: 1024px) 100vw, 1024px\" \/><\/a><figcaption>Drohende Wolken<\/figcaption><\/figure><\/li><li class=\"blocks-gallery-item\"><figure><a href=\"https:\/\/kerste.de\/wp-content\/uploads\/2019\/09\/20190929-18h-34m-P1120031-769x1024.jpg\"><img loading=\"lazy\" decoding=\"async\" width=\"769\" height=\"1024\" src=\"https:\/\/kerste.de\/wp-content\/uploads\/2019\/09\/20190929-18h-34m-P1120031-769x1024.jpg\" alt=\"\" data-id=\"10784\" data-link=\"https:\/\/kerste.de\/?attachment_id=10784#main\" class=\"wp-image-10784\" srcset=\"https:\/\/kerste.de\/wp-content\/uploads\/2019\/09\/20190929-18h-34m-P1120031.jpg 769w, https:\/\/kerste.de\/wp-content\/uploads\/2019\/09\/20190929-18h-34m-P1120031-225x300.jpg 225w, https:\/\/kerste.de\/wp-content\/uploads\/2019\/09\/20190929-18h-34m-P1120031-768x1023.jpg 768w\" sizes=\"auto, (max-width: 769px) 100vw, 769px\" \/><\/a><figcaption>Fischerfrau<\/figcaption><\/figure><\/li><li class=\"blocks-gallery-item\"><figure><a href=\"https:\/\/kerste.de\/wp-content\/uploads\/2019\/09\/20190929-18h-54m-P1120065-1024x769.jpg\"><img loading=\"lazy\" decoding=\"async\" width=\"1024\" height=\"769\" src=\"https:\/\/kerste.de\/wp-content\/uploads\/2019\/09\/20190929-18h-54m-P1120065-1024x769.jpg\" alt=\"\" data-id=\"10785\" data-link=\"https:\/\/kerste.de\/?attachment_id=10785#main\" class=\"wp-image-10785\" srcset=\"https:\/\/kerste.de\/wp-content\/uploads\/2019\/09\/20190929-18h-54m-P1120065.jpg 1024w, https:\/\/kerste.de\/wp-content\/uploads\/2019\/09\/20190929-18h-54m-P1120065-300x225.jpg 300w, https:\/\/kerste.de\/wp-content\/uploads\/2019\/09\/20190929-18h-54m-P1120065-768x577.jpg 768w\" sizes=\"auto, (max-width: 1024px) 100vw, 1024px\" \/><\/a><figcaption>Svolv\u00e6r<\/figcaption><\/figure><\/li><li class=\"blocks-gallery-item\"><figure><a href=\"https:\/\/kerste.de\/wp-content\/uploads\/2019\/09\/20190929-19h-08m-P1120080-1024x769.jpg\"><img loading=\"lazy\" decoding=\"async\" width=\"1024\" height=\"769\" src=\"https:\/\/kerste.de\/wp-content\/uploads\/2019\/09\/20190929-19h-08m-P1120080-1024x769.jpg\" alt=\"\" data-id=\"10789\" data-link=\"https:\/\/kerste.de\/?attachment_id=10789#main\" class=\"wp-image-10789\" srcset=\"https:\/\/kerste.de\/wp-content\/uploads\/2019\/09\/20190929-19h-08m-P1120080.jpg 1024w, https:\/\/kerste.de\/wp-content\/uploads\/2019\/09\/20190929-19h-08m-P1120080-300x225.jpg 300w, https:\/\/kerste.de\/wp-content\/uploads\/2019\/09\/20190929-19h-08m-P1120080-768x577.jpg 768w\" sizes=\"auto, (max-width: 1024px) 100vw, 1024px\" \/><\/a><figcaption>Svolv\u00e6r<\/figcaption><\/figure><\/li><\/ul>\n\n\n\n<p>Und dann zur\u00fcck, Polarlicht suchen. Ein Schimmer ist da, und nachdem wir Svolv\u00e6r verlassen, sieht es vielversprechend aus. Und endlich, kurz vor 21 Uhr: Was f\u00fcr ein Feuerwerk. Dankenswerterweise rennt Thomas zur Rezeption, um Bescheid zu sagen (mein Held!), und meine Kamera an der Reling erwischt nur einen Teil, aber was f\u00fcr ein Schauspiel. Wie bretonischer Regen: Kurz, aber heftig.<\/p>\n\n\n\n<figure class=\"wp-block-video\"><video height=\"480\" style=\"aspect-ratio: 640 \/ 480;\" width=\"640\" controls src=\"https:\/\/kerste.de\/wp-content\/uploads\/2019\/10\/GRP110-Svolvaer.mp4\"><\/video><figcaption>Was die Kamera sah&#8230;<\/figcaption><\/figure>\n\n\n\n<p>Auf Deck 7 konnte ich die Kamera nur auf Automatik setzen und in den Himmel richten, sowas muss man sich ansehen \u2013 Zeit, um Kameraeinstellungen zu machen, bleibt eh keine.<\/p>\n\n\n\n<ul class=\"wp-block-gallery columns-3 is-cropped wp-block-gallery-3 is-layout-flex wp-block-gallery-is-layout-flex\"><li class=\"blocks-gallery-item\"><figure><a href=\"https:\/\/kerste.de\/wp-content\/uploads\/2019\/09\/20190929-20h-39m-P1120094-1024x769.jpg\"><img loading=\"lazy\" decoding=\"async\" width=\"1024\" height=\"769\" src=\"https:\/\/kerste.de\/wp-content\/uploads\/2019\/09\/20190929-20h-39m-P1120094-1024x769.jpg\" alt=\"\" data-id=\"10790\" data-link=\"https:\/\/kerste.de\/?attachment_id=10790#main\" class=\"wp-image-10790\" srcset=\"https:\/\/kerste.de\/wp-content\/uploads\/2019\/09\/20190929-20h-39m-P1120094.jpg 1024w, https:\/\/kerste.de\/wp-content\/uploads\/2019\/09\/20190929-20h-39m-P1120094-300x225.jpg 300w, https:\/\/kerste.de\/wp-content\/uploads\/2019\/09\/20190929-20h-39m-P1120094-768x577.jpg 768w\" sizes=\"auto, (max-width: 1024px) 100vw, 1024px\" \/><\/a><\/figure><\/li><li class=\"blocks-gallery-item\"><figure><a href=\"https:\/\/kerste.de\/wp-content\/uploads\/2019\/09\/20190929-20h-55m-P1120108-1024x769.jpg\"><img loading=\"lazy\" decoding=\"async\" width=\"1024\" height=\"769\" src=\"https:\/\/kerste.de\/wp-content\/uploads\/2019\/09\/20190929-20h-55m-P1120108-1024x769.jpg\" alt=\"\" data-id=\"10798\" data-link=\"https:\/\/kerste.de\/?attachment_id=10798#main\" class=\"wp-image-10798\" srcset=\"https:\/\/kerste.de\/wp-content\/uploads\/2019\/09\/20190929-20h-55m-P1120108.jpg 1024w, https:\/\/kerste.de\/wp-content\/uploads\/2019\/09\/20190929-20h-55m-P1120108-300x225.jpg 300w, https:\/\/kerste.de\/wp-content\/uploads\/2019\/09\/20190929-20h-55m-P1120108-768x577.jpg 768w\" sizes=\"auto, (max-width: 1024px) 100vw, 1024px\" \/><\/a><\/figure><\/li><li class=\"blocks-gallery-item\"><figure><a href=\"https:\/\/kerste.de\/wp-content\/uploads\/2019\/09\/20190929-20h-56m-DSC_4028-1024x683.jpg\"><img loading=\"lazy\" decoding=\"async\" width=\"1024\" height=\"683\" src=\"https:\/\/kerste.de\/wp-content\/uploads\/2019\/09\/20190929-20h-56m-DSC_4028-1024x683.jpg\" alt=\"\" data-id=\"10800\" data-link=\"https:\/\/kerste.de\/?attachment_id=10800#main\" class=\"wp-image-10800\" srcset=\"https:\/\/kerste.de\/wp-content\/uploads\/2019\/09\/20190929-20h-56m-DSC_4028.jpg 1024w, https:\/\/kerste.de\/wp-content\/uploads\/2019\/09\/20190929-20h-56m-DSC_4028-300x200.jpg 300w, https:\/\/kerste.de\/wp-content\/uploads\/2019\/09\/20190929-20h-56m-DSC_4028-768x512.jpg 768w\" sizes=\"auto, (max-width: 1024px) 100vw, 1024px\" \/><\/a><\/figure><\/li><li class=\"blocks-gallery-item\"><figure><a href=\"https:\/\/kerste.de\/wp-content\/uploads\/2019\/09\/20190929-20h-56m-P1120113-1024x769.jpg\"><img loading=\"lazy\" decoding=\"async\" width=\"1024\" height=\"769\" src=\"https:\/\/kerste.de\/wp-content\/uploads\/2019\/09\/20190929-20h-56m-P1120113-1024x769.jpg\" alt=\"\" data-id=\"10806\" data-link=\"https:\/\/kerste.de\/?attachment_id=10806#main\" class=\"wp-image-10806\" srcset=\"https:\/\/kerste.de\/wp-content\/uploads\/2019\/09\/20190929-20h-56m-P1120113.jpg 1024w, https:\/\/kerste.de\/wp-content\/uploads\/2019\/09\/20190929-20h-56m-P1120113-300x225.jpg 300w, https:\/\/kerste.de\/wp-content\/uploads\/2019\/09\/20190929-20h-56m-P1120113-768x577.jpg 768w\" sizes=\"auto, (max-width: 1024px) 100vw, 1024px\" \/><\/a><\/figure><\/li><li class=\"blocks-gallery-item\"><figure><a href=\"https:\/\/kerste.de\/wp-content\/uploads\/2019\/09\/20190929-20h-56m-P1120123-1024x769.jpg\"><img loading=\"lazy\" decoding=\"async\" width=\"1024\" height=\"769\" src=\"https:\/\/kerste.de\/wp-content\/uploads\/2019\/09\/20190929-20h-56m-P1120123-1024x769.jpg\" alt=\"\" data-id=\"10809\" data-link=\"https:\/\/kerste.de\/?attachment_id=10809#main\" class=\"wp-image-10809\" srcset=\"https:\/\/kerste.de\/wp-content\/uploads\/2019\/09\/20190929-20h-56m-P1120123.jpg 1024w, https:\/\/kerste.de\/wp-content\/uploads\/2019\/09\/20190929-20h-56m-P1120123-300x225.jpg 300w, https:\/\/kerste.de\/wp-content\/uploads\/2019\/09\/20190929-20h-56m-P1120123-768x577.jpg 768w\" sizes=\"auto, (max-width: 1024px) 100vw, 1024px\" \/><\/a><\/figure><\/li><li class=\"blocks-gallery-item\"><figure><a href=\"https:\/\/kerste.de\/wp-content\/uploads\/2019\/09\/20190929-20h-57m-P1120142-1024x769.jpg\"><img loading=\"lazy\" decoding=\"async\" width=\"1024\" height=\"769\" src=\"https:\/\/kerste.de\/wp-content\/uploads\/2019\/09\/20190929-20h-57m-P1120142-1024x769.jpg\" alt=\"\" data-id=\"10816\" data-link=\"https:\/\/kerste.de\/?attachment_id=10816#main\" class=\"wp-image-10816\" srcset=\"https:\/\/kerste.de\/wp-content\/uploads\/2019\/09\/20190929-20h-57m-P1120142.jpg 1024w, https:\/\/kerste.de\/wp-content\/uploads\/2019\/09\/20190929-20h-57m-P1120142-300x225.jpg 300w, https:\/\/kerste.de\/wp-content\/uploads\/2019\/09\/20190929-20h-57m-P1120142-768x577.jpg 768w\" sizes=\"auto, (max-width: 1024px) 100vw, 1024px\" \/><\/a><\/figure><\/li><li class=\"blocks-gallery-item\"><figure><a href=\"https:\/\/kerste.de\/wp-content\/uploads\/2019\/09\/20190929-20h-58m-P1120153-1024x769.jpg\"><img loading=\"lazy\" decoding=\"async\" width=\"1024\" height=\"769\" src=\"https:\/\/kerste.de\/wp-content\/uploads\/2019\/09\/20190929-20h-58m-P1120153-1024x769.jpg\" alt=\"\" data-id=\"10819\" data-link=\"https:\/\/kerste.de\/?attachment_id=10819#main\" class=\"wp-image-10819\" srcset=\"https:\/\/kerste.de\/wp-content\/uploads\/2019\/09\/20190929-20h-58m-P1120153.jpg 1024w, https:\/\/kerste.de\/wp-content\/uploads\/2019\/09\/20190929-20h-58m-P1120153-300x225.jpg 300w, https:\/\/kerste.de\/wp-content\/uploads\/2019\/09\/20190929-20h-58m-P1120153-768x577.jpg 768w\" sizes=\"auto, (max-width: 1024px) 100vw, 1024px\" \/><\/a><\/figure><\/li><li class=\"blocks-gallery-item\"><figure><a href=\"https:\/\/kerste.de\/wp-content\/uploads\/2019\/09\/20190929-21h-06m-DSC_4146-1024x683.jpg\"><img loading=\"lazy\" decoding=\"async\" width=\"1024\" height=\"683\" src=\"https:\/\/kerste.de\/wp-content\/uploads\/2019\/09\/20190929-21h-06m-DSC_4146-1024x683.jpg\" alt=\"\" data-id=\"10828\" data-link=\"https:\/\/kerste.de\/?attachment_id=10828#main\" class=\"wp-image-10828\" srcset=\"https:\/\/kerste.de\/wp-content\/uploads\/2019\/09\/20190929-21h-06m-DSC_4146.jpg 1024w, https:\/\/kerste.de\/wp-content\/uploads\/2019\/09\/20190929-21h-06m-DSC_4146-300x200.jpg 300w, https:\/\/kerste.de\/wp-content\/uploads\/2019\/09\/20190929-21h-06m-DSC_4146-768x512.jpg 768w\" sizes=\"auto, (max-width: 1024px) 100vw, 1024px\" \/><\/a><\/figure><\/li><li class=\"blocks-gallery-item\"><figure><a href=\"https:\/\/kerste.de\/wp-content\/uploads\/2019\/09\/20190929-21h-10m-P1120463-1024x769.jpg\"><img loading=\"lazy\" decoding=\"async\" width=\"1024\" height=\"769\" src=\"https:\/\/kerste.de\/wp-content\/uploads\/2019\/09\/20190929-21h-10m-P1120463-1024x769.jpg\" alt=\"\" data-id=\"10834\" data-link=\"https:\/\/kerste.de\/?attachment_id=10834#main\" class=\"wp-image-10834\" srcset=\"https:\/\/kerste.de\/wp-content\/uploads\/2019\/09\/20190929-21h-10m-P1120463.jpg 1024w, https:\/\/kerste.de\/wp-content\/uploads\/2019\/09\/20190929-21h-10m-P1120463-300x225.jpg 300w, https:\/\/kerste.de\/wp-content\/uploads\/2019\/09\/20190929-21h-10m-P1120463-768x577.jpg 768w\" sizes=\"auto, (max-width: 1024px) 100vw, 1024px\" \/><\/a><\/figure><\/li><li class=\"blocks-gallery-item\"><figure><a href=\"https:\/\/kerste.de\/wp-content\/uploads\/2019\/09\/20190929-21h-17m-DSC_4361-1024x683.jpg\"><img loading=\"lazy\" decoding=\"async\" width=\"1024\" height=\"683\" src=\"https:\/\/kerste.de\/wp-content\/uploads\/2019\/09\/20190929-21h-17m-DSC_4361-1024x683.jpg\" alt=\"\" data-id=\"10844\" data-link=\"https:\/\/kerste.de\/?attachment_id=10844#main\" class=\"wp-image-10844\" srcset=\"https:\/\/kerste.de\/wp-content\/uploads\/2019\/09\/20190929-21h-17m-DSC_4361.jpg 1024w, https:\/\/kerste.de\/wp-content\/uploads\/2019\/09\/20190929-21h-17m-DSC_4361-300x200.jpg 300w, https:\/\/kerste.de\/wp-content\/uploads\/2019\/09\/20190929-21h-17m-DSC_4361-768x512.jpg 768w\" sizes=\"auto, (max-width: 1024px) 100vw, 1024px\" \/><\/a><\/figure><\/li><li class=\"blocks-gallery-item\"><figure><a href=\"https:\/\/kerste.de\/wp-content\/uploads\/2019\/09\/20190929-22h-44m-DSC_5295-1024x683.jpg\"><img loading=\"lazy\" decoding=\"async\" width=\"1024\" height=\"683\" src=\"https:\/\/kerste.de\/wp-content\/uploads\/2019\/09\/20190929-22h-44m-DSC_5295-1024x683.jpg\" alt=\"\" data-id=\"10863\" data-link=\"https:\/\/kerste.de\/?attachment_id=10863#main\" class=\"wp-image-10863\" srcset=\"https:\/\/kerste.de\/wp-content\/uploads\/2019\/09\/20190929-22h-44m-DSC_5295.jpg 1024w, https:\/\/kerste.de\/wp-content\/uploads\/2019\/09\/20190929-22h-44m-DSC_5295-300x200.jpg 300w, https:\/\/kerste.de\/wp-content\/uploads\/2019\/09\/20190929-22h-44m-DSC_5295-768x512.jpg 768w\" sizes=\"auto, (max-width: 1024px) 100vw, 1024px\" \/><\/a><\/figure><\/li><li class=\"blocks-gallery-item\"><figure><a href=\"https:\/\/kerste.de\/wp-content\/uploads\/2019\/09\/20190929-23h-20m-DSC_5771-1024x683.jpg\"><img loading=\"lazy\" decoding=\"async\" width=\"1024\" height=\"683\" src=\"https:\/\/kerste.de\/wp-content\/uploads\/2019\/09\/20190929-23h-20m-DSC_5771-1024x683.jpg\" alt=\"\" data-id=\"10873\" data-link=\"https:\/\/kerste.de\/?attachment_id=10873#main\" class=\"wp-image-10873\" srcset=\"https:\/\/kerste.de\/wp-content\/uploads\/2019\/09\/20190929-23h-20m-DSC_5771.jpg 1024w, https:\/\/kerste.de\/wp-content\/uploads\/2019\/09\/20190929-23h-20m-DSC_5771-300x200.jpg 300w, https:\/\/kerste.de\/wp-content\/uploads\/2019\/09\/20190929-23h-20m-DSC_5771-768x512.jpg 768w\" sizes=\"auto, (max-width: 1024px) 100vw, 1024px\" \/><\/a><\/figure><\/li><\/ul>\n\n\n\n<p>Nach dem kurzen heftigen Ausbruch beruhigt sich das Polarlicht, bleibt aber immer noch da. Auch nach Stamsund traut man sich nicht ins Bett, bis wir auf halbem Weg nach Bod\u00f8 unter die Wolkendecke kommen. Feierabend, und gute Nacht.<\/p>\n\n\n\n<div class=\"wp-block-image\"><figure class=\"alignright\"><a href=\"https:\/\/kerste.de\/wp-content\/uploads\/2019\/09\/20190930-04h-08m-P1120782.jpg\"><img loading=\"lazy\" decoding=\"async\" width=\"300\" height=\"225\" src=\"https:\/\/kerste.de\/wp-content\/uploads\/2019\/09\/20190930-04h-08m-P1120782-300x225.jpg\" alt=\"\" class=\"wp-image-10876\" srcset=\"https:\/\/kerste.de\/wp-content\/uploads\/2019\/09\/20190930-04h-08m-P1120782-300x225.jpg 300w, https:\/\/kerste.de\/wp-content\/uploads\/2019\/09\/20190930-04h-08m-P1120782-768x577.jpg 768w, https:\/\/kerste.de\/wp-content\/uploads\/2019\/09\/20190930-04h-08m-P1120782.jpg 1024w\" sizes=\"auto, (max-width: 300px) 100vw, 300px\" \/><\/a><figcaption>Vier Uhr morgens&#8230;<\/figcaption><\/figure><\/div>\n\n\n\n<p>Bis es morgens um vier Uhr hei\u00dft: Vi har nordlys! Ein sch\u00f6nes helles Band. Auf anderen Reisen h\u00e4tte es sehr begeistert, so halte ich es nur ein paar Minuten an Deck aus. Trotzdem sch\u00f6n, aber langsam sind die Batterien am Ende.<\/p>\n<div class=\"shariff shariff-align-left shariff-widget-align-left\"><ul class=\"shariff-buttons theme-white orientation-horizontal buttonsize-small\"><li class=\"shariff-button twitter shariff-nocustomcolor\" style=\"background-color:#595959\"><a href=\"https:\/\/twitter.com\/share?url=https%3A%2F%2Fkerste.de%2F%3Fp%3D10921&text=Hurtigrute%20Tag%209%3A%20Vester%C3%A5len%20und%20Lofoten\" title=\"Bei X teilen\" aria-label=\"Bei X teilen\" role=\"button\" rel=\"noopener nofollow\" class=\"shariff-link\" style=\"; background-color:#000; color:#000\" target=\"_blank\"><span class=\"shariff-icon\" style=\"fill:#000\"><svg width=\"32px\" height=\"20px\" xmlns=\"http:\/\/www.w3.org\/2000\/svg\" viewBox=\"0 0 24 24\"><path fill=\"#000\" d=\"M14.258 10.152L23.176 0h-2.113l-7.747 8.813L7.133 0H0l9.352 13.328L0 23.973h2.113l8.176-9.309 6.531 9.309h7.133zm-2.895 3.293l-.949-1.328L2.875 1.56h3.246l6.086 8.523.945 1.328 7.91 11.078h-3.246zm0 0\"\/><\/svg><\/span><span class=\"shariff-text\" style=\"color:#000\">teilen<\/span>&nbsp;<\/a><\/li><li class=\"shariff-button facebook shariff-nocustomcolor\" style=\"background-color:#4273c8\"><a href=\"https:\/\/www.facebook.com\/sharer\/sharer.php?u=https%3A%2F%2Fkerste.de%2F%3Fp%3D10921\" title=\"Bei Facebook teilen\" aria-label=\"Bei Facebook teilen\" role=\"button\" rel=\"nofollow\" class=\"shariff-link\" style=\"; background-color:#3b5998; color:#3b5998\" target=\"_blank\"><span class=\"shariff-icon\" style=\"fill:#3b5998\"><svg width=\"32px\" height=\"20px\" xmlns=\"http:\/\/www.w3.org\/2000\/svg\" viewBox=\"0 0 18 32\"><path fill=\"#3b5998\" d=\"M17.1 0.2v4.7h-2.8q-1.5 0-2.1 0.6t-0.5 1.9v3.4h5.2l-0.7 5.3h-4.5v13.6h-5.5v-13.6h-4.5v-5.3h4.5v-3.9q0-3.3 1.9-5.2t5-1.8q2.6 0 4.1 0.2z\"\/><\/svg><\/span><span class=\"shariff-text\" style=\"color:#3b5998\">teilen<\/span>&nbsp;<\/a><\/li><li class=\"shariff-button tumblr shariff-nocustomcolor\" style=\"background-color:#529ecc\"><a href=\"https:\/\/www.tumblr.com\/widgets\/share\/tool?posttype=link&canonicalUrl=https%3A%2F%2Fkerste.de%2F%3Fp%3D10921&tags=kerste.de\" title=\"Bei tumblr teilen\" aria-label=\"Bei tumblr teilen\" role=\"button\" rel=\"noopener nofollow\" class=\"shariff-link\" style=\"; background-color:#36465d; color:#36465d\" target=\"_blank\"><span class=\"shariff-icon\" style=\"fill:#36465d\"><svg width=\"32px\" height=\"20px\" xmlns=\"http:\/\/www.w3.org\/2000\/svg\" viewBox=\"0 0 32 32\"><path fill=\"#36465d\" d=\"M18 14l0 7.3c0 1.9 0 2.9 0.2 3.5 0.2 0.5 0.7 1.1 1.2 1.4 0.7 0.4 1.5 0.6 2.4 0.6 1.6 0 2.6-0.2 4.2-1.3v4.8c-1.4 0.6-2.6 1-3.7 1.3-1.1 0.3-2.3 0.4-3.6 0.4-1.5 0-2.3-0.2-3.4-0.6-1.1-0.4-2.1-0.9-2.9-1.6-0.8-0.7-1.3-1.4-1.7-2.2s-0.5-1.9-0.5-3.4v-11.2h-4.3v-4.5c1.3-0.4 2.7-1 3.6-1.8 0.9-0.8 1.6-1.7 2.2-2.7 0.5-1.1 0.9-2.4 1.1-4.1h5.2l0 8h8v6h-8z\"\/><\/svg><\/span><span class=\"shariff-text\" style=\"color:#36465d\">teilen<\/span>&nbsp;<\/a><\/li><li class=\"shariff-button info shariff-nocustomcolor\" style=\"background-color:#a8a8a8\"><a href=\"http:\/\/ct.de\/-2467514\" title=\"Weitere Informationen\" aria-label=\"Weitere Informationen\" role=\"button\" rel=\"noopener \" class=\"shariff-link\" style=\"; background-color:#999; color:#999\" target=\"_blank\"><span class=\"shariff-icon\" style=\"fill:#999\"><svg width=\"32px\" height=\"20px\" xmlns=\"http:\/\/www.w3.org\/2000\/svg\" viewBox=\"0 0 11 32\"><path fill=\"#999\" d=\"M11.4 24v2.3q0 0.5-0.3 0.8t-0.8 0.4h-9.1q-0.5 0-0.8-0.4t-0.4-0.8v-2.3q0-0.5 0.4-0.8t0.8-0.4h1.1v-6.8h-1.1q-0.5 0-0.8-0.4t-0.4-0.8v-2.3q0-0.5 0.4-0.8t0.8-0.4h6.8q0.5 0 0.8 0.4t0.4 0.8v10.3h1.1q0.5 0 0.8 0.4t0.3 0.8zM9.2 3.4v3.4q0 0.5-0.4 0.8t-0.8 0.4h-4.6q-0.4 0-0.8-0.4t-0.4-0.8v-3.4q0-0.4 0.4-0.8t0.8-0.4h4.6q0.5 0 0.8 0.4t0.4 0.8z\"\/><\/svg><\/span><\/a><\/li><\/ul><\/div>","protected":false},"excerpt":{"rendered":"<p>Harstad geh\u00f6rt immer noch zu den H\u00e4fen, die ich am seltensten sehe: Wir legen n\u00e4mlich bereits um 8:30 ab. Das ist so nicht meine Zeit \u2013 vor allem, weil morgens um sechs ein lautes Pfeifen durch die Kabine schallte und mich aus den Tr\u00e4umen riss. Keine Ahnung, was das war&#8230; Dabei lohnt Harstad sich durchaus. [&hellip;]<\/p>\n","protected":false},"author":1,"featured_media":0,"comment_status":"open","ping_status":"open","sticky":false,"template":"","format":"standard","meta":{"footnotes":""},"categories":[399],"tags":[],"class_list":["post-10921","post","type-post","status-publish","format-standard","hentry","category-hurtigruten-2019-grp-110"],"_links":{"self":[{"href":"https:\/\/kerste.de\/index.php?rest_route=\/wp\/v2\/posts\/10921","targetHints":{"allow":["GET"]}}],"collection":[{"href":"https:\/\/kerste.de\/index.php?rest_route=\/wp\/v2\/posts"}],"about":[{"href":"https:\/\/kerste.de\/index.php?rest_route=\/wp\/v2\/types\/post"}],"author":[{"embeddable":true,"href":"https:\/\/kerste.de\/index.php?rest_route=\/wp\/v2\/users\/1"}],"replies":[{"embeddable":true,"href":"https:\/\/kerste.de\/index.php?rest_route=%2Fwp%2Fv2%2Fcomments&post=10921"}],"version-history":[{"count":5,"href":"https:\/\/kerste.de\/index.php?rest_route=\/wp\/v2\/posts\/10921\/revisions"}],"predecessor-version":[{"id":10927,"href":"https:\/\/kerste.de\/index.php?rest_route=\/wp\/v2\/posts\/10921\/revisions\/10927"}],"wp:attachment":[{"href":"https:\/\/kerste.de\/index.php?rest_route=%2Fwp%2Fv2%2Fmedia&parent=10921"}],"wp:term":[{"taxonomy":"category","embeddable":true,"href":"https:\/\/kerste.de\/index.php?rest_route=%2Fwp%2Fv2%2Fcategories&post=10921"},{"taxonomy":"post_tag","embeddable":true,"href":"https:\/\/kerste.de\/index.php?rest_route=%2Fwp%2Fv2%2Ftags&post=10921"}],"curies":[{"name":"wp","href":"https:\/\/api.w.org\/{rel}","templated":true}]}}