{"id":10230,"date":"2019-09-21T23:20:46","date_gmt":"2019-09-21T22:20:46","guid":{"rendered":"https:\/\/kerste.de\/?p=10230"},"modified":"2019-09-21T23:42:08","modified_gmt":"2019-09-21T22:42:08","slug":"hurtigrute-tag-1-bergen-im-schnelldurchgang","status":"publish","type":"post","link":"https:\/\/kerste.de\/?p=10230","title":{"rendered":"Hurtigrute Tag 1: Bergen im Schnelldurchgang"},"content":{"rendered":"\n<p>Es ist nichts dran am Jahr \u2013 kaum habe ich die Mailbox einigerma\u00dfen auf Null, die Bilder vom Schottland-Urlaub im Mai halbwegs sortiert und stecke gef\u00fchlt noch im tiefsten Hochsommer, klingelt morgens um 5:30 der Wecker: Die erste Nordlicht-und-Sterne-Tour der Saison steht an. <\/p>\n\n\n\n<p>Abflug in Stuttgart um 10:15 klingt ja gar nicht mal so \u00fcbel, nur muss man ja zwei Stunden vorher am Flughafen sein. Und dann eine Stunde f\u00fcr die Anfahrt planen. Und etwas Karenzzeit, weil es \u00fcber die A8 geht (diesmal via Pforzheim). Und noch etwas Zeit, um morgens in die G\u00e4nge zu kommen, den Rest ins Auto zu packen und loszufahren. Immerhin: Sch\u00f6ner Sonnenaufgang bei sternklarem Himmel. Nur fotografieren kann ich ihn nicht, ich bin am Lenkrad \u2013 und meine Dashcam ist bei der letzten Astro-Messe verschollen gegangen. Was solls&#8230;<\/p>\n\n\n\n<p>Dank online-Checkin hatte ich die Bordkarten f\u00fcr den Flieger schon, und der Flughafen Stuttgart ist \u00fcberschauber. Air France gibt einem keine M\u00f6glichkeit, einen Sitzplatz auszuw\u00e4hlen (au\u00dfer man zahlt mit Bonusmeilen), aber immerhin wird nicht auseinander gerissen, wer auf einer Buchung steht. Das kann z.B. KLM anders.<\/p>\n\n\n\n<p>Der regelm\u00e4\u00dfige Leser dieses Blogs wird sich wundern: Air France? Ja. Hurtigruten hat mir eine neue Airline gebucht. Der Flug von Stuttgart nach Bergen geht \u00fcber Paris\/Charles de Gaule. Ist er wirklich Europas gr\u00f6\u00dftes Koffergrab? Zumindest ist er mal einer der gr\u00f6\u00dften Flugh\u00e4fen. <\/p>\n\n\n\n<ul class=\"wp-block-gallery columns-3 is-cropped wp-block-gallery-1 is-layout-flex wp-block-gallery-is-layout-flex\"><li class=\"blocks-gallery-item\"><figure><a href=\"https:\/\/kerste.de\/?attachment_id=10231#main\"><img loading=\"lazy\" decoding=\"async\" width=\"1024\" height=\"769\" src=\"https:\/\/kerste.de\/wp-content\/uploads\/2019\/09\/20190921-10h-47m-P1070368-1024x769.jpg\" alt=\"\" data-id=\"10231\" data-link=\"https:\/\/kerste.de\/?attachment_id=10231#main\" class=\"wp-image-10231\" srcset=\"https:\/\/kerste.de\/wp-content\/uploads\/2019\/09\/20190921-10h-47m-P1070368.jpg 1024w, https:\/\/kerste.de\/wp-content\/uploads\/2019\/09\/20190921-10h-47m-P1070368-300x225.jpg 300w, https:\/\/kerste.de\/wp-content\/uploads\/2019\/09\/20190921-10h-47m-P1070368-768x577.jpg 768w\" sizes=\"auto, (max-width: 1024px) 100vw, 1024px\" \/><\/a><figcaption>Essen wie Gott \u00fcber Frankreich<\/figcaption><\/figure><\/li><li class=\"blocks-gallery-item\"><figure><a href=\"https:\/\/kerste.de\/?attachment_id=10232#main\"><img loading=\"lazy\" decoding=\"async\" width=\"1024\" height=\"769\" src=\"https:\/\/kerste.de\/wp-content\/uploads\/2019\/09\/20190921-11h-22m-P1070399-1024x769.jpg\" alt=\"\" data-id=\"10232\" data-link=\"https:\/\/kerste.de\/?attachment_id=10232#main\" class=\"wp-image-10232\" srcset=\"https:\/\/kerste.de\/wp-content\/uploads\/2019\/09\/20190921-11h-22m-P1070399.jpg 1024w, https:\/\/kerste.de\/wp-content\/uploads\/2019\/09\/20190921-11h-22m-P1070399-300x225.jpg 300w, https:\/\/kerste.de\/wp-content\/uploads\/2019\/09\/20190921-11h-22m-P1070399-768x577.jpg 768w\" sizes=\"auto, (max-width: 1024px) 100vw, 1024px\" \/><\/a><figcaption>Paris<\/figcaption><\/figure><\/li><li class=\"blocks-gallery-item\"><figure><a href=\"https:\/\/kerste.de\/?attachment_id=10233#main\"><img loading=\"lazy\" decoding=\"async\" width=\"1024\" height=\"769\" src=\"https:\/\/kerste.de\/wp-content\/uploads\/2019\/09\/20190921-12h-00m-P1070406-1024x769.jpg\" alt=\"\" data-id=\"10233\" data-link=\"https:\/\/kerste.de\/?attachment_id=10233#main\" class=\"wp-image-10233\" srcset=\"https:\/\/kerste.de\/wp-content\/uploads\/2019\/09\/20190921-12h-00m-P1070406.jpg 1024w, https:\/\/kerste.de\/wp-content\/uploads\/2019\/09\/20190921-12h-00m-P1070406-300x225.jpg 300w, https:\/\/kerste.de\/wp-content\/uploads\/2019\/09\/20190921-12h-00m-P1070406-768x577.jpg 768w\" sizes=\"auto, (max-width: 1024px) 100vw, 1024px\" \/><\/a><figcaption>Charles de Gaule<\/figcaption><\/figure><\/li><\/ul>\n\n\n\n<p>Aber zun\u00e4chst einmal nach Stuttgart: Da mein Transferservice diesmal preislich fast so teuer war wie Parken am Flughafen, habe ich zur Abwechslung Freiluftparken an P0 reserviert. Die Einfahrt klappt auch, und es sind sogar noch f\u00fcnf Parkpl\u00e4tze frei. Einen davon finden ich sogar zeitnah.<\/p>\n\n\n\n<p>Der Air France City-Hopper kommt fast p\u00fcnktlich und hat erstklassige Snacks an Bord (naja, zumindest kalte Cola und ein essbares Apfel-Irgendwas), und beim Flug \u00fcber Paris l\u00e4sst sich ein Blick auf den Arc de Triomphe und den Eifelturm erhaschen. Notre Dame dagegen bleibt mir verborgen.<\/p>\n\n\n\n<p>Der Flughafen Charles de Gaule selbst ist gro\u00df, modern und h\u00fcbscher als ich gedacht hatte \u2013 zumindest das, was ich beim Transfer von Terminal 2F zu 2G, Gates K50-60 sehe. Zwei Stunden und 20,-\u20ac f\u00fcr ein kleines Mittagessen sp\u00e4ter geht es weiter nach Norwegen. Allm\u00e4hlich frage ich mich, ob Norwegen wirklich so teuer ist \u2013 am Pariser Flughafen sind Batterien billiger als im heimatlichen Rewe, und in Norwegen ist das Wasser billiger als in Paris. Weitere zwei Stunden sp\u00e4ter, gegen 16 Uhr, sind wir im Landeanflug auf Bergen. Kaum, dass man einged\u00f6st ist&#8230;<\/p>\n\n\n\n<figure class=\"wp-block-image\"><a href=\"https:\/\/kerste.de\/wp-content\/uploads\/2019\/09\/20190921-16h-18m-P1070459.jpg\"><img loading=\"lazy\" decoding=\"async\" width=\"1024\" height=\"769\" src=\"https:\/\/kerste.de\/wp-content\/uploads\/2019\/09\/20190921-16h-18m-P1070459-1024x769.jpg\" alt=\"\" class=\"wp-image-10234\" srcset=\"https:\/\/kerste.de\/wp-content\/uploads\/2019\/09\/20190921-16h-18m-P1070459.jpg 1024w, https:\/\/kerste.de\/wp-content\/uploads\/2019\/09\/20190921-16h-18m-P1070459-300x225.jpg 300w, https:\/\/kerste.de\/wp-content\/uploads\/2019\/09\/20190921-16h-18m-P1070459-768x577.jpg 768w\" sizes=\"auto, (max-width: 1024px) 100vw, 1024px\" \/><\/a><figcaption>Die Ask\u00f8y-Br\u00fccke (glaube ich)<\/figcaption><\/figure>\n\n\n\n<p>Aber was soll&#8217;s, die Hauptsache ist: Endlich wieder Norwegen! Theoretisch zumindest \u2013 blauer Himmel? Ist das wirklich Bergen? Der Anflug f\u00fchrt jedenfalls \u00fcber eine Stadt zwischen sieben Bergen, und das Schild mit dem Fragezeichen am Flughafen gewinnt an Sinnhaftigkeit&#8230;<\/p>\n\n\n\n<figure class=\"wp-block-image\"><a href=\"https:\/\/kerste.de\/wp-content\/uploads\/2019\/09\/20190921-16h-30m-P1070483.jpg\"><img loading=\"lazy\" decoding=\"async\" width=\"1024\" height=\"769\" src=\"https:\/\/kerste.de\/wp-content\/uploads\/2019\/09\/20190921-16h-30m-P1070483-1024x769.jpg\" alt=\"\" class=\"wp-image-10235\" srcset=\"https:\/\/kerste.de\/wp-content\/uploads\/2019\/09\/20190921-16h-30m-P1070483.jpg 1024w, https:\/\/kerste.de\/wp-content\/uploads\/2019\/09\/20190921-16h-30m-P1070483-300x225.jpg 300w, https:\/\/kerste.de\/wp-content\/uploads\/2019\/09\/20190921-16h-30m-P1070483-768x577.jpg 768w\" sizes=\"auto, (max-width: 1024px) 100vw, 1024px\" \/><\/a><figcaption>Bergen?<\/figcaption><\/figure>\n\n\n\n<p>Hat immer wieder was von Heimkommen&#8230; Das Gep\u00e4ck hat den Abstecher nach Frankreich auch \u00fcberlebt, und am Flughafen warten schon die Reiseleiter Andreas und Monika \u2013 es ist meine erste Tour mit den beiden. Mein Ko-Lektor Thomas kommt wenige Minuten sp\u00e4ter mit dem n\u00e4chsten Flieger, und bald darauf ist die ganze fast 70 Kopf starke Gruppe zusammen. Ebenso da: Mehrere andere Reisegruppen und Einzelreisen, die ebenfalls zur Kong Harald wollen. Besonders gut ist die Reisegruppe dran, die von keinem Reiseleiter abgeholt wird, sondern durch das Flughafengel\u00e4nde irrt. Mit denen wollte ich nicht tauschen&#8230;<\/p>\n\n\n\n<p>Aber bei uns klappt alles, die Busse stehen bereit, und ich sehe gerade noch, dass die Stadtbahn Bybanen jetzt direkt bis zum Flughafen f\u00fchrt, bevor wir abfahren. Wir fahren schnurstracks durch den neuen Stra\u00dfentunnel zum Schiff \u2013 schade, keine Zeit f\u00fcr einen Abstecher nach Bryggen. <\/p>\n\n\n\n<p>Im September war die Abfahrt (also seit mindestens meiner ersten Tour anno 2014) schon immer um 21:30; dank der Fahrplan\u00e4nderung diesen Sommer legt das Schiff nun das ganze Jahr so fr\u00fch ab. Das Ergebnis: Hurtig, hurtig. F\u00fcr einen Abstecher nach Bryggen bleibt keine Zeit mehr, wir fahren direkt ans Schiff. <\/p>\n\n\n\n<div class=\"wp-block-image\"><figure class=\"alignright\"><a href=\"https:\/\/kerste.de\/wp-content\/uploads\/2019\/09\/20190921-18h-33m-P1070507.jpg\"><img loading=\"lazy\" decoding=\"async\" width=\"300\" height=\"225\" src=\"https:\/\/kerste.de\/wp-content\/uploads\/2019\/09\/20190921-18h-33m-P1070507-300x225.jpg\" alt=\"\" class=\"wp-image-10236\" srcset=\"https:\/\/kerste.de\/wp-content\/uploads\/2019\/09\/20190921-18h-33m-P1070507-300x225.jpg 300w, https:\/\/kerste.de\/wp-content\/uploads\/2019\/09\/20190921-18h-33m-P1070507-768x577.jpg 768w, https:\/\/kerste.de\/wp-content\/uploads\/2019\/09\/20190921-18h-33m-P1070507.jpg 1024w\" sizes=\"auto, (max-width: 300px) 100vw, 300px\" \/><\/a><figcaption>Am Hurtigrutenterminal<\/figcaption><\/figure><\/div>\n\n\n\n<p>Gegen 18:30 sind wir da, erhalten unsere Bordkarten (neu: Die gebuchten Ausfl\u00fcge sind auf der Cruisecard gespeichert und liegen nicht mehr als Papiervoucher bei, Hurtigruten spart Papier, um die Umwelt zu schonen) und starten ins Bordprogramm durch: Um 19:15 und 19:40 gibt es noch die Chance f\u00fcr die obligatorische Sicherheitseinweisung an Bord. Bis 21 Uhr gibt es Essen (das Bergen-Buffett). Um 20 Uhr und 20:45 ist die Infoveranstaltung dazu, wie das Leben an Bord funktioniert. Um 21:30 ist Abfahrt. Zwischendrin m\u00fcssen wir noch die Vortragstermine ausmachen (Reiseleiter ist &#8220;Onkel&#8221; Heinz \u2013 den kenne ich noch von der Finnmarken, k\u00f6nnte wieder witzig werden). Und Marco, mein Bordreiseleiter von der ersten Tour, ist zum Hotelmanager aufgestiegen, bleibt aber nur bis Troms\u00f8 an Bord. Trotzdem sch\u00f6n, ihn mal wieder zu sehen.<\/p>\n\n\n\n<p>Uff&#8230; nach der Sicherheitseinweisung (der \u00fcbliche Film: Da-DAMM-da-daaa-dada, Da-DAMM-da-daaa-dada) ist die Schlange vor dem Restaurant so gro\u00df, dass wir die Zeit lieber f\u00fcr einen kurzen Gang an Deck nutzen, den Sonnenuntergang genie\u00dfen und wenigstens noch etwas von Bergen sehen.<\/p>\n\n\n\n<ul class=\"wp-block-gallery columns-3 is-cropped wp-block-gallery-2 is-layout-flex wp-block-gallery-is-layout-flex\"><li class=\"blocks-gallery-item\"><figure><a href=\"https:\/\/kerste.de\/?attachment_id=10237#main\"><img loading=\"lazy\" decoding=\"async\" width=\"1024\" height=\"769\" src=\"https:\/\/kerste.de\/wp-content\/uploads\/2019\/09\/20190921-19h-40m-P1070509-1024x769.jpg\" alt=\"\" data-id=\"10237\" data-link=\"https:\/\/kerste.de\/?attachment_id=10237#main\" class=\"wp-image-10237\" srcset=\"https:\/\/kerste.de\/wp-content\/uploads\/2019\/09\/20190921-19h-40m-P1070509.jpg 1024w, https:\/\/kerste.de\/wp-content\/uploads\/2019\/09\/20190921-19h-40m-P1070509-300x225.jpg 300w, https:\/\/kerste.de\/wp-content\/uploads\/2019\/09\/20190921-19h-40m-P1070509-768x577.jpg 768w\" sizes=\"auto, (max-width: 1024px) 100vw, 1024px\" \/><\/a><\/figure><\/li><li class=\"blocks-gallery-item\"><figure><a href=\"https:\/\/kerste.de\/?attachment_id=10238#main\"><img loading=\"lazy\" decoding=\"async\" width=\"1024\" height=\"769\" src=\"https:\/\/kerste.de\/wp-content\/uploads\/2019\/09\/20190921-19h-54m-P1070540-1024x769.jpg\" alt=\"\" data-id=\"10238\" data-link=\"https:\/\/kerste.de\/?attachment_id=10238#main\" class=\"wp-image-10238\" srcset=\"https:\/\/kerste.de\/wp-content\/uploads\/2019\/09\/20190921-19h-54m-P1070540.jpg 1024w, https:\/\/kerste.de\/wp-content\/uploads\/2019\/09\/20190921-19h-54m-P1070540-300x225.jpg 300w, https:\/\/kerste.de\/wp-content\/uploads\/2019\/09\/20190921-19h-54m-P1070540-768x577.jpg 768w\" sizes=\"auto, (max-width: 1024px) 100vw, 1024px\" \/><\/a><\/figure><\/li><li class=\"blocks-gallery-item\"><figure><a href=\"https:\/\/kerste.de\/?attachment_id=10239#main\"><img loading=\"lazy\" decoding=\"async\" width=\"1024\" height=\"769\" src=\"https:\/\/kerste.de\/wp-content\/uploads\/2019\/09\/20190921-19h-57m-P1070549-1024x769.jpg\" alt=\"\" data-id=\"10239\" data-link=\"https:\/\/kerste.de\/?attachment_id=10239#main\" class=\"wp-image-10239\" srcset=\"https:\/\/kerste.de\/wp-content\/uploads\/2019\/09\/20190921-19h-57m-P1070549.jpg 1024w, https:\/\/kerste.de\/wp-content\/uploads\/2019\/09\/20190921-19h-57m-P1070549-300x225.jpg 300w, https:\/\/kerste.de\/wp-content\/uploads\/2019\/09\/20190921-19h-57m-P1070549-768x577.jpg 768w\" sizes=\"auto, (max-width: 1024px) 100vw, 1024px\" \/><\/a><\/figure><\/li><li class=\"blocks-gallery-item\"><figure><a href=\"https:\/\/kerste.de\/?attachment_id=10240#main\"><img loading=\"lazy\" decoding=\"async\" width=\"1024\" height=\"326\" src=\"https:\/\/kerste.de\/wp-content\/uploads\/2019\/09\/20190921-19h-59m-P1070555-1024x326.jpg\" alt=\"\" data-id=\"10240\" data-link=\"https:\/\/kerste.de\/?attachment_id=10240#main\" class=\"wp-image-10240\" srcset=\"https:\/\/kerste.de\/wp-content\/uploads\/2019\/09\/20190921-19h-59m-P1070555.jpg 1024w, https:\/\/kerste.de\/wp-content\/uploads\/2019\/09\/20190921-19h-59m-P1070555-300x96.jpg 300w, https:\/\/kerste.de\/wp-content\/uploads\/2019\/09\/20190921-19h-59m-P1070555-768x245.jpg 768w\" sizes=\"auto, (max-width: 1024px) 100vw, 1024px\" \/><\/a><figcaption>Bergen<\/figcaption><\/figure><\/li><\/ul>\n\n\n\n<p>Dann kurz bei der Infoveranstaltung vorbeischauen, ab ins Restaurant, und schlie\u00dflich zum Ablegen ans Heck. Sternklarer Himmel, eine kleine Wolke \u00fcber Bergen und los geht die Reise in die Nacht. <\/p>\n\n\n\n<div class=\"wp-block-image\"><figure class=\"alignleft\"><a href=\"https:\/\/kerste.de\/wp-content\/uploads\/2019\/09\/20190921-21h-33m-P1070569.jpg\"><img loading=\"lazy\" decoding=\"async\" width=\"300\" height=\"225\" src=\"https:\/\/kerste.de\/wp-content\/uploads\/2019\/09\/20190921-21h-33m-P1070569-300x225.jpg\" alt=\"\" class=\"wp-image-10241\" srcset=\"https:\/\/kerste.de\/wp-content\/uploads\/2019\/09\/20190921-21h-33m-P1070569-300x225.jpg 300w, https:\/\/kerste.de\/wp-content\/uploads\/2019\/09\/20190921-21h-33m-P1070569-768x577.jpg 768w, https:\/\/kerste.de\/wp-content\/uploads\/2019\/09\/20190921-21h-33m-P1070569.jpg 1024w\" sizes=\"auto, (max-width: 300px) 100vw, 300px\" \/><\/a><figcaption>Abfahrt<\/figcaption><\/figure><\/div>\n\n\n\n<p>Wir legen p\u00fcnktlich ab, und es haben doch einige an Deck geschafft, um das sanfte Ablegen zu erleben.<\/p>\n\n\n\n<p>Die Fahrt f\u00fchrt unter der Ask\u00f8y-Br\u00fccke durch (aus der Perspektive erkenne ich sie!), und einige Zeit sp\u00e4ter passieren wir noch eine ganze Reihe an \u00d6lplattformen und \u00e4hnlichem \u2013 hell beleuchtet und wohl ein Zeichen daf\u00fcr, dass die norwegische \u00d6lindustrie weiterhin einige Plattformen nicht in Betrieb hat.<\/p>\n\n\n\n<div class=\"wp-block-image\"><figure class=\"alignright\"><a href=\"https:\/\/kerste.de\/wp-content\/uploads\/2019\/09\/20190921-21h-48m-P1070600.jpg\"><img loading=\"lazy\" decoding=\"async\" width=\"300\" height=\"225\" src=\"https:\/\/kerste.de\/wp-content\/uploads\/2019\/09\/20190921-21h-48m-P1070600-300x225.jpg\" alt=\"\" class=\"wp-image-10242\" srcset=\"https:\/\/kerste.de\/wp-content\/uploads\/2019\/09\/20190921-21h-48m-P1070600-300x225.jpg 300w, https:\/\/kerste.de\/wp-content\/uploads\/2019\/09\/20190921-21h-48m-P1070600-768x577.jpg 768w, https:\/\/kerste.de\/wp-content\/uploads\/2019\/09\/20190921-21h-48m-P1070600.jpg 1024w\" sizes=\"auto, (max-width: 300px) 100vw, 300px\" \/><\/a><figcaption>Die Ask\u00f8y-Br\u00fccke<\/figcaption><\/figure><\/div>\n\n\n\n<p>Die warmen Temperaturen von rund 17\u00b0, als wir angekommen waren, verblassen im Fahrtwind, und es wird langsam Zeit f\u00fcr Feierabend. Bzw. das Gep\u00e4ck ausr\u00e4umen, den ersten Schwung Bilder sichten und den Blog schreiben. Und den Aushang mit den Vortragsterminen machen \u2013 einer steht schon mal (am Trondheim-Tag). Und nachschauen, was morgen eigentlich auf dem Programm steht. Erst kurz nach \u00c5lesund, dann in den Hj\u00f8rundfjord mit Urke, bei bestem Wetter. Zeit, ins Bett zu gehen&#8230;<\/p>\n<div class=\"shariff shariff-align-left shariff-widget-align-left\"><ul class=\"shariff-buttons theme-white orientation-horizontal buttonsize-small\"><li class=\"shariff-button twitter shariff-nocustomcolor\" style=\"background-color:#595959\"><a href=\"https:\/\/twitter.com\/share?url=https%3A%2F%2Fkerste.de%2F%3Fp%3D10230&text=Hurtigrute%20Tag%201%3A%20Bergen%20im%20Schnelldurchgang\" title=\"Bei X teilen\" aria-label=\"Bei X teilen\" role=\"button\" rel=\"noopener nofollow\" class=\"shariff-link\" style=\"; background-color:#000; color:#000\" target=\"_blank\"><span class=\"shariff-icon\" style=\"fill:#000\"><svg width=\"32px\" height=\"20px\" xmlns=\"http:\/\/www.w3.org\/2000\/svg\" viewBox=\"0 0 24 24\"><path fill=\"#000\" d=\"M14.258 10.152L23.176 0h-2.113l-7.747 8.813L7.133 0H0l9.352 13.328L0 23.973h2.113l8.176-9.309 6.531 9.309h7.133zm-2.895 3.293l-.949-1.328L2.875 1.56h3.246l6.086 8.523.945 1.328 7.91 11.078h-3.246zm0 0\"\/><\/svg><\/span><span class=\"shariff-text\" style=\"color:#000\">teilen<\/span>&nbsp;<\/a><\/li><li class=\"shariff-button facebook shariff-nocustomcolor\" style=\"background-color:#4273c8\"><a href=\"https:\/\/www.facebook.com\/sharer\/sharer.php?u=https%3A%2F%2Fkerste.de%2F%3Fp%3D10230\" title=\"Bei Facebook teilen\" aria-label=\"Bei Facebook teilen\" role=\"button\" rel=\"nofollow\" class=\"shariff-link\" style=\"; background-color:#3b5998; color:#3b5998\" target=\"_blank\"><span class=\"shariff-icon\" style=\"fill:#3b5998\"><svg width=\"32px\" height=\"20px\" xmlns=\"http:\/\/www.w3.org\/2000\/svg\" viewBox=\"0 0 18 32\"><path fill=\"#3b5998\" d=\"M17.1 0.2v4.7h-2.8q-1.5 0-2.1 0.6t-0.5 1.9v3.4h5.2l-0.7 5.3h-4.5v13.6h-5.5v-13.6h-4.5v-5.3h4.5v-3.9q0-3.3 1.9-5.2t5-1.8q2.6 0 4.1 0.2z\"\/><\/svg><\/span><span class=\"shariff-text\" style=\"color:#3b5998\">teilen<\/span>&nbsp;<\/a><\/li><li class=\"shariff-button tumblr shariff-nocustomcolor\" style=\"background-color:#529ecc\"><a href=\"https:\/\/www.tumblr.com\/widgets\/share\/tool?posttype=link&canonicalUrl=https%3A%2F%2Fkerste.de%2F%3Fp%3D10230&tags=kerste.de\" title=\"Bei tumblr teilen\" aria-label=\"Bei tumblr teilen\" role=\"button\" rel=\"noopener nofollow\" class=\"shariff-link\" style=\"; background-color:#36465d; color:#36465d\" target=\"_blank\"><span class=\"shariff-icon\" style=\"fill:#36465d\"><svg width=\"32px\" height=\"20px\" xmlns=\"http:\/\/www.w3.org\/2000\/svg\" viewBox=\"0 0 32 32\"><path fill=\"#36465d\" d=\"M18 14l0 7.3c0 1.9 0 2.9 0.2 3.5 0.2 0.5 0.7 1.1 1.2 1.4 0.7 0.4 1.5 0.6 2.4 0.6 1.6 0 2.6-0.2 4.2-1.3v4.8c-1.4 0.6-2.6 1-3.7 1.3-1.1 0.3-2.3 0.4-3.6 0.4-1.5 0-2.3-0.2-3.4-0.6-1.1-0.4-2.1-0.9-2.9-1.6-0.8-0.7-1.3-1.4-1.7-2.2s-0.5-1.9-0.5-3.4v-11.2h-4.3v-4.5c1.3-0.4 2.7-1 3.6-1.8 0.9-0.8 1.6-1.7 2.2-2.7 0.5-1.1 0.9-2.4 1.1-4.1h5.2l0 8h8v6h-8z\"\/><\/svg><\/span><span class=\"shariff-text\" style=\"color:#36465d\">teilen<\/span>&nbsp;<\/a><\/li><li class=\"shariff-button info shariff-nocustomcolor\" style=\"background-color:#a8a8a8\"><a href=\"http:\/\/ct.de\/-2467514\" title=\"Weitere Informationen\" aria-label=\"Weitere Informationen\" role=\"button\" rel=\"noopener \" class=\"shariff-link\" style=\"; background-color:#999; color:#999\" target=\"_blank\"><span class=\"shariff-icon\" style=\"fill:#999\"><svg width=\"32px\" height=\"20px\" xmlns=\"http:\/\/www.w3.org\/2000\/svg\" viewBox=\"0 0 11 32\"><path fill=\"#999\" d=\"M11.4 24v2.3q0 0.5-0.3 0.8t-0.8 0.4h-9.1q-0.5 0-0.8-0.4t-0.4-0.8v-2.3q0-0.5 0.4-0.8t0.8-0.4h1.1v-6.8h-1.1q-0.5 0-0.8-0.4t-0.4-0.8v-2.3q0-0.5 0.4-0.8t0.8-0.4h6.8q0.5 0 0.8 0.4t0.4 0.8v10.3h1.1q0.5 0 0.8 0.4t0.3 0.8zM9.2 3.4v3.4q0 0.5-0.4 0.8t-0.8 0.4h-4.6q-0.4 0-0.8-0.4t-0.4-0.8v-3.4q0-0.4 0.4-0.8t0.8-0.4h4.6q0.5 0 0.8 0.4t0.4 0.8z\"\/><\/svg><\/span><\/a><\/li><\/ul><\/div>","protected":false},"excerpt":{"rendered":"<p>Es ist nichts dran am Jahr \u2013 kaum habe ich die Mailbox einigerma\u00dfen auf Null, die Bilder vom Schottland-Urlaub im Mai halbwegs sortiert und stecke gef\u00fchlt noch im tiefsten Hochsommer, klingelt morgens um 5:30 der Wecker: Die erste Nordlicht-und-Sterne-Tour der Saison steht an. Abflug in Stuttgart um 10:15 klingt ja gar nicht mal so \u00fcbel, [&hellip;]<\/p>\n","protected":false},"author":1,"featured_media":0,"comment_status":"open","ping_status":"open","sticky":false,"template":"","format":"standard","meta":{"footnotes":""},"categories":[399],"tags":[260],"class_list":["post-10230","post","type-post","status-publish","format-standard","hentry","category-hurtigruten-2019-grp-110","tag-kong-harald"],"_links":{"self":[{"href":"https:\/\/kerste.de\/index.php?rest_route=\/wp\/v2\/posts\/10230","targetHints":{"allow":["GET"]}}],"collection":[{"href":"https:\/\/kerste.de\/index.php?rest_route=\/wp\/v2\/posts"}],"about":[{"href":"https:\/\/kerste.de\/index.php?rest_route=\/wp\/v2\/types\/post"}],"author":[{"embeddable":true,"href":"https:\/\/kerste.de\/index.php?rest_route=\/wp\/v2\/users\/1"}],"replies":[{"embeddable":true,"href":"https:\/\/kerste.de\/index.php?rest_route=%2Fwp%2Fv2%2Fcomments&post=10230"}],"version-history":[{"count":3,"href":"https:\/\/kerste.de\/index.php?rest_route=\/wp\/v2\/posts\/10230\/revisions"}],"predecessor-version":[{"id":10249,"href":"https:\/\/kerste.de\/index.php?rest_route=\/wp\/v2\/posts\/10230\/revisions\/10249"}],"wp:attachment":[{"href":"https:\/\/kerste.de\/index.php?rest_route=%2Fwp%2Fv2%2Fmedia&parent=10230"}],"wp:term":[{"taxonomy":"category","embeddable":true,"href":"https:\/\/kerste.de\/index.php?rest_route=%2Fwp%2Fv2%2Fcategories&post=10230"},{"taxonomy":"post_tag","embeddable":true,"href":"https:\/\/kerste.de\/index.php?rest_route=%2Fwp%2Fv2%2Ftags&post=10230"}],"curies":[{"name":"wp","href":"https:\/\/api.w.org\/{rel}","templated":true}]}}